{"id":1000001034,"date":"2023-08-28T14:03:15","date_gmt":"2023-08-28T17:03:15","guid":{"rendered":"https:\/\/www.sgagora.com.br\/sg\/?p=1000001034"},"modified":"2023-08-28T14:03:25","modified_gmt":"2023-08-28T17:03:25","slug":"verde-agritech-participa-da-fenacampo-feira-de-inovacao-tecnologica-em-sao-gotardo","status":"publish","type":"post","link":"https:\/\/www.sgagora.com.br\/sg\/verde-agritech-participa-da-fenacampo-feira-de-inovacao-tecnologica-em-sao-gotardo\/","title":{"rendered":"Verde Agritech participa da Fenacampo, feira de inova\u00e7\u00e3o tecnol\u00f3gica em S\u00e3o Gotardo"},"content":{"rendered":"<p style=\"text-align: justify;\"><strong>Belo Horizonte, agosto de 2023<\/strong> &#8211; A Verde Agritech, empresa de tecnologia agr\u00edcola com a maior capacidade de produ\u00e7\u00e3o de fertilizantes pot\u00e1ssicos do Brasil, ir\u00e1 expor em seu estande na Fenacampo 2023 toda a sua linha de produtos, BAKS\u00ae, Sil\u00edcio Forte, al\u00e9m do K Forte\u00ae, fertilizantes multinutrientes pot\u00e1ssicos. A feira de inova\u00e7\u00f5es tecnol\u00f3gicas e solu\u00e7\u00f5es para o dia a dia de agricultores brasileiros ser\u00e1 de 30 de agosto a 1\u00ba de setembro.<\/p>\n<p style=\"text-align: justify;\">O fertilizante da Verde Agritech \u00e9 recomendado para todas as culturas e j\u00e1 \u00e9 utilizado em mais de 1,3 milh\u00e3o de hectares. Em Minas Gerais, por exemplo, tem contribu\u00eddo para a produ\u00e7\u00e3o de caf\u00e9.<\/p>\n<p style=\"text-align: justify;\">&#8220;Estamos felizes em participar desta edi\u00e7\u00e3o da feira, regi\u00e3o que a companhia est\u00e1 instalada. Vemos uma demanda crescente por mais alimentos e, queremos colaborar para uma agricultura mais sustent\u00e1vel, produtiva e rent\u00e1vel, respeitando o meio ambiente\u201d, comenta Cristiano Veloso, fundador e CEO da Verde Agritech.<\/p>\n<p style=\"text-align: justify;\">A companhia j\u00e1 investiu mais de meio bilh\u00e3o de reais em pesquisa, desenvolvimento e produ\u00e7\u00e3o de fertilizantes utilizados em mais de 1,3 milh\u00e3o hectares. Em 2022, anunciou novo aporte de R$ 275 milh\u00f5es para construir a terceira f\u00e1brica, e se consolidar como uma alternativa \u00e0 depend\u00eancia do Brasil pelo cloreto de pot\u00e1ssio importado.<\/p>\n<p style=\"text-align: justify;\">\u201cTrabalhamos muito para oferecer aos agricultores, h\u00e9roi brasileiro, um produto superior ao importado, com bases tecnol\u00f3gicas de libera\u00e7\u00e3o gradual, que n\u00e3o saliniza o solo, n\u00e3o se perde por lixivia\u00e7\u00e3o, al\u00e9m de preservar a microbiota da terra\u201d, destaca Veloso.<\/p>\n<p style=\"text-align: justify;\">Em recente estudo realizado na Newcastle University (UK) confirmou que cada tonelada do K Forte\u00ae pode capturar at\u00e9 120 kg de di\u00f3xido de carbono (CO2), o principal g\u00e1s causador do efeito estufa. A conclus\u00e3o \u00e9 do professor David Manning, PhD e especialista em solos, que analisou a mat\u00e9ria prima usada pela companhia para fabricar o produto. A empresa est\u00e1 em negocia\u00e7\u00f5es avan\u00e7adas para venda de cr\u00e9ditos gerados pela captura de carbono para empresas internacionais.<\/p>\n<p style=\"text-align: justify;\">Em comunicado enviado ao mercado no m\u00eas passado, a empresa destaca que considerando a capacidade atual de produ\u00e7\u00e3o da empresa, de tr\u00eas milh\u00f5es de toneladas por ano, a companhia pode capturar at\u00e9 360 mil toneladas de CO2 anualmente. A Verde Agritech espera concretizar as primeiras vendas de cr\u00e9ditos de carbono ainda no terceiro trimestre de 2023.<\/p>\n<h1 style=\"text-align: justify;\">Servi\u00e7o:<br \/>\n<span style=\"color: #ffffff;\">&gt;<\/span><\/h1>\n<p>Fenacampo 2023<\/p>\n<p>Local: Parque de Exposi\u00e7\u00f5es<\/p>\n<p>Estande: Galp\u00e3o Interno, n\u00famero B24<\/p>\n<p>Endere\u00e7o: Jardim das Flores, S\u00e3o Gotardo, Minas Gerais<\/p>\n<p>Data: de 30 de agosto a 1\u00ba de setembro, das 12 \u00e0s 19 horas<\/p>\n<p><span style=\"color: #ffffff;\">.<\/span><\/p>\n<p style=\"text-align: justify;\"><em><strong>Reportagem e Foto Capa:<\/strong> Divulga\u00e7\u00e3o\/Assessoria de Imprensa Verde Agritech<\/em><\/p>\n","protected":false},"excerpt":{"rendered":"<p>Belo Horizonte, agosto de 2023 &#8211; A Verde Agritech, empresa de tecnologia agr\u00edcola com a maior capacidade de produ\u00e7\u00e3o de fertilizantes pot\u00e1ssicos do Brasil, ir\u00e1 expor em seu estande na Fenacampo 2023 toda a sua &#8230; <a class=\"readmore\" href=\"https:\/\/www.sgagora.com.br\/sg\/verde-agritech-participa-da-fenacampo-feira-de-inovacao-tecnologica-em-sao-gotardo\/\">Leia Mais<\/a><\/p>\n","protected":false},"author":1,"featured_media":1000001036,"comment_status":"open","ping_status":"open","sticky":false,"template":"","format":"standard","meta":{"_bbp_topic_count":0,"_bbp_reply_count":0,"_bbp_total_topic_count":0,"_bbp_total_reply_count":0,"_bbp_voice_count":0,"_bbp_anonymous_reply_count":0,"_bbp_topic_count_hidden":0,"_bbp_reply_count_hidden":0,"_bbp_forum_subforum_count":0},"categories":[2,77,81],"tags":[18715,1114,160,3945,4533,18716,128],"yoast_head":"<!-- This site is optimized with the Yoast SEO plugin v20.5 - https:\/\/yoast.com\/wordpress\/plugins\/seo\/ -->\n<title>Verde Agritech participa da Fenacampo, feira de inova\u00e7\u00e3o tecnol\u00f3gica em S\u00e3o Gotardo<\/title>\n<meta name=\"description\" content=\"Linha de fertilizantes, o BAKS\u00ae, Sil\u00edcio Forte e K Forte\u00ae, j\u00e1 \u00e9 utilizada em mais de 1,3 milh\u00e3o de hectares e tem colaborado para a produ\u00e7\u00e3o de caf\u00e9 em Minas Gerais.\" \/>\n<meta name=\"robots\" content=\"index, follow, max-snippet:-1, max-image-preview:large, max-video-preview:-1\" \/>\n<link rel=\"canonical\" href=\"https:\/\/www.sgagora.com.br\/sg\/verde-agritech-participa-da-fenacampo-feira-de-inovacao-tecnologica-em-sao-gotardo\/\" \/>\n<meta property=\"og:locale\" content=\"pt_BR\" \/>\n<meta property=\"og:type\" content=\"article\" \/>\n<meta property=\"og:title\" content=\"Verde Agritech participa da Fenacampo, feira de inova\u00e7\u00e3o tecnol\u00f3gica em S\u00e3o Gotardo\" \/>\n<meta property=\"og:description\" content=\"Linha de fertilizantes, o BAKS\u00ae, Sil\u00edcio Forte e K Forte\u00ae, j\u00e1 \u00e9 utilizada em mais de 1,3 milh\u00e3o de hectares e tem colaborado para a produ\u00e7\u00e3o de caf\u00e9 em Minas Gerais.\" \/>\n<meta property=\"og:url\" content=\"https:\/\/www.sgagora.com.br\/sg\/verde-agritech-participa-da-fenacampo-feira-de-inovacao-tecnologica-em-sao-gotardo\/\" \/>\n<meta property=\"og:site_name\" content=\"SGAgora\" \/>\n<meta property=\"article:publisher\" content=\"https:\/\/www.facebook.com\/sgagora\" \/>\n<meta property=\"article:published_time\" content=\"2023-08-28T17:03:15+00:00\" \/>\n<meta property=\"article:modified_time\" content=\"2023-08-28T17:03:25+00:00\" \/>\n<meta property=\"og:image\" content=\"https:\/\/www.sgagora.com.br\/sg\/wp-content\/uploads\/2023\/08\/Cristiano-Veloso_fabrica-e1693242162209.jpg\" \/>\n\t<meta property=\"og:image:width\" content=\"600\" \/>\n\t<meta property=\"og:image:height\" content=\"461\" \/>\n\t<meta property=\"og:image:type\" content=\"image\/jpeg\" \/>\n<meta name=\"author\" content=\"SG Agora\" \/>\n<meta name=\"twitter:label1\" content=\"Escrito por\" \/>\n\t<meta name=\"twitter:data1\" content=\"SG Agora\" \/>\n\t<meta name=\"twitter:label2\" content=\"Est. tempo de leitura\" \/>\n\t<meta name=\"twitter:data2\" content=\"3 minutos\" \/>\n<script type=\"application\/ld+json\" class=\"yoast-schema-graph\">{\"@context\":\"https:\/\/schema.org\",\"@graph\":[{\"@type\":\"WebPage\",\"@id\":\"https:\/\/www.sgagora.com.br\/sg\/verde-agritech-participa-da-fenacampo-feira-de-inovacao-tecnologica-em-sao-gotardo\/\",\"url\":\"https:\/\/www.sgagora.com.br\/sg\/verde-agritech-participa-da-fenacampo-feira-de-inovacao-tecnologica-em-sao-gotardo\/\",\"name\":\"Verde Agritech participa da Fenacampo, feira de inova\u00e7\u00e3o tecnol\u00f3gica em S\u00e3o Gotardo\",\"isPartOf\":{\"@id\":\"https:\/\/www.sgagora.com.br\/sg\/#website\"},\"datePublished\":\"2023-08-28T17:03:15+00:00\",\"dateModified\":\"2023-08-28T17:03:25+00:00\",\"author\":{\"@id\":\"https:\/\/www.sgagora.com.br\/sg\/#\/schema\/person\/2be62cfb47cee3e0b305e4f7a765ae41\"},\"description\":\"Linha de fertilizantes, o BAKS\u00ae, Sil\u00edcio Forte e K Forte\u00ae, j\u00e1 \u00e9 utilizada em mais de 1,3 milh\u00e3o de hectares e tem colaborado para a produ\u00e7\u00e3o de caf\u00e9 em Minas Gerais.\",\"breadcrumb\":{\"@id\":\"https:\/\/www.sgagora.com.br\/sg\/verde-agritech-participa-da-fenacampo-feira-de-inovacao-tecnologica-em-sao-gotardo\/#breadcrumb\"},\"inLanguage\":\"pt-BR\",\"potentialAction\":[{\"@type\":\"ReadAction\",\"target\":[\"https:\/\/www.sgagora.com.br\/sg\/verde-agritech-participa-da-fenacampo-feira-de-inovacao-tecnologica-em-sao-gotardo\/\"]}]},{\"@type\":\"BreadcrumbList\",\"@id\":\"https:\/\/www.sgagora.com.br\/sg\/verde-agritech-participa-da-fenacampo-feira-de-inovacao-tecnologica-em-sao-gotardo\/#breadcrumb\",\"itemListElement\":[{\"@type\":\"ListItem\",\"position\":1,\"name\":\"In\u00edcio\",\"item\":\"https:\/\/www.sgagora.com.br\/sg\/\"},{\"@type\":\"ListItem\",\"position\":2,\"name\":\"Verde Agritech participa da Fenacampo, feira de inova\u00e7\u00e3o tecnol\u00f3gica em S\u00e3o Gotardo\"}]},{\"@type\":\"WebSite\",\"@id\":\"https:\/\/www.sgagora.com.br\/sg\/#website\",\"url\":\"https:\/\/www.sgagora.com.br\/sg\/\",\"name\":\"SGAgora\",\"description\":\"Not\u00edcias de S\u00e3o Gotardo\",\"potentialAction\":[{\"@type\":\"SearchAction\",\"target\":{\"@type\":\"EntryPoint\",\"urlTemplate\":\"https:\/\/www.sgagora.com.br\/sg\/?s={search_term_string}\"},\"query-input\":\"required name=search_term_string\"}],\"inLanguage\":\"pt-BR\"},{\"@type\":\"Person\",\"@id\":\"https:\/\/www.sgagora.com.br\/sg\/#\/schema\/person\/2be62cfb47cee3e0b305e4f7a765ae41\",\"name\":\"SG Agora\",\"image\":{\"@type\":\"ImageObject\",\"inLanguage\":\"pt-BR\",\"@id\":\"https:\/\/www.sgagora.com.br\/sg\/#\/schema\/person\/image\/\",\"url\":\"https:\/\/secure.gravatar.com\/avatar\/a0c612a9a8c3e7419d6fd4f92e749d8d?s=96&d=mm&r=g\",\"contentUrl\":\"https:\/\/secure.gravatar.com\/avatar\/a0c612a9a8c3e7419d6fd4f92e749d8d?s=96&d=mm&r=g\",\"caption\":\"SG Agora\"},\"url\":\"https:\/\/www.sgagora.com.br\/sg\/author\/admin\/\"}]}<\/script>\n<!-- \/ Yoast SEO plugin. -->","yoast_head_json":{"title":"Verde Agritech participa da Fenacampo, feira de inova\u00e7\u00e3o tecnol\u00f3gica em S\u00e3o Gotardo","description":"Linha de fertilizantes, o BAKS\u00ae, Sil\u00edcio Forte e K Forte\u00ae, j\u00e1 \u00e9 utilizada em mais de 1,3 milh\u00e3o de hectares e tem colaborado para a produ\u00e7\u00e3o de caf\u00e9 em Minas Gerais.","robots":{"index":"index","follow":"follow","max-snippet":"max-snippet:-1","max-image-preview":"max-image-preview:large","max-video-preview":"max-video-preview:-1"},"canonical":"https:\/\/www.sgagora.com.br\/sg\/verde-agritech-participa-da-fenacampo-feira-de-inovacao-tecnologica-em-sao-gotardo\/","og_locale":"pt_BR","og_type":"article","og_title":"Verde Agritech participa da Fenacampo, feira de inova\u00e7\u00e3o tecnol\u00f3gica em S\u00e3o Gotardo","og_description":"Linha de fertilizantes, o BAKS\u00ae, Sil\u00edcio Forte e K Forte\u00ae, j\u00e1 \u00e9 utilizada em mais de 1,3 milh\u00e3o de hectares e tem colaborado para a produ\u00e7\u00e3o de caf\u00e9 em Minas Gerais.","og_url":"https:\/\/www.sgagora.com.br\/sg\/verde-agritech-participa-da-fenacampo-feira-de-inovacao-tecnologica-em-sao-gotardo\/","og_site_name":"SGAgora","article_publisher":"https:\/\/www.facebook.com\/sgagora","article_published_time":"2023-08-28T17:03:15+00:00","article_modified_time":"2023-08-28T17:03:25+00:00","og_image":[{"width":600,"height":461,"url":"https:\/\/www.sgagora.com.br\/sg\/wp-content\/uploads\/2023\/08\/Cristiano-Veloso_fabrica-e1693242162209.jpg","type":"image\/jpeg"}],"author":"SG Agora","twitter_misc":{"Escrito por":"SG Agora","Est. tempo de leitura":"3 minutos"},"schema":{"@context":"https:\/\/schema.org","@graph":[{"@type":"WebPage","@id":"https:\/\/www.sgagora.com.br\/sg\/verde-agritech-participa-da-fenacampo-feira-de-inovacao-tecnologica-em-sao-gotardo\/","url":"https:\/\/www.sgagora.com.br\/sg\/verde-agritech-participa-da-fenacampo-feira-de-inovacao-tecnologica-em-sao-gotardo\/","name":"Verde Agritech participa da Fenacampo, feira de inova\u00e7\u00e3o tecnol\u00f3gica em S\u00e3o Gotardo","isPartOf":{"@id":"https:\/\/www.sgagora.com.br\/sg\/#website"},"datePublished":"2023-08-28T17:03:15+00:00","dateModified":"2023-08-28T17:03:25+00:00","author":{"@id":"https:\/\/www.sgagora.com.br\/sg\/#\/schema\/person\/2be62cfb47cee3e0b305e4f7a765ae41"},"description":"Linha de fertilizantes, o BAKS\u00ae, Sil\u00edcio Forte e K Forte\u00ae, j\u00e1 \u00e9 utilizada em mais de 1,3 milh\u00e3o de hectares e tem colaborado para a produ\u00e7\u00e3o de caf\u00e9 em Minas Gerais.","breadcrumb":{"@id":"https:\/\/www.sgagora.com.br\/sg\/verde-agritech-participa-da-fenacampo-feira-de-inovacao-tecnologica-em-sao-gotardo\/#breadcrumb"},"inLanguage":"pt-BR","potentialAction":[{"@type":"ReadAction","target":["https:\/\/www.sgagora.com.br\/sg\/verde-agritech-participa-da-fenacampo-feira-de-inovacao-tecnologica-em-sao-gotardo\/"]}]},{"@type":"BreadcrumbList","@id":"https:\/\/www.sgagora.com.br\/sg\/verde-agritech-participa-da-fenacampo-feira-de-inovacao-tecnologica-em-sao-gotardo\/#breadcrumb","itemListElement":[{"@type":"ListItem","position":1,"name":"In\u00edcio","item":"https:\/\/www.sgagora.com.br\/sg\/"},{"@type":"ListItem","position":2,"name":"Verde Agritech participa da Fenacampo, feira de inova\u00e7\u00e3o tecnol\u00f3gica em S\u00e3o Gotardo"}]},{"@type":"WebSite","@id":"https:\/\/www.sgagora.com.br\/sg\/#website","url":"https:\/\/www.sgagora.com.br\/sg\/","name":"SGAgora","description":"Not\u00edcias de S\u00e3o Gotardo","potentialAction":[{"@type":"SearchAction","target":{"@type":"EntryPoint","urlTemplate":"https:\/\/www.sgagora.com.br\/sg\/?s={search_term_string}"},"query-input":"required name=search_term_string"}],"inLanguage":"pt-BR"},{"@type":"Person","@id":"https:\/\/www.sgagora.com.br\/sg\/#\/schema\/person\/2be62cfb47cee3e0b305e4f7a765ae41","name":"SG Agora","image":{"@type":"ImageObject","inLanguage":"pt-BR","@id":"https:\/\/www.sgagora.com.br\/sg\/#\/schema\/person\/image\/","url":"https:\/\/secure.gravatar.com\/avatar\/a0c612a9a8c3e7419d6fd4f92e749d8d?s=96&d=mm&r=g","contentUrl":"https:\/\/secure.gravatar.com\/avatar\/a0c612a9a8c3e7419d6fd4f92e749d8d?s=96&d=mm&r=g","caption":"SG Agora"},"url":"https:\/\/www.sgagora.com.br\/sg\/author\/admin\/"}]}},"_links":{"self":[{"href":"https:\/\/www.sgagora.com.br\/sg\/wp-json\/wp\/v2\/posts\/1000001034"}],"collection":[{"href":"https:\/\/www.sgagora.com.br\/sg\/wp-json\/wp\/v2\/posts"}],"about":[{"href":"https:\/\/www.sgagora.com.br\/sg\/wp-json\/wp\/v2\/types\/post"}],"author":[{"embeddable":true,"href":"https:\/\/www.sgagora.com.br\/sg\/wp-json\/wp\/v2\/users\/1"}],"replies":[{"embeddable":true,"href":"https:\/\/www.sgagora.com.br\/sg\/wp-json\/wp\/v2\/comments?post=1000001034"}],"version-history":[{"count":1,"href":"https:\/\/www.sgagora.com.br\/sg\/wp-json\/wp\/v2\/posts\/1000001034\/revisions"}],"predecessor-version":[{"id":1000001037,"href":"https:\/\/www.sgagora.com.br\/sg\/wp-json\/wp\/v2\/posts\/1000001034\/revisions\/1000001037"}],"wp:featuredmedia":[{"embeddable":true,"href":"https:\/\/www.sgagora.com.br\/sg\/wp-json\/wp\/v2\/media\/1000001036"}],"wp:attachment":[{"href":"https:\/\/www.sgagora.com.br\/sg\/wp-json\/wp\/v2\/media?parent=1000001034"}],"wp:term":[{"taxonomy":"category","embeddable":true,"href":"https:\/\/www.sgagora.com.br\/sg\/wp-json\/wp\/v2\/categories?post=1000001034"},{"taxonomy":"post_tag","embeddable":true,"href":"https:\/\/www.sgagora.com.br\/sg\/wp-json\/wp\/v2\/tags?post=1000001034"}],"curies":[{"name":"wp","href":"https:\/\/api.w.org\/{rel}","templated":true}]}}