{"id":1000001046,"date":"2023-08-28T22:19:38","date_gmt":"2023-08-29T01:19:38","guid":{"rendered":"https:\/\/www.sgagora.com.br\/sg\/?p=1000001046"},"modified":"2023-08-28T22:19:49","modified_gmt":"2023-08-29T01:19:49","slug":"setembro-governo-de-minas-alerta-para-inicio-da-exigencia-do-crlv-2023-para-veiculos-com-finais-de-placa-1-2-e-3","status":"publish","type":"post","link":"https:\/\/www.sgagora.com.br\/sg\/setembro-governo-de-minas-alerta-para-inicio-da-exigencia-do-crlv-2023-para-veiculos-com-finais-de-placa-1-2-e-3\/","title":{"rendered":"Setembro: Governo de Minas alerta para in\u00edcio da exig\u00eancia do CRLV 2023 para ve\u00edculos com finais de placa 1, 2 e 3"},"content":{"rendered":"<p style=\"text-align: justify;\">A exig\u00eancia do Certificado de Registro e Licenciamento de Ve\u00edculo (CRLV) de 2023 come\u00e7a na pr\u00f3xima sexta-feira (1\/9) para autom\u00f3veis com finais de placa 1,2 e 3. A\u00a0<a href=\"https:\/\/www.mg.gov.br\/instituicao_unidade\/secretaria-de-estado-de-planejamento-e-gestao-de-minas-gerais-seplag\" target=\"_blank\" rel=\"noopener\">Secretaria de Estado de Planejamento e Gest\u00e3o (Seplag-MG)<\/a>, por meio da Coordenadoria Estadual de Gest\u00e3o de Tr\u00e2nsito (CET-MG), avisa propriet\u00e1rios para ficarem atentos aos prazos.<\/p>\n<p style=\"text-align: justify;\">Os ve\u00edculos com finais de placa 4,5 e 6 devem ser licenciados at\u00e9 o dia 30\/9. J\u00e1 os automotores com finais de placa 7,8,9 e 0 t\u00eam at\u00e9 o dia 31\/10 para renovar o documento.<\/p>\n<p style=\"text-align: justify;\">Para ter acesso ao CRLV 2023, o Imposto de Propriedade de Ve\u00edculo Automotor (IPVA), o seguro obrigat\u00f3rio anterior a 2021, a Taxa de Renova\u00e7\u00e3o do Licenciamento Anual do Ve\u00edculo (TRLAV) e eventuais multas devem estar quitados. O ve\u00edculo tamb\u00e9m n\u00e3o pode ter restri\u00e7\u00f5es judiciais ou administrativas que impe\u00e7am a emiss\u00e3o do documento.<\/p>\n<p style=\"text-align: justify;\">Condutores flagrados sem o documento atualizado ap\u00f3s o prazo estabelecido configuram infra\u00e7\u00e3o grav\u00edssima, com registro de sete pontos na habilita\u00e7\u00e3o, remo\u00e7\u00e3o do ve\u00edculo para um p\u00e1tio credenciado e multa de R$ 293,47, conforme determina o C\u00f3digo de Tr\u00e2nsito Brasileiro (CTB).<\/p>\n<h1>Mutir\u00e3o<strong><br \/>\n<span style=\"color: #ffffff;\">. <\/span><\/strong><\/h1>\n<p style=\"text-align: justify;\">At\u00e9 a pr\u00f3xima quinta-feira (31\/8), a CET-MG promove mutir\u00e3o on-line para a regulariza\u00e7\u00e3o do CRLV 2023.O atendimento virtual funciona das 8h30 \u00e0s 16h.<\/p>\n<p style=\"text-align: justify;\">O servi\u00e7o est\u00e1 dispon\u00edvel no site\u00a0<a href=\"https:\/\/www.transito.mg.gov.br\/\" target=\"_blank\" rel=\"noopener\">www.transito.mg.gov.br<\/a>, clicando na op\u00e7\u00e3o \u201cConsultar Motivo: Ve\u00edculo N\u00e3o Licenciado\u201d.<\/p>\n<p style=\"text-align: justify;\">Para ter acesso ao servi\u00e7o basta preencher o formul\u00e1rio eletr\u00f4nico com as informa\u00e7\u00f5es do ve\u00edculo. Logo em seguida, o sistema informar\u00e1 todas as eventuais pend\u00eancias para a emiss\u00e3o do licenciamento.<\/p>\n<p style=\"text-align: justify;\">Em caso de d\u00favidas, o propriet\u00e1rio de ve\u00edculo poder\u00e1 realizar uma liga\u00e7\u00e3o de v\u00eddeo para falar com um atendente, que vai auxiliar sobre os procedimentos necess\u00e1rios para a regulariza\u00e7\u00e3o do ve\u00edculo, al\u00e9m de ajudar na emiss\u00e3o de guias de pagamento.<\/p>\n<blockquote>\n<p style=\"text-align: justify;\">\u201cPor meio deste mutir\u00e3o, os cidad\u00e3os t\u00eam a oportunidade de identificar pend\u00eancias e obter solu\u00e7\u00f5es de forma r\u00e1pida, segura e sem a necessidade de deslocamento at\u00e9 um ponto presencial de atendimento\u201d, explica Lucas Vilas Boas, chefe de tr\u00e2nsito de Minas Gerais.<\/p>\n<\/blockquote>\n<h1>Como acessar o CRLV<strong><br \/>\n<span style=\"color: #ffffff;\">. <\/span><\/strong><\/h1>\n<p style=\"text-align: justify;\">Por meio do site\u00a0<a href=\"https:\/\/www.transito.mg.gov.br\/\" target=\"_blank\" rel=\"noopener\">www.transito.mg.gov.br<\/a>, \u00e9 poss\u00edvel verificar se existem pend\u00eancias e tamb\u00e9m imprimir o CRLV.<\/p>\n<p style=\"text-align: justify;\">Para acessar o documento, basta informar a placa, o n\u00famero do Certificado de Registro do Ve\u00edculo (CRV), o Renavam e, por fim, o CPF ou CNPJ. A impress\u00e3o deve ser de boa qualidade, em papel sulfite branco e no formato A4, com tinta preta, em p\u00e1gina \u00fanica, possibilitando a leitura do QR-Code.<\/p>\n<p style=\"text-align: justify;\">O servi\u00e7o tamb\u00e9m est\u00e1 dispon\u00edvel no aplicativo MG App, no portal de servi\u00e7os da Secretaria Nacional de Tr\u00e2nsito (Senatran) ou no aplicativo Carteira Digital de Tr\u00e2nsito (CDT).<\/p>\n<p><span style=\"color: #ffffff;\">.<\/span><\/p>\n<p style=\"text-align: justify;\"><em><strong>Reportagem:<\/strong> https:\/\/www.agenciaminas.mg.gov.br\/noticia\/governo-de-minas-alerta-para-inicio-da-exigencia-do-crlv-2023-para-veiculos-com-finais-de-placa-1-2-e-3 \/ <strong>Foto Capa:<\/strong> Reprodu\u00e7\u00e3o\/Google Imagens<\/em><\/p>\n","protected":false},"excerpt":{"rendered":"<p>A exig\u00eancia do Certificado de Registro e Licenciamento de Ve\u00edculo (CRLV) de 2023 come\u00e7a na pr\u00f3xima sexta-feira (1\/9) para autom\u00f3veis com finais de placa 1,2 e 3. A\u00a0Secretaria de Estado de Planejamento e Gest\u00e3o (Seplag-MG), &#8230; <a class=\"readmore\" href=\"https:\/\/www.sgagora.com.br\/sg\/setembro-governo-de-minas-alerta-para-inicio-da-exigencia-do-crlv-2023-para-veiculos-com-finais-de-placa-1-2-e-3\/\">Leia Mais<\/a><\/p>\n","protected":false},"author":1,"featured_media":1000001048,"comment_status":"open","ping_status":"open","sticky":false,"template":"","format":"standard","meta":{"_bbp_topic_count":0,"_bbp_reply_count":0,"_bbp_total_topic_count":0,"_bbp_total_reply_count":0,"_bbp_voice_count":0,"_bbp_anonymous_reply_count":0,"_bbp_topic_count_hidden":0,"_bbp_reply_count_hidden":0,"_bbp_forum_subforum_count":0},"categories":[84,77,81],"tags":[18718,936,269],"yoast_head":"<!-- This site is optimized with the Yoast SEO plugin v20.5 - https:\/\/yoast.com\/wordpress\/plugins\/seo\/ -->\n<title>Setembro: Governo de Minas alerta para in\u00edcio da exig\u00eancia do CRLV 2023 para ve\u00edculos com finais de placa 1, 2 e 3<\/title>\n<meta name=\"description\" content=\"Os ve\u00edculos com finais de placa 4,5 e 6 devem ser licenciados at\u00e9 o dia 30\/9. J\u00e1 os automotores com finais de placa 7,8,9 e 0 t\u00eam at\u00e9 o dia 31\/10 para renovar o documento.\" \/>\n<meta name=\"robots\" content=\"index, follow, max-snippet:-1, max-image-preview:large, max-video-preview:-1\" \/>\n<link rel=\"canonical\" href=\"https:\/\/www.sgagora.com.br\/sg\/setembro-governo-de-minas-alerta-para-inicio-da-exigencia-do-crlv-2023-para-veiculos-com-finais-de-placa-1-2-e-3\/\" \/>\n<meta property=\"og:locale\" content=\"pt_BR\" \/>\n<meta property=\"og:type\" content=\"article\" \/>\n<meta property=\"og:title\" content=\"Setembro: Governo de Minas alerta para in\u00edcio da exig\u00eancia do CRLV 2023 para ve\u00edculos com finais de placa 1, 2 e 3\" \/>\n<meta property=\"og:description\" content=\"Os ve\u00edculos com finais de placa 4,5 e 6 devem ser licenciados at\u00e9 o dia 30\/9. J\u00e1 os automotores com finais de placa 7,8,9 e 0 t\u00eam at\u00e9 o dia 31\/10 para renovar o documento.\" \/>\n<meta property=\"og:url\" content=\"https:\/\/www.sgagora.com.br\/sg\/setembro-governo-de-minas-alerta-para-inicio-da-exigencia-do-crlv-2023-para-veiculos-com-finais-de-placa-1-2-e-3\/\" \/>\n<meta property=\"og:site_name\" content=\"SGAgora\" \/>\n<meta property=\"article:publisher\" content=\"https:\/\/www.facebook.com\/sgagora\" \/>\n<meta property=\"article:published_time\" content=\"2023-08-29T01:19:38+00:00\" \/>\n<meta property=\"article:modified_time\" content=\"2023-08-29T01:19:49+00:00\" \/>\n<meta property=\"og:image\" content=\"https:\/\/www.sgagora.com.br\/sg\/wp-content\/uploads\/2023\/08\/maxresdefault-6-e1693271958770.jpg\" \/>\n\t<meta property=\"og:image:width\" content=\"600\" \/>\n\t<meta property=\"og:image:height\" content=\"338\" \/>\n\t<meta property=\"og:image:type\" content=\"image\/jpeg\" \/>\n<meta name=\"author\" content=\"SG Agora\" \/>\n<meta name=\"twitter:label1\" content=\"Escrito por\" \/>\n\t<meta name=\"twitter:data1\" content=\"SG Agora\" \/>\n\t<meta name=\"twitter:label2\" content=\"Est. tempo de leitura\" \/>\n\t<meta name=\"twitter:data2\" content=\"3 minutos\" \/>\n<script type=\"application\/ld+json\" class=\"yoast-schema-graph\">{\"@context\":\"https:\/\/schema.org\",\"@graph\":[{\"@type\":\"WebPage\",\"@id\":\"https:\/\/www.sgagora.com.br\/sg\/setembro-governo-de-minas-alerta-para-inicio-da-exigencia-do-crlv-2023-para-veiculos-com-finais-de-placa-1-2-e-3\/\",\"url\":\"https:\/\/www.sgagora.com.br\/sg\/setembro-governo-de-minas-alerta-para-inicio-da-exigencia-do-crlv-2023-para-veiculos-com-finais-de-placa-1-2-e-3\/\",\"name\":\"Setembro: Governo de Minas alerta para in\u00edcio da exig\u00eancia do CRLV 2023 para ve\u00edculos com finais de placa 1, 2 e 3\",\"isPartOf\":{\"@id\":\"https:\/\/www.sgagora.com.br\/sg\/#website\"},\"datePublished\":\"2023-08-29T01:19:38+00:00\",\"dateModified\":\"2023-08-29T01:19:49+00:00\",\"author\":{\"@id\":\"https:\/\/www.sgagora.com.br\/sg\/#\/schema\/person\/2be62cfb47cee3e0b305e4f7a765ae41\"},\"description\":\"Os ve\u00edculos com finais de placa 4,5 e 6 devem ser licenciados at\u00e9 o dia 30\/9. J\u00e1 os automotores com finais de placa 7,8,9 e 0 t\u00eam at\u00e9 o dia 31\/10 para renovar o documento.\",\"breadcrumb\":{\"@id\":\"https:\/\/www.sgagora.com.br\/sg\/setembro-governo-de-minas-alerta-para-inicio-da-exigencia-do-crlv-2023-para-veiculos-com-finais-de-placa-1-2-e-3\/#breadcrumb\"},\"inLanguage\":\"pt-BR\",\"potentialAction\":[{\"@type\":\"ReadAction\",\"target\":[\"https:\/\/www.sgagora.com.br\/sg\/setembro-governo-de-minas-alerta-para-inicio-da-exigencia-do-crlv-2023-para-veiculos-com-finais-de-placa-1-2-e-3\/\"]}]},{\"@type\":\"BreadcrumbList\",\"@id\":\"https:\/\/www.sgagora.com.br\/sg\/setembro-governo-de-minas-alerta-para-inicio-da-exigencia-do-crlv-2023-para-veiculos-com-finais-de-placa-1-2-e-3\/#breadcrumb\",\"itemListElement\":[{\"@type\":\"ListItem\",\"position\":1,\"name\":\"In\u00edcio\",\"item\":\"https:\/\/www.sgagora.com.br\/sg\/\"},{\"@type\":\"ListItem\",\"position\":2,\"name\":\"Setembro: Governo de Minas alerta para in\u00edcio da exig\u00eancia do CRLV 2023 para ve\u00edculos com finais de placa 1, 2 e 3\"}]},{\"@type\":\"WebSite\",\"@id\":\"https:\/\/www.sgagora.com.br\/sg\/#website\",\"url\":\"https:\/\/www.sgagora.com.br\/sg\/\",\"name\":\"SGAgora\",\"description\":\"Not\u00edcias de S\u00e3o Gotardo\",\"potentialAction\":[{\"@type\":\"SearchAction\",\"target\":{\"@type\":\"EntryPoint\",\"urlTemplate\":\"https:\/\/www.sgagora.com.br\/sg\/?s={search_term_string}\"},\"query-input\":\"required name=search_term_string\"}],\"inLanguage\":\"pt-BR\"},{\"@type\":\"Person\",\"@id\":\"https:\/\/www.sgagora.com.br\/sg\/#\/schema\/person\/2be62cfb47cee3e0b305e4f7a765ae41\",\"name\":\"SG Agora\",\"image\":{\"@type\":\"ImageObject\",\"inLanguage\":\"pt-BR\",\"@id\":\"https:\/\/www.sgagora.com.br\/sg\/#\/schema\/person\/image\/\",\"url\":\"https:\/\/secure.gravatar.com\/avatar\/a0c612a9a8c3e7419d6fd4f92e749d8d?s=96&d=mm&r=g\",\"contentUrl\":\"https:\/\/secure.gravatar.com\/avatar\/a0c612a9a8c3e7419d6fd4f92e749d8d?s=96&d=mm&r=g\",\"caption\":\"SG Agora\"},\"url\":\"https:\/\/www.sgagora.com.br\/sg\/author\/admin\/\"}]}<\/script>\n<!-- \/ Yoast SEO plugin. -->","yoast_head_json":{"title":"Setembro: Governo de Minas alerta para in\u00edcio da exig\u00eancia do CRLV 2023 para ve\u00edculos com finais de placa 1, 2 e 3","description":"Os ve\u00edculos com finais de placa 4,5 e 6 devem ser licenciados at\u00e9 o dia 30\/9. J\u00e1 os automotores com finais de placa 7,8,9 e 0 t\u00eam at\u00e9 o dia 31\/10 para renovar o documento.","robots":{"index":"index","follow":"follow","max-snippet":"max-snippet:-1","max-image-preview":"max-image-preview:large","max-video-preview":"max-video-preview:-1"},"canonical":"https:\/\/www.sgagora.com.br\/sg\/setembro-governo-de-minas-alerta-para-inicio-da-exigencia-do-crlv-2023-para-veiculos-com-finais-de-placa-1-2-e-3\/","og_locale":"pt_BR","og_type":"article","og_title":"Setembro: Governo de Minas alerta para in\u00edcio da exig\u00eancia do CRLV 2023 para ve\u00edculos com finais de placa 1, 2 e 3","og_description":"Os ve\u00edculos com finais de placa 4,5 e 6 devem ser licenciados at\u00e9 o dia 30\/9. J\u00e1 os automotores com finais de placa 7,8,9 e 0 t\u00eam at\u00e9 o dia 31\/10 para renovar o documento.","og_url":"https:\/\/www.sgagora.com.br\/sg\/setembro-governo-de-minas-alerta-para-inicio-da-exigencia-do-crlv-2023-para-veiculos-com-finais-de-placa-1-2-e-3\/","og_site_name":"SGAgora","article_publisher":"https:\/\/www.facebook.com\/sgagora","article_published_time":"2023-08-29T01:19:38+00:00","article_modified_time":"2023-08-29T01:19:49+00:00","og_image":[{"width":600,"height":338,"url":"https:\/\/www.sgagora.com.br\/sg\/wp-content\/uploads\/2023\/08\/maxresdefault-6-e1693271958770.jpg","type":"image\/jpeg"}],"author":"SG Agora","twitter_misc":{"Escrito por":"SG Agora","Est. tempo de leitura":"3 minutos"},"schema":{"@context":"https:\/\/schema.org","@graph":[{"@type":"WebPage","@id":"https:\/\/www.sgagora.com.br\/sg\/setembro-governo-de-minas-alerta-para-inicio-da-exigencia-do-crlv-2023-para-veiculos-com-finais-de-placa-1-2-e-3\/","url":"https:\/\/www.sgagora.com.br\/sg\/setembro-governo-de-minas-alerta-para-inicio-da-exigencia-do-crlv-2023-para-veiculos-com-finais-de-placa-1-2-e-3\/","name":"Setembro: Governo de Minas alerta para in\u00edcio da exig\u00eancia do CRLV 2023 para ve\u00edculos com finais de placa 1, 2 e 3","isPartOf":{"@id":"https:\/\/www.sgagora.com.br\/sg\/#website"},"datePublished":"2023-08-29T01:19:38+00:00","dateModified":"2023-08-29T01:19:49+00:00","author":{"@id":"https:\/\/www.sgagora.com.br\/sg\/#\/schema\/person\/2be62cfb47cee3e0b305e4f7a765ae41"},"description":"Os ve\u00edculos com finais de placa 4,5 e 6 devem ser licenciados at\u00e9 o dia 30\/9. J\u00e1 os automotores com finais de placa 7,8,9 e 0 t\u00eam at\u00e9 o dia 31\/10 para renovar o documento.","breadcrumb":{"@id":"https:\/\/www.sgagora.com.br\/sg\/setembro-governo-de-minas-alerta-para-inicio-da-exigencia-do-crlv-2023-para-veiculos-com-finais-de-placa-1-2-e-3\/#breadcrumb"},"inLanguage":"pt-BR","potentialAction":[{"@type":"ReadAction","target":["https:\/\/www.sgagora.com.br\/sg\/setembro-governo-de-minas-alerta-para-inicio-da-exigencia-do-crlv-2023-para-veiculos-com-finais-de-placa-1-2-e-3\/"]}]},{"@type":"BreadcrumbList","@id":"https:\/\/www.sgagora.com.br\/sg\/setembro-governo-de-minas-alerta-para-inicio-da-exigencia-do-crlv-2023-para-veiculos-com-finais-de-placa-1-2-e-3\/#breadcrumb","itemListElement":[{"@type":"ListItem","position":1,"name":"In\u00edcio","item":"https:\/\/www.sgagora.com.br\/sg\/"},{"@type":"ListItem","position":2,"name":"Setembro: Governo de Minas alerta para in\u00edcio da exig\u00eancia do CRLV 2023 para ve\u00edculos com finais de placa 1, 2 e 3"}]},{"@type":"WebSite","@id":"https:\/\/www.sgagora.com.br\/sg\/#website","url":"https:\/\/www.sgagora.com.br\/sg\/","name":"SGAgora","description":"Not\u00edcias de S\u00e3o Gotardo","potentialAction":[{"@type":"SearchAction","target":{"@type":"EntryPoint","urlTemplate":"https:\/\/www.sgagora.com.br\/sg\/?s={search_term_string}"},"query-input":"required name=search_term_string"}],"inLanguage":"pt-BR"},{"@type":"Person","@id":"https:\/\/www.sgagora.com.br\/sg\/#\/schema\/person\/2be62cfb47cee3e0b305e4f7a765ae41","name":"SG Agora","image":{"@type":"ImageObject","inLanguage":"pt-BR","@id":"https:\/\/www.sgagora.com.br\/sg\/#\/schema\/person\/image\/","url":"https:\/\/secure.gravatar.com\/avatar\/a0c612a9a8c3e7419d6fd4f92e749d8d?s=96&d=mm&r=g","contentUrl":"https:\/\/secure.gravatar.com\/avatar\/a0c612a9a8c3e7419d6fd4f92e749d8d?s=96&d=mm&r=g","caption":"SG Agora"},"url":"https:\/\/www.sgagora.com.br\/sg\/author\/admin\/"}]}},"_links":{"self":[{"href":"https:\/\/www.sgagora.com.br\/sg\/wp-json\/wp\/v2\/posts\/1000001046"}],"collection":[{"href":"https:\/\/www.sgagora.com.br\/sg\/wp-json\/wp\/v2\/posts"}],"about":[{"href":"https:\/\/www.sgagora.com.br\/sg\/wp-json\/wp\/v2\/types\/post"}],"author":[{"embeddable":true,"href":"https:\/\/www.sgagora.com.br\/sg\/wp-json\/wp\/v2\/users\/1"}],"replies":[{"embeddable":true,"href":"https:\/\/www.sgagora.com.br\/sg\/wp-json\/wp\/v2\/comments?post=1000001046"}],"version-history":[{"count":1,"href":"https:\/\/www.sgagora.com.br\/sg\/wp-json\/wp\/v2\/posts\/1000001046\/revisions"}],"predecessor-version":[{"id":1000001049,"href":"https:\/\/www.sgagora.com.br\/sg\/wp-json\/wp\/v2\/posts\/1000001046\/revisions\/1000001049"}],"wp:featuredmedia":[{"embeddable":true,"href":"https:\/\/www.sgagora.com.br\/sg\/wp-json\/wp\/v2\/media\/1000001048"}],"wp:attachment":[{"href":"https:\/\/www.sgagora.com.br\/sg\/wp-json\/wp\/v2\/media?parent=1000001046"}],"wp:term":[{"taxonomy":"category","embeddable":true,"href":"https:\/\/www.sgagora.com.br\/sg\/wp-json\/wp\/v2\/categories?post=1000001046"},{"taxonomy":"post_tag","embeddable":true,"href":"https:\/\/www.sgagora.com.br\/sg\/wp-json\/wp\/v2\/tags?post=1000001046"}],"curies":[{"name":"wp","href":"https:\/\/api.w.org\/{rel}","templated":true}]}}