{"id":1000001146,"date":"2023-09-15T10:55:55","date_gmt":"2023-09-15T13:55:55","guid":{"rendered":"https:\/\/www.sgagora.com.br\/sg\/?p=1000001146"},"modified":"2023-10-25T11:59:51","modified_gmt":"2023-10-25T14:59:51","slug":"infrator-menor-de-idade-e-apreendido-por-trafico-de-drogas-em-sao-gotardo","status":"publish","type":"post","link":"https:\/\/www.sgagora.com.br\/sg\/infrator-menor-de-idade-e-apreendido-por-trafico-de-drogas-em-sao-gotardo\/","title":{"rendered":"Infrator menor de idade \u00e9 apreendido por tr\u00e1fico de drogas em S\u00e3o Gotardo"},"content":{"rendered":"<p><span style=\"color: #ffffff;\">,<\/span><\/p>\n<p style=\"text-align: justify;\">No dia 12 de setembro, durante patrulhamento preventivo no Bairro Alto Bela Vista, um infrator menor de idade, ao avistar a viatura policial fugiu pulando os muros de uma resid\u00eancia.<\/p>\n<p style=\"text-align: justify;\">De acordo com as informa\u00e7\u00f5es da Pol\u00edcia Militar foram localizadas em suas vestes 01 bucha de maconha e 05 pedras de crack. O local de onde o menor infrator tentou evadir \u00e9 alvo de constantes den\u00fancias e disputas de tr\u00e1fico de drogas, motivo pelo qual os militares procederam a abordagem \u00e0 resid\u00eancia.<\/p>\n<p style=\"text-align: justify;\">Al\u00e9m disso foram localizadas outras 14 buchas de maconha, R$1.536,50 em moedas diversas e 01 caderno de anota\u00e7\u00f5es de tr\u00e1fico dentro da resid\u00eancia que n\u00e3o estava ocupada por ningu\u00e9m no momento do ocorrido. A casa \u00e9 usada apenas para o com\u00e9rcio de tr\u00e1fico de drogas local.<\/p>\n<p style=\"text-align: justify;\">O menor foi conduzido \u00e0 Delegacia juntamente com o material apreendido e assim encerrou Assessoria de Imprensa da Policia Militar.<\/p>\n<p><span style=\"color: #ffffff;\">.<\/span><\/p>\n<p><em><strong>Reportagem:&nbsp;<\/strong>Lhorrayne Martins\/ Portal SG AGORA<strong>&nbsp;\/ Fonte da Reportagem e Foto Capa:<\/strong>&nbsp;Assessoria de Imprensa 216\u00ba Cia. PM<\/em><\/p>\n","protected":false},"excerpt":{"rendered":"<p>, No dia 12 de setembro, durante patrulhamento preventivo no Bairro Alto Bela Vista, um infrator menor de idade, ao avistar a viatura policial fugiu pulando os muros de uma resid\u00eancia. De acordo com as &#8230; <a class=\"readmore\" href=\"https:\/\/www.sgagora.com.br\/sg\/infrator-menor-de-idade-e-apreendido-por-trafico-de-drogas-em-sao-gotardo\/\">Leia Mais<\/a><\/p>\n","protected":false},"author":1,"featured_media":1000001148,"comment_status":"open","ping_status":"open","sticky":true,"template":"","format":"standard","meta":{"_bbp_topic_count":0,"_bbp_reply_count":0,"_bbp_total_topic_count":0,"_bbp_total_reply_count":0,"_bbp_voice_count":0,"_bbp_anonymous_reply_count":0,"_bbp_topic_count_hidden":0,"_bbp_reply_count_hidden":0,"_bbp_forum_subforum_count":0},"categories":[77,81],"tags":[1882,18776,18635],"yoast_head":"<!-- This site is optimized with the Yoast SEO plugin v20.5 - https:\/\/yoast.com\/wordpress\/plugins\/seo\/ -->\n<title>Infrator menor de idade \u00e9 apreendido por tr\u00e1fico de drogas em S\u00e3o Gotardo - SGAgora<\/title>\n<meta name=\"description\" content=\"No dia 12 de setembro, durante patrulhamento preventivo no Bairro Alto Bela Vista, um infrator menor de idade, ao avistar a viatura policial fugiu pulando os muros de uma resid\u00eancia.\u00a0\" \/>\n<meta name=\"robots\" content=\"index, follow, max-snippet:-1, max-image-preview:large, max-video-preview:-1\" \/>\n<link rel=\"canonical\" href=\"https:\/\/www.sgagora.com.br\/sg\/infrator-menor-de-idade-e-apreendido-por-trafico-de-drogas-em-sao-gotardo\/\" \/>\n<meta property=\"og:locale\" content=\"pt_BR\" \/>\n<meta property=\"og:type\" content=\"article\" \/>\n<meta property=\"og:title\" content=\"Infrator menor de idade \u00e9 apreendido por tr\u00e1fico de drogas em S\u00e3o Gotardo - SGAgora\" \/>\n<meta property=\"og:description\" content=\"No dia 12 de setembro, durante patrulhamento preventivo no Bairro Alto Bela Vista, um infrator menor de idade, ao avistar a viatura policial fugiu pulando os muros de uma resid\u00eancia.\u00a0\" \/>\n<meta property=\"og:url\" content=\"https:\/\/www.sgagora.com.br\/sg\/infrator-menor-de-idade-e-apreendido-por-trafico-de-drogas-em-sao-gotardo\/\" \/>\n<meta property=\"og:site_name\" content=\"SGAgora\" \/>\n<meta property=\"article:publisher\" content=\"https:\/\/www.facebook.com\/sgagora\" \/>\n<meta property=\"article:published_time\" content=\"2023-09-15T13:55:55+00:00\" \/>\n<meta property=\"article:modified_time\" content=\"2023-10-25T14:59:51+00:00\" \/>\n<meta property=\"og:image\" content=\"https:\/\/www.sgagora.com.br\/sg\/wp-content\/uploads\/2023\/09\/WhatsApp-Image-2023-09-15-at-09.23.20-e1694785573998.jpeg\" \/>\n\t<meta property=\"og:image:width\" content=\"600\" \/>\n\t<meta property=\"og:image:height\" content=\"426\" \/>\n\t<meta property=\"og:image:type\" content=\"image\/jpeg\" \/>\n<meta name=\"author\" content=\"SG Agora\" \/>\n<meta name=\"twitter:label1\" content=\"Escrito por\" \/>\n\t<meta name=\"twitter:data1\" content=\"SG Agora\" \/>\n\t<meta name=\"twitter:label2\" content=\"Est. tempo de leitura\" \/>\n\t<meta name=\"twitter:data2\" content=\"1 minuto\" \/>\n<script type=\"application\/ld+json\" class=\"yoast-schema-graph\">{\"@context\":\"https:\/\/schema.org\",\"@graph\":[{\"@type\":\"WebPage\",\"@id\":\"https:\/\/www.sgagora.com.br\/sg\/infrator-menor-de-idade-e-apreendido-por-trafico-de-drogas-em-sao-gotardo\/\",\"url\":\"https:\/\/www.sgagora.com.br\/sg\/infrator-menor-de-idade-e-apreendido-por-trafico-de-drogas-em-sao-gotardo\/\",\"name\":\"Infrator menor de idade \u00e9 apreendido por tr\u00e1fico de drogas em S\u00e3o Gotardo - SGAgora\",\"isPartOf\":{\"@id\":\"https:\/\/www.sgagora.com.br\/sg\/#website\"},\"datePublished\":\"2023-09-15T13:55:55+00:00\",\"dateModified\":\"2023-10-25T14:59:51+00:00\",\"author\":{\"@id\":\"https:\/\/www.sgagora.com.br\/sg\/#\/schema\/person\/2be62cfb47cee3e0b305e4f7a765ae41\"},\"description\":\"No dia 12 de setembro, durante patrulhamento preventivo no Bairro Alto Bela Vista, um infrator menor de idade, ao avistar a viatura policial fugiu pulando os muros de uma resid\u00eancia.\u00a0\",\"breadcrumb\":{\"@id\":\"https:\/\/www.sgagora.com.br\/sg\/infrator-menor-de-idade-e-apreendido-por-trafico-de-drogas-em-sao-gotardo\/#breadcrumb\"},\"inLanguage\":\"pt-BR\",\"potentialAction\":[{\"@type\":\"ReadAction\",\"target\":[\"https:\/\/www.sgagora.com.br\/sg\/infrator-menor-de-idade-e-apreendido-por-trafico-de-drogas-em-sao-gotardo\/\"]}]},{\"@type\":\"BreadcrumbList\",\"@id\":\"https:\/\/www.sgagora.com.br\/sg\/infrator-menor-de-idade-e-apreendido-por-trafico-de-drogas-em-sao-gotardo\/#breadcrumb\",\"itemListElement\":[{\"@type\":\"ListItem\",\"position\":1,\"name\":\"In\u00edcio\",\"item\":\"https:\/\/www.sgagora.com.br\/sg\/\"},{\"@type\":\"ListItem\",\"position\":2,\"name\":\"Infrator menor de idade \u00e9 apreendido por tr\u00e1fico de drogas em S\u00e3o Gotardo\"}]},{\"@type\":\"WebSite\",\"@id\":\"https:\/\/www.sgagora.com.br\/sg\/#website\",\"url\":\"https:\/\/www.sgagora.com.br\/sg\/\",\"name\":\"SGAgora\",\"description\":\"Not\u00edcias de S\u00e3o Gotardo\",\"potentialAction\":[{\"@type\":\"SearchAction\",\"target\":{\"@type\":\"EntryPoint\",\"urlTemplate\":\"https:\/\/www.sgagora.com.br\/sg\/?s={search_term_string}\"},\"query-input\":\"required name=search_term_string\"}],\"inLanguage\":\"pt-BR\"},{\"@type\":\"Person\",\"@id\":\"https:\/\/www.sgagora.com.br\/sg\/#\/schema\/person\/2be62cfb47cee3e0b305e4f7a765ae41\",\"name\":\"SG Agora\",\"image\":{\"@type\":\"ImageObject\",\"inLanguage\":\"pt-BR\",\"@id\":\"https:\/\/www.sgagora.com.br\/sg\/#\/schema\/person\/image\/\",\"url\":\"https:\/\/secure.gravatar.com\/avatar\/a0c612a9a8c3e7419d6fd4f92e749d8d?s=96&d=mm&r=g\",\"contentUrl\":\"https:\/\/secure.gravatar.com\/avatar\/a0c612a9a8c3e7419d6fd4f92e749d8d?s=96&d=mm&r=g\",\"caption\":\"SG Agora\"},\"url\":\"https:\/\/www.sgagora.com.br\/sg\/author\/admin\/\"}]}<\/script>\n<!-- \/ Yoast SEO plugin. -->","yoast_head_json":{"title":"Infrator menor de idade \u00e9 apreendido por tr\u00e1fico de drogas em S\u00e3o Gotardo - SGAgora","description":"No dia 12 de setembro, durante patrulhamento preventivo no Bairro Alto Bela Vista, um infrator menor de idade, ao avistar a viatura policial fugiu pulando os muros de uma resid\u00eancia.\u00a0","robots":{"index":"index","follow":"follow","max-snippet":"max-snippet:-1","max-image-preview":"max-image-preview:large","max-video-preview":"max-video-preview:-1"},"canonical":"https:\/\/www.sgagora.com.br\/sg\/infrator-menor-de-idade-e-apreendido-por-trafico-de-drogas-em-sao-gotardo\/","og_locale":"pt_BR","og_type":"article","og_title":"Infrator menor de idade \u00e9 apreendido por tr\u00e1fico de drogas em S\u00e3o Gotardo - SGAgora","og_description":"No dia 12 de setembro, durante patrulhamento preventivo no Bairro Alto Bela Vista, um infrator menor de idade, ao avistar a viatura policial fugiu pulando os muros de uma resid\u00eancia.\u00a0","og_url":"https:\/\/www.sgagora.com.br\/sg\/infrator-menor-de-idade-e-apreendido-por-trafico-de-drogas-em-sao-gotardo\/","og_site_name":"SGAgora","article_publisher":"https:\/\/www.facebook.com\/sgagora","article_published_time":"2023-09-15T13:55:55+00:00","article_modified_time":"2023-10-25T14:59:51+00:00","og_image":[{"width":600,"height":426,"url":"https:\/\/www.sgagora.com.br\/sg\/wp-content\/uploads\/2023\/09\/WhatsApp-Image-2023-09-15-at-09.23.20-e1694785573998.jpeg","type":"image\/jpeg"}],"author":"SG Agora","twitter_misc":{"Escrito por":"SG Agora","Est. tempo de leitura":"1 minuto"},"schema":{"@context":"https:\/\/schema.org","@graph":[{"@type":"WebPage","@id":"https:\/\/www.sgagora.com.br\/sg\/infrator-menor-de-idade-e-apreendido-por-trafico-de-drogas-em-sao-gotardo\/","url":"https:\/\/www.sgagora.com.br\/sg\/infrator-menor-de-idade-e-apreendido-por-trafico-de-drogas-em-sao-gotardo\/","name":"Infrator menor de idade \u00e9 apreendido por tr\u00e1fico de drogas em S\u00e3o Gotardo - SGAgora","isPartOf":{"@id":"https:\/\/www.sgagora.com.br\/sg\/#website"},"datePublished":"2023-09-15T13:55:55+00:00","dateModified":"2023-10-25T14:59:51+00:00","author":{"@id":"https:\/\/www.sgagora.com.br\/sg\/#\/schema\/person\/2be62cfb47cee3e0b305e4f7a765ae41"},"description":"No dia 12 de setembro, durante patrulhamento preventivo no Bairro Alto Bela Vista, um infrator menor de idade, ao avistar a viatura policial fugiu pulando os muros de uma resid\u00eancia.\u00a0","breadcrumb":{"@id":"https:\/\/www.sgagora.com.br\/sg\/infrator-menor-de-idade-e-apreendido-por-trafico-de-drogas-em-sao-gotardo\/#breadcrumb"},"inLanguage":"pt-BR","potentialAction":[{"@type":"ReadAction","target":["https:\/\/www.sgagora.com.br\/sg\/infrator-menor-de-idade-e-apreendido-por-trafico-de-drogas-em-sao-gotardo\/"]}]},{"@type":"BreadcrumbList","@id":"https:\/\/www.sgagora.com.br\/sg\/infrator-menor-de-idade-e-apreendido-por-trafico-de-drogas-em-sao-gotardo\/#breadcrumb","itemListElement":[{"@type":"ListItem","position":1,"name":"In\u00edcio","item":"https:\/\/www.sgagora.com.br\/sg\/"},{"@type":"ListItem","position":2,"name":"Infrator menor de idade \u00e9 apreendido por tr\u00e1fico de drogas em S\u00e3o Gotardo"}]},{"@type":"WebSite","@id":"https:\/\/www.sgagora.com.br\/sg\/#website","url":"https:\/\/www.sgagora.com.br\/sg\/","name":"SGAgora","description":"Not\u00edcias de S\u00e3o Gotardo","potentialAction":[{"@type":"SearchAction","target":{"@type":"EntryPoint","urlTemplate":"https:\/\/www.sgagora.com.br\/sg\/?s={search_term_string}"},"query-input":"required name=search_term_string"}],"inLanguage":"pt-BR"},{"@type":"Person","@id":"https:\/\/www.sgagora.com.br\/sg\/#\/schema\/person\/2be62cfb47cee3e0b305e4f7a765ae41","name":"SG Agora","image":{"@type":"ImageObject","inLanguage":"pt-BR","@id":"https:\/\/www.sgagora.com.br\/sg\/#\/schema\/person\/image\/","url":"https:\/\/secure.gravatar.com\/avatar\/a0c612a9a8c3e7419d6fd4f92e749d8d?s=96&d=mm&r=g","contentUrl":"https:\/\/secure.gravatar.com\/avatar\/a0c612a9a8c3e7419d6fd4f92e749d8d?s=96&d=mm&r=g","caption":"SG Agora"},"url":"https:\/\/www.sgagora.com.br\/sg\/author\/admin\/"}]}},"_links":{"self":[{"href":"https:\/\/www.sgagora.com.br\/sg\/wp-json\/wp\/v2\/posts\/1000001146"}],"collection":[{"href":"https:\/\/www.sgagora.com.br\/sg\/wp-json\/wp\/v2\/posts"}],"about":[{"href":"https:\/\/www.sgagora.com.br\/sg\/wp-json\/wp\/v2\/types\/post"}],"author":[{"embeddable":true,"href":"https:\/\/www.sgagora.com.br\/sg\/wp-json\/wp\/v2\/users\/1"}],"replies":[{"embeddable":true,"href":"https:\/\/www.sgagora.com.br\/sg\/wp-json\/wp\/v2\/comments?post=1000001146"}],"version-history":[{"count":3,"href":"https:\/\/www.sgagora.com.br\/sg\/wp-json\/wp\/v2\/posts\/1000001146\/revisions"}],"predecessor-version":[{"id":1000001152,"href":"https:\/\/www.sgagora.com.br\/sg\/wp-json\/wp\/v2\/posts\/1000001146\/revisions\/1000001152"}],"wp:featuredmedia":[{"embeddable":true,"href":"https:\/\/www.sgagora.com.br\/sg\/wp-json\/wp\/v2\/media\/1000001148"}],"wp:attachment":[{"href":"https:\/\/www.sgagora.com.br\/sg\/wp-json\/wp\/v2\/media?parent=1000001146"}],"wp:term":[{"taxonomy":"category","embeddable":true,"href":"https:\/\/www.sgagora.com.br\/sg\/wp-json\/wp\/v2\/categories?post=1000001146"},{"taxonomy":"post_tag","embeddable":true,"href":"https:\/\/www.sgagora.com.br\/sg\/wp-json\/wp\/v2\/tags?post=1000001146"}],"curies":[{"name":"wp","href":"https:\/\/api.w.org\/{rel}","templated":true}]}}