{"id":1000001939,"date":"2023-11-22T15:25:26","date_gmt":"2023-11-22T18:25:26","guid":{"rendered":"https:\/\/www.sgagora.com.br\/sg\/?p=1000001939"},"modified":"2023-11-22T15:25:35","modified_gmt":"2023-11-22T18:25:35","slug":"festaneja-em-sao-gotardo-diego-e-victor-hugo-realizam-show-dia-15-de-dezembro","status":"publish","type":"post","link":"https:\/\/www.sgagora.com.br\/sg\/festaneja-em-sao-gotardo-diego-e-victor-hugo-realizam-show-dia-15-de-dezembro\/","title":{"rendered":"Festaneja em S\u00e3o Gotardo: Diego e Victor Hugo realizam show dia 15 de Dezembro"},"content":{"rendered":"<p style=\"text-align: justify;\">\u00c9 oficial! Temos um encontro marcado com uma das duplas sertanejas mais requisitadas do Brasil, aqui em S\u00e3o Gotardo. O show com Diego e Victor Hugo acontecer\u00e1 no dia 15 de Dezembro de 2023, sexta-feira, no Parque de Exposi\u00e7\u00f5es \u00e0 partir de 21h.<\/p>\n<p><span style=\"color: #ffffff;\">.<\/span><br \/>\n<iframe loading=\"lazy\" title=\"YouTube video player\" src=\"https:\/\/www.youtube.com\/embed\/M4gwPKau-ag?si=OTYzsXAQnEbK7wJb\" width=\"560\" height=\"315\" frameborder=\"0\" allowfullscreen=\"allowfullscreen\"><\/iframe><\/p>\n<p><span style=\"color: #ffffff;\">.<\/span><\/p>\n<p style=\"text-align: justify;\">A dupla abre a primeira edi\u00e7\u00e3o da &#8220;FESTANEJA&#8221; em nossa cidade e promete reunir cerca de 4 mil pessoas na noite. As vendas dos ingressos j\u00e1 est\u00e3o abertas. Para adquirir \u00e9 s\u00f3 acessar o site <a href=\"https:\/\/desctickets.com.br\/festaneja\">https:\/\/desctickets.com.br\/festaneja<\/a> ou tamb\u00e9m em pontos de venda por toda a regi\u00e3o do Alto Parana\u00edba. Veja a lista:<\/p>\n<p><span style=\"color: #ffffff;\">.<\/span><\/p>\n<h1><strong>Pontos de venda:<\/strong><\/h1>\n<ul>\n<li>S\u00e3o Gotardo<br \/>\nDel\u00edcias do Trigo<\/li>\n<li>Carmo do Parana\u00edba<br \/>\nPrimeira Op\u00e7\u00e3o Feminina<\/li>\n<li>Matutina<br \/>\nEncantu&#8217;s Store<\/li>\n<li>Guarda dos Ferreiros<br \/>\nReal M\u00f3veis<\/li>\n<li>Rio Parana\u00edba<br \/>\nLu\u00e1lia Store<\/li>\n<li>Tiros<br \/>\nPoliana Cal\u00e7ados<\/li>\n<\/ul>\n<p><span style=\"color: #ffffff;\">.<\/span><\/p>\n<p style=\"text-align: justify;\">Ressaltamos tamb\u00e9m as institui\u00e7\u00f5es que est\u00e3o trabalhando na venda dos ingressos como: APAE, Lar Renascer e Casa de Amparo e Prece &#8211; que fica localizada em Guarda dos Ferreiros. Voc\u00ea pode contribuir com as mesmas na compra dos ingressos onde: 20% das vendas da \u00e1rea vip e 10% da pista ser\u00e3o direcionadas a essas entidades carentes.<\/p>\n<p>E est\u00e1 rolando promo\u00e7\u00e3o Black Friday Festaneja. Na compra de 2 ingressos voc\u00ea ganha mais 1. V\u00e1lido apenas para setores: Pista e \u00c1rea Vip. Aproveite e curta esse showz\u00e3o!<\/p>\n<p><span style=\"color: #ffffff;\">.<\/span><\/p>\n<h6 style=\"text-align: center;\"><img decoding=\"async\" loading=\"lazy\" class=\"aligncenter size-full wp-image-1000001945\" src=\"https:\/\/www.sgagora.com.br\/sg\/wp-content\/uploads\/2023\/11\/festa.png\" alt=\"\" width=\"350\" height=\"375\" srcset=\"https:\/\/www.sgagora.com.br\/sg\/wp-content\/uploads\/2023\/11\/festa.png 350w, https:\/\/www.sgagora.com.br\/sg\/wp-content\/uploads\/2023\/11\/festa-280x300.png 280w\" sizes=\"(max-width: 350px) 100vw, 350px\" \/><i>Foto: Reprodu\u00e7\u00e3o Instagram\/@festanejaa<\/i><\/h6>\n<p><span style=\"color: #ffffff;\">.<\/span><\/p>\n<div class=\"wall protected-content\">\n<div id=\"chunk-4dkmu\">\n<div class=\"mc-column content-text active-extra-styles \" data-block-type=\"unstyled\" data-block-weight=\"25\" data-block-id=\"4\">\n<div id=\"chunk-fo6kn\">\n<div data-block-type=\"unstyled\" data-block-weight=\"39\" data-block-id=\"9\">\n<div class=\"wall protected-content\">\n<div id=\"chunk-8331f\">\n<div data-block-type=\"unstyled\" data-block-weight=\"49\" data-block-id=\"4\">\n<div id=\"chunk-9p2he\">\n<div class=\"mc-column content-text active-extra-styles \" data-block-type=\"unstyled\" data-block-weight=\"11\" data-block-id=\"17\">\n<div id=\"chunk-fr0c5\">\n<div data-block-type=\"unstyled\" data-block-weight=\"17\" data-block-id=\"7\">\n<div id=\"chunk-2nnnr\">\n<div class=\"mc-column content-text active-extra-styles \" data-block-type=\"unstyled\" data-block-weight=\"26\" data-block-id=\"14\">\n<div>\n<div id=\"chunk-2h3e8\">\n<div data-block-type=\"unstyled\" data-block-weight=\"45\" data-block-id=\"4\">\n<div id=\"chunk-30i7r\">\n<div class=\"mc-column content-text active-extra-styles\" data-block-type=\"raw\" data-block-weight=\"11\" data-block-id=\"9\">\n<div class=\"content-intertitle\">\n<div id=\"chunk-a9tva\">\n<div class=\"mc-column content-text active-extra-styles \" data-block-type=\"unstyled\" data-block-weight=\"43\" data-block-id=\"11\">\n<div id=\"chunk-5qgli\">\n<div class=\"mc-column content-text active-extra-styles\" data-block-type=\"raw\" data-block-weight=\"106\" data-block-id=\"13\">\n<div id=\"chunk-7sfb\">\n<div class=\"mc-column content-text active-extra-styles\" data-block-type=\"raw\" data-block-weight=\"29\" data-block-id=\"20\">\n<div id=\"chunk-9rrnd\">\n<p class=\"mc-column content-text active-extra-styles \" style=\"text-align: justify;\" data-block-type=\"unstyled\" data-block-weight=\"49\" data-block-id=\"28\"><em><strong>Reportagem:\u00a0<\/strong>Lhorrayne Martins\/ Portal SG AGORA<b>\u00a0\/\u00a0<\/b><strong>Fonte da Reportagem<\/strong><strong> e Foto Capa: <\/strong>Reprodu\u00e7\u00e3o Instagram\/@festanejaa<\/em><\/p>\n<\/div>\n<\/div>\n<\/div>\n<\/div>\n<\/div>\n<\/div>\n<\/div>\n<\/div>\n<\/div>\n<\/div>\n<\/div>\n<\/div>\n<\/div>\n<\/div>\n<\/div>\n<\/div>\n<\/div>\n<\/div>\n<\/div>\n<\/div>\n<\/div>\n<\/div>\n<div class=\"addtoany_share_save_container addtoany_content addtoany_content_bottom\"><\/div>\n<p data-track-category=\"Link no Texto\" data-track-links=\"\">\n<\/div>\n<\/div>\n<\/div>\n<\/div>\n<\/div>\n<div class=\"addtoany_share_save_container addtoany_content addtoany_content_bottom\"><\/div>\n<div class=\"addtoany_share_save_container addtoany_content addtoany_content_bottom\"><\/div>\n","protected":false},"excerpt":{"rendered":"<p>\u00c9 oficial! Temos um encontro marcado com uma das duplas sertanejas mais requisitadas do Brasil, aqui em S\u00e3o Gotardo. O show com Diego e Victor Hugo acontecer\u00e1 no dia 15 de Dezembro de 2023, sexta-feira, &#8230; <a class=\"readmore\" href=\"https:\/\/www.sgagora.com.br\/sg\/festaneja-em-sao-gotardo-diego-e-victor-hugo-realizam-show-dia-15-de-dezembro\/\">Leia Mais<\/a><\/p>\n","protected":false},"author":1,"featured_media":1000001942,"comment_status":"open","ping_status":"open","sticky":false,"template":"","format":"standard","meta":{"_bbp_topic_count":0,"_bbp_reply_count":0,"_bbp_total_topic_count":0,"_bbp_total_reply_count":0,"_bbp_voice_count":0,"_bbp_anonymous_reply_count":0,"_bbp_topic_count_hidden":0,"_bbp_reply_count_hidden":0,"_bbp_forum_subforum_count":0},"categories":[78,3,77,81],"tags":[659,138,194,131],"yoast_head":"<!-- This site is optimized with the Yoast SEO plugin v20.5 - https:\/\/yoast.com\/wordpress\/plugins\/seo\/ -->\n<title>Festaneja em S\u00e3o Gotardo: Diego e Victor Hugo realizam show dia 15 de Dezembro<\/title>\n<meta name=\"description\" content=\"O show com Diego e Victor Hugo acontecer\u00e1 no dia 15 de Dezembro de 2023, sexta-feira, no Parque de Exposi\u00e7\u00f5es \u00e0 partir de 21h.\" \/>\n<meta name=\"robots\" content=\"index, follow, max-snippet:-1, max-image-preview:large, max-video-preview:-1\" \/>\n<link rel=\"canonical\" href=\"https:\/\/www.sgagora.com.br\/sg\/festaneja-em-sao-gotardo-diego-e-victor-hugo-realizam-show-dia-15-de-dezembro\/\" \/>\n<meta property=\"og:locale\" content=\"pt_BR\" \/>\n<meta property=\"og:type\" content=\"article\" \/>\n<meta property=\"og:title\" content=\"Festaneja em S\u00e3o Gotardo: Diego e Victor Hugo realizam show dia 15 de Dezembro\" \/>\n<meta property=\"og:description\" content=\"O show com Diego e Victor Hugo acontecer\u00e1 no dia 15 de Dezembro de 2023, sexta-feira, no Parque de Exposi\u00e7\u00f5es \u00e0 partir de 21h.\" \/>\n<meta property=\"og:url\" content=\"https:\/\/www.sgagora.com.br\/sg\/festaneja-em-sao-gotardo-diego-e-victor-hugo-realizam-show-dia-15-de-dezembro\/\" \/>\n<meta property=\"og:site_name\" content=\"SGAgora\" \/>\n<meta property=\"article:publisher\" content=\"https:\/\/www.facebook.com\/sgagora\" \/>\n<meta property=\"article:published_time\" content=\"2023-11-22T18:25:26+00:00\" \/>\n<meta property=\"article:modified_time\" content=\"2023-11-22T18:25:35+00:00\" \/>\n<meta property=\"og:image\" content=\"https:\/\/www.sgagora.com.br\/sg\/wp-content\/uploads\/2023\/11\/festaneja-e1700674330393.png\" \/>\n\t<meta property=\"og:image:width\" content=\"382\" \/>\n\t<meta property=\"og:image:height\" content=\"372\" \/>\n\t<meta property=\"og:image:type\" content=\"image\/png\" \/>\n<meta name=\"author\" content=\"SG Agora\" \/>\n<meta name=\"twitter:label1\" content=\"Escrito por\" \/>\n\t<meta name=\"twitter:data1\" content=\"SG Agora\" \/>\n\t<meta name=\"twitter:label2\" content=\"Est. tempo de leitura\" \/>\n\t<meta name=\"twitter:data2\" content=\"2 minutos\" \/>\n<script type=\"application\/ld+json\" class=\"yoast-schema-graph\">{\"@context\":\"https:\/\/schema.org\",\"@graph\":[{\"@type\":\"WebPage\",\"@id\":\"https:\/\/www.sgagora.com.br\/sg\/festaneja-em-sao-gotardo-diego-e-victor-hugo-realizam-show-dia-15-de-dezembro\/\",\"url\":\"https:\/\/www.sgagora.com.br\/sg\/festaneja-em-sao-gotardo-diego-e-victor-hugo-realizam-show-dia-15-de-dezembro\/\",\"name\":\"Festaneja em S\u00e3o Gotardo: Diego e Victor Hugo realizam show dia 15 de Dezembro\",\"isPartOf\":{\"@id\":\"https:\/\/www.sgagora.com.br\/sg\/#website\"},\"datePublished\":\"2023-11-22T18:25:26+00:00\",\"dateModified\":\"2023-11-22T18:25:35+00:00\",\"author\":{\"@id\":\"https:\/\/www.sgagora.com.br\/sg\/#\/schema\/person\/2be62cfb47cee3e0b305e4f7a765ae41\"},\"description\":\"O show com Diego e Victor Hugo acontecer\u00e1 no dia 15 de Dezembro de 2023, sexta-feira, no Parque de Exposi\u00e7\u00f5es \u00e0 partir de 21h.\",\"breadcrumb\":{\"@id\":\"https:\/\/www.sgagora.com.br\/sg\/festaneja-em-sao-gotardo-diego-e-victor-hugo-realizam-show-dia-15-de-dezembro\/#breadcrumb\"},\"inLanguage\":\"pt-BR\",\"potentialAction\":[{\"@type\":\"ReadAction\",\"target\":[\"https:\/\/www.sgagora.com.br\/sg\/festaneja-em-sao-gotardo-diego-e-victor-hugo-realizam-show-dia-15-de-dezembro\/\"]}]},{\"@type\":\"BreadcrumbList\",\"@id\":\"https:\/\/www.sgagora.com.br\/sg\/festaneja-em-sao-gotardo-diego-e-victor-hugo-realizam-show-dia-15-de-dezembro\/#breadcrumb\",\"itemListElement\":[{\"@type\":\"ListItem\",\"position\":1,\"name\":\"In\u00edcio\",\"item\":\"https:\/\/www.sgagora.com.br\/sg\/\"},{\"@type\":\"ListItem\",\"position\":2,\"name\":\"Festaneja em S\u00e3o Gotardo: Diego e Victor Hugo realizam show dia 15 de Dezembro\"}]},{\"@type\":\"WebSite\",\"@id\":\"https:\/\/www.sgagora.com.br\/sg\/#website\",\"url\":\"https:\/\/www.sgagora.com.br\/sg\/\",\"name\":\"SGAgora\",\"description\":\"Not\u00edcias de S\u00e3o Gotardo\",\"potentialAction\":[{\"@type\":\"SearchAction\",\"target\":{\"@type\":\"EntryPoint\",\"urlTemplate\":\"https:\/\/www.sgagora.com.br\/sg\/?s={search_term_string}\"},\"query-input\":\"required name=search_term_string\"}],\"inLanguage\":\"pt-BR\"},{\"@type\":\"Person\",\"@id\":\"https:\/\/www.sgagora.com.br\/sg\/#\/schema\/person\/2be62cfb47cee3e0b305e4f7a765ae41\",\"name\":\"SG Agora\",\"image\":{\"@type\":\"ImageObject\",\"inLanguage\":\"pt-BR\",\"@id\":\"https:\/\/www.sgagora.com.br\/sg\/#\/schema\/person\/image\/\",\"url\":\"https:\/\/secure.gravatar.com\/avatar\/a0c612a9a8c3e7419d6fd4f92e749d8d?s=96&d=mm&r=g\",\"contentUrl\":\"https:\/\/secure.gravatar.com\/avatar\/a0c612a9a8c3e7419d6fd4f92e749d8d?s=96&d=mm&r=g\",\"caption\":\"SG Agora\"},\"url\":\"https:\/\/www.sgagora.com.br\/sg\/author\/admin\/\"}]}<\/script>\n<!-- \/ Yoast SEO plugin. -->","yoast_head_json":{"title":"Festaneja em S\u00e3o Gotardo: Diego e Victor Hugo realizam show dia 15 de Dezembro","description":"O show com Diego e Victor Hugo acontecer\u00e1 no dia 15 de Dezembro de 2023, sexta-feira, no Parque de Exposi\u00e7\u00f5es \u00e0 partir de 21h.","robots":{"index":"index","follow":"follow","max-snippet":"max-snippet:-1","max-image-preview":"max-image-preview:large","max-video-preview":"max-video-preview:-1"},"canonical":"https:\/\/www.sgagora.com.br\/sg\/festaneja-em-sao-gotardo-diego-e-victor-hugo-realizam-show-dia-15-de-dezembro\/","og_locale":"pt_BR","og_type":"article","og_title":"Festaneja em S\u00e3o Gotardo: Diego e Victor Hugo realizam show dia 15 de Dezembro","og_description":"O show com Diego e Victor Hugo acontecer\u00e1 no dia 15 de Dezembro de 2023, sexta-feira, no Parque de Exposi\u00e7\u00f5es \u00e0 partir de 21h.","og_url":"https:\/\/www.sgagora.com.br\/sg\/festaneja-em-sao-gotardo-diego-e-victor-hugo-realizam-show-dia-15-de-dezembro\/","og_site_name":"SGAgora","article_publisher":"https:\/\/www.facebook.com\/sgagora","article_published_time":"2023-11-22T18:25:26+00:00","article_modified_time":"2023-11-22T18:25:35+00:00","og_image":[{"width":382,"height":372,"url":"https:\/\/www.sgagora.com.br\/sg\/wp-content\/uploads\/2023\/11\/festaneja-e1700674330393.png","type":"image\/png"}],"author":"SG Agora","twitter_misc":{"Escrito por":"SG Agora","Est. tempo de leitura":"2 minutos"},"schema":{"@context":"https:\/\/schema.org","@graph":[{"@type":"WebPage","@id":"https:\/\/www.sgagora.com.br\/sg\/festaneja-em-sao-gotardo-diego-e-victor-hugo-realizam-show-dia-15-de-dezembro\/","url":"https:\/\/www.sgagora.com.br\/sg\/festaneja-em-sao-gotardo-diego-e-victor-hugo-realizam-show-dia-15-de-dezembro\/","name":"Festaneja em S\u00e3o Gotardo: Diego e Victor Hugo realizam show dia 15 de Dezembro","isPartOf":{"@id":"https:\/\/www.sgagora.com.br\/sg\/#website"},"datePublished":"2023-11-22T18:25:26+00:00","dateModified":"2023-11-22T18:25:35+00:00","author":{"@id":"https:\/\/www.sgagora.com.br\/sg\/#\/schema\/person\/2be62cfb47cee3e0b305e4f7a765ae41"},"description":"O show com Diego e Victor Hugo acontecer\u00e1 no dia 15 de Dezembro de 2023, sexta-feira, no Parque de Exposi\u00e7\u00f5es \u00e0 partir de 21h.","breadcrumb":{"@id":"https:\/\/www.sgagora.com.br\/sg\/festaneja-em-sao-gotardo-diego-e-victor-hugo-realizam-show-dia-15-de-dezembro\/#breadcrumb"},"inLanguage":"pt-BR","potentialAction":[{"@type":"ReadAction","target":["https:\/\/www.sgagora.com.br\/sg\/festaneja-em-sao-gotardo-diego-e-victor-hugo-realizam-show-dia-15-de-dezembro\/"]}]},{"@type":"BreadcrumbList","@id":"https:\/\/www.sgagora.com.br\/sg\/festaneja-em-sao-gotardo-diego-e-victor-hugo-realizam-show-dia-15-de-dezembro\/#breadcrumb","itemListElement":[{"@type":"ListItem","position":1,"name":"In\u00edcio","item":"https:\/\/www.sgagora.com.br\/sg\/"},{"@type":"ListItem","position":2,"name":"Festaneja em S\u00e3o Gotardo: Diego e Victor Hugo realizam show dia 15 de Dezembro"}]},{"@type":"WebSite","@id":"https:\/\/www.sgagora.com.br\/sg\/#website","url":"https:\/\/www.sgagora.com.br\/sg\/","name":"SGAgora","description":"Not\u00edcias de S\u00e3o Gotardo","potentialAction":[{"@type":"SearchAction","target":{"@type":"EntryPoint","urlTemplate":"https:\/\/www.sgagora.com.br\/sg\/?s={search_term_string}"},"query-input":"required name=search_term_string"}],"inLanguage":"pt-BR"},{"@type":"Person","@id":"https:\/\/www.sgagora.com.br\/sg\/#\/schema\/person\/2be62cfb47cee3e0b305e4f7a765ae41","name":"SG Agora","image":{"@type":"ImageObject","inLanguage":"pt-BR","@id":"https:\/\/www.sgagora.com.br\/sg\/#\/schema\/person\/image\/","url":"https:\/\/secure.gravatar.com\/avatar\/a0c612a9a8c3e7419d6fd4f92e749d8d?s=96&d=mm&r=g","contentUrl":"https:\/\/secure.gravatar.com\/avatar\/a0c612a9a8c3e7419d6fd4f92e749d8d?s=96&d=mm&r=g","caption":"SG Agora"},"url":"https:\/\/www.sgagora.com.br\/sg\/author\/admin\/"}]}},"_links":{"self":[{"href":"https:\/\/www.sgagora.com.br\/sg\/wp-json\/wp\/v2\/posts\/1000001939"}],"collection":[{"href":"https:\/\/www.sgagora.com.br\/sg\/wp-json\/wp\/v2\/posts"}],"about":[{"href":"https:\/\/www.sgagora.com.br\/sg\/wp-json\/wp\/v2\/types\/post"}],"author":[{"embeddable":true,"href":"https:\/\/www.sgagora.com.br\/sg\/wp-json\/wp\/v2\/users\/1"}],"replies":[{"embeddable":true,"href":"https:\/\/www.sgagora.com.br\/sg\/wp-json\/wp\/v2\/comments?post=1000001939"}],"version-history":[{"count":4,"href":"https:\/\/www.sgagora.com.br\/sg\/wp-json\/wp\/v2\/posts\/1000001939\/revisions"}],"predecessor-version":[{"id":1000001946,"href":"https:\/\/www.sgagora.com.br\/sg\/wp-json\/wp\/v2\/posts\/1000001939\/revisions\/1000001946"}],"wp:featuredmedia":[{"embeddable":true,"href":"https:\/\/www.sgagora.com.br\/sg\/wp-json\/wp\/v2\/media\/1000001942"}],"wp:attachment":[{"href":"https:\/\/www.sgagora.com.br\/sg\/wp-json\/wp\/v2\/media?parent=1000001939"}],"wp:term":[{"taxonomy":"category","embeddable":true,"href":"https:\/\/www.sgagora.com.br\/sg\/wp-json\/wp\/v2\/categories?post=1000001939"},{"taxonomy":"post_tag","embeddable":true,"href":"https:\/\/www.sgagora.com.br\/sg\/wp-json\/wp\/v2\/tags?post=1000001939"}],"curies":[{"name":"wp","href":"https:\/\/api.w.org\/{rel}","templated":true}]}}