{"id":1000002080,"date":"2023-12-07T15:23:08","date_gmt":"2023-12-07T18:23:08","guid":{"rendered":"https:\/\/www.sgagora.com.br\/sg\/?p=1000002080"},"modified":"2023-12-07T15:23:19","modified_gmt":"2023-12-07T18:23:19","slug":"motorista-e-preso-com-cnh-vencida-apos-causar-acidente-na-br-354","status":"publish","type":"post","link":"https:\/\/www.sgagora.com.br\/sg\/motorista-e-preso-com-cnh-vencida-apos-causar-acidente-na-br-354\/","title":{"rendered":"Motorista \u00e9 preso com CNH vencida ap\u00f3s causar acidente na BR 354"},"content":{"rendered":"<p style=\"text-align: justify;\">Na tarde do dia 06 de Dezembro a Policia Militar de Minas Gerais registrou mais um acidente de tr\u00e2nsito no km 329 da BR 354 em Rio Parana\u00edba envolvendo um \u00f4nibus e um carro que felizmente n\u00e3o teve feridos. No local fica um acesso \u00e0 comunidade de Guarda dos Ferreiros e constantemente s\u00e3o registrados acidentes graves devido a falta de um trevo.<\/p>\n<p style=\"text-align: justify;\">De acordo com as informa\u00e7\u00f5es, o condutor do \u00f4nibus, J. S. A., 29 anos, dirigia sem a devida permiss\u00e3o ou habilita\u00e7\u00e3o para esse tipo de ve\u00edculo. Ele \u00e9 habilitado na categoria B, vencida h\u00e1 mais de trinta dias e realizava o transporte intermunicipal remunerado de pessoas, trabalhadores rurais, sem a licen\u00e7a do poder p\u00fablico concedente.<\/p>\n<p><span style=\"color: #ffffff;\">.<\/span><\/p>\n<h6 style=\"text-align: center;\"><img decoding=\"async\" loading=\"lazy\" class=\"aligncenter size-full wp-image-1000002082\" src=\"https:\/\/www.sgagora.com.br\/sg\/wp-content\/uploads\/2023\/12\/WhatsApp-Image-2023-12-07-at-09.24.30-1.jpeg\" alt=\"\" width=\"1600\" height=\"900\" srcset=\"https:\/\/www.sgagora.com.br\/sg\/wp-content\/uploads\/2023\/12\/WhatsApp-Image-2023-12-07-at-09.24.30-1.jpeg 1600w, https:\/\/www.sgagora.com.br\/sg\/wp-content\/uploads\/2023\/12\/WhatsApp-Image-2023-12-07-at-09.24.30-1-300x169.jpeg 300w, https:\/\/www.sgagora.com.br\/sg\/wp-content\/uploads\/2023\/12\/WhatsApp-Image-2023-12-07-at-09.24.30-1-1024x576.jpeg 1024w, https:\/\/www.sgagora.com.br\/sg\/wp-content\/uploads\/2023\/12\/WhatsApp-Image-2023-12-07-at-09.24.30-1-768x432.jpeg 768w, https:\/\/www.sgagora.com.br\/sg\/wp-content\/uploads\/2023\/12\/WhatsApp-Image-2023-12-07-at-09.24.30-1-1536x864.jpeg 1536w, https:\/\/www.sgagora.com.br\/sg\/wp-content\/uploads\/2023\/12\/WhatsApp-Image-2023-12-07-at-09.24.30-1-730x411.jpeg 730w\" sizes=\"(max-width: 1600px) 100vw, 1600px\" \/>Ve\u00edculo que o motorista dirigia sem a devida habilita\u00e7\u00e3o &#8211; Foto Capa: Assessoria de Imprensa 10\u00aa Cia de Policiamento Rodovi\u00e1rio de Minas Gerais<\/h6>\n<p><span style=\"color: #ffffff;\">.<\/span><\/p>\n<p style=\"text-align: justify;\">Dessa forma, ele recebeu voz de pris\u00e3o em flagrante delito e, considerando a pr\u00e1tica de infra\u00e7\u00f5es penais de menor potencial ofensivo, assinou termo de compromisso de comparecimento ao f\u00f3rum da comarca de Rio Parana\u00edba\/MG.<\/p>\n<p>O servi\u00e7o de guincho credenciado estava indispon\u00edvel na ocasi\u00e3o. Ambos os ve\u00edculos estavam regulares e em plenas condi\u00e7\u00f5es de seguran\u00e7a. Eles foram liberados e realizado o transbordo dos passageiros.<\/p>\n<p><span style=\"color: #ffffff;\">.<\/span><\/p>\n<p style=\"text-align: justify;\"><em><strong>Reportagem:<\/strong>\u00a0Lhorrayne Martins\/Portal SG AGORA \/\u00a0<strong>Fonte da Reportagem e Foto Capa:<\/strong>\u00a0Assessoria de Imprensa 10\u00aa Cia de Policiamento Rodovi\u00e1rio de Minas Gerais<\/em><\/p>\n<div class=\"addtoany_share_save_container addtoany_content addtoany_content_bottom\"><\/div>\n<div class=\"addtoany_share_save_container addtoany_content addtoany_content_bottom\"><\/div>\n<div class=\"addtoany_share_save_container addtoany_content addtoany_content_bottom\"><\/div>\n<div class=\"addtoany_share_save_container addtoany_content addtoany_content_bottom\"><\/div>\n<div class=\"addtoany_share_save_container addtoany_content addtoany_content_bottom\"><\/div>\n<div class=\"addtoany_share_save_container addtoany_content addtoany_content_bottom\"><\/div>\n<div class=\"addtoany_share_save_container addtoany_content addtoany_content_bottom\"><\/div>\n<div class=\"addtoany_share_save_container addtoany_content addtoany_content_bottom\"><\/div>\n","protected":false},"excerpt":{"rendered":"<p>Na tarde do dia 06 de Dezembro a Policia Militar de Minas Gerais registrou mais um acidente de tr\u00e2nsito no km 329 da BR 354 em Rio Parana\u00edba envolvendo um \u00f4nibus e um carro que &#8230; <a class=\"readmore\" href=\"https:\/\/www.sgagora.com.br\/sg\/motorista-e-preso-com-cnh-vencida-apos-causar-acidente-na-br-354\/\">Leia Mais<\/a><\/p>\n","protected":false},"author":1,"featured_media":1000002083,"comment_status":"open","ping_status":"open","sticky":false,"template":"","format":"standard","meta":{"_bbp_topic_count":0,"_bbp_reply_count":0,"_bbp_total_topic_count":0,"_bbp_total_reply_count":0,"_bbp_voice_count":0,"_bbp_anonymous_reply_count":0,"_bbp_topic_count_hidden":0,"_bbp_reply_count_hidden":0,"_bbp_forum_subforum_count":0},"categories":[78,77,81],"tags":[659,120,132,133,194,131],"yoast_head":"<!-- This site is optimized with the Yoast SEO plugin v20.5 - https:\/\/yoast.com\/wordpress\/plugins\/seo\/ -->\n<title>Motorista \u00e9 preso com CNH vencida ap\u00f3s causar acidente na BR 354<\/title>\n<meta name=\"description\" content=\"Na tarde do dia 06 de Dezembro a Policia Militar de Minas Gerais registrou mais um acidente de tr\u00e2nsito no km 329 da BR 354 em Rio Parana\u00edba\" \/>\n<meta name=\"robots\" content=\"index, follow, max-snippet:-1, max-image-preview:large, max-video-preview:-1\" \/>\n<link rel=\"canonical\" href=\"https:\/\/www.sgagora.com.br\/sg\/motorista-e-preso-com-cnh-vencida-apos-causar-acidente-na-br-354\/\" \/>\n<meta property=\"og:locale\" content=\"pt_BR\" \/>\n<meta property=\"og:type\" content=\"article\" \/>\n<meta property=\"og:title\" content=\"Motorista \u00e9 preso com CNH vencida ap\u00f3s causar acidente na BR 354\" \/>\n<meta property=\"og:description\" content=\"Na tarde do dia 06 de Dezembro a Policia Militar de Minas Gerais registrou mais um acidente de tr\u00e2nsito no km 329 da BR 354 em Rio Parana\u00edba\" \/>\n<meta property=\"og:url\" content=\"https:\/\/www.sgagora.com.br\/sg\/motorista-e-preso-com-cnh-vencida-apos-causar-acidente-na-br-354\/\" \/>\n<meta property=\"og:site_name\" content=\"SGAgora\" \/>\n<meta property=\"article:publisher\" content=\"https:\/\/www.facebook.com\/sgagora\" \/>\n<meta property=\"article:published_time\" content=\"2023-12-07T18:23:08+00:00\" \/>\n<meta property=\"article:modified_time\" content=\"2023-12-07T18:23:19+00:00\" \/>\n<meta property=\"og:image\" content=\"https:\/\/www.sgagora.com.br\/sg\/wp-content\/uploads\/2023\/12\/WhatsApp-Image-2023-12-07-at-09.24.30-e1701973210994.jpeg\" \/>\n\t<meta property=\"og:image:width\" content=\"600\" \/>\n\t<meta property=\"og:image:height\" content=\"428\" \/>\n\t<meta property=\"og:image:type\" content=\"image\/jpeg\" \/>\n<meta name=\"author\" content=\"SG Agora\" \/>\n<meta name=\"twitter:label1\" content=\"Escrito por\" \/>\n\t<meta name=\"twitter:data1\" content=\"SG Agora\" \/>\n\t<meta name=\"twitter:label2\" content=\"Est. tempo de leitura\" \/>\n\t<meta name=\"twitter:data2\" content=\"2 minutos\" \/>\n<script type=\"application\/ld+json\" class=\"yoast-schema-graph\">{\"@context\":\"https:\/\/schema.org\",\"@graph\":[{\"@type\":\"WebPage\",\"@id\":\"https:\/\/www.sgagora.com.br\/sg\/motorista-e-preso-com-cnh-vencida-apos-causar-acidente-na-br-354\/\",\"url\":\"https:\/\/www.sgagora.com.br\/sg\/motorista-e-preso-com-cnh-vencida-apos-causar-acidente-na-br-354\/\",\"name\":\"Motorista \u00e9 preso com CNH vencida ap\u00f3s causar acidente na BR 354\",\"isPartOf\":{\"@id\":\"https:\/\/www.sgagora.com.br\/sg\/#website\"},\"datePublished\":\"2023-12-07T18:23:08+00:00\",\"dateModified\":\"2023-12-07T18:23:19+00:00\",\"author\":{\"@id\":\"https:\/\/www.sgagora.com.br\/sg\/#\/schema\/person\/2be62cfb47cee3e0b305e4f7a765ae41\"},\"description\":\"Na tarde do dia 06 de Dezembro a Policia Militar de Minas Gerais registrou mais um acidente de tr\u00e2nsito no km 329 da BR 354 em Rio Parana\u00edba\",\"breadcrumb\":{\"@id\":\"https:\/\/www.sgagora.com.br\/sg\/motorista-e-preso-com-cnh-vencida-apos-causar-acidente-na-br-354\/#breadcrumb\"},\"inLanguage\":\"pt-BR\",\"potentialAction\":[{\"@type\":\"ReadAction\",\"target\":[\"https:\/\/www.sgagora.com.br\/sg\/motorista-e-preso-com-cnh-vencida-apos-causar-acidente-na-br-354\/\"]}]},{\"@type\":\"BreadcrumbList\",\"@id\":\"https:\/\/www.sgagora.com.br\/sg\/motorista-e-preso-com-cnh-vencida-apos-causar-acidente-na-br-354\/#breadcrumb\",\"itemListElement\":[{\"@type\":\"ListItem\",\"position\":1,\"name\":\"In\u00edcio\",\"item\":\"https:\/\/www.sgagora.com.br\/sg\/\"},{\"@type\":\"ListItem\",\"position\":2,\"name\":\"Motorista \u00e9 preso com CNH vencida ap\u00f3s causar acidente na BR 354\"}]},{\"@type\":\"WebSite\",\"@id\":\"https:\/\/www.sgagora.com.br\/sg\/#website\",\"url\":\"https:\/\/www.sgagora.com.br\/sg\/\",\"name\":\"SGAgora\",\"description\":\"Not\u00edcias de S\u00e3o Gotardo\",\"potentialAction\":[{\"@type\":\"SearchAction\",\"target\":{\"@type\":\"EntryPoint\",\"urlTemplate\":\"https:\/\/www.sgagora.com.br\/sg\/?s={search_term_string}\"},\"query-input\":\"required name=search_term_string\"}],\"inLanguage\":\"pt-BR\"},{\"@type\":\"Person\",\"@id\":\"https:\/\/www.sgagora.com.br\/sg\/#\/schema\/person\/2be62cfb47cee3e0b305e4f7a765ae41\",\"name\":\"SG Agora\",\"image\":{\"@type\":\"ImageObject\",\"inLanguage\":\"pt-BR\",\"@id\":\"https:\/\/www.sgagora.com.br\/sg\/#\/schema\/person\/image\/\",\"url\":\"https:\/\/secure.gravatar.com\/avatar\/a0c612a9a8c3e7419d6fd4f92e749d8d?s=96&d=mm&r=g\",\"contentUrl\":\"https:\/\/secure.gravatar.com\/avatar\/a0c612a9a8c3e7419d6fd4f92e749d8d?s=96&d=mm&r=g\",\"caption\":\"SG Agora\"},\"url\":\"https:\/\/www.sgagora.com.br\/sg\/author\/admin\/\"}]}<\/script>\n<!-- \/ Yoast SEO plugin. -->","yoast_head_json":{"title":"Motorista \u00e9 preso com CNH vencida ap\u00f3s causar acidente na BR 354","description":"Na tarde do dia 06 de Dezembro a Policia Militar de Minas Gerais registrou mais um acidente de tr\u00e2nsito no km 329 da BR 354 em Rio Parana\u00edba","robots":{"index":"index","follow":"follow","max-snippet":"max-snippet:-1","max-image-preview":"max-image-preview:large","max-video-preview":"max-video-preview:-1"},"canonical":"https:\/\/www.sgagora.com.br\/sg\/motorista-e-preso-com-cnh-vencida-apos-causar-acidente-na-br-354\/","og_locale":"pt_BR","og_type":"article","og_title":"Motorista \u00e9 preso com CNH vencida ap\u00f3s causar acidente na BR 354","og_description":"Na tarde do dia 06 de Dezembro a Policia Militar de Minas Gerais registrou mais um acidente de tr\u00e2nsito no km 329 da BR 354 em Rio Parana\u00edba","og_url":"https:\/\/www.sgagora.com.br\/sg\/motorista-e-preso-com-cnh-vencida-apos-causar-acidente-na-br-354\/","og_site_name":"SGAgora","article_publisher":"https:\/\/www.facebook.com\/sgagora","article_published_time":"2023-12-07T18:23:08+00:00","article_modified_time":"2023-12-07T18:23:19+00:00","og_image":[{"width":600,"height":428,"url":"https:\/\/www.sgagora.com.br\/sg\/wp-content\/uploads\/2023\/12\/WhatsApp-Image-2023-12-07-at-09.24.30-e1701973210994.jpeg","type":"image\/jpeg"}],"author":"SG Agora","twitter_misc":{"Escrito por":"SG Agora","Est. tempo de leitura":"2 minutos"},"schema":{"@context":"https:\/\/schema.org","@graph":[{"@type":"WebPage","@id":"https:\/\/www.sgagora.com.br\/sg\/motorista-e-preso-com-cnh-vencida-apos-causar-acidente-na-br-354\/","url":"https:\/\/www.sgagora.com.br\/sg\/motorista-e-preso-com-cnh-vencida-apos-causar-acidente-na-br-354\/","name":"Motorista \u00e9 preso com CNH vencida ap\u00f3s causar acidente na BR 354","isPartOf":{"@id":"https:\/\/www.sgagora.com.br\/sg\/#website"},"datePublished":"2023-12-07T18:23:08+00:00","dateModified":"2023-12-07T18:23:19+00:00","author":{"@id":"https:\/\/www.sgagora.com.br\/sg\/#\/schema\/person\/2be62cfb47cee3e0b305e4f7a765ae41"},"description":"Na tarde do dia 06 de Dezembro a Policia Militar de Minas Gerais registrou mais um acidente de tr\u00e2nsito no km 329 da BR 354 em Rio Parana\u00edba","breadcrumb":{"@id":"https:\/\/www.sgagora.com.br\/sg\/motorista-e-preso-com-cnh-vencida-apos-causar-acidente-na-br-354\/#breadcrumb"},"inLanguage":"pt-BR","potentialAction":[{"@type":"ReadAction","target":["https:\/\/www.sgagora.com.br\/sg\/motorista-e-preso-com-cnh-vencida-apos-causar-acidente-na-br-354\/"]}]},{"@type":"BreadcrumbList","@id":"https:\/\/www.sgagora.com.br\/sg\/motorista-e-preso-com-cnh-vencida-apos-causar-acidente-na-br-354\/#breadcrumb","itemListElement":[{"@type":"ListItem","position":1,"name":"In\u00edcio","item":"https:\/\/www.sgagora.com.br\/sg\/"},{"@type":"ListItem","position":2,"name":"Motorista \u00e9 preso com CNH vencida ap\u00f3s causar acidente na BR 354"}]},{"@type":"WebSite","@id":"https:\/\/www.sgagora.com.br\/sg\/#website","url":"https:\/\/www.sgagora.com.br\/sg\/","name":"SGAgora","description":"Not\u00edcias de S\u00e3o Gotardo","potentialAction":[{"@type":"SearchAction","target":{"@type":"EntryPoint","urlTemplate":"https:\/\/www.sgagora.com.br\/sg\/?s={search_term_string}"},"query-input":"required name=search_term_string"}],"inLanguage":"pt-BR"},{"@type":"Person","@id":"https:\/\/www.sgagora.com.br\/sg\/#\/schema\/person\/2be62cfb47cee3e0b305e4f7a765ae41","name":"SG Agora","image":{"@type":"ImageObject","inLanguage":"pt-BR","@id":"https:\/\/www.sgagora.com.br\/sg\/#\/schema\/person\/image\/","url":"https:\/\/secure.gravatar.com\/avatar\/a0c612a9a8c3e7419d6fd4f92e749d8d?s=96&d=mm&r=g","contentUrl":"https:\/\/secure.gravatar.com\/avatar\/a0c612a9a8c3e7419d6fd4f92e749d8d?s=96&d=mm&r=g","caption":"SG Agora"},"url":"https:\/\/www.sgagora.com.br\/sg\/author\/admin\/"}]}},"_links":{"self":[{"href":"https:\/\/www.sgagora.com.br\/sg\/wp-json\/wp\/v2\/posts\/1000002080"}],"collection":[{"href":"https:\/\/www.sgagora.com.br\/sg\/wp-json\/wp\/v2\/posts"}],"about":[{"href":"https:\/\/www.sgagora.com.br\/sg\/wp-json\/wp\/v2\/types\/post"}],"author":[{"embeddable":true,"href":"https:\/\/www.sgagora.com.br\/sg\/wp-json\/wp\/v2\/users\/1"}],"replies":[{"embeddable":true,"href":"https:\/\/www.sgagora.com.br\/sg\/wp-json\/wp\/v2\/comments?post=1000002080"}],"version-history":[{"count":1,"href":"https:\/\/www.sgagora.com.br\/sg\/wp-json\/wp\/v2\/posts\/1000002080\/revisions"}],"predecessor-version":[{"id":1000002086,"href":"https:\/\/www.sgagora.com.br\/sg\/wp-json\/wp\/v2\/posts\/1000002080\/revisions\/1000002086"}],"wp:featuredmedia":[{"embeddable":true,"href":"https:\/\/www.sgagora.com.br\/sg\/wp-json\/wp\/v2\/media\/1000002083"}],"wp:attachment":[{"href":"https:\/\/www.sgagora.com.br\/sg\/wp-json\/wp\/v2\/media?parent=1000002080"}],"wp:term":[{"taxonomy":"category","embeddable":true,"href":"https:\/\/www.sgagora.com.br\/sg\/wp-json\/wp\/v2\/categories?post=1000002080"},{"taxonomy":"post_tag","embeddable":true,"href":"https:\/\/www.sgagora.com.br\/sg\/wp-json\/wp\/v2\/tags?post=1000002080"}],"curies":[{"name":"wp","href":"https:\/\/api.w.org\/{rel}","templated":true}]}}