{"id":1000002087,"date":"2023-12-08T11:18:19","date_gmt":"2023-12-08T14:18:19","guid":{"rendered":"https:\/\/www.sgagora.com.br\/sg\/?p=1000002087"},"modified":"2023-12-08T11:18:30","modified_gmt":"2023-12-08T14:18:30","slug":"reuniao-consep-tiros-apresentacao-do-novo-delegado","status":"publish","type":"post","link":"https:\/\/www.sgagora.com.br\/sg\/reuniao-consep-tiros-apresentacao-do-novo-delegado\/","title":{"rendered":"Reuni\u00e3o CONSEP Tiros: apresenta\u00e7\u00e3o do novo Delegado"},"content":{"rendered":"<p>Foi realizado na sede do 3\u00ba GP uma reuni\u00e3o com o CONSEP Tiros.<\/p>\n<p style=\"text-align: justify;\">A Reuni\u00e3o contou com a presen\u00e7a do comandante de Pelot\u00e3o 2\u00ba Tenente Andrade, comandante e militares integrantes do 3\u00ba GP, Sargento Bontempo, Sargento Sousa, Cabo S\u00e9rgio e Soldado Ribeiro, bem como presidente do CONSEP Tiros Fabr\u00edcio e v\u00e1rios membros atuais do CONSEP.<\/p>\n<p style=\"text-align: justify;\">A reuni\u00e3o teve como pauta reabertura da Delegacia de Pol\u00edcia Civil no munic\u00edpio e apresenta\u00e7\u00e3o do Delegado Dr. Renan, o qual atuar\u00e1 como delegado no munic\u00edpio juntamente com sua equipe composta por uma escriv\u00e3 e dois investigadores.<\/p>\n<p><span style=\"color: #ffffff;\">.<\/span><\/p>\n<h6 style=\"text-align: center;\"><img decoding=\"async\" loading=\"lazy\" class=\"aligncenter size-full wp-image-1000002089\" src=\"https:\/\/www.sgagora.com.br\/sg\/wp-content\/uploads\/2023\/12\/WhatsApp-Image-2023-12-07-at-16.49.43-1-e1702045003634.jpeg\" alt=\"\" width=\"600\" height=\"1065\" srcset=\"https:\/\/www.sgagora.com.br\/sg\/wp-content\/uploads\/2023\/12\/WhatsApp-Image-2023-12-07-at-16.49.43-1-e1702045003634.jpeg 600w, https:\/\/www.sgagora.com.br\/sg\/wp-content\/uploads\/2023\/12\/WhatsApp-Image-2023-12-07-at-16.49.43-1-e1702045003634-169x300.jpeg 169w, https:\/\/www.sgagora.com.br\/sg\/wp-content\/uploads\/2023\/12\/WhatsApp-Image-2023-12-07-at-16.49.43-1-e1702045003634-577x1024.jpeg 577w\" sizes=\"(max-width: 600px) 100vw, 600px\" \/>Foto:\u00a0Assessoria de Imprensa 10\u00aa Cia de Policiamento Rodovi\u00e1rio de Minas Gerais<\/h6>\n<p><span style=\"color: #ffffff;\">.<\/span><\/p>\n<p style=\"text-align: justify;\">A reabertura da Delegacia ocorre ap\u00f3s mais de cinco anos de descontinuidade da delegacia e \u00e9 vista como um enorme ganho para a popula\u00e7\u00e3o municipal. Na ocasi\u00e3o foram dadas as boas vindas ao Dr. Renan.<\/p>\n<p><span style=\"color: #ffffff;\">.<\/span><\/p>\n<p style=\"text-align: justify;\"><em><strong>Reportagem:<\/strong>\u00a0Lhorrayne Martins\/Portal SG AGORA \/\u00a0<strong>Fonte da Reportagem e Foto Capa:<\/strong>\u00a0Assessoria de Imprensa 10\u00aa Cia de Policiamento Rodovi\u00e1rio de Minas Gerais<\/em><\/p>\n<div class=\"addtoany_share_save_container addtoany_content addtoany_content_bottom\"><\/div>\n<div class=\"addtoany_share_save_container addtoany_content addtoany_content_bottom\"><\/div>\n<div class=\"addtoany_share_save_container addtoany_content addtoany_content_bottom\"><\/div>\n<div class=\"addtoany_share_save_container addtoany_content addtoany_content_bottom\"><\/div>\n<div class=\"addtoany_share_save_container addtoany_content addtoany_content_bottom\"><\/div>\n<div class=\"addtoany_share_save_container addtoany_content addtoany_content_bottom\"><\/div>\n<div class=\"addtoany_share_save_container addtoany_content addtoany_content_bottom\"><\/div>\n<div class=\"addtoany_share_save_container addtoany_content addtoany_content_bottom\"><\/div>\n","protected":false},"excerpt":{"rendered":"<p>Foi realizado na sede do 3\u00ba GP uma reuni\u00e3o com o CONSEP Tiros. A Reuni\u00e3o contou com a presen\u00e7a do comandante de Pelot\u00e3o 2\u00ba Tenente Andrade, comandante e militares integrantes do 3\u00ba GP, Sargento Bontempo, &#8230; <a class=\"readmore\" href=\"https:\/\/www.sgagora.com.br\/sg\/reuniao-consep-tiros-apresentacao-do-novo-delegado\/\">Leia Mais<\/a><\/p>\n","protected":false},"author":1,"featured_media":1000002090,"comment_status":"open","ping_status":"open","sticky":false,"template":"","format":"standard","meta":{"_bbp_topic_count":0,"_bbp_reply_count":0,"_bbp_total_topic_count":0,"_bbp_total_reply_count":0,"_bbp_voice_count":0,"_bbp_anonymous_reply_count":0,"_bbp_topic_count_hidden":0,"_bbp_reply_count_hidden":0,"_bbp_forum_subforum_count":0},"categories":[78,84,77,81],"tags":[659,120,132,133,138,194,131],"yoast_head":"<!-- This site is optimized with the Yoast SEO plugin v20.5 - https:\/\/yoast.com\/wordpress\/plugins\/seo\/ -->\n<title>Reuni\u00e3o CONSEP Tiros: apresenta\u00e7\u00e3o do novo Delegado<\/title>\n<meta name=\"description\" content=\"A reuni\u00e3o teve como pauta reabertura da Delegacia de Pol\u00edcia Civil no munic\u00edpio e apresenta\u00e7\u00e3o do Delegado Dr. Renan\" \/>\n<meta name=\"robots\" content=\"index, follow, max-snippet:-1, max-image-preview:large, max-video-preview:-1\" \/>\n<link rel=\"canonical\" href=\"https:\/\/www.sgagora.com.br\/sg\/reuniao-consep-tiros-apresentacao-do-novo-delegado\/\" \/>\n<meta property=\"og:locale\" content=\"pt_BR\" \/>\n<meta property=\"og:type\" content=\"article\" \/>\n<meta property=\"og:title\" content=\"Reuni\u00e3o CONSEP Tiros: apresenta\u00e7\u00e3o do novo Delegado\" \/>\n<meta property=\"og:description\" content=\"A reuni\u00e3o teve como pauta reabertura da Delegacia de Pol\u00edcia Civil no munic\u00edpio e apresenta\u00e7\u00e3o do Delegado Dr. Renan\" \/>\n<meta property=\"og:url\" content=\"https:\/\/www.sgagora.com.br\/sg\/reuniao-consep-tiros-apresentacao-do-novo-delegado\/\" \/>\n<meta property=\"og:site_name\" content=\"SGAgora\" \/>\n<meta property=\"article:publisher\" content=\"https:\/\/www.facebook.com\/sgagora\" \/>\n<meta property=\"article:published_time\" content=\"2023-12-08T14:18:19+00:00\" \/>\n<meta property=\"article:modified_time\" content=\"2023-12-08T14:18:30+00:00\" \/>\n<meta property=\"og:image\" content=\"https:\/\/www.sgagora.com.br\/sg\/wp-content\/uploads\/2023\/12\/WhatsApp-Image-2023-12-07-at-16.49.43-e1702044844421.jpeg\" \/>\n\t<meta property=\"og:image:width\" content=\"600\" \/>\n\t<meta property=\"og:image:height\" content=\"1065\" \/>\n\t<meta property=\"og:image:type\" content=\"image\/jpeg\" \/>\n<meta name=\"author\" content=\"SG Agora\" \/>\n<meta name=\"twitter:label1\" content=\"Escrito por\" \/>\n\t<meta name=\"twitter:data1\" content=\"SG Agora\" \/>\n\t<meta name=\"twitter:label2\" content=\"Est. tempo de leitura\" \/>\n\t<meta name=\"twitter:data2\" content=\"2 minutos\" \/>\n<script type=\"application\/ld+json\" class=\"yoast-schema-graph\">{\"@context\":\"https:\/\/schema.org\",\"@graph\":[{\"@type\":\"WebPage\",\"@id\":\"https:\/\/www.sgagora.com.br\/sg\/reuniao-consep-tiros-apresentacao-do-novo-delegado\/\",\"url\":\"https:\/\/www.sgagora.com.br\/sg\/reuniao-consep-tiros-apresentacao-do-novo-delegado\/\",\"name\":\"Reuni\u00e3o CONSEP Tiros: apresenta\u00e7\u00e3o do novo Delegado\",\"isPartOf\":{\"@id\":\"https:\/\/www.sgagora.com.br\/sg\/#website\"},\"datePublished\":\"2023-12-08T14:18:19+00:00\",\"dateModified\":\"2023-12-08T14:18:30+00:00\",\"author\":{\"@id\":\"https:\/\/www.sgagora.com.br\/sg\/#\/schema\/person\/2be62cfb47cee3e0b305e4f7a765ae41\"},\"description\":\"A reuni\u00e3o teve como pauta reabertura da Delegacia de Pol\u00edcia Civil no munic\u00edpio e apresenta\u00e7\u00e3o do Delegado Dr. Renan\",\"breadcrumb\":{\"@id\":\"https:\/\/www.sgagora.com.br\/sg\/reuniao-consep-tiros-apresentacao-do-novo-delegado\/#breadcrumb\"},\"inLanguage\":\"pt-BR\",\"potentialAction\":[{\"@type\":\"ReadAction\",\"target\":[\"https:\/\/www.sgagora.com.br\/sg\/reuniao-consep-tiros-apresentacao-do-novo-delegado\/\"]}]},{\"@type\":\"BreadcrumbList\",\"@id\":\"https:\/\/www.sgagora.com.br\/sg\/reuniao-consep-tiros-apresentacao-do-novo-delegado\/#breadcrumb\",\"itemListElement\":[{\"@type\":\"ListItem\",\"position\":1,\"name\":\"In\u00edcio\",\"item\":\"https:\/\/www.sgagora.com.br\/sg\/\"},{\"@type\":\"ListItem\",\"position\":2,\"name\":\"Reuni\u00e3o CONSEP Tiros: apresenta\u00e7\u00e3o do novo Delegado\"}]},{\"@type\":\"WebSite\",\"@id\":\"https:\/\/www.sgagora.com.br\/sg\/#website\",\"url\":\"https:\/\/www.sgagora.com.br\/sg\/\",\"name\":\"SGAgora\",\"description\":\"Not\u00edcias de S\u00e3o Gotardo\",\"potentialAction\":[{\"@type\":\"SearchAction\",\"target\":{\"@type\":\"EntryPoint\",\"urlTemplate\":\"https:\/\/www.sgagora.com.br\/sg\/?s={search_term_string}\"},\"query-input\":\"required name=search_term_string\"}],\"inLanguage\":\"pt-BR\"},{\"@type\":\"Person\",\"@id\":\"https:\/\/www.sgagora.com.br\/sg\/#\/schema\/person\/2be62cfb47cee3e0b305e4f7a765ae41\",\"name\":\"SG Agora\",\"image\":{\"@type\":\"ImageObject\",\"inLanguage\":\"pt-BR\",\"@id\":\"https:\/\/www.sgagora.com.br\/sg\/#\/schema\/person\/image\/\",\"url\":\"https:\/\/secure.gravatar.com\/avatar\/a0c612a9a8c3e7419d6fd4f92e749d8d?s=96&d=mm&r=g\",\"contentUrl\":\"https:\/\/secure.gravatar.com\/avatar\/a0c612a9a8c3e7419d6fd4f92e749d8d?s=96&d=mm&r=g\",\"caption\":\"SG Agora\"},\"url\":\"https:\/\/www.sgagora.com.br\/sg\/author\/admin\/\"}]}<\/script>\n<!-- \/ Yoast SEO plugin. -->","yoast_head_json":{"title":"Reuni\u00e3o CONSEP Tiros: apresenta\u00e7\u00e3o do novo Delegado","description":"A reuni\u00e3o teve como pauta reabertura da Delegacia de Pol\u00edcia Civil no munic\u00edpio e apresenta\u00e7\u00e3o do Delegado Dr. Renan","robots":{"index":"index","follow":"follow","max-snippet":"max-snippet:-1","max-image-preview":"max-image-preview:large","max-video-preview":"max-video-preview:-1"},"canonical":"https:\/\/www.sgagora.com.br\/sg\/reuniao-consep-tiros-apresentacao-do-novo-delegado\/","og_locale":"pt_BR","og_type":"article","og_title":"Reuni\u00e3o CONSEP Tiros: apresenta\u00e7\u00e3o do novo Delegado","og_description":"A reuni\u00e3o teve como pauta reabertura da Delegacia de Pol\u00edcia Civil no munic\u00edpio e apresenta\u00e7\u00e3o do Delegado Dr. Renan","og_url":"https:\/\/www.sgagora.com.br\/sg\/reuniao-consep-tiros-apresentacao-do-novo-delegado\/","og_site_name":"SGAgora","article_publisher":"https:\/\/www.facebook.com\/sgagora","article_published_time":"2023-12-08T14:18:19+00:00","article_modified_time":"2023-12-08T14:18:30+00:00","og_image":[{"width":600,"height":1065,"url":"https:\/\/www.sgagora.com.br\/sg\/wp-content\/uploads\/2023\/12\/WhatsApp-Image-2023-12-07-at-16.49.43-e1702044844421.jpeg","type":"image\/jpeg"}],"author":"SG Agora","twitter_misc":{"Escrito por":"SG Agora","Est. tempo de leitura":"2 minutos"},"schema":{"@context":"https:\/\/schema.org","@graph":[{"@type":"WebPage","@id":"https:\/\/www.sgagora.com.br\/sg\/reuniao-consep-tiros-apresentacao-do-novo-delegado\/","url":"https:\/\/www.sgagora.com.br\/sg\/reuniao-consep-tiros-apresentacao-do-novo-delegado\/","name":"Reuni\u00e3o CONSEP Tiros: apresenta\u00e7\u00e3o do novo Delegado","isPartOf":{"@id":"https:\/\/www.sgagora.com.br\/sg\/#website"},"datePublished":"2023-12-08T14:18:19+00:00","dateModified":"2023-12-08T14:18:30+00:00","author":{"@id":"https:\/\/www.sgagora.com.br\/sg\/#\/schema\/person\/2be62cfb47cee3e0b305e4f7a765ae41"},"description":"A reuni\u00e3o teve como pauta reabertura da Delegacia de Pol\u00edcia Civil no munic\u00edpio e apresenta\u00e7\u00e3o do Delegado Dr. Renan","breadcrumb":{"@id":"https:\/\/www.sgagora.com.br\/sg\/reuniao-consep-tiros-apresentacao-do-novo-delegado\/#breadcrumb"},"inLanguage":"pt-BR","potentialAction":[{"@type":"ReadAction","target":["https:\/\/www.sgagora.com.br\/sg\/reuniao-consep-tiros-apresentacao-do-novo-delegado\/"]}]},{"@type":"BreadcrumbList","@id":"https:\/\/www.sgagora.com.br\/sg\/reuniao-consep-tiros-apresentacao-do-novo-delegado\/#breadcrumb","itemListElement":[{"@type":"ListItem","position":1,"name":"In\u00edcio","item":"https:\/\/www.sgagora.com.br\/sg\/"},{"@type":"ListItem","position":2,"name":"Reuni\u00e3o CONSEP Tiros: apresenta\u00e7\u00e3o do novo Delegado"}]},{"@type":"WebSite","@id":"https:\/\/www.sgagora.com.br\/sg\/#website","url":"https:\/\/www.sgagora.com.br\/sg\/","name":"SGAgora","description":"Not\u00edcias de S\u00e3o Gotardo","potentialAction":[{"@type":"SearchAction","target":{"@type":"EntryPoint","urlTemplate":"https:\/\/www.sgagora.com.br\/sg\/?s={search_term_string}"},"query-input":"required name=search_term_string"}],"inLanguage":"pt-BR"},{"@type":"Person","@id":"https:\/\/www.sgagora.com.br\/sg\/#\/schema\/person\/2be62cfb47cee3e0b305e4f7a765ae41","name":"SG Agora","image":{"@type":"ImageObject","inLanguage":"pt-BR","@id":"https:\/\/www.sgagora.com.br\/sg\/#\/schema\/person\/image\/","url":"https:\/\/secure.gravatar.com\/avatar\/a0c612a9a8c3e7419d6fd4f92e749d8d?s=96&d=mm&r=g","contentUrl":"https:\/\/secure.gravatar.com\/avatar\/a0c612a9a8c3e7419d6fd4f92e749d8d?s=96&d=mm&r=g","caption":"SG Agora"},"url":"https:\/\/www.sgagora.com.br\/sg\/author\/admin\/"}]}},"_links":{"self":[{"href":"https:\/\/www.sgagora.com.br\/sg\/wp-json\/wp\/v2\/posts\/1000002087"}],"collection":[{"href":"https:\/\/www.sgagora.com.br\/sg\/wp-json\/wp\/v2\/posts"}],"about":[{"href":"https:\/\/www.sgagora.com.br\/sg\/wp-json\/wp\/v2\/types\/post"}],"author":[{"embeddable":true,"href":"https:\/\/www.sgagora.com.br\/sg\/wp-json\/wp\/v2\/users\/1"}],"replies":[{"embeddable":true,"href":"https:\/\/www.sgagora.com.br\/sg\/wp-json\/wp\/v2\/comments?post=1000002087"}],"version-history":[{"count":1,"href":"https:\/\/www.sgagora.com.br\/sg\/wp-json\/wp\/v2\/posts\/1000002087\/revisions"}],"predecessor-version":[{"id":1000002091,"href":"https:\/\/www.sgagora.com.br\/sg\/wp-json\/wp\/v2\/posts\/1000002087\/revisions\/1000002091"}],"wp:featuredmedia":[{"embeddable":true,"href":"https:\/\/www.sgagora.com.br\/sg\/wp-json\/wp\/v2\/media\/1000002090"}],"wp:attachment":[{"href":"https:\/\/www.sgagora.com.br\/sg\/wp-json\/wp\/v2\/media?parent=1000002087"}],"wp:term":[{"taxonomy":"category","embeddable":true,"href":"https:\/\/www.sgagora.com.br\/sg\/wp-json\/wp\/v2\/categories?post=1000002087"},{"taxonomy":"post_tag","embeddable":true,"href":"https:\/\/www.sgagora.com.br\/sg\/wp-json\/wp\/v2\/tags?post=1000002087"}],"curies":[{"name":"wp","href":"https:\/\/api.w.org\/{rel}","templated":true}]}}