{"id":1000002345,"date":"2023-12-19T14:49:30","date_gmt":"2023-12-19T17:49:30","guid":{"rendered":"https:\/\/www.sgagora.com.br\/sg\/?p=1000002345"},"modified":"2023-12-19T14:49:41","modified_gmt":"2023-12-19T17:49:41","slug":"goleira-brasileira-indicada-a-melhor-do-mundo-morre-na-espanha","status":"publish","type":"post","link":"https:\/\/www.sgagora.com.br\/sg\/goleira-brasileira-indicada-a-melhor-do-mundo-morre-na-espanha\/","title":{"rendered":"Goleira brasileira indicada a melhor do mundo morre na Espanha"},"content":{"rendered":"<p style=\"text-align: justify;\">Jhennifer Oliveira, goleira de futsal, faleceu nessa sexta-feira (15). Em fevereiro, a brasileira de apenas 26 anos foi diagnosticada com um tumor no c\u00e9rebro e interrompeu a carreira para realizar o tratamento.<\/p>\n<p style=\"text-align: justify;\">Desde 2020, a atleta defendia o Rodiles, da Espanha. Pelo Instagram, o clube lamentou a morte da jogadora e confirmou o cancelamento das partidas que seriam disputadas neste fim de semana.<\/p>\n<p style=\"text-align: justify;\">\u201cHoje \u00e9 um dia triste para a fam\u00edlia Rodiles FS e para o futsal. Infelizmente temos que informar que ap\u00f3s um ano de luta, Jhennifer Oliveira falece. Nossa jogadora, goleira, companheira, amiga, fam\u00edlia e agora nossa luz. Chegou ao nosso clube em 2020, com um futuro promissor. Trabalhadora, lutadora, companheira e de uma felicidade contagiante. N\u00f3s te amamos e sentiremos muito sua falta. Sua mem\u00f3ria estar\u00e1 sempre viva entre n\u00f3s. Todas as partidas que o clube iria disputar neste fim de semana est\u00e3o suspensas\u201d, escreveu o clube.<\/p>\n<p style=\"text-align: justify;\">Nascida em Ponta Grossa, no Paran\u00e1, Jhennifer foi indicada ao pr\u00eamio de melhor jogadora de futsal do mundo em 2018 e ficou em quarto lugar. No Brasil, teve passagens nas categorias de base e no time profissional do S\u00e3o Jos\u00e9 Futsal. Em 2019, foi campe\u00e3 sul-americana com a Sele\u00e7\u00e3o Brasileira sub-20.<\/p>\n<p><span style=\"color: #ffffff;\">.<\/span><\/p>\n<div class=\"mc-article-body\">\n<article>\n<div id=\"chunk-dki4m\">\n<div class=\"row medium-uncollapsed content-media content-photo\" data-block-type=\"backstage-photo\" data-block-id=\"2\">\n<div class=\" mc-column  content-media__container\">\n<div class=\"content-media-container glb-skeleton-box\">\n<div id=\"chunk-2b4pj\">\n<div class=\"mc-column content-text active-extra-styles \" data-block-type=\"unstyled\" data-block-weight=\"32\" data-block-id=\"23\">\n<div id=\"chunk-37fn6\">\n<div class=\"mc-column content-text active-extra-styles \" data-block-type=\"unstyled\" data-block-weight=\"45\" data-block-id=\"25\">\n<div id=\"chunk-37fn6\">\n<div class=\"mc-column content-text active-extra-styles \" data-block-type=\"unstyled\" data-block-weight=\"45\" data-block-id=\"25\">\n<div id=\"chunk-8rrbh\">\n<div class=\"mc-column content-text active-extra-styles \" data-block-type=\"unstyled\" data-block-weight=\"5\" data-block-id=\"27\">\n<div id=\"chunk-2to03\">\n<div class=\"mc-column content-text active-extra-styles \" data-block-type=\"unstyled\" data-block-weight=\"32\" data-block-id=\"30\">\n<div id=\"chunk-b2imm\">\n<div class=\"mc-column content-text active-extra-styles \" data-block-type=\"unstyled\" data-block-weight=\"8\" data-block-id=\"36\">\n<div class=\"wall protected-content\">\n<div id=\"chunk-b8ll0\">\n<div class=\"mc-column content-text active-extra-styles \" data-block-type=\"unstyled\" data-block-weight=\"38\" data-block-id=\"6\">\n<div id=\"chunk-fo03h\">\n<div data-block-type=\"unstyled\" data-block-weight=\"52\" data-block-id=\"13\">\n<div id=\"chunk-fkfe4\">\n<div data-block-type=\"unstyled\" data-block-weight=\"21\" data-block-id=\"22\">\n<div>\n<div id=\"chunk-96ui6\">\n<div data-block-type=\"unstyled\" data-block-weight=\"45\" data-block-id=\"4\">\n<div id=\"ads-banner-2\" class=\"ad__area\">\n<div id=\"mid3\" data-google-query-id=\"CPaTjvni5oIDFTGklQId4MkLDg\">\n<div id=\"google_ads_iframe_\/21920083859\/artigos_saude_2023_3__container__\">\n<div class=\"bbc-19j92fr ebmt73l0\" dir=\"ltr\">\n<div class=\"bbc-19j92fr ebmt73l0\" dir=\"ltr\">\n<div class=\"bbc-19j92fr ebmt73l0\" dir=\"ltr\">\n<div class=\"bbc-19j92fr ebmt73l0\" dir=\"ltr\">\n<div class=\"wall protected-content\">\n<div id=\"chunk-ap1a7\">\n<div data-block-type=\"unstyled\" data-block-weight=\"27\" data-block-id=\"5\">\n<div class=\"wall protected-content\">\n<div id=\"chunk-1rvdc\">\n<div class=\"mc-column content-text active-extra-styles \" data-block-type=\"unstyled\" data-block-weight=\"39\" data-block-id=\"5\">\n<div id=\"chunk-6spst\">\n<div data-block-type=\"unstyled\" data-block-weight=\"38\" data-block-id=\"9\">\n<div id=\"chunk-2ff65\">\n<div class=\"mc-column content-text active-extra-styles \" data-block-type=\"unstyled\" data-block-weight=\"37\" data-block-id=\"13\">\n<div class=\"wall protected-content\">\n<div id=\"chunk-8331f\">\n<div data-block-type=\"unstyled\" data-block-weight=\"49\" data-block-id=\"4\">\n<div id=\"chunk-9p2he\">\n<div class=\"mc-column content-text active-extra-styles \" data-block-type=\"unstyled\" data-block-weight=\"11\" data-block-id=\"17\">\n<div id=\"chunk-fr0c5\">\n<div data-block-type=\"unstyled\" data-block-weight=\"17\" data-block-id=\"7\">\n<div id=\"chunk-2nnnr\">\n<div class=\"mc-column content-text active-extra-styles \" data-block-type=\"unstyled\" data-block-weight=\"26\" data-block-id=\"14\">\n<div>\n<div id=\"chunk-2h3e8\">\n<div data-block-type=\"unstyled\" data-block-weight=\"45\" data-block-id=\"4\">\n<div id=\"chunk-30i7r\">\n<div class=\"mc-column content-text active-extra-styles\" data-block-type=\"raw\" data-block-weight=\"11\" data-block-id=\"9\">\n<div class=\"content-intertitle\">\n<div id=\"chunk-a9tva\">\n<div class=\"mc-column content-text active-extra-styles \" data-block-type=\"unstyled\" data-block-weight=\"43\" data-block-id=\"11\">\n<div id=\"chunk-5qgli\">\n<div class=\"mc-column content-text active-extra-styles\" data-block-type=\"raw\" data-block-weight=\"106\" data-block-id=\"13\">\n<div id=\"chunk-7sfb\">\n<div class=\"mc-column content-text active-extra-styles\" data-block-type=\"raw\" data-block-weight=\"29\" data-block-id=\"20\">\n<div id=\"chunk-9rrnd\">\n<div class=\"mc-column content-text active-extra-styles \" data-block-type=\"unstyled\" data-block-weight=\"49\" data-block-id=\"28\">\n<p><em><strong>Reportagem:\u00a0<\/strong>Lhorrayne Martins\/ Portal SG AGORA<b>\u00a0\/\u00a0<\/b><strong>Fonte da Reportagem<\/strong><strong>\u00a0e Foto Capa:\u00a0<\/strong>CNN<\/em><\/p>\n<\/div>\n<\/div>\n<\/div>\n<\/div>\n<\/div>\n<\/div>\n<\/div>\n<\/div>\n<\/div>\n<\/div>\n<\/div>\n<\/div>\n<\/div>\n<\/div>\n<\/div>\n<\/div>\n<\/div>\n<\/div>\n<\/div>\n<\/div>\n<\/div>\n<\/div>\n<\/div>\n<\/div>\n<\/div>\n<\/div>\n<\/div>\n<\/div>\n<\/div>\n<\/div>\n<\/div>\n<\/div>\n<\/div>\n<\/div>\n<\/div>\n<\/div>\n<\/div>\n<\/div>\n<\/div>\n<\/div>\n<\/div>\n<\/div>\n<\/div>\n<\/div>\n<\/div>\n<\/div>\n<\/div>\n<\/div>\n<\/div>\n<\/div>\n<\/div>\n<\/div>\n<\/div>\n<\/div>\n<\/div>\n<\/div>\n<\/div>\n<\/div>\n<\/div>\n<\/div>\n<\/div>\n<\/div>\n<\/div>\n<\/div>\n<\/div>\n<\/div>\n<\/article>\n<\/div>\n","protected":false},"excerpt":{"rendered":"<p>Jhennifer Oliveira, goleira de futsal, faleceu nessa sexta-feira (15). Em fevereiro, a brasileira de apenas 26 anos foi diagnosticada com um tumor no c\u00e9rebro e interrompeu a carreira para realizar o tratamento. Desde 2020, a &#8230; <a class=\"readmore\" href=\"https:\/\/www.sgagora.com.br\/sg\/goleira-brasileira-indicada-a-melhor-do-mundo-morre-na-espanha\/\">Leia Mais<\/a><\/p>\n","protected":false},"author":1,"featured_media":1000002347,"comment_status":"open","ping_status":"open","sticky":false,"template":"","format":"standard","meta":{"_bbp_topic_count":0,"_bbp_reply_count":0,"_bbp_total_topic_count":0,"_bbp_total_reply_count":0,"_bbp_voice_count":0,"_bbp_anonymous_reply_count":0,"_bbp_topic_count_hidden":0,"_bbp_reply_count_hidden":0,"_bbp_forum_subforum_count":0},"categories":[78,84,77,81],"tags":[659,120,194,131],"yoast_head":"<!-- This site is optimized with the Yoast SEO plugin v20.5 - https:\/\/yoast.com\/wordpress\/plugins\/seo\/ -->\n<title>Goleira brasileira indicada a melhor do mundo morre na Espanha<\/title>\n<meta name=\"description\" content=\"Em fevereiro, a brasileira de apenas 26 anos foi diagnosticada com um tumor no c\u00e9rebro e interrompeu a carreira para realizar o tratamento.\" \/>\n<meta name=\"robots\" content=\"index, follow, max-snippet:-1, max-image-preview:large, max-video-preview:-1\" \/>\n<link rel=\"canonical\" href=\"https:\/\/www.sgagora.com.br\/sg\/goleira-brasileira-indicada-a-melhor-do-mundo-morre-na-espanha\/\" \/>\n<meta property=\"og:locale\" content=\"pt_BR\" \/>\n<meta property=\"og:type\" content=\"article\" \/>\n<meta property=\"og:title\" content=\"Goleira brasileira indicada a melhor do mundo morre na Espanha\" \/>\n<meta property=\"og:description\" content=\"Em fevereiro, a brasileira de apenas 26 anos foi diagnosticada com um tumor no c\u00e9rebro e interrompeu a carreira para realizar o tratamento.\" \/>\n<meta property=\"og:url\" content=\"https:\/\/www.sgagora.com.br\/sg\/goleira-brasileira-indicada-a-melhor-do-mundo-morre-na-espanha\/\" \/>\n<meta property=\"og:site_name\" content=\"SGAgora\" \/>\n<meta property=\"article:publisher\" content=\"https:\/\/www.facebook.com\/sgagora\" \/>\n<meta property=\"article:published_time\" content=\"2023-12-19T17:49:30+00:00\" \/>\n<meta property=\"article:modified_time\" content=\"2023-12-19T17:49:41+00:00\" \/>\n<meta property=\"og:image\" content=\"https:\/\/www.sgagora.com.br\/sg\/wp-content\/uploads\/2023\/12\/goleira-e1703008104113.webp\" \/>\n\t<meta property=\"og:image:width\" content=\"600\" \/>\n\t<meta property=\"og:image:height\" content=\"338\" \/>\n\t<meta property=\"og:image:type\" content=\"image\/webp\" \/>\n<meta name=\"author\" content=\"SG Agora\" \/>\n<meta name=\"twitter:label1\" content=\"Escrito por\" \/>\n\t<meta name=\"twitter:data1\" content=\"SG Agora\" \/>\n\t<meta name=\"twitter:label2\" content=\"Est. tempo de leitura\" \/>\n\t<meta name=\"twitter:data2\" content=\"2 minutos\" \/>\n<script type=\"application\/ld+json\" class=\"yoast-schema-graph\">{\"@context\":\"https:\/\/schema.org\",\"@graph\":[{\"@type\":\"WebPage\",\"@id\":\"https:\/\/www.sgagora.com.br\/sg\/goleira-brasileira-indicada-a-melhor-do-mundo-morre-na-espanha\/\",\"url\":\"https:\/\/www.sgagora.com.br\/sg\/goleira-brasileira-indicada-a-melhor-do-mundo-morre-na-espanha\/\",\"name\":\"Goleira brasileira indicada a melhor do mundo morre na Espanha\",\"isPartOf\":{\"@id\":\"https:\/\/www.sgagora.com.br\/sg\/#website\"},\"datePublished\":\"2023-12-19T17:49:30+00:00\",\"dateModified\":\"2023-12-19T17:49:41+00:00\",\"author\":{\"@id\":\"https:\/\/www.sgagora.com.br\/sg\/#\/schema\/person\/2be62cfb47cee3e0b305e4f7a765ae41\"},\"description\":\"Em fevereiro, a brasileira de apenas 26 anos foi diagnosticada com um tumor no c\u00e9rebro e interrompeu a carreira para realizar o tratamento.\",\"breadcrumb\":{\"@id\":\"https:\/\/www.sgagora.com.br\/sg\/goleira-brasileira-indicada-a-melhor-do-mundo-morre-na-espanha\/#breadcrumb\"},\"inLanguage\":\"pt-BR\",\"potentialAction\":[{\"@type\":\"ReadAction\",\"target\":[\"https:\/\/www.sgagora.com.br\/sg\/goleira-brasileira-indicada-a-melhor-do-mundo-morre-na-espanha\/\"]}]},{\"@type\":\"BreadcrumbList\",\"@id\":\"https:\/\/www.sgagora.com.br\/sg\/goleira-brasileira-indicada-a-melhor-do-mundo-morre-na-espanha\/#breadcrumb\",\"itemListElement\":[{\"@type\":\"ListItem\",\"position\":1,\"name\":\"In\u00edcio\",\"item\":\"https:\/\/www.sgagora.com.br\/sg\/\"},{\"@type\":\"ListItem\",\"position\":2,\"name\":\"Goleira brasileira indicada a melhor do mundo morre na Espanha\"}]},{\"@type\":\"WebSite\",\"@id\":\"https:\/\/www.sgagora.com.br\/sg\/#website\",\"url\":\"https:\/\/www.sgagora.com.br\/sg\/\",\"name\":\"SGAgora\",\"description\":\"Not\u00edcias de S\u00e3o Gotardo\",\"potentialAction\":[{\"@type\":\"SearchAction\",\"target\":{\"@type\":\"EntryPoint\",\"urlTemplate\":\"https:\/\/www.sgagora.com.br\/sg\/?s={search_term_string}\"},\"query-input\":\"required name=search_term_string\"}],\"inLanguage\":\"pt-BR\"},{\"@type\":\"Person\",\"@id\":\"https:\/\/www.sgagora.com.br\/sg\/#\/schema\/person\/2be62cfb47cee3e0b305e4f7a765ae41\",\"name\":\"SG Agora\",\"image\":{\"@type\":\"ImageObject\",\"inLanguage\":\"pt-BR\",\"@id\":\"https:\/\/www.sgagora.com.br\/sg\/#\/schema\/person\/image\/\",\"url\":\"https:\/\/secure.gravatar.com\/avatar\/a0c612a9a8c3e7419d6fd4f92e749d8d?s=96&d=mm&r=g\",\"contentUrl\":\"https:\/\/secure.gravatar.com\/avatar\/a0c612a9a8c3e7419d6fd4f92e749d8d?s=96&d=mm&r=g\",\"caption\":\"SG Agora\"},\"url\":\"https:\/\/www.sgagora.com.br\/sg\/author\/admin\/\"}]}<\/script>\n<!-- \/ Yoast SEO plugin. -->","yoast_head_json":{"title":"Goleira brasileira indicada a melhor do mundo morre na Espanha","description":"Em fevereiro, a brasileira de apenas 26 anos foi diagnosticada com um tumor no c\u00e9rebro e interrompeu a carreira para realizar o tratamento.","robots":{"index":"index","follow":"follow","max-snippet":"max-snippet:-1","max-image-preview":"max-image-preview:large","max-video-preview":"max-video-preview:-1"},"canonical":"https:\/\/www.sgagora.com.br\/sg\/goleira-brasileira-indicada-a-melhor-do-mundo-morre-na-espanha\/","og_locale":"pt_BR","og_type":"article","og_title":"Goleira brasileira indicada a melhor do mundo morre na Espanha","og_description":"Em fevereiro, a brasileira de apenas 26 anos foi diagnosticada com um tumor no c\u00e9rebro e interrompeu a carreira para realizar o tratamento.","og_url":"https:\/\/www.sgagora.com.br\/sg\/goleira-brasileira-indicada-a-melhor-do-mundo-morre-na-espanha\/","og_site_name":"SGAgora","article_publisher":"https:\/\/www.facebook.com\/sgagora","article_published_time":"2023-12-19T17:49:30+00:00","article_modified_time":"2023-12-19T17:49:41+00:00","og_image":[{"width":600,"height":338,"url":"https:\/\/www.sgagora.com.br\/sg\/wp-content\/uploads\/2023\/12\/goleira-e1703008104113.webp","type":"image\/webp"}],"author":"SG Agora","twitter_misc":{"Escrito por":"SG Agora","Est. tempo de leitura":"2 minutos"},"schema":{"@context":"https:\/\/schema.org","@graph":[{"@type":"WebPage","@id":"https:\/\/www.sgagora.com.br\/sg\/goleira-brasileira-indicada-a-melhor-do-mundo-morre-na-espanha\/","url":"https:\/\/www.sgagora.com.br\/sg\/goleira-brasileira-indicada-a-melhor-do-mundo-morre-na-espanha\/","name":"Goleira brasileira indicada a melhor do mundo morre na Espanha","isPartOf":{"@id":"https:\/\/www.sgagora.com.br\/sg\/#website"},"datePublished":"2023-12-19T17:49:30+00:00","dateModified":"2023-12-19T17:49:41+00:00","author":{"@id":"https:\/\/www.sgagora.com.br\/sg\/#\/schema\/person\/2be62cfb47cee3e0b305e4f7a765ae41"},"description":"Em fevereiro, a brasileira de apenas 26 anos foi diagnosticada com um tumor no c\u00e9rebro e interrompeu a carreira para realizar o tratamento.","breadcrumb":{"@id":"https:\/\/www.sgagora.com.br\/sg\/goleira-brasileira-indicada-a-melhor-do-mundo-morre-na-espanha\/#breadcrumb"},"inLanguage":"pt-BR","potentialAction":[{"@type":"ReadAction","target":["https:\/\/www.sgagora.com.br\/sg\/goleira-brasileira-indicada-a-melhor-do-mundo-morre-na-espanha\/"]}]},{"@type":"BreadcrumbList","@id":"https:\/\/www.sgagora.com.br\/sg\/goleira-brasileira-indicada-a-melhor-do-mundo-morre-na-espanha\/#breadcrumb","itemListElement":[{"@type":"ListItem","position":1,"name":"In\u00edcio","item":"https:\/\/www.sgagora.com.br\/sg\/"},{"@type":"ListItem","position":2,"name":"Goleira brasileira indicada a melhor do mundo morre na Espanha"}]},{"@type":"WebSite","@id":"https:\/\/www.sgagora.com.br\/sg\/#website","url":"https:\/\/www.sgagora.com.br\/sg\/","name":"SGAgora","description":"Not\u00edcias de S\u00e3o Gotardo","potentialAction":[{"@type":"SearchAction","target":{"@type":"EntryPoint","urlTemplate":"https:\/\/www.sgagora.com.br\/sg\/?s={search_term_string}"},"query-input":"required name=search_term_string"}],"inLanguage":"pt-BR"},{"@type":"Person","@id":"https:\/\/www.sgagora.com.br\/sg\/#\/schema\/person\/2be62cfb47cee3e0b305e4f7a765ae41","name":"SG Agora","image":{"@type":"ImageObject","inLanguage":"pt-BR","@id":"https:\/\/www.sgagora.com.br\/sg\/#\/schema\/person\/image\/","url":"https:\/\/secure.gravatar.com\/avatar\/a0c612a9a8c3e7419d6fd4f92e749d8d?s=96&d=mm&r=g","contentUrl":"https:\/\/secure.gravatar.com\/avatar\/a0c612a9a8c3e7419d6fd4f92e749d8d?s=96&d=mm&r=g","caption":"SG Agora"},"url":"https:\/\/www.sgagora.com.br\/sg\/author\/admin\/"}]}},"_links":{"self":[{"href":"https:\/\/www.sgagora.com.br\/sg\/wp-json\/wp\/v2\/posts\/1000002345"}],"collection":[{"href":"https:\/\/www.sgagora.com.br\/sg\/wp-json\/wp\/v2\/posts"}],"about":[{"href":"https:\/\/www.sgagora.com.br\/sg\/wp-json\/wp\/v2\/types\/post"}],"author":[{"embeddable":true,"href":"https:\/\/www.sgagora.com.br\/sg\/wp-json\/wp\/v2\/users\/1"}],"replies":[{"embeddable":true,"href":"https:\/\/www.sgagora.com.br\/sg\/wp-json\/wp\/v2\/comments?post=1000002345"}],"version-history":[{"count":1,"href":"https:\/\/www.sgagora.com.br\/sg\/wp-json\/wp\/v2\/posts\/1000002345\/revisions"}],"predecessor-version":[{"id":1000002348,"href":"https:\/\/www.sgagora.com.br\/sg\/wp-json\/wp\/v2\/posts\/1000002345\/revisions\/1000002348"}],"wp:featuredmedia":[{"embeddable":true,"href":"https:\/\/www.sgagora.com.br\/sg\/wp-json\/wp\/v2\/media\/1000002347"}],"wp:attachment":[{"href":"https:\/\/www.sgagora.com.br\/sg\/wp-json\/wp\/v2\/media?parent=1000002345"}],"wp:term":[{"taxonomy":"category","embeddable":true,"href":"https:\/\/www.sgagora.com.br\/sg\/wp-json\/wp\/v2\/categories?post=1000002345"},{"taxonomy":"post_tag","embeddable":true,"href":"https:\/\/www.sgagora.com.br\/sg\/wp-json\/wp\/v2\/tags?post=1000002345"}],"curies":[{"name":"wp","href":"https:\/\/api.w.org\/{rel}","templated":true}]}}