{"id":1000002380,"date":"2023-12-22T15:56:07","date_gmt":"2023-12-22T18:56:07","guid":{"rendered":"https:\/\/www.sgagora.com.br\/sg\/?p=1000002380"},"modified":"2024-01-03T15:37:38","modified_gmt":"2024-01-03T18:37:38","slug":"audiencia-publica-saiba-mais-sobre-a-chegada-da-escola-civico-militar-em-nossa-cidade","status":"publish","type":"post","link":"https:\/\/www.sgagora.com.br\/sg\/audiencia-publica-saiba-mais-sobre-a-chegada-da-escola-civico-militar-em-nossa-cidade\/","title":{"rendered":"Audi\u00eancia P\u00fablica: saiba mais sobre a chegada da Escola C\u00edvico Militar em nossa cidade"},"content":{"rendered":"<p style=\"text-align: center;\"><span style=\"color: #ff0000;\"><strong>CONTINUA AP\u00d3S A PUBLICIDADE<\/strong><\/span><img decoding=\"async\" loading=\"lazy\" class=\"aligncenter wp-image-1000001965 size-full\" src=\"https:\/\/www.sgagora.com.br\/sg\/wp-content\/uploads\/2023\/11\/GIF-KAVACOS-LANCHES.gif\" alt=\"\" width=\"260\" height=\"260\" \/><\/p>\n<p><img decoding=\"async\" loading=\"lazy\" class=\"aligncenter wp-image-1000002907 size-full\" src=\"https:\/\/www.sgagora.com.br\/sg\/wp-content\/uploads\/2024\/01\/Design-sem-nome-5.gif\" alt=\"\" width=\"260\" height=\"260\" \/><\/p>\n<p style=\"text-align: justify;\">Na \u00faltima segunda-feira, 18 de Dezembro de 2023, foi promovido em S\u00e3o Gotardo uma Audi\u00eancia P\u00fablica, para saber a opini\u00e3o da popula\u00e7\u00e3o S\u00e3o-Gotardense, sobre a chegada da Escola C\u00edvico Militar em nossa cidade.<\/p>\n<p style=\"text-align: justify;\">A reuni\u00e3o contou com diversas autoridades, entre elas, a Vereadora Denise Alves, iniciadora do Projeto, Tenente Cl\u00e1udio Souza, Sargento do ex\u00e9rcito de Bras\u00edlia Alex Trindade, representantes da Escola C\u00edvico Militar no Brasil, demais vereadores, membros da Pol\u00edcia Militar e pula\u00e7\u00e3o de S\u00e3o Gotardo.<\/p>\n<p style=\"text-align: justify;\">Ap\u00f3s a apresenta\u00e7\u00e3o do Projeto, com unanimidade, todos os presentes na Audi\u00eancia P\u00fablica votaram a favor da continuidade do Projeto e instala\u00e7\u00f5es da Escola.<\/p>\n<p style=\"text-align: center;\"><span style=\"color: #ff0000;\"><strong>CONTINUA AP\u00d3S A PUBLICIDADE<\/strong><\/span><img decoding=\"async\" loading=\"lazy\" class=\"aligncenter wp-image-1000001976 size-full\" src=\"https:\/\/www.sgagora.com.br\/sg\/wp-content\/uploads\/2019\/12\/GIF-PRONTO-ODONTO-COMPANY.gif\" alt=\"\" width=\"600\" height=\"260\" \/><\/p>\n<p style=\"text-align: justify;\">Em entrevista a Web R\u00e1dio Guarda dos Ferreiros, a vereadora disse antes da Audi\u00eancia que P\u00fablica, que, se aprovado o Projeto ser\u00e1 entregue para a Prefeita Municipal de S\u00e3o Gotardo, Denise Abadia Oliveira, principal respons\u00e1vel para que o Projeto saia do papel.<\/p>\n<p style=\"text-align: justify;\">A chegada da Escola C\u00edvico Militar em S\u00e3o Gotardo gerou bastante coment\u00e1rios nos \u00faltimos dias nas redes sociais. Algumas pessoas foram contra a chegada da Escola, mas a grande maioria repercutiu de maneira positiva.<\/p>\n<p style=\"text-align: justify;\">A escola c\u00edvico militar \u00e9 um modelo desenvolvido para promover a melhoria na qualidade da educa\u00e7\u00e3o b\u00e1sica do pa\u00eds, atrav\u00e9s de um modelo onde a disciplina \u00e9 extremamente exigida, visando extrair o melhor de cada aluno.<\/p>\n<p style=\"text-align: center;\"><strong><span style=\"color: #ff0000;\">CONTINUA AP\u00d3S A PUBLICIDADE<\/span><\/strong><img decoding=\"async\" loading=\"lazy\" class=\"aligncenter wp-image-1000000180 size-full\" src=\"https:\/\/www.sgagora.com.br\/sg\/wp-content\/uploads\/2023\/04\/Anuncie-aqui.gif\" alt=\"\" width=\"260\" height=\"260\" \/><\/p>\n<p><img decoding=\"async\" loading=\"lazy\" class=\"aligncenter wp-image-1000000180 size-full\" src=\"https:\/\/www.sgagora.com.br\/sg\/wp-content\/uploads\/2023\/04\/Anuncie-aqui.gif\" alt=\"\" width=\"260\" height=\"260\" \/><\/p>\n<p><span style=\"color: #ffffff;\">.<\/span><\/p>\n<div class=\"wall protected-content\">\n<div id=\"chunk-96dc2\">\n<div class=\"mc-column content-text active-extra-styles \" data-block-type=\"unstyled\" data-block-weight=\"52\" data-block-id=\"6\">\n<div id=\"chunk-1ef5i\">\n<div class=\"mc-column content-text active-extra-styles \" data-block-type=\"unstyled\" data-block-weight=\"17\" data-block-id=\"11\">\n<div id=\"chunk-30smt\">\n<div class=\"mc-column content-text active-extra-styles\" data-block-type=\"raw\" data-block-weight=\"6\" data-block-id=\"12\">\n<div id=\"chunk-53jto\">\n<div class=\"wall protected-content\">\n<div id=\"chunk-4dkmu\">\n<div class=\"mc-column content-text active-extra-styles \" data-block-type=\"unstyled\" data-block-weight=\"25\" data-block-id=\"4\">\n<div id=\"chunk-fo6kn\">\n<div data-block-type=\"unstyled\" data-block-weight=\"39\" data-block-id=\"9\">\n<div class=\"wall protected-content\">\n<div id=\"chunk-8331f\">\n<div data-block-type=\"unstyled\" data-block-weight=\"49\" data-block-id=\"4\">\n<div id=\"chunk-9p2he\">\n<div class=\"mc-column content-text active-extra-styles \" data-block-type=\"unstyled\" data-block-weight=\"11\" data-block-id=\"17\">\n<div id=\"chunk-fr0c5\">\n<div data-block-type=\"unstyled\" data-block-weight=\"17\" data-block-id=\"7\">\n<div id=\"chunk-2nnnr\">\n<div class=\"mc-column content-text active-extra-styles \" data-block-type=\"unstyled\" data-block-weight=\"26\" data-block-id=\"14\">\n<div id=\"chunk-2h3e8\">\n<div data-block-type=\"unstyled\" data-block-weight=\"45\" data-block-id=\"4\">\n<div id=\"chunk-30i7r\">\n<div class=\"mc-column content-text active-extra-styles\" data-block-type=\"raw\" data-block-weight=\"11\" data-block-id=\"9\">\n<div class=\"content-intertitle\">\n<div id=\"chunk-a9tva\">\n<div class=\"mc-column content-text active-extra-styles \" data-block-type=\"unstyled\" data-block-weight=\"43\" data-block-id=\"11\">\n<div id=\"chunk-5qgli\">\n<div class=\"mc-column content-text active-extra-styles\" data-block-type=\"raw\" data-block-weight=\"106\" data-block-id=\"13\">\n<div id=\"chunk-7sfb\">\n<div class=\"mc-column content-text active-extra-styles\" data-block-type=\"raw\" data-block-weight=\"29\" data-block-id=\"20\">\n<div id=\"chunk-9rrnd\">\n<p class=\"mc-column content-text active-extra-styles \" data-block-type=\"unstyled\" data-block-weight=\"49\" data-block-id=\"28\"><em><strong>Reportagem:\u00a0<\/strong>Diego Oliveira\/ Portal SG AGORA<b>\u00a0\/<\/b><strong> Foto Capa:\u00a0<\/strong>Denise Alves\/Vereadora<\/em><\/p>\n<\/div>\n<\/div>\n<\/div>\n<\/div>\n<\/div>\n<\/div>\n<\/div>\n<\/div>\n<\/div>\n<\/div>\n<\/div>\n<\/div>\n<\/div>\n<\/div>\n<\/div>\n<\/div>\n<\/div>\n<\/div>\n<\/div>\n<\/div>\n<\/div>\n<\/div>\n<\/div>\n<\/div>\n<\/div>\n<\/div>\n<\/div>\n<\/div>\n<\/div>\n<\/div>\n<\/div>\n<\/div>\n<\/div>\n<\/div>\n","protected":false},"excerpt":{"rendered":"<p>CONTINUA AP\u00d3S A PUBLICIDADE Na \u00faltima segunda-feira, 18 de Dezembro de 2023, foi promovido em S\u00e3o Gotardo uma Audi\u00eancia P\u00fablica, para saber a opini\u00e3o da popula\u00e7\u00e3o S\u00e3o-Gotardense, sobre a chegada da Escola C\u00edvico Militar em &#8230; <a class=\"readmore\" href=\"https:\/\/www.sgagora.com.br\/sg\/audiencia-publica-saiba-mais-sobre-a-chegada-da-escola-civico-militar-em-nossa-cidade\/\">Leia Mais<\/a><\/p>\n","protected":false},"author":1,"featured_media":1000002382,"comment_status":"open","ping_status":"open","sticky":false,"template":"","format":"standard","meta":{"_bbp_topic_count":0,"_bbp_reply_count":0,"_bbp_total_topic_count":0,"_bbp_total_reply_count":0,"_bbp_voice_count":0,"_bbp_anonymous_reply_count":0,"_bbp_topic_count_hidden":0,"_bbp_reply_count_hidden":0,"_bbp_forum_subforum_count":0},"categories":[77,81],"tags":[659,138,194,131],"yoast_head":"<!-- This site is optimized with the Yoast SEO plugin v20.5 - https:\/\/yoast.com\/wordpress\/plugins\/seo\/ -->\n<title>Audi\u00eancia P\u00fablica: saiba mais sobre a chegada da Escola C\u00edvico Militar em nossa cidade<\/title>\n<meta name=\"description\" content=\"Na \u00faltima segunda-feira, 18 de Dezembro de 2023, foi promovido em S\u00e3o Gotardo uma Audi\u00eancia P\u00fablica, para saber a opini\u00e3o da popula\u00e7\u00e3o S\u00e3o-Gotardense, sobre a chegada da Escola C\u00edvico Militar em nossa cidade.\u00a0\" \/>\n<meta name=\"robots\" content=\"index, follow, max-snippet:-1, max-image-preview:large, max-video-preview:-1\" \/>\n<link rel=\"canonical\" href=\"https:\/\/www.sgagora.com.br\/sg\/audiencia-publica-saiba-mais-sobre-a-chegada-da-escola-civico-militar-em-nossa-cidade\/\" \/>\n<meta property=\"og:locale\" content=\"pt_BR\" \/>\n<meta property=\"og:type\" content=\"article\" \/>\n<meta property=\"og:title\" content=\"Audi\u00eancia P\u00fablica: saiba mais sobre a chegada da Escola C\u00edvico Militar em nossa cidade\" \/>\n<meta property=\"og:description\" content=\"Na \u00faltima segunda-feira, 18 de Dezembro de 2023, foi promovido em S\u00e3o Gotardo uma Audi\u00eancia P\u00fablica, para saber a opini\u00e3o da popula\u00e7\u00e3o S\u00e3o-Gotardense, sobre a chegada da Escola C\u00edvico Militar em nossa cidade.\u00a0\" \/>\n<meta property=\"og:url\" content=\"https:\/\/www.sgagora.com.br\/sg\/audiencia-publica-saiba-mais-sobre-a-chegada-da-escola-civico-militar-em-nossa-cidade\/\" \/>\n<meta property=\"og:site_name\" content=\"SGAgora\" \/>\n<meta property=\"article:publisher\" content=\"https:\/\/www.facebook.com\/sgagora\" \/>\n<meta property=\"article:published_time\" content=\"2023-12-22T18:56:07+00:00\" \/>\n<meta property=\"article:modified_time\" content=\"2024-01-03T18:37:38+00:00\" \/>\n<meta property=\"og:image\" content=\"https:\/\/www.sgagora.com.br\/sg\/wp-content\/uploads\/2023\/12\/WhatsApp-Image-2023-12-22-at-15.39.38-e1703271151671.jpeg\" \/>\n\t<meta property=\"og:image:width\" content=\"600\" \/>\n\t<meta property=\"og:image:height\" content=\"308\" \/>\n\t<meta property=\"og:image:type\" content=\"image\/jpeg\" \/>\n<meta name=\"author\" content=\"SG Agora\" \/>\n<meta name=\"twitter:label1\" content=\"Escrito por\" \/>\n\t<meta name=\"twitter:data1\" content=\"SG Agora\" \/>\n\t<meta name=\"twitter:label2\" content=\"Est. tempo de leitura\" \/>\n\t<meta name=\"twitter:data2\" content=\"3 minutos\" \/>\n<script type=\"application\/ld+json\" class=\"yoast-schema-graph\">{\"@context\":\"https:\/\/schema.org\",\"@graph\":[{\"@type\":\"WebPage\",\"@id\":\"https:\/\/www.sgagora.com.br\/sg\/audiencia-publica-saiba-mais-sobre-a-chegada-da-escola-civico-militar-em-nossa-cidade\/\",\"url\":\"https:\/\/www.sgagora.com.br\/sg\/audiencia-publica-saiba-mais-sobre-a-chegada-da-escola-civico-militar-em-nossa-cidade\/\",\"name\":\"Audi\u00eancia P\u00fablica: saiba mais sobre a chegada da Escola C\u00edvico Militar em nossa cidade\",\"isPartOf\":{\"@id\":\"https:\/\/www.sgagora.com.br\/sg\/#website\"},\"datePublished\":\"2023-12-22T18:56:07+00:00\",\"dateModified\":\"2024-01-03T18:37:38+00:00\",\"author\":{\"@id\":\"https:\/\/www.sgagora.com.br\/sg\/#\/schema\/person\/2be62cfb47cee3e0b305e4f7a765ae41\"},\"description\":\"Na \u00faltima segunda-feira, 18 de Dezembro de 2023, foi promovido em S\u00e3o Gotardo uma Audi\u00eancia P\u00fablica, para saber a opini\u00e3o da popula\u00e7\u00e3o S\u00e3o-Gotardense, sobre a chegada da Escola C\u00edvico Militar em nossa cidade.\u00a0\",\"breadcrumb\":{\"@id\":\"https:\/\/www.sgagora.com.br\/sg\/audiencia-publica-saiba-mais-sobre-a-chegada-da-escola-civico-militar-em-nossa-cidade\/#breadcrumb\"},\"inLanguage\":\"pt-BR\",\"potentialAction\":[{\"@type\":\"ReadAction\",\"target\":[\"https:\/\/www.sgagora.com.br\/sg\/audiencia-publica-saiba-mais-sobre-a-chegada-da-escola-civico-militar-em-nossa-cidade\/\"]}]},{\"@type\":\"BreadcrumbList\",\"@id\":\"https:\/\/www.sgagora.com.br\/sg\/audiencia-publica-saiba-mais-sobre-a-chegada-da-escola-civico-militar-em-nossa-cidade\/#breadcrumb\",\"itemListElement\":[{\"@type\":\"ListItem\",\"position\":1,\"name\":\"In\u00edcio\",\"item\":\"https:\/\/www.sgagora.com.br\/sg\/\"},{\"@type\":\"ListItem\",\"position\":2,\"name\":\"Audi\u00eancia P\u00fablica: saiba mais sobre a chegada da Escola C\u00edvico Militar em nossa cidade\"}]},{\"@type\":\"WebSite\",\"@id\":\"https:\/\/www.sgagora.com.br\/sg\/#website\",\"url\":\"https:\/\/www.sgagora.com.br\/sg\/\",\"name\":\"SGAgora\",\"description\":\"Not\u00edcias de S\u00e3o Gotardo\",\"potentialAction\":[{\"@type\":\"SearchAction\",\"target\":{\"@type\":\"EntryPoint\",\"urlTemplate\":\"https:\/\/www.sgagora.com.br\/sg\/?s={search_term_string}\"},\"query-input\":\"required name=search_term_string\"}],\"inLanguage\":\"pt-BR\"},{\"@type\":\"Person\",\"@id\":\"https:\/\/www.sgagora.com.br\/sg\/#\/schema\/person\/2be62cfb47cee3e0b305e4f7a765ae41\",\"name\":\"SG Agora\",\"image\":{\"@type\":\"ImageObject\",\"inLanguage\":\"pt-BR\",\"@id\":\"https:\/\/www.sgagora.com.br\/sg\/#\/schema\/person\/image\/\",\"url\":\"https:\/\/secure.gravatar.com\/avatar\/a0c612a9a8c3e7419d6fd4f92e749d8d?s=96&d=mm&r=g\",\"contentUrl\":\"https:\/\/secure.gravatar.com\/avatar\/a0c612a9a8c3e7419d6fd4f92e749d8d?s=96&d=mm&r=g\",\"caption\":\"SG Agora\"},\"url\":\"https:\/\/www.sgagora.com.br\/sg\/author\/admin\/\"}]}<\/script>\n<!-- \/ Yoast SEO plugin. -->","yoast_head_json":{"title":"Audi\u00eancia P\u00fablica: saiba mais sobre a chegada da Escola C\u00edvico Militar em nossa cidade","description":"Na \u00faltima segunda-feira, 18 de Dezembro de 2023, foi promovido em S\u00e3o Gotardo uma Audi\u00eancia P\u00fablica, para saber a opini\u00e3o da popula\u00e7\u00e3o S\u00e3o-Gotardense, sobre a chegada da Escola C\u00edvico Militar em nossa cidade.\u00a0","robots":{"index":"index","follow":"follow","max-snippet":"max-snippet:-1","max-image-preview":"max-image-preview:large","max-video-preview":"max-video-preview:-1"},"canonical":"https:\/\/www.sgagora.com.br\/sg\/audiencia-publica-saiba-mais-sobre-a-chegada-da-escola-civico-militar-em-nossa-cidade\/","og_locale":"pt_BR","og_type":"article","og_title":"Audi\u00eancia P\u00fablica: saiba mais sobre a chegada da Escola C\u00edvico Militar em nossa cidade","og_description":"Na \u00faltima segunda-feira, 18 de Dezembro de 2023, foi promovido em S\u00e3o Gotardo uma Audi\u00eancia P\u00fablica, para saber a opini\u00e3o da popula\u00e7\u00e3o S\u00e3o-Gotardense, sobre a chegada da Escola C\u00edvico Militar em nossa cidade.\u00a0","og_url":"https:\/\/www.sgagora.com.br\/sg\/audiencia-publica-saiba-mais-sobre-a-chegada-da-escola-civico-militar-em-nossa-cidade\/","og_site_name":"SGAgora","article_publisher":"https:\/\/www.facebook.com\/sgagora","article_published_time":"2023-12-22T18:56:07+00:00","article_modified_time":"2024-01-03T18:37:38+00:00","og_image":[{"width":600,"height":308,"url":"https:\/\/www.sgagora.com.br\/sg\/wp-content\/uploads\/2023\/12\/WhatsApp-Image-2023-12-22-at-15.39.38-e1703271151671.jpeg","type":"image\/jpeg"}],"author":"SG Agora","twitter_misc":{"Escrito por":"SG Agora","Est. tempo de leitura":"3 minutos"},"schema":{"@context":"https:\/\/schema.org","@graph":[{"@type":"WebPage","@id":"https:\/\/www.sgagora.com.br\/sg\/audiencia-publica-saiba-mais-sobre-a-chegada-da-escola-civico-militar-em-nossa-cidade\/","url":"https:\/\/www.sgagora.com.br\/sg\/audiencia-publica-saiba-mais-sobre-a-chegada-da-escola-civico-militar-em-nossa-cidade\/","name":"Audi\u00eancia P\u00fablica: saiba mais sobre a chegada da Escola C\u00edvico Militar em nossa cidade","isPartOf":{"@id":"https:\/\/www.sgagora.com.br\/sg\/#website"},"datePublished":"2023-12-22T18:56:07+00:00","dateModified":"2024-01-03T18:37:38+00:00","author":{"@id":"https:\/\/www.sgagora.com.br\/sg\/#\/schema\/person\/2be62cfb47cee3e0b305e4f7a765ae41"},"description":"Na \u00faltima segunda-feira, 18 de Dezembro de 2023, foi promovido em S\u00e3o Gotardo uma Audi\u00eancia P\u00fablica, para saber a opini\u00e3o da popula\u00e7\u00e3o S\u00e3o-Gotardense, sobre a chegada da Escola C\u00edvico Militar em nossa cidade.\u00a0","breadcrumb":{"@id":"https:\/\/www.sgagora.com.br\/sg\/audiencia-publica-saiba-mais-sobre-a-chegada-da-escola-civico-militar-em-nossa-cidade\/#breadcrumb"},"inLanguage":"pt-BR","potentialAction":[{"@type":"ReadAction","target":["https:\/\/www.sgagora.com.br\/sg\/audiencia-publica-saiba-mais-sobre-a-chegada-da-escola-civico-militar-em-nossa-cidade\/"]}]},{"@type":"BreadcrumbList","@id":"https:\/\/www.sgagora.com.br\/sg\/audiencia-publica-saiba-mais-sobre-a-chegada-da-escola-civico-militar-em-nossa-cidade\/#breadcrumb","itemListElement":[{"@type":"ListItem","position":1,"name":"In\u00edcio","item":"https:\/\/www.sgagora.com.br\/sg\/"},{"@type":"ListItem","position":2,"name":"Audi\u00eancia P\u00fablica: saiba mais sobre a chegada da Escola C\u00edvico Militar em nossa cidade"}]},{"@type":"WebSite","@id":"https:\/\/www.sgagora.com.br\/sg\/#website","url":"https:\/\/www.sgagora.com.br\/sg\/","name":"SGAgora","description":"Not\u00edcias de S\u00e3o Gotardo","potentialAction":[{"@type":"SearchAction","target":{"@type":"EntryPoint","urlTemplate":"https:\/\/www.sgagora.com.br\/sg\/?s={search_term_string}"},"query-input":"required name=search_term_string"}],"inLanguage":"pt-BR"},{"@type":"Person","@id":"https:\/\/www.sgagora.com.br\/sg\/#\/schema\/person\/2be62cfb47cee3e0b305e4f7a765ae41","name":"SG Agora","image":{"@type":"ImageObject","inLanguage":"pt-BR","@id":"https:\/\/www.sgagora.com.br\/sg\/#\/schema\/person\/image\/","url":"https:\/\/secure.gravatar.com\/avatar\/a0c612a9a8c3e7419d6fd4f92e749d8d?s=96&d=mm&r=g","contentUrl":"https:\/\/secure.gravatar.com\/avatar\/a0c612a9a8c3e7419d6fd4f92e749d8d?s=96&d=mm&r=g","caption":"SG Agora"},"url":"https:\/\/www.sgagora.com.br\/sg\/author\/admin\/"}]}},"_links":{"self":[{"href":"https:\/\/www.sgagora.com.br\/sg\/wp-json\/wp\/v2\/posts\/1000002380"}],"collection":[{"href":"https:\/\/www.sgagora.com.br\/sg\/wp-json\/wp\/v2\/posts"}],"about":[{"href":"https:\/\/www.sgagora.com.br\/sg\/wp-json\/wp\/v2\/types\/post"}],"author":[{"embeddable":true,"href":"https:\/\/www.sgagora.com.br\/sg\/wp-json\/wp\/v2\/users\/1"}],"replies":[{"embeddable":true,"href":"https:\/\/www.sgagora.com.br\/sg\/wp-json\/wp\/v2\/comments?post=1000002380"}],"version-history":[{"count":3,"href":"https:\/\/www.sgagora.com.br\/sg\/wp-json\/wp\/v2\/posts\/1000002380\/revisions"}],"predecessor-version":[{"id":1000002927,"href":"https:\/\/www.sgagora.com.br\/sg\/wp-json\/wp\/v2\/posts\/1000002380\/revisions\/1000002927"}],"wp:featuredmedia":[{"embeddable":true,"href":"https:\/\/www.sgagora.com.br\/sg\/wp-json\/wp\/v2\/media\/1000002382"}],"wp:attachment":[{"href":"https:\/\/www.sgagora.com.br\/sg\/wp-json\/wp\/v2\/media?parent=1000002380"}],"wp:term":[{"taxonomy":"category","embeddable":true,"href":"https:\/\/www.sgagora.com.br\/sg\/wp-json\/wp\/v2\/categories?post=1000002380"},{"taxonomy":"post_tag","embeddable":true,"href":"https:\/\/www.sgagora.com.br\/sg\/wp-json\/wp\/v2\/tags?post=1000002380"}],"curies":[{"name":"wp","href":"https:\/\/api.w.org\/{rel}","templated":true}]}}