{"id":1000002701,"date":"2023-12-29T14:30:02","date_gmt":"2023-12-29T17:30:02","guid":{"rendered":"https:\/\/www.sgagora.com.br\/sg\/?p=1000002701"},"modified":"2024-01-03T15:31:26","modified_gmt":"2024-01-03T18:31:26","slug":"cobranca-de-divida-quase-termina-em-tragedia-em-sao-gotardo","status":"publish","type":"post","link":"https:\/\/www.sgagora.com.br\/sg\/cobranca-de-divida-quase-termina-em-tragedia-em-sao-gotardo\/","title":{"rendered":"Cobran\u00e7a de d\u00edvida quase termina em trag\u00e9dia em S\u00e3o Gotardo"},"content":{"rendered":"<p style=\"text-align: center;\"><span style=\"color: #ff0000;\"><strong>CONTINUA AP\u00d3S A PUBLICIDADE<\/strong><\/span><img decoding=\"async\" loading=\"lazy\" class=\"aligncenter wp-image-1000001965 size-full\" src=\"https:\/\/www.sgagora.com.br\/sg\/wp-content\/uploads\/2023\/11\/GIF-KAVACOS-LANCHES.gif\" alt=\"\" width=\"260\" height=\"260\" \/><\/p>\n<p><img decoding=\"async\" loading=\"lazy\" class=\"aligncenter wp-image-1000002907 size-full\" src=\"https:\/\/www.sgagora.com.br\/sg\/wp-content\/uploads\/2024\/01\/Design-sem-nome-5.gif\" alt=\"\" width=\"260\" height=\"260\" \/><\/p>\n<p style=\"text-align: justify;\">Nesta \u00faltima quinta-feira (28\/12) em S\u00e3o Gotardo, uma pessoa de 28 anos de idade foi baleada, ap\u00f3s receber uma cobran\u00e7a de d\u00edvida que quase terminou em uma trag\u00e9dia. Cinco pessoas foram detidas pela Pol\u00edcia Militar de S\u00e3o Gotardo, todas envolvidas no crime.<\/p>\n<p style=\"text-align: justify;\">Segundo informa\u00e7\u00f5es divulgadas pela Assessoria de Imprensa da 216\u00aa Cia. da Pol\u00edcia Militar (S\u00e3o Gotardo), inicialmente, uma mulher teria cobrado da v\u00edtima um d\u00edvida no valor de 60,00 reais, a qual mora no bairro S\u00e3o Geraldo, no munic\u00edpio de S\u00e3o Gotardo. Ap\u00f3s discuss\u00e3o, a mulher retornou a resid\u00eancia acompanhada de outras tr\u00eas pessoas, as quais estavam armadas com uma arma de fogo, faca, fac\u00e3o e um bast\u00e3o (peda\u00e7o de pau).<\/p>\n<p style=\"text-align: center;\"><span style=\"color: #ff0000;\"><strong>CONTINUA AP\u00d3S A PUBLICIDADE<\/strong><\/span><img decoding=\"async\" loading=\"lazy\" class=\"aligncenter wp-image-1000001976 size-full\" src=\"https:\/\/www.sgagora.com.br\/sg\/wp-content\/uploads\/2019\/12\/GIF-PRONTO-ODONTO-COMPANY.gif\" alt=\"\" width=\"600\" height=\"260\" \/><\/p>\n<p style=\"text-align: justify;\">Em determinado momento da discuss\u00e3o, um dos envolvidos na briga sacou um rev\u00f3lver efetuando disparos contra a v\u00edtima,\u00a0 a qual teve uma perfura\u00e7\u00e3o no bra\u00e7o na altura das axilas e precisou ser encaminhada para Santa Casa de S\u00e3o Gotardo. Ap\u00f3s efetuar os disparos, todos os autores envolvidos no crime tomaram rumo ignorado.<\/p>\n<p style=\"text-align: justify;\">A Pol\u00edcia Militar ent\u00e3o come\u00e7ou a realizar v\u00e1rias dilig\u00eancias pelos bairros de S\u00e3o Gotardo, logrando \u00eaxito na captura dos quatro autores envolvidos diretamente no crime e mais uma pessoa pelo crime de favorecimento pessoal. A v\u00edtima passa bem, encerrou a Assessoria de Imprensa da 216\u00aa Cia. da Pol\u00edcia Militar (S\u00e3o Gotardo).<\/p>\n<p style=\"text-align: center;\"><strong><span style=\"color: #ff0000;\">CONTINUA AP\u00d3S A PUBLICIDADE<\/span><\/strong><img decoding=\"async\" loading=\"lazy\" class=\"aligncenter wp-image-1000000180 size-full\" src=\"https:\/\/www.sgagora.com.br\/sg\/wp-content\/uploads\/2023\/04\/Anuncie-aqui.gif\" alt=\"\" width=\"260\" height=\"260\" \/><\/p>\n<p><img decoding=\"async\" loading=\"lazy\" class=\"aligncenter wp-image-1000000180 size-full\" src=\"https:\/\/www.sgagora.com.br\/sg\/wp-content\/uploads\/2023\/04\/Anuncie-aqui.gif\" alt=\"\" width=\"260\" height=\"260\" \/><\/p>\n<p><span style=\"color: #ffffff;\">.<\/span><\/p>\n<p style=\"text-align: justify;\"><em><strong>Reportagem:<\/strong> Diego Oliveira\/Portal SG AGORA \/ <strong>Fonte da Reportagem:<\/strong> Assessoria de Imprensa da 216\u00aa Cia. da Pol\u00edcia Militar (S\u00e3o Gotardo) \/ <strong>Foto Capa:<\/strong> Arquivo\/Portal SG AGORA;<\/em><\/p>\n","protected":false},"excerpt":{"rendered":"<p>CONTINUA AP\u00d3S A PUBLICIDADE Nesta \u00faltima quinta-feira (28\/12) em S\u00e3o Gotardo, uma pessoa de 28 anos de idade foi baleada, ap\u00f3s receber uma cobran\u00e7a de d\u00edvida que quase terminou em uma trag\u00e9dia. Cinco pessoas foram &#8230; <a class=\"readmore\" href=\"https:\/\/www.sgagora.com.br\/sg\/cobranca-de-divida-quase-termina-em-tragedia-em-sao-gotardo\/\">Leia Mais<\/a><\/p>\n","protected":false},"author":1,"featured_media":999989937,"comment_status":"open","ping_status":"open","sticky":false,"template":"","format":"standard","meta":{"_bbp_topic_count":0,"_bbp_reply_count":0,"_bbp_total_topic_count":0,"_bbp_total_reply_count":0,"_bbp_voice_count":0,"_bbp_anonymous_reply_count":0,"_bbp_topic_count_hidden":0,"_bbp_reply_count_hidden":0,"_bbp_forum_subforum_count":0},"categories":[9,77,81],"tags":[20107,132,4538],"yoast_head":"<!-- This site is optimized with the Yoast SEO plugin v20.5 - https:\/\/yoast.com\/wordpress\/plugins\/seo\/ -->\n<title>Cobran\u00e7a de d\u00edvida quase termina em trag\u00e9dia em S\u00e3o Gotardo<\/title>\n<meta name=\"description\" content=\"Nesta \u00faltima quinta-feira (28\/12) em S\u00e3o Gotardo, uma pessoa de 28 anos de idade foi baleada, ap\u00f3s receber uma cobran\u00e7a de d\u00edvida\" \/>\n<meta name=\"robots\" content=\"index, follow, max-snippet:-1, max-image-preview:large, max-video-preview:-1\" \/>\n<link rel=\"canonical\" href=\"https:\/\/www.sgagora.com.br\/sg\/cobranca-de-divida-quase-termina-em-tragedia-em-sao-gotardo\/\" \/>\n<meta property=\"og:locale\" content=\"pt_BR\" \/>\n<meta property=\"og:type\" content=\"article\" \/>\n<meta property=\"og:title\" content=\"Cobran\u00e7a de d\u00edvida quase termina em trag\u00e9dia em S\u00e3o Gotardo\" \/>\n<meta property=\"og:description\" content=\"Nesta \u00faltima quinta-feira (28\/12) em S\u00e3o Gotardo, uma pessoa de 28 anos de idade foi baleada, ap\u00f3s receber uma cobran\u00e7a de d\u00edvida\" \/>\n<meta property=\"og:url\" content=\"https:\/\/www.sgagora.com.br\/sg\/cobranca-de-divida-quase-termina-em-tragedia-em-sao-gotardo\/\" \/>\n<meta property=\"og:site_name\" content=\"SGAgora\" \/>\n<meta property=\"article:publisher\" content=\"https:\/\/www.facebook.com\/sgagora\" \/>\n<meta property=\"article:published_time\" content=\"2023-12-29T17:30:02+00:00\" \/>\n<meta property=\"article:modified_time\" content=\"2024-01-03T18:31:26+00:00\" \/>\n<meta property=\"og:image\" content=\"https:\/\/www.sgagora.com.br\/sg\/wp-content\/uploads\/2021\/10\/Foto-reportagens-PM.jpg\" \/>\n\t<meta property=\"og:image:width\" content=\"600\" \/>\n\t<meta property=\"og:image:height\" content=\"450\" \/>\n\t<meta property=\"og:image:type\" content=\"image\/jpeg\" \/>\n<meta name=\"author\" content=\"SG Agora\" \/>\n<meta name=\"twitter:label1\" content=\"Escrito por\" \/>\n\t<meta name=\"twitter:data1\" content=\"SG Agora\" \/>\n\t<meta name=\"twitter:label2\" content=\"Est. tempo de leitura\" \/>\n\t<meta name=\"twitter:data2\" content=\"3 minutos\" \/>\n<script type=\"application\/ld+json\" class=\"yoast-schema-graph\">{\"@context\":\"https:\/\/schema.org\",\"@graph\":[{\"@type\":\"WebPage\",\"@id\":\"https:\/\/www.sgagora.com.br\/sg\/cobranca-de-divida-quase-termina-em-tragedia-em-sao-gotardo\/\",\"url\":\"https:\/\/www.sgagora.com.br\/sg\/cobranca-de-divida-quase-termina-em-tragedia-em-sao-gotardo\/\",\"name\":\"Cobran\u00e7a de d\u00edvida quase termina em trag\u00e9dia em S\u00e3o Gotardo\",\"isPartOf\":{\"@id\":\"https:\/\/www.sgagora.com.br\/sg\/#website\"},\"datePublished\":\"2023-12-29T17:30:02+00:00\",\"dateModified\":\"2024-01-03T18:31:26+00:00\",\"author\":{\"@id\":\"https:\/\/www.sgagora.com.br\/sg\/#\/schema\/person\/2be62cfb47cee3e0b305e4f7a765ae41\"},\"description\":\"Nesta \u00faltima quinta-feira (28\/12) em S\u00e3o Gotardo, uma pessoa de 28 anos de idade foi baleada, ap\u00f3s receber uma cobran\u00e7a de d\u00edvida\",\"breadcrumb\":{\"@id\":\"https:\/\/www.sgagora.com.br\/sg\/cobranca-de-divida-quase-termina-em-tragedia-em-sao-gotardo\/#breadcrumb\"},\"inLanguage\":\"pt-BR\",\"potentialAction\":[{\"@type\":\"ReadAction\",\"target\":[\"https:\/\/www.sgagora.com.br\/sg\/cobranca-de-divida-quase-termina-em-tragedia-em-sao-gotardo\/\"]}]},{\"@type\":\"BreadcrumbList\",\"@id\":\"https:\/\/www.sgagora.com.br\/sg\/cobranca-de-divida-quase-termina-em-tragedia-em-sao-gotardo\/#breadcrumb\",\"itemListElement\":[{\"@type\":\"ListItem\",\"position\":1,\"name\":\"In\u00edcio\",\"item\":\"https:\/\/www.sgagora.com.br\/sg\/\"},{\"@type\":\"ListItem\",\"position\":2,\"name\":\"Cobran\u00e7a de d\u00edvida quase termina em trag\u00e9dia em S\u00e3o Gotardo\"}]},{\"@type\":\"WebSite\",\"@id\":\"https:\/\/www.sgagora.com.br\/sg\/#website\",\"url\":\"https:\/\/www.sgagora.com.br\/sg\/\",\"name\":\"SGAgora\",\"description\":\"Not\u00edcias de S\u00e3o Gotardo\",\"potentialAction\":[{\"@type\":\"SearchAction\",\"target\":{\"@type\":\"EntryPoint\",\"urlTemplate\":\"https:\/\/www.sgagora.com.br\/sg\/?s={search_term_string}\"},\"query-input\":\"required name=search_term_string\"}],\"inLanguage\":\"pt-BR\"},{\"@type\":\"Person\",\"@id\":\"https:\/\/www.sgagora.com.br\/sg\/#\/schema\/person\/2be62cfb47cee3e0b305e4f7a765ae41\",\"name\":\"SG Agora\",\"image\":{\"@type\":\"ImageObject\",\"inLanguage\":\"pt-BR\",\"@id\":\"https:\/\/www.sgagora.com.br\/sg\/#\/schema\/person\/image\/\",\"url\":\"https:\/\/secure.gravatar.com\/avatar\/a0c612a9a8c3e7419d6fd4f92e749d8d?s=96&d=mm&r=g\",\"contentUrl\":\"https:\/\/secure.gravatar.com\/avatar\/a0c612a9a8c3e7419d6fd4f92e749d8d?s=96&d=mm&r=g\",\"caption\":\"SG Agora\"},\"url\":\"https:\/\/www.sgagora.com.br\/sg\/author\/admin\/\"}]}<\/script>\n<!-- \/ Yoast SEO plugin. -->","yoast_head_json":{"title":"Cobran\u00e7a de d\u00edvida quase termina em trag\u00e9dia em S\u00e3o Gotardo","description":"Nesta \u00faltima quinta-feira (28\/12) em S\u00e3o Gotardo, uma pessoa de 28 anos de idade foi baleada, ap\u00f3s receber uma cobran\u00e7a de d\u00edvida","robots":{"index":"index","follow":"follow","max-snippet":"max-snippet:-1","max-image-preview":"max-image-preview:large","max-video-preview":"max-video-preview:-1"},"canonical":"https:\/\/www.sgagora.com.br\/sg\/cobranca-de-divida-quase-termina-em-tragedia-em-sao-gotardo\/","og_locale":"pt_BR","og_type":"article","og_title":"Cobran\u00e7a de d\u00edvida quase termina em trag\u00e9dia em S\u00e3o Gotardo","og_description":"Nesta \u00faltima quinta-feira (28\/12) em S\u00e3o Gotardo, uma pessoa de 28 anos de idade foi baleada, ap\u00f3s receber uma cobran\u00e7a de d\u00edvida","og_url":"https:\/\/www.sgagora.com.br\/sg\/cobranca-de-divida-quase-termina-em-tragedia-em-sao-gotardo\/","og_site_name":"SGAgora","article_publisher":"https:\/\/www.facebook.com\/sgagora","article_published_time":"2023-12-29T17:30:02+00:00","article_modified_time":"2024-01-03T18:31:26+00:00","og_image":[{"width":600,"height":450,"url":"https:\/\/www.sgagora.com.br\/sg\/wp-content\/uploads\/2021\/10\/Foto-reportagens-PM.jpg","type":"image\/jpeg"}],"author":"SG Agora","twitter_misc":{"Escrito por":"SG Agora","Est. tempo de leitura":"3 minutos"},"schema":{"@context":"https:\/\/schema.org","@graph":[{"@type":"WebPage","@id":"https:\/\/www.sgagora.com.br\/sg\/cobranca-de-divida-quase-termina-em-tragedia-em-sao-gotardo\/","url":"https:\/\/www.sgagora.com.br\/sg\/cobranca-de-divida-quase-termina-em-tragedia-em-sao-gotardo\/","name":"Cobran\u00e7a de d\u00edvida quase termina em trag\u00e9dia em S\u00e3o Gotardo","isPartOf":{"@id":"https:\/\/www.sgagora.com.br\/sg\/#website"},"datePublished":"2023-12-29T17:30:02+00:00","dateModified":"2024-01-03T18:31:26+00:00","author":{"@id":"https:\/\/www.sgagora.com.br\/sg\/#\/schema\/person\/2be62cfb47cee3e0b305e4f7a765ae41"},"description":"Nesta \u00faltima quinta-feira (28\/12) em S\u00e3o Gotardo, uma pessoa de 28 anos de idade foi baleada, ap\u00f3s receber uma cobran\u00e7a de d\u00edvida","breadcrumb":{"@id":"https:\/\/www.sgagora.com.br\/sg\/cobranca-de-divida-quase-termina-em-tragedia-em-sao-gotardo\/#breadcrumb"},"inLanguage":"pt-BR","potentialAction":[{"@type":"ReadAction","target":["https:\/\/www.sgagora.com.br\/sg\/cobranca-de-divida-quase-termina-em-tragedia-em-sao-gotardo\/"]}]},{"@type":"BreadcrumbList","@id":"https:\/\/www.sgagora.com.br\/sg\/cobranca-de-divida-quase-termina-em-tragedia-em-sao-gotardo\/#breadcrumb","itemListElement":[{"@type":"ListItem","position":1,"name":"In\u00edcio","item":"https:\/\/www.sgagora.com.br\/sg\/"},{"@type":"ListItem","position":2,"name":"Cobran\u00e7a de d\u00edvida quase termina em trag\u00e9dia em S\u00e3o Gotardo"}]},{"@type":"WebSite","@id":"https:\/\/www.sgagora.com.br\/sg\/#website","url":"https:\/\/www.sgagora.com.br\/sg\/","name":"SGAgora","description":"Not\u00edcias de S\u00e3o Gotardo","potentialAction":[{"@type":"SearchAction","target":{"@type":"EntryPoint","urlTemplate":"https:\/\/www.sgagora.com.br\/sg\/?s={search_term_string}"},"query-input":"required name=search_term_string"}],"inLanguage":"pt-BR"},{"@type":"Person","@id":"https:\/\/www.sgagora.com.br\/sg\/#\/schema\/person\/2be62cfb47cee3e0b305e4f7a765ae41","name":"SG Agora","image":{"@type":"ImageObject","inLanguage":"pt-BR","@id":"https:\/\/www.sgagora.com.br\/sg\/#\/schema\/person\/image\/","url":"https:\/\/secure.gravatar.com\/avatar\/a0c612a9a8c3e7419d6fd4f92e749d8d?s=96&d=mm&r=g","contentUrl":"https:\/\/secure.gravatar.com\/avatar\/a0c612a9a8c3e7419d6fd4f92e749d8d?s=96&d=mm&r=g","caption":"SG Agora"},"url":"https:\/\/www.sgagora.com.br\/sg\/author\/admin\/"}]}},"_links":{"self":[{"href":"https:\/\/www.sgagora.com.br\/sg\/wp-json\/wp\/v2\/posts\/1000002701"}],"collection":[{"href":"https:\/\/www.sgagora.com.br\/sg\/wp-json\/wp\/v2\/posts"}],"about":[{"href":"https:\/\/www.sgagora.com.br\/sg\/wp-json\/wp\/v2\/types\/post"}],"author":[{"embeddable":true,"href":"https:\/\/www.sgagora.com.br\/sg\/wp-json\/wp\/v2\/users\/1"}],"replies":[{"embeddable":true,"href":"https:\/\/www.sgagora.com.br\/sg\/wp-json\/wp\/v2\/comments?post=1000002701"}],"version-history":[{"count":2,"href":"https:\/\/www.sgagora.com.br\/sg\/wp-json\/wp\/v2\/posts\/1000002701\/revisions"}],"predecessor-version":[{"id":1000002914,"href":"https:\/\/www.sgagora.com.br\/sg\/wp-json\/wp\/v2\/posts\/1000002701\/revisions\/1000002914"}],"wp:featuredmedia":[{"embeddable":true,"href":"https:\/\/www.sgagora.com.br\/sg\/wp-json\/wp\/v2\/media\/999989937"}],"wp:attachment":[{"href":"https:\/\/www.sgagora.com.br\/sg\/wp-json\/wp\/v2\/media?parent=1000002701"}],"wp:term":[{"taxonomy":"category","embeddable":true,"href":"https:\/\/www.sgagora.com.br\/sg\/wp-json\/wp\/v2\/categories?post=1000002701"},{"taxonomy":"post_tag","embeddable":true,"href":"https:\/\/www.sgagora.com.br\/sg\/wp-json\/wp\/v2\/tags?post=1000002701"}],"curies":[{"name":"wp","href":"https:\/\/api.w.org\/{rel}","templated":true}]}}