{"id":1000004278,"date":"2024-04-02T11:05:08","date_gmt":"2024-04-02T14:05:08","guid":{"rendered":"https:\/\/www.sgagora.com.br\/sg\/?p=1000004278"},"modified":"2024-04-09T15:51:10","modified_gmt":"2024-04-09T18:51:10","slug":"lojao-super-25-inaugura-em-sao-gotardo","status":"publish","type":"post","link":"https:\/\/www.sgagora.com.br\/sg\/lojao-super-25-inaugura-em-sao-gotardo\/","title":{"rendered":"Loj\u00e3o Super 25 inaugura em S\u00e3o Gotardo"},"content":{"rendered":"<p style=\"text-align: center;\"><span style=\"color: #ff0000;\"><strong>CONTINUA AP\u00d3S A PUBLICIDADE<\/strong><\/span><img decoding=\"async\" loading=\"lazy\" class=\"aligncenter wp-image-1000004383 size-full\" src=\"https:\/\/www.sgagora.com.br\/sg\/wp-content\/uploads\/2024\/04\/GIF-Lojao-Super-25-3.gif\" alt=\"\" width=\"260\" height=\"260\" \/><\/p>\n<p><img decoding=\"async\" loading=\"lazy\" class=\"aligncenter wp-image-1000002907 size-full\" src=\"https:\/\/www.sgagora.com.br\/sg\/wp-content\/uploads\/2024\/01\/Design-sem-nome-5.gif\" alt=\"\" width=\"260\" height=\"260\" \/><\/p>\n<p style=\"text-align: justify;\">No dia 25 de Mar\u00e7o de 2024, foi inaugurado em S\u00e3o Gotardo o Loj\u00e3o Super 25. Uma loja especializada em produtos de cama, mesa e banho, vestu\u00e1rio masculino, feminino e infantil, presentes, acess\u00f3rios, cal\u00e7ados, tudo pelo pre\u00e7o de 25,00 reais.<\/p>\n<p style=\"text-align: justify;\">Na grande inaugura\u00e7\u00e3o, centenas de pessoas marcaram presen\u00e7a e sa\u00edram de sacolas cheias do Loj\u00e3o Super 25. Os clientes ficaram impressionados com a quantidade e qualidade dos produtos vendidos na loja, que oferece mais de 200 op\u00e7\u00f5es de produtos dispon\u00edveis.<\/p>\n<p style=\"text-align: justify;\">Em conversa com o senhor Elias Jose De Lima Neto, propriet\u00e1rio do Loj\u00e3o Super 25, ele comentou sobre a felicidade em poder inaugurar mais um empreendimento em S\u00e3o Gotardo, com mais uma grande inova\u00e7\u00e3o: pre\u00e7o \u00fanico de 25,00 reais.<\/p>\n<p style=\"text-align: center;\"><span style=\"color: #ff0000;\"><strong>CONTINUA AP\u00d3S A PUBLICIDADE<\/strong><\/span><img decoding=\"async\" loading=\"lazy\" class=\"aligncenter wp-image-1000001976 size-full\" src=\"https:\/\/www.sgagora.com.br\/sg\/wp-content\/uploads\/2019\/12\/GIF-PRONTO-ODONTO-COMPANY.gif\" alt=\"\" width=\"600\" height=\"260\" \/><\/p>\n<p style=\"text-align: justify;\">Elias tamb\u00e9m agradeceu a presen\u00e7a da popula\u00e7\u00e3o S\u00e3o-Gotardense na grande inaugura\u00e7\u00e3o e convidou tamb\u00e9m as popula\u00e7\u00f5es das cidades vizinhas para conhecerem o Loj\u00e3o Super 25. &#8220;Venham todos conhecer nossa loja, novidade com \u00fanico pre\u00e7o, vinte e cinco reais&#8221;, disse Elias.<\/p>\n<p style=\"text-align: justify;\">Rainha da Fenacen 2024, a digital influencer, Clara Ferreira, tamb\u00e9m esteve presente na inaugura\u00e7\u00e3o do Loj\u00e3o Super 25. Clara aprovou os produtos vendidos na Loja e tamb\u00e9m aproveitou para fazer suas compras, ficando impressionada com a qualidade e pre\u00e7o \u00fanico do Loj\u00e3o Super 25.<\/p>\n<p style=\"text-align: justify;\">O LOJ\u00c3O SUPER 25 est\u00e1 situado na Rua Governador Bias Fortes, n\u00famero 1180, ao lado da Igreja do Bairro S\u00e3o Geraldo. A loja funciona de segunda a s\u00e1bado, a partir das 08:00 horas da manh\u00e3. <strong>LOJ\u00c3O SUPER 25: Aqui o pre\u00e7o e qualidade s\u00e3o prioridade!<\/strong><\/p>\n<div id=\"editor-82a6e4b5-c891-4fac-b944-13e98dca06e1\" class=\"wp-block-freeform block-library-rich-text__tinymce mce-content-body html5-captions mce-edit-focus\" style=\"position: relative;\" contenteditable=\"true\">\n<p style=\"text-align: center;\"><strong><span style=\"color: #ff0000;\">CONTINUA AP\u00d3S A PUBLICIDADE<\/span><\/strong><img decoding=\"async\" loading=\"lazy\" class=\"aligncenter wp-image-1000000180 size-full\" src=\"https:\/\/www.sgagora.com.br\/sg\/wp-content\/uploads\/2023\/04\/Anuncie-aqui.gif\" alt=\"\" width=\"260\" height=\"260\" \/><\/p>\n<p><img decoding=\"async\" loading=\"lazy\" class=\"aligncenter wp-image-1000000180 size-full\" src=\"https:\/\/www.sgagora.com.br\/sg\/wp-content\/uploads\/2023\/04\/Anuncie-aqui.gif\" alt=\"\" width=\"260\" height=\"260\" \/><\/p>\n<\/div>\n<p><span style=\"color: #ffffff;\">.<\/span><\/p>\n<p style=\"text-align: justify;\"><em><strong>Reportagem:<\/strong> Diego Oliveira\/Portal SG AGORA \/ <strong>Foto Utilizada e Foto Capa:<\/strong> Fot\u00f3grafo\/Diego Oliveira\/Portal SG AGORA<\/em><\/p>\n","protected":false},"excerpt":{"rendered":"<p>CONTINUA AP\u00d3S A PUBLICIDADE No dia 25 de Mar\u00e7o de 2024, foi inaugurado em S\u00e3o Gotardo o Loj\u00e3o Super 25. Uma loja especializada em produtos de cama, mesa e banho, vestu\u00e1rio masculino, feminino e infantil, &#8230; <a class=\"readmore\" href=\"https:\/\/www.sgagora.com.br\/sg\/lojao-super-25-inaugura-em-sao-gotardo\/\">Leia Mais<\/a><\/p>\n","protected":false},"author":1,"featured_media":1000004281,"comment_status":"open","ping_status":"open","sticky":false,"template":"","format":"standard","meta":{"_bbp_topic_count":0,"_bbp_reply_count":0,"_bbp_total_topic_count":0,"_bbp_total_reply_count":0,"_bbp_voice_count":0,"_bbp_anonymous_reply_count":0,"_bbp_topic_count_hidden":0,"_bbp_reply_count_hidden":0,"_bbp_forum_subforum_count":0},"categories":[84,77,81],"tags":[21021,1620,21022],"yoast_head":"<!-- This site is optimized with the Yoast SEO plugin v20.5 - https:\/\/yoast.com\/wordpress\/plugins\/seo\/ -->\n<title>Loj\u00e3o Super 25 inaugura em S\u00e3o Gotardo<\/title>\n<meta name=\"description\" content=\"Na grande inaugura\u00e7\u00e3o, centenas de pessoas marcaram presen\u00e7a e sa\u00edram de sacolas cheias do Loj\u00e3o Super 25.\" \/>\n<meta name=\"robots\" content=\"index, follow, max-snippet:-1, max-image-preview:large, max-video-preview:-1\" \/>\n<link rel=\"canonical\" href=\"https:\/\/www.sgagora.com.br\/sg\/lojao-super-25-inaugura-em-sao-gotardo\/\" \/>\n<meta property=\"og:locale\" content=\"pt_BR\" \/>\n<meta property=\"og:type\" content=\"article\" \/>\n<meta property=\"og:title\" content=\"Loj\u00e3o Super 25 inaugura em S\u00e3o Gotardo\" \/>\n<meta property=\"og:description\" content=\"Na grande inaugura\u00e7\u00e3o, centenas de pessoas marcaram presen\u00e7a e sa\u00edram de sacolas cheias do Loj\u00e3o Super 25.\" \/>\n<meta property=\"og:url\" content=\"https:\/\/www.sgagora.com.br\/sg\/lojao-super-25-inaugura-em-sao-gotardo\/\" \/>\n<meta property=\"og:site_name\" content=\"SGAgora\" \/>\n<meta property=\"article:publisher\" content=\"https:\/\/www.facebook.com\/sgagora\" \/>\n<meta property=\"article:published_time\" content=\"2024-04-02T14:05:08+00:00\" \/>\n<meta property=\"article:modified_time\" content=\"2024-04-09T18:51:10+00:00\" \/>\n<meta property=\"og:image\" content=\"https:\/\/www.sgagora.com.br\/sg\/wp-content\/uploads\/2024\/04\/IMG_8259.jpg\" \/>\n\t<meta property=\"og:image:width\" content=\"600\" \/>\n\t<meta property=\"og:image:height\" content=\"450\" \/>\n\t<meta property=\"og:image:type\" content=\"image\/jpeg\" \/>\n<meta name=\"author\" content=\"SG Agora\" \/>\n<meta name=\"twitter:label1\" content=\"Escrito por\" \/>\n\t<meta name=\"twitter:data1\" content=\"SG Agora\" \/>\n\t<meta name=\"twitter:label2\" content=\"Est. tempo de leitura\" \/>\n\t<meta name=\"twitter:data2\" content=\"3 minutos\" \/>\n<script type=\"application\/ld+json\" class=\"yoast-schema-graph\">{\"@context\":\"https:\/\/schema.org\",\"@graph\":[{\"@type\":\"WebPage\",\"@id\":\"https:\/\/www.sgagora.com.br\/sg\/lojao-super-25-inaugura-em-sao-gotardo\/\",\"url\":\"https:\/\/www.sgagora.com.br\/sg\/lojao-super-25-inaugura-em-sao-gotardo\/\",\"name\":\"Loj\u00e3o Super 25 inaugura em S\u00e3o Gotardo\",\"isPartOf\":{\"@id\":\"https:\/\/www.sgagora.com.br\/sg\/#website\"},\"datePublished\":\"2024-04-02T14:05:08+00:00\",\"dateModified\":\"2024-04-09T18:51:10+00:00\",\"author\":{\"@id\":\"https:\/\/www.sgagora.com.br\/sg\/#\/schema\/person\/2be62cfb47cee3e0b305e4f7a765ae41\"},\"description\":\"Na grande inaugura\u00e7\u00e3o, centenas de pessoas marcaram presen\u00e7a e sa\u00edram de sacolas cheias do Loj\u00e3o Super 25.\",\"breadcrumb\":{\"@id\":\"https:\/\/www.sgagora.com.br\/sg\/lojao-super-25-inaugura-em-sao-gotardo\/#breadcrumb\"},\"inLanguage\":\"pt-BR\",\"potentialAction\":[{\"@type\":\"ReadAction\",\"target\":[\"https:\/\/www.sgagora.com.br\/sg\/lojao-super-25-inaugura-em-sao-gotardo\/\"]}]},{\"@type\":\"BreadcrumbList\",\"@id\":\"https:\/\/www.sgagora.com.br\/sg\/lojao-super-25-inaugura-em-sao-gotardo\/#breadcrumb\",\"itemListElement\":[{\"@type\":\"ListItem\",\"position\":1,\"name\":\"In\u00edcio\",\"item\":\"https:\/\/www.sgagora.com.br\/sg\/\"},{\"@type\":\"ListItem\",\"position\":2,\"name\":\"Loj\u00e3o Super 25 inaugura em S\u00e3o Gotardo\"}]},{\"@type\":\"WebSite\",\"@id\":\"https:\/\/www.sgagora.com.br\/sg\/#website\",\"url\":\"https:\/\/www.sgagora.com.br\/sg\/\",\"name\":\"SGAgora\",\"description\":\"Not\u00edcias de S\u00e3o Gotardo\",\"potentialAction\":[{\"@type\":\"SearchAction\",\"target\":{\"@type\":\"EntryPoint\",\"urlTemplate\":\"https:\/\/www.sgagora.com.br\/sg\/?s={search_term_string}\"},\"query-input\":\"required name=search_term_string\"}],\"inLanguage\":\"pt-BR\"},{\"@type\":\"Person\",\"@id\":\"https:\/\/www.sgagora.com.br\/sg\/#\/schema\/person\/2be62cfb47cee3e0b305e4f7a765ae41\",\"name\":\"SG Agora\",\"image\":{\"@type\":\"ImageObject\",\"inLanguage\":\"pt-BR\",\"@id\":\"https:\/\/www.sgagora.com.br\/sg\/#\/schema\/person\/image\/\",\"url\":\"https:\/\/secure.gravatar.com\/avatar\/a0c612a9a8c3e7419d6fd4f92e749d8d?s=96&d=mm&r=g\",\"contentUrl\":\"https:\/\/secure.gravatar.com\/avatar\/a0c612a9a8c3e7419d6fd4f92e749d8d?s=96&d=mm&r=g\",\"caption\":\"SG Agora\"},\"url\":\"https:\/\/www.sgagora.com.br\/sg\/author\/admin\/\"}]}<\/script>\n<!-- \/ Yoast SEO plugin. -->","yoast_head_json":{"title":"Loj\u00e3o Super 25 inaugura em S\u00e3o Gotardo","description":"Na grande inaugura\u00e7\u00e3o, centenas de pessoas marcaram presen\u00e7a e sa\u00edram de sacolas cheias do Loj\u00e3o Super 25.","robots":{"index":"index","follow":"follow","max-snippet":"max-snippet:-1","max-image-preview":"max-image-preview:large","max-video-preview":"max-video-preview:-1"},"canonical":"https:\/\/www.sgagora.com.br\/sg\/lojao-super-25-inaugura-em-sao-gotardo\/","og_locale":"pt_BR","og_type":"article","og_title":"Loj\u00e3o Super 25 inaugura em S\u00e3o Gotardo","og_description":"Na grande inaugura\u00e7\u00e3o, centenas de pessoas marcaram presen\u00e7a e sa\u00edram de sacolas cheias do Loj\u00e3o Super 25.","og_url":"https:\/\/www.sgagora.com.br\/sg\/lojao-super-25-inaugura-em-sao-gotardo\/","og_site_name":"SGAgora","article_publisher":"https:\/\/www.facebook.com\/sgagora","article_published_time":"2024-04-02T14:05:08+00:00","article_modified_time":"2024-04-09T18:51:10+00:00","og_image":[{"width":600,"height":450,"url":"https:\/\/www.sgagora.com.br\/sg\/wp-content\/uploads\/2024\/04\/IMG_8259.jpg","type":"image\/jpeg"}],"author":"SG Agora","twitter_misc":{"Escrito por":"SG Agora","Est. tempo de leitura":"3 minutos"},"schema":{"@context":"https:\/\/schema.org","@graph":[{"@type":"WebPage","@id":"https:\/\/www.sgagora.com.br\/sg\/lojao-super-25-inaugura-em-sao-gotardo\/","url":"https:\/\/www.sgagora.com.br\/sg\/lojao-super-25-inaugura-em-sao-gotardo\/","name":"Loj\u00e3o Super 25 inaugura em S\u00e3o Gotardo","isPartOf":{"@id":"https:\/\/www.sgagora.com.br\/sg\/#website"},"datePublished":"2024-04-02T14:05:08+00:00","dateModified":"2024-04-09T18:51:10+00:00","author":{"@id":"https:\/\/www.sgagora.com.br\/sg\/#\/schema\/person\/2be62cfb47cee3e0b305e4f7a765ae41"},"description":"Na grande inaugura\u00e7\u00e3o, centenas de pessoas marcaram presen\u00e7a e sa\u00edram de sacolas cheias do Loj\u00e3o Super 25.","breadcrumb":{"@id":"https:\/\/www.sgagora.com.br\/sg\/lojao-super-25-inaugura-em-sao-gotardo\/#breadcrumb"},"inLanguage":"pt-BR","potentialAction":[{"@type":"ReadAction","target":["https:\/\/www.sgagora.com.br\/sg\/lojao-super-25-inaugura-em-sao-gotardo\/"]}]},{"@type":"BreadcrumbList","@id":"https:\/\/www.sgagora.com.br\/sg\/lojao-super-25-inaugura-em-sao-gotardo\/#breadcrumb","itemListElement":[{"@type":"ListItem","position":1,"name":"In\u00edcio","item":"https:\/\/www.sgagora.com.br\/sg\/"},{"@type":"ListItem","position":2,"name":"Loj\u00e3o Super 25 inaugura em S\u00e3o Gotardo"}]},{"@type":"WebSite","@id":"https:\/\/www.sgagora.com.br\/sg\/#website","url":"https:\/\/www.sgagora.com.br\/sg\/","name":"SGAgora","description":"Not\u00edcias de S\u00e3o Gotardo","potentialAction":[{"@type":"SearchAction","target":{"@type":"EntryPoint","urlTemplate":"https:\/\/www.sgagora.com.br\/sg\/?s={search_term_string}"},"query-input":"required name=search_term_string"}],"inLanguage":"pt-BR"},{"@type":"Person","@id":"https:\/\/www.sgagora.com.br\/sg\/#\/schema\/person\/2be62cfb47cee3e0b305e4f7a765ae41","name":"SG Agora","image":{"@type":"ImageObject","inLanguage":"pt-BR","@id":"https:\/\/www.sgagora.com.br\/sg\/#\/schema\/person\/image\/","url":"https:\/\/secure.gravatar.com\/avatar\/a0c612a9a8c3e7419d6fd4f92e749d8d?s=96&d=mm&r=g","contentUrl":"https:\/\/secure.gravatar.com\/avatar\/a0c612a9a8c3e7419d6fd4f92e749d8d?s=96&d=mm&r=g","caption":"SG Agora"},"url":"https:\/\/www.sgagora.com.br\/sg\/author\/admin\/"}]}},"_links":{"self":[{"href":"https:\/\/www.sgagora.com.br\/sg\/wp-json\/wp\/v2\/posts\/1000004278"}],"collection":[{"href":"https:\/\/www.sgagora.com.br\/sg\/wp-json\/wp\/v2\/posts"}],"about":[{"href":"https:\/\/www.sgagora.com.br\/sg\/wp-json\/wp\/v2\/types\/post"}],"author":[{"embeddable":true,"href":"https:\/\/www.sgagora.com.br\/sg\/wp-json\/wp\/v2\/users\/1"}],"replies":[{"embeddable":true,"href":"https:\/\/www.sgagora.com.br\/sg\/wp-json\/wp\/v2\/comments?post=1000004278"}],"version-history":[{"count":4,"href":"https:\/\/www.sgagora.com.br\/sg\/wp-json\/wp\/v2\/posts\/1000004278\/revisions"}],"predecessor-version":[{"id":1000004401,"href":"https:\/\/www.sgagora.com.br\/sg\/wp-json\/wp\/v2\/posts\/1000004278\/revisions\/1000004401"}],"wp:featuredmedia":[{"embeddable":true,"href":"https:\/\/www.sgagora.com.br\/sg\/wp-json\/wp\/v2\/media\/1000004281"}],"wp:attachment":[{"href":"https:\/\/www.sgagora.com.br\/sg\/wp-json\/wp\/v2\/media?parent=1000004278"}],"wp:term":[{"taxonomy":"category","embeddable":true,"href":"https:\/\/www.sgagora.com.br\/sg\/wp-json\/wp\/v2\/categories?post=1000004278"},{"taxonomy":"post_tag","embeddable":true,"href":"https:\/\/www.sgagora.com.br\/sg\/wp-json\/wp\/v2\/tags?post=1000004278"}],"curies":[{"name":"wp","href":"https:\/\/api.w.org\/{rel}","templated":true}]}}