{"id":1000004406,"date":"2024-04-15T20:46:06","date_gmt":"2024-04-15T23:46:06","guid":{"rendered":"https:\/\/www.sgagora.com.br\/sg\/?p=1000004406"},"modified":"2024-04-15T20:46:14","modified_gmt":"2024-04-15T23:46:14","slug":"crianca-e-atropelada-em-guarda-dos-ferreiros-e-motorista-acaba-preso-pela-pm","status":"publish","type":"post","link":"https:\/\/www.sgagora.com.br\/sg\/crianca-e-atropelada-em-guarda-dos-ferreiros-e-motorista-acaba-preso-pela-pm\/","title":{"rendered":"Crian\u00e7a \u00e9 atropelada em Guarda dos Ferreiros e motorista acaba preso pela PM"},"content":{"rendered":"<p style=\"text-align: center;\"><span style=\"color: #ff0000;\"><strong>CONTINUA AP\u00d3S A PUBLICIDADE<\/strong><\/span><img decoding=\"async\" loading=\"lazy\" class=\"aligncenter wp-image-1000004383 size-full\" src=\"https:\/\/www.sgagora.com.br\/sg\/wp-content\/uploads\/2024\/04\/GIF-Lojao-Super-25-3.gif\" alt=\"\" width=\"260\" height=\"260\" \/><\/p>\n<p><img decoding=\"async\" loading=\"lazy\" class=\"aligncenter wp-image-1000002907 size-full\" src=\"https:\/\/www.sgagora.com.br\/sg\/wp-content\/uploads\/2024\/01\/Design-sem-nome-5.gif\" alt=\"\" width=\"260\" height=\"260\" \/><\/p>\n<p style=\"text-align: justify;\">Na noite deste \u00faltimo domingo, 14 de Abril de 2024, no distrito de Guarda dos Ferreiros, um homem de 29 anos de idade foi preso, ap\u00f3s atropelar uma crian\u00e7a de 13 anos de idade. O condutor estava sob efeito de \u00e1lcool, conforme informou a Pol\u00edcia Militar \u00e0 Imprensa.<\/p>\n<p style=\"text-align: justify;\">Segundo informa\u00e7\u00f5es divulgadas pela Assessoria de Imprensa da 216\u00aa Cia. da PM (S\u00e3o Gotardo), uma viatura policial estava passando pela pela Avenida Hermenegildo Jos\u00e9 de Oliveira, em Guarda dos Ferreiros, quando se deparou com um acidente de tr\u00e2nsito e constatou que um ve\u00edculo Celta estava sobre a cal\u00e7ada e havia danificado o muro de uma resid\u00eancia no local.<\/p>\n<p style=\"text-align: justify;\">Em conversa com testemunhas que estavam no local, estes relataram que o condutor do ve\u00edculo teria passado sobre o canteiro central da citada avenida, atropelado uma menor de idade a qual teria sido socorrida ao hospital por populares.<\/p>\n<p style=\"text-align: center;\"><span style=\"color: #ff0000;\"><strong>CONTINUA AP\u00d3S A PUBLICIDADE<\/strong><\/span><img decoding=\"async\" loading=\"lazy\" class=\"aligncenter wp-image-1000001976 size-full\" src=\"https:\/\/www.sgagora.com.br\/sg\/wp-content\/uploads\/2019\/12\/GIF-PRONTO-ODONTO-COMPANY.gif\" alt=\"\" width=\"600\" height=\"260\" \/><\/p>\n<p style=\"text-align: justify;\">Ainda de acordo com a PM, o condutor do ve\u00edculo, um homem de 29 anos de idade, relatou aos policiais militares que quando trafegava pela avenida acima descrita uma pessoa teria adentrado repentinamente \u00e0 frente do ve\u00edculo e por esse motivo perdeu o controle direcional. Al\u00e9m do atropelamento e batida no muro, o ve\u00edculo tamb\u00e9m se chocou contra um poste de ilumina\u00e7\u00e3o p\u00fablica.<\/p>\n<p style=\"text-align: justify;\">Como procedimento de praxe, o condutor do ve\u00edculo, foi convidado a realizar o teste de alcoolemia, ficando constatado que o mesmo estava sob efeito de \u00e1lcool, al\u00e9m de n\u00e3o possui CNH ou Permiss\u00e3o Para Dirigir Ve\u00edculo Automotor. Diante dos fatos, o motorista\u00a0foi preso em flagrante delito e encaminhado \u00e0 Delegacia de Plant\u00e3o da Pol\u00edcia Civil de Minas Gerais.<\/p>\n<p style=\"text-align: justify;\">Feito contato no Pronto Atendimento em S\u00e3o Gotardo\/MG, constatou-se pela PM que a v\u00edtima do atropelamento se tratava de uma menor feminina de 13 anos de idade. Segundo informa\u00e7\u00f5es dos profissionais de sa\u00fade o estado de sa\u00fade da crian\u00e7a era grave e a mesma seria transferida para Patos de Minas, onde segue internada, encerrou a Assessoria de Imprensa da 216\u00aa Cia. da PM (S\u00e3o Gotardo).<\/p>\n<p style=\"text-align: center;\"><strong><span style=\"color: #ff0000;\">CONTINUA AP\u00d3S A PUBLICIDADE<\/span><\/strong><img decoding=\"async\" loading=\"lazy\" class=\"aligncenter wp-image-1000000180 size-full\" src=\"https:\/\/www.sgagora.com.br\/sg\/wp-content\/uploads\/2023\/04\/Anuncie-aqui.gif\" alt=\"\" width=\"260\" height=\"260\" \/><\/p>\n<p><img decoding=\"async\" loading=\"lazy\" class=\"aligncenter wp-image-1000000180 size-full\" src=\"https:\/\/www.sgagora.com.br\/sg\/wp-content\/uploads\/2023\/04\/Anuncie-aqui.gif\" alt=\"\" width=\"260\" height=\"260\" \/><\/p>\n<p><span style=\"color: #ffffff;\">.<\/span><\/p>\n<p style=\"text-align: justify;\"><em><strong>Reportagem: <\/strong>Diego Oliveira\/Portal SG AGORA \/ <strong>Fonte da Reportagem:<\/strong> Assessoria de Imprensa da 216\u00aa Cia. da PM (S\u00e3o Gotardo) \/ <strong>Foto Capa:<\/strong> Divulga\u00e7\u00e3o\/Redes Sociais<\/em><\/p>\n","protected":false},"excerpt":{"rendered":"<p>CONTINUA AP\u00d3S A PUBLICIDADE Na noite deste \u00faltimo domingo, 14 de Abril de 2024, no distrito de Guarda dos Ferreiros, um homem de 29 anos de idade foi preso, ap\u00f3s atropelar uma crian\u00e7a de 13 &#8230; <a class=\"readmore\" href=\"https:\/\/www.sgagora.com.br\/sg\/crianca-e-atropelada-em-guarda-dos-ferreiros-e-motorista-acaba-preso-pela-pm\/\">Leia Mais<\/a><\/p>\n","protected":false},"author":1,"featured_media":1000004408,"comment_status":"open","ping_status":"open","sticky":false,"template":"","format":"standard","meta":{"_bbp_topic_count":0,"_bbp_reply_count":0,"_bbp_total_topic_count":0,"_bbp_total_reply_count":0,"_bbp_voice_count":0,"_bbp_anonymous_reply_count":0,"_bbp_topic_count_hidden":0,"_bbp_reply_count_hidden":0,"_bbp_forum_subforum_count":0},"categories":[77,81],"tags":[1712,135],"yoast_head":"<!-- This site is optimized with the Yoast SEO plugin v20.5 - https:\/\/yoast.com\/wordpress\/plugins\/seo\/ -->\n<title>Crian\u00e7a \u00e9 atropelada em Guarda dos Ferreiros e motorista acaba preso pela PM<\/title>\n<meta name=\"description\" content=\"Na noite deste \u00faltimo domingo, 14 de Abril de 2024, no distrito de Guarda dos Ferreiros, um homem de 29 anos de idade foi preso, ap\u00f3s atropelar uma crian\u00e7a de 13 anos de idade.\" \/>\n<meta name=\"robots\" content=\"index, follow, max-snippet:-1, max-image-preview:large, max-video-preview:-1\" \/>\n<link rel=\"canonical\" href=\"https:\/\/www.sgagora.com.br\/sg\/crianca-e-atropelada-em-guarda-dos-ferreiros-e-motorista-acaba-preso-pela-pm\/\" \/>\n<meta property=\"og:locale\" content=\"pt_BR\" \/>\n<meta property=\"og:type\" content=\"article\" \/>\n<meta property=\"og:title\" content=\"Crian\u00e7a \u00e9 atropelada em Guarda dos Ferreiros e motorista acaba preso pela PM\" \/>\n<meta property=\"og:description\" content=\"Na noite deste \u00faltimo domingo, 14 de Abril de 2024, no distrito de Guarda dos Ferreiros, um homem de 29 anos de idade foi preso, ap\u00f3s atropelar uma crian\u00e7a de 13 anos de idade.\" \/>\n<meta property=\"og:url\" content=\"https:\/\/www.sgagora.com.br\/sg\/crianca-e-atropelada-em-guarda-dos-ferreiros-e-motorista-acaba-preso-pela-pm\/\" \/>\n<meta property=\"og:site_name\" content=\"SGAgora\" \/>\n<meta property=\"article:publisher\" content=\"https:\/\/www.facebook.com\/sgagora\" \/>\n<meta property=\"article:published_time\" content=\"2024-04-15T23:46:06+00:00\" \/>\n<meta property=\"article:modified_time\" content=\"2024-04-15T23:46:14+00:00\" \/>\n<meta property=\"og:image\" content=\"https:\/\/www.sgagora.com.br\/sg\/wp-content\/uploads\/2024\/04\/WhatsApp-Image-2024-04-15-at-08.55.57-1.jpeg\" \/>\n\t<meta property=\"og:image:width\" content=\"600\" \/>\n\t<meta property=\"og:image:height\" content=\"360\" \/>\n\t<meta property=\"og:image:type\" content=\"image\/jpeg\" \/>\n<meta name=\"author\" content=\"SG Agora\" \/>\n<meta name=\"twitter:label1\" content=\"Escrito por\" \/>\n\t<meta name=\"twitter:data1\" content=\"SG Agora\" \/>\n\t<meta name=\"twitter:label2\" content=\"Est. tempo de leitura\" \/>\n\t<meta name=\"twitter:data2\" content=\"4 minutos\" \/>\n<script type=\"application\/ld+json\" class=\"yoast-schema-graph\">{\"@context\":\"https:\/\/schema.org\",\"@graph\":[{\"@type\":\"WebPage\",\"@id\":\"https:\/\/www.sgagora.com.br\/sg\/crianca-e-atropelada-em-guarda-dos-ferreiros-e-motorista-acaba-preso-pela-pm\/\",\"url\":\"https:\/\/www.sgagora.com.br\/sg\/crianca-e-atropelada-em-guarda-dos-ferreiros-e-motorista-acaba-preso-pela-pm\/\",\"name\":\"Crian\u00e7a \u00e9 atropelada em Guarda dos Ferreiros e motorista acaba preso pela PM\",\"isPartOf\":{\"@id\":\"https:\/\/www.sgagora.com.br\/sg\/#website\"},\"datePublished\":\"2024-04-15T23:46:06+00:00\",\"dateModified\":\"2024-04-15T23:46:14+00:00\",\"author\":{\"@id\":\"https:\/\/www.sgagora.com.br\/sg\/#\/schema\/person\/2be62cfb47cee3e0b305e4f7a765ae41\"},\"description\":\"Na noite deste \u00faltimo domingo, 14 de Abril de 2024, no distrito de Guarda dos Ferreiros, um homem de 29 anos de idade foi preso, ap\u00f3s atropelar uma crian\u00e7a de 13 anos de idade.\",\"breadcrumb\":{\"@id\":\"https:\/\/www.sgagora.com.br\/sg\/crianca-e-atropelada-em-guarda-dos-ferreiros-e-motorista-acaba-preso-pela-pm\/#breadcrumb\"},\"inLanguage\":\"pt-BR\",\"potentialAction\":[{\"@type\":\"ReadAction\",\"target\":[\"https:\/\/www.sgagora.com.br\/sg\/crianca-e-atropelada-em-guarda-dos-ferreiros-e-motorista-acaba-preso-pela-pm\/\"]}]},{\"@type\":\"BreadcrumbList\",\"@id\":\"https:\/\/www.sgagora.com.br\/sg\/crianca-e-atropelada-em-guarda-dos-ferreiros-e-motorista-acaba-preso-pela-pm\/#breadcrumb\",\"itemListElement\":[{\"@type\":\"ListItem\",\"position\":1,\"name\":\"In\u00edcio\",\"item\":\"https:\/\/www.sgagora.com.br\/sg\/\"},{\"@type\":\"ListItem\",\"position\":2,\"name\":\"Crian\u00e7a \u00e9 atropelada em Guarda dos Ferreiros e motorista acaba preso pela PM\"}]},{\"@type\":\"WebSite\",\"@id\":\"https:\/\/www.sgagora.com.br\/sg\/#website\",\"url\":\"https:\/\/www.sgagora.com.br\/sg\/\",\"name\":\"SGAgora\",\"description\":\"Not\u00edcias de S\u00e3o Gotardo\",\"potentialAction\":[{\"@type\":\"SearchAction\",\"target\":{\"@type\":\"EntryPoint\",\"urlTemplate\":\"https:\/\/www.sgagora.com.br\/sg\/?s={search_term_string}\"},\"query-input\":\"required name=search_term_string\"}],\"inLanguage\":\"pt-BR\"},{\"@type\":\"Person\",\"@id\":\"https:\/\/www.sgagora.com.br\/sg\/#\/schema\/person\/2be62cfb47cee3e0b305e4f7a765ae41\",\"name\":\"SG Agora\",\"image\":{\"@type\":\"ImageObject\",\"inLanguage\":\"pt-BR\",\"@id\":\"https:\/\/www.sgagora.com.br\/sg\/#\/schema\/person\/image\/\",\"url\":\"https:\/\/secure.gravatar.com\/avatar\/a0c612a9a8c3e7419d6fd4f92e749d8d?s=96&d=mm&r=g\",\"contentUrl\":\"https:\/\/secure.gravatar.com\/avatar\/a0c612a9a8c3e7419d6fd4f92e749d8d?s=96&d=mm&r=g\",\"caption\":\"SG Agora\"},\"url\":\"https:\/\/www.sgagora.com.br\/sg\/author\/admin\/\"}]}<\/script>\n<!-- \/ Yoast SEO plugin. -->","yoast_head_json":{"title":"Crian\u00e7a \u00e9 atropelada em Guarda dos Ferreiros e motorista acaba preso pela PM","description":"Na noite deste \u00faltimo domingo, 14 de Abril de 2024, no distrito de Guarda dos Ferreiros, um homem de 29 anos de idade foi preso, ap\u00f3s atropelar uma crian\u00e7a de 13 anos de idade.","robots":{"index":"index","follow":"follow","max-snippet":"max-snippet:-1","max-image-preview":"max-image-preview:large","max-video-preview":"max-video-preview:-1"},"canonical":"https:\/\/www.sgagora.com.br\/sg\/crianca-e-atropelada-em-guarda-dos-ferreiros-e-motorista-acaba-preso-pela-pm\/","og_locale":"pt_BR","og_type":"article","og_title":"Crian\u00e7a \u00e9 atropelada em Guarda dos Ferreiros e motorista acaba preso pela PM","og_description":"Na noite deste \u00faltimo domingo, 14 de Abril de 2024, no distrito de Guarda dos Ferreiros, um homem de 29 anos de idade foi preso, ap\u00f3s atropelar uma crian\u00e7a de 13 anos de idade.","og_url":"https:\/\/www.sgagora.com.br\/sg\/crianca-e-atropelada-em-guarda-dos-ferreiros-e-motorista-acaba-preso-pela-pm\/","og_site_name":"SGAgora","article_publisher":"https:\/\/www.facebook.com\/sgagora","article_published_time":"2024-04-15T23:46:06+00:00","article_modified_time":"2024-04-15T23:46:14+00:00","og_image":[{"width":600,"height":360,"url":"https:\/\/www.sgagora.com.br\/sg\/wp-content\/uploads\/2024\/04\/WhatsApp-Image-2024-04-15-at-08.55.57-1.jpeg","type":"image\/jpeg"}],"author":"SG Agora","twitter_misc":{"Escrito por":"SG Agora","Est. tempo de leitura":"4 minutos"},"schema":{"@context":"https:\/\/schema.org","@graph":[{"@type":"WebPage","@id":"https:\/\/www.sgagora.com.br\/sg\/crianca-e-atropelada-em-guarda-dos-ferreiros-e-motorista-acaba-preso-pela-pm\/","url":"https:\/\/www.sgagora.com.br\/sg\/crianca-e-atropelada-em-guarda-dos-ferreiros-e-motorista-acaba-preso-pela-pm\/","name":"Crian\u00e7a \u00e9 atropelada em Guarda dos Ferreiros e motorista acaba preso pela PM","isPartOf":{"@id":"https:\/\/www.sgagora.com.br\/sg\/#website"},"datePublished":"2024-04-15T23:46:06+00:00","dateModified":"2024-04-15T23:46:14+00:00","author":{"@id":"https:\/\/www.sgagora.com.br\/sg\/#\/schema\/person\/2be62cfb47cee3e0b305e4f7a765ae41"},"description":"Na noite deste \u00faltimo domingo, 14 de Abril de 2024, no distrito de Guarda dos Ferreiros, um homem de 29 anos de idade foi preso, ap\u00f3s atropelar uma crian\u00e7a de 13 anos de idade.","breadcrumb":{"@id":"https:\/\/www.sgagora.com.br\/sg\/crianca-e-atropelada-em-guarda-dos-ferreiros-e-motorista-acaba-preso-pela-pm\/#breadcrumb"},"inLanguage":"pt-BR","potentialAction":[{"@type":"ReadAction","target":["https:\/\/www.sgagora.com.br\/sg\/crianca-e-atropelada-em-guarda-dos-ferreiros-e-motorista-acaba-preso-pela-pm\/"]}]},{"@type":"BreadcrumbList","@id":"https:\/\/www.sgagora.com.br\/sg\/crianca-e-atropelada-em-guarda-dos-ferreiros-e-motorista-acaba-preso-pela-pm\/#breadcrumb","itemListElement":[{"@type":"ListItem","position":1,"name":"In\u00edcio","item":"https:\/\/www.sgagora.com.br\/sg\/"},{"@type":"ListItem","position":2,"name":"Crian\u00e7a \u00e9 atropelada em Guarda dos Ferreiros e motorista acaba preso pela PM"}]},{"@type":"WebSite","@id":"https:\/\/www.sgagora.com.br\/sg\/#website","url":"https:\/\/www.sgagora.com.br\/sg\/","name":"SGAgora","description":"Not\u00edcias de S\u00e3o Gotardo","potentialAction":[{"@type":"SearchAction","target":{"@type":"EntryPoint","urlTemplate":"https:\/\/www.sgagora.com.br\/sg\/?s={search_term_string}"},"query-input":"required name=search_term_string"}],"inLanguage":"pt-BR"},{"@type":"Person","@id":"https:\/\/www.sgagora.com.br\/sg\/#\/schema\/person\/2be62cfb47cee3e0b305e4f7a765ae41","name":"SG Agora","image":{"@type":"ImageObject","inLanguage":"pt-BR","@id":"https:\/\/www.sgagora.com.br\/sg\/#\/schema\/person\/image\/","url":"https:\/\/secure.gravatar.com\/avatar\/a0c612a9a8c3e7419d6fd4f92e749d8d?s=96&d=mm&r=g","contentUrl":"https:\/\/secure.gravatar.com\/avatar\/a0c612a9a8c3e7419d6fd4f92e749d8d?s=96&d=mm&r=g","caption":"SG Agora"},"url":"https:\/\/www.sgagora.com.br\/sg\/author\/admin\/"}]}},"_links":{"self":[{"href":"https:\/\/www.sgagora.com.br\/sg\/wp-json\/wp\/v2\/posts\/1000004406"}],"collection":[{"href":"https:\/\/www.sgagora.com.br\/sg\/wp-json\/wp\/v2\/posts"}],"about":[{"href":"https:\/\/www.sgagora.com.br\/sg\/wp-json\/wp\/v2\/types\/post"}],"author":[{"embeddable":true,"href":"https:\/\/www.sgagora.com.br\/sg\/wp-json\/wp\/v2\/users\/1"}],"replies":[{"embeddable":true,"href":"https:\/\/www.sgagora.com.br\/sg\/wp-json\/wp\/v2\/comments?post=1000004406"}],"version-history":[{"count":1,"href":"https:\/\/www.sgagora.com.br\/sg\/wp-json\/wp\/v2\/posts\/1000004406\/revisions"}],"predecessor-version":[{"id":1000004410,"href":"https:\/\/www.sgagora.com.br\/sg\/wp-json\/wp\/v2\/posts\/1000004406\/revisions\/1000004410"}],"wp:featuredmedia":[{"embeddable":true,"href":"https:\/\/www.sgagora.com.br\/sg\/wp-json\/wp\/v2\/media\/1000004408"}],"wp:attachment":[{"href":"https:\/\/www.sgagora.com.br\/sg\/wp-json\/wp\/v2\/media?parent=1000004406"}],"wp:term":[{"taxonomy":"category","embeddable":true,"href":"https:\/\/www.sgagora.com.br\/sg\/wp-json\/wp\/v2\/categories?post=1000004406"},{"taxonomy":"post_tag","embeddable":true,"href":"https:\/\/www.sgagora.com.br\/sg\/wp-json\/wp\/v2\/tags?post=1000004406"}],"curies":[{"name":"wp","href":"https:\/\/api.w.org\/{rel}","templated":true}]}}