{"id":1000004995,"date":"2024-07-16T15:38:33","date_gmt":"2024-07-16T18:38:33","guid":{"rendered":"https:\/\/www.sgagora.com.br\/sg\/?p=1000004995"},"modified":"2024-08-01T17:48:21","modified_gmt":"2024-08-01T20:48:21","slug":"atualizada-homem-e-encontrado-morto-proximo-ao-balneario-em-sao-gotardo-oito-pessoas-sao-presas-suspeitas-de-participar-do-crime","status":"publish","type":"post","link":"https:\/\/www.sgagora.com.br\/sg\/atualizada-homem-e-encontrado-morto-proximo-ao-balneario-em-sao-gotardo-oito-pessoas-sao-presas-suspeitas-de-participar-do-crime\/","title":{"rendered":"Atualizada: Homem \u00e9 encontrado morto pr\u00f3ximo ao Balne\u00e1rio, em S\u00e3o Gotardo. Oito pessoas s\u00e3o presas suspeitas de participar do crime"},"content":{"rendered":"<p style=\"text-align: center;\"><span style=\"color: #ff0000;\"><strong>CONTINUA AP\u00d3S A PUBLICIDADE<\/strong><\/span><img decoding=\"async\" loading=\"lazy\" class=\"aligncenter wp-image-1000004383 size-full\" src=\"https:\/\/www.sgagora.com.br\/sg\/wp-content\/uploads\/2024\/04\/GIF-Lojao-Super-25-3.gif\" alt=\"\" width=\"260\" height=\"260\" \/><\/p>\n<p><img decoding=\"async\" loading=\"lazy\" class=\"aligncenter wp-image-1000002907 size-full\" src=\"https:\/\/www.sgagora.com.br\/sg\/wp-content\/uploads\/2024\/01\/Design-sem-nome-5.gif\" alt=\"\" width=\"260\" height=\"260\" \/><\/p>\n<p style=\"text-align: justify;\">Na manh\u00e3 desta \u00faltima segunda-feira, 15 de Julho de 2024, um homem de 29 anos de idade, foi encontrado morto no final da Avenida Rio Branco, pr\u00f3ximo ao Balne\u00e1rio, em S\u00e3o Gotardo. Oito pessoas suspeitas de envolvimento direto no crime foram presas pela Pol\u00edcia Militar, um homem de S\u00e3o Gotardo, tr\u00eas homens do distrito de Guarda dos Ferreiros e quatro homens moradores da cidade de Piumhi\/MG.<\/p>\n<p style=\"text-align: justify;\">Segundo informa\u00e7\u00f5es divulgadas pela Assessoria de Imprensa da Pol\u00edcia Militar de S\u00e3o Gotardo (216\u00aa Cia.), na data de 15\/07\/2024 por volta de 06 horas da manh\u00e3, acionada, a Pol\u00edcia Militar compareceu a final da Avenida Rio Branco, ap\u00f3s a esta\u00e7\u00e3o da Copasa, na cidade de S\u00e3o Gotardo\/MG, uma vez que havia informa\u00e7\u00f5es de que no local estaria um indiv\u00edduo ferido ca\u00eddo ao solo.<\/p>\n<p style=\"text-align: justify;\">De imediato,\u00a0 equipes da PM e SAMU deslocaram at\u00e9 o local e ao chegar foi constatado pelo profissional da \u00e1rea de sa\u00fade que o indiv\u00edduo que estava ca\u00eddo ao lado da via, com um ferimento na cabe\u00e7a, proveniente de arma de fogo, j\u00e1 estava sem vida. Diante dos fatos, o local de crime foi isolado e acionada a per\u00edcia t\u00e9cnica que compareceu e realizou seus trabalhos, sendo a v\u00edtima identificada um homem, de 29 anos de idade.<\/p>\n<p style=\"text-align: justify;\">Ap\u00f3s levantamento de imagens de diversas c\u00e2meras de seguran\u00e7a e intensos trabalhos de rastreamento da Pol\u00edcia, constatou-se que a v\u00edtima havia deixado um bar na cidade de S\u00e3o Gotardo\/MG na companhia de alguns indiv\u00edduos, j\u00e1 no in\u00edcio da madrugada sendo colocado no interior de um ve\u00edculo, quais foram na via seguidos por uma motocicleta com um ocupante.\u00a0\u00a0Durante as dilig\u00eancias, ficou constatado que os indiv\u00edduos respons\u00e1veis pelos ve\u00edculos residiam no Distrito de Guarda dos Ferreiros\/MG.<\/p>\n<p style=\"text-align: center;\"><span style=\"color: #ff0000;\"><strong>CONTINUA AP\u00d3S A PUBLICIDADE<\/strong><\/span><img decoding=\"async\" loading=\"lazy\" class=\"aligncenter wp-image-1000001976 size-full\" src=\"https:\/\/www.sgagora.com.br\/sg\/wp-content\/uploads\/2019\/12\/GIF-PRONTO-ODONTO-COMPANY.gif\" alt=\"\" width=\"600\" height=\"260\" \/><\/p>\n<p style=\"text-align: justify;\">Com a suspeita, guarni\u00e7\u00f5es da PM deslocaram ao local e foram efetuadas as pris\u00f5es de dois indiv\u00edduos masculinos, ambos de 24 anos de idade, localizada a arma utilizada para o cometimento do crime, um rev\u00f3lver calibre 38 com 02 cartuchos do mesmo calibre.<\/p>\n<p style=\"text-align: justify;\">O ve\u00edculo no qual a v\u00edtima havia adentrado juntamente com outros indiv\u00edduos momento antes do crime, assim como a motocicleta que os seguiu pela via com um ocupante,\u00a0 tamb\u00e9m foram localizados e apreendidos. Foram localizadas ainda na resid\u00eancia drogas il\u00edcitas as quais foram apreendidas pelos militares.<\/p>\n<p style=\"text-align: justify;\">Em continuidade aos levantamentos, foi identificado que os demais indiv\u00edduos que haviam adentrado ao ve\u00edculo juntamente com a v\u00edtima, momentos antes ao cometimento do crime, haviam evadido para a cidade de Piumhi\/MG. Foi ent\u00e3o localizado pela PM, o cidad\u00e3o que deu fuga aos indiv\u00edduos, um homem de 55 anos de idade, sendo o mesmo preso em flagrante delito, assim como o seu ve\u00edculo apreendido.<\/p>\n<p style=\"text-align: justify;\">Ainda de acordo com as informa\u00e7\u00f5es divulgadas, a Pol\u00edcia Militar tamb\u00e9m realizou dilig\u00eancias na cidade de Piumhi\/MG e efetuou a pris\u00e3o de outros quatro indiv\u00edduos masculinos, tr\u00eas deles de 19 anos de idade e um de 20 anos de idade por participa\u00e7\u00e3o no crime de homic\u00eddio al\u00e9m de pris\u00e3o tamb\u00e9m de um cidad\u00e3o masculino de 36 anos que ocultava tais indiv\u00edduos em sua resid\u00eancia na cidade de Piumhi\/MG.<\/p>\n<p style=\"text-align: justify;\">Todos os indiv\u00edduos presos e materiais apreendidos foram encaminhados \u00e0 delegacia da Pol\u00edcia Civil de Minas Gerais, para continuidade da investiga\u00e7\u00e3o do crime, encerrou a nota oficial divulgada pela Assessoria de Imprensa da Pol\u00edcia Militar de S\u00e3o Gotardo (216\u00aa Cia.).<\/p>\n<p style=\"text-align: center;\"><strong><span style=\"color: #ff0000;\">CONTINUA AP\u00d3S A PUBLICIDADE<\/span><\/strong><img decoding=\"async\" loading=\"lazy\" class=\"aligncenter wp-image-1000004773 size-full\" src=\"https:\/\/www.sgagora.com.br\/sg\/wp-content\/uploads\/2024\/05\/GIF-SICREDI-SAO-GOTARDO.gif\" alt=\"\" width=\"260\" height=\"260\" \/><\/p>\n<p><img decoding=\"async\" loading=\"lazy\" class=\"aligncenter wp-image-1000000180 size-full\" src=\"https:\/\/www.sgagora.com.br\/sg\/wp-content\/uploads\/2023\/04\/Anuncie-aqui.gif\" alt=\"\" width=\"260\" height=\"260\" \/><\/p>\n<p><span style=\"color: #ffffff;\">.<\/span><\/p>\n<p style=\"text-align: justify;\"><em><strong>Reportagem:<\/strong> Diego Oliveira\/Portal SG AGORA \/ <strong>Fonte da Reportagem:<\/strong> Assessoria de Imprensa da Pol\u00edcia Militar de S\u00e3o Gotardo (216\u00aa Cia.) \/ <strong>Foto Capa:<\/strong> Recebida Via WhatsApp<\/em><\/p>\n","protected":false},"excerpt":{"rendered":"<p>CONTINUA AP\u00d3S A PUBLICIDADE Na manh\u00e3 desta \u00faltima segunda-feira, 15 de Julho de 2024, um homem de 29 anos de idade, foi encontrado morto no final da Avenida Rio Branco, pr\u00f3ximo ao Balne\u00e1rio, em S\u00e3o &#8230; <a class=\"readmore\" href=\"https:\/\/www.sgagora.com.br\/sg\/atualizada-homem-e-encontrado-morto-proximo-ao-balneario-em-sao-gotardo-oito-pessoas-sao-presas-suspeitas-de-participar-do-crime\/\">Leia Mais<\/a><\/p>\n","protected":false},"author":1,"featured_media":1000004998,"comment_status":"open","ping_status":"open","sticky":false,"template":"","format":"standard","meta":{"_bbp_topic_count":0,"_bbp_reply_count":0,"_bbp_total_topic_count":0,"_bbp_total_reply_count":0,"_bbp_voice_count":0,"_bbp_anonymous_reply_count":0,"_bbp_topic_count_hidden":0,"_bbp_reply_count_hidden":0,"_bbp_forum_subforum_count":0},"categories":[84,77,81],"tags":[158,21178,138],"yoast_head":"<!-- This site is optimized with the Yoast SEO plugin v20.5 - https:\/\/yoast.com\/wordpress\/plugins\/seo\/ -->\n<title>Atualizada: Homem \u00e9 encontrado morto pr\u00f3ximo ao Balne\u00e1rio, em S\u00e3o Gotardo. Oito pessoas s\u00e3o presas suspeitas de participar do crime<\/title>\n<meta name=\"description\" content=\"Na manh\u00e3 desta \u00faltima segunda-feira, 15 de Julho de 2024, um homem de 29 anos de idade, foi encontrado morto no final da Avenida Rio Branco, pr\u00f3ximo ao Balne\u00e1rio, em S\u00e3o Gotardo.\" \/>\n<meta name=\"robots\" content=\"index, follow, max-snippet:-1, max-image-preview:large, max-video-preview:-1\" \/>\n<link rel=\"canonical\" href=\"https:\/\/www.sgagora.com.br\/sg\/atualizada-homem-e-encontrado-morto-proximo-ao-balneario-em-sao-gotardo-oito-pessoas-sao-presas-suspeitas-de-participar-do-crime\/\" \/>\n<meta property=\"og:locale\" content=\"pt_BR\" \/>\n<meta property=\"og:type\" content=\"article\" \/>\n<meta property=\"og:title\" content=\"Atualizada: Homem \u00e9 encontrado morto pr\u00f3ximo ao Balne\u00e1rio, em S\u00e3o Gotardo. Oito pessoas s\u00e3o presas suspeitas de participar do crime\" \/>\n<meta property=\"og:description\" content=\"Na manh\u00e3 desta \u00faltima segunda-feira, 15 de Julho de 2024, um homem de 29 anos de idade, foi encontrado morto no final da Avenida Rio Branco, pr\u00f3ximo ao Balne\u00e1rio, em S\u00e3o Gotardo.\" \/>\n<meta property=\"og:url\" content=\"https:\/\/www.sgagora.com.br\/sg\/atualizada-homem-e-encontrado-morto-proximo-ao-balneario-em-sao-gotardo-oito-pessoas-sao-presas-suspeitas-de-participar-do-crime\/\" \/>\n<meta property=\"og:site_name\" content=\"SGAgora\" \/>\n<meta property=\"article:publisher\" content=\"https:\/\/www.facebook.com\/sgagora\" \/>\n<meta property=\"article:published_time\" content=\"2024-07-16T18:38:33+00:00\" \/>\n<meta property=\"article:modified_time\" content=\"2024-08-01T20:48:21+00:00\" \/>\n<meta property=\"og:image\" content=\"https:\/\/www.sgagora.com.br\/sg\/wp-content\/uploads\/2024\/07\/e105600e-0d74-40a2-8145-a94aa99d10a1.jpg\" \/>\n\t<meta property=\"og:image:width\" content=\"600\" \/>\n\t<meta property=\"og:image:height\" content=\"427\" \/>\n\t<meta property=\"og:image:type\" content=\"image\/jpeg\" \/>\n<meta name=\"author\" content=\"SG Agora\" \/>\n<meta name=\"twitter:label1\" content=\"Escrito por\" \/>\n\t<meta name=\"twitter:data1\" content=\"SG Agora\" \/>\n\t<meta name=\"twitter:label2\" content=\"Est. tempo de leitura\" \/>\n\t<meta name=\"twitter:data2\" content=\"5 minutos\" \/>\n<script type=\"application\/ld+json\" class=\"yoast-schema-graph\">{\"@context\":\"https:\/\/schema.org\",\"@graph\":[{\"@type\":\"WebPage\",\"@id\":\"https:\/\/www.sgagora.com.br\/sg\/atualizada-homem-e-encontrado-morto-proximo-ao-balneario-em-sao-gotardo-oito-pessoas-sao-presas-suspeitas-de-participar-do-crime\/\",\"url\":\"https:\/\/www.sgagora.com.br\/sg\/atualizada-homem-e-encontrado-morto-proximo-ao-balneario-em-sao-gotardo-oito-pessoas-sao-presas-suspeitas-de-participar-do-crime\/\",\"name\":\"Atualizada: Homem \u00e9 encontrado morto pr\u00f3ximo ao Balne\u00e1rio, em S\u00e3o Gotardo. Oito pessoas s\u00e3o presas suspeitas de participar do crime\",\"isPartOf\":{\"@id\":\"https:\/\/www.sgagora.com.br\/sg\/#website\"},\"datePublished\":\"2024-07-16T18:38:33+00:00\",\"dateModified\":\"2024-08-01T20:48:21+00:00\",\"author\":{\"@id\":\"https:\/\/www.sgagora.com.br\/sg\/#\/schema\/person\/2be62cfb47cee3e0b305e4f7a765ae41\"},\"description\":\"Na manh\u00e3 desta \u00faltima segunda-feira, 15 de Julho de 2024, um homem de 29 anos de idade, foi encontrado morto no final da Avenida Rio Branco, pr\u00f3ximo ao Balne\u00e1rio, em S\u00e3o Gotardo.\",\"breadcrumb\":{\"@id\":\"https:\/\/www.sgagora.com.br\/sg\/atualizada-homem-e-encontrado-morto-proximo-ao-balneario-em-sao-gotardo-oito-pessoas-sao-presas-suspeitas-de-participar-do-crime\/#breadcrumb\"},\"inLanguage\":\"pt-BR\",\"potentialAction\":[{\"@type\":\"ReadAction\",\"target\":[\"https:\/\/www.sgagora.com.br\/sg\/atualizada-homem-e-encontrado-morto-proximo-ao-balneario-em-sao-gotardo-oito-pessoas-sao-presas-suspeitas-de-participar-do-crime\/\"]}]},{\"@type\":\"BreadcrumbList\",\"@id\":\"https:\/\/www.sgagora.com.br\/sg\/atualizada-homem-e-encontrado-morto-proximo-ao-balneario-em-sao-gotardo-oito-pessoas-sao-presas-suspeitas-de-participar-do-crime\/#breadcrumb\",\"itemListElement\":[{\"@type\":\"ListItem\",\"position\":1,\"name\":\"In\u00edcio\",\"item\":\"https:\/\/www.sgagora.com.br\/sg\/\"},{\"@type\":\"ListItem\",\"position\":2,\"name\":\"Atualizada: Homem \u00e9 encontrado morto pr\u00f3ximo ao Balne\u00e1rio, em S\u00e3o Gotardo. Oito pessoas s\u00e3o presas suspeitas de participar do crime\"}]},{\"@type\":\"WebSite\",\"@id\":\"https:\/\/www.sgagora.com.br\/sg\/#website\",\"url\":\"https:\/\/www.sgagora.com.br\/sg\/\",\"name\":\"SGAgora\",\"description\":\"Not\u00edcias de S\u00e3o Gotardo\",\"potentialAction\":[{\"@type\":\"SearchAction\",\"target\":{\"@type\":\"EntryPoint\",\"urlTemplate\":\"https:\/\/www.sgagora.com.br\/sg\/?s={search_term_string}\"},\"query-input\":\"required name=search_term_string\"}],\"inLanguage\":\"pt-BR\"},{\"@type\":\"Person\",\"@id\":\"https:\/\/www.sgagora.com.br\/sg\/#\/schema\/person\/2be62cfb47cee3e0b305e4f7a765ae41\",\"name\":\"SG Agora\",\"image\":{\"@type\":\"ImageObject\",\"inLanguage\":\"pt-BR\",\"@id\":\"https:\/\/www.sgagora.com.br\/sg\/#\/schema\/person\/image\/\",\"url\":\"https:\/\/secure.gravatar.com\/avatar\/a0c612a9a8c3e7419d6fd4f92e749d8d?s=96&d=mm&r=g\",\"contentUrl\":\"https:\/\/secure.gravatar.com\/avatar\/a0c612a9a8c3e7419d6fd4f92e749d8d?s=96&d=mm&r=g\",\"caption\":\"SG Agora\"},\"url\":\"https:\/\/www.sgagora.com.br\/sg\/author\/admin\/\"}]}<\/script>\n<!-- \/ Yoast SEO plugin. -->","yoast_head_json":{"title":"Atualizada: Homem \u00e9 encontrado morto pr\u00f3ximo ao Balne\u00e1rio, em S\u00e3o Gotardo. Oito pessoas s\u00e3o presas suspeitas de participar do crime","description":"Na manh\u00e3 desta \u00faltima segunda-feira, 15 de Julho de 2024, um homem de 29 anos de idade, foi encontrado morto no final da Avenida Rio Branco, pr\u00f3ximo ao Balne\u00e1rio, em S\u00e3o Gotardo.","robots":{"index":"index","follow":"follow","max-snippet":"max-snippet:-1","max-image-preview":"max-image-preview:large","max-video-preview":"max-video-preview:-1"},"canonical":"https:\/\/www.sgagora.com.br\/sg\/atualizada-homem-e-encontrado-morto-proximo-ao-balneario-em-sao-gotardo-oito-pessoas-sao-presas-suspeitas-de-participar-do-crime\/","og_locale":"pt_BR","og_type":"article","og_title":"Atualizada: Homem \u00e9 encontrado morto pr\u00f3ximo ao Balne\u00e1rio, em S\u00e3o Gotardo. Oito pessoas s\u00e3o presas suspeitas de participar do crime","og_description":"Na manh\u00e3 desta \u00faltima segunda-feira, 15 de Julho de 2024, um homem de 29 anos de idade, foi encontrado morto no final da Avenida Rio Branco, pr\u00f3ximo ao Balne\u00e1rio, em S\u00e3o Gotardo.","og_url":"https:\/\/www.sgagora.com.br\/sg\/atualizada-homem-e-encontrado-morto-proximo-ao-balneario-em-sao-gotardo-oito-pessoas-sao-presas-suspeitas-de-participar-do-crime\/","og_site_name":"SGAgora","article_publisher":"https:\/\/www.facebook.com\/sgagora","article_published_time":"2024-07-16T18:38:33+00:00","article_modified_time":"2024-08-01T20:48:21+00:00","og_image":[{"width":600,"height":427,"url":"https:\/\/www.sgagora.com.br\/sg\/wp-content\/uploads\/2024\/07\/e105600e-0d74-40a2-8145-a94aa99d10a1.jpg","type":"image\/jpeg"}],"author":"SG Agora","twitter_misc":{"Escrito por":"SG Agora","Est. tempo de leitura":"5 minutos"},"schema":{"@context":"https:\/\/schema.org","@graph":[{"@type":"WebPage","@id":"https:\/\/www.sgagora.com.br\/sg\/atualizada-homem-e-encontrado-morto-proximo-ao-balneario-em-sao-gotardo-oito-pessoas-sao-presas-suspeitas-de-participar-do-crime\/","url":"https:\/\/www.sgagora.com.br\/sg\/atualizada-homem-e-encontrado-morto-proximo-ao-balneario-em-sao-gotardo-oito-pessoas-sao-presas-suspeitas-de-participar-do-crime\/","name":"Atualizada: Homem \u00e9 encontrado morto pr\u00f3ximo ao Balne\u00e1rio, em S\u00e3o Gotardo. Oito pessoas s\u00e3o presas suspeitas de participar do crime","isPartOf":{"@id":"https:\/\/www.sgagora.com.br\/sg\/#website"},"datePublished":"2024-07-16T18:38:33+00:00","dateModified":"2024-08-01T20:48:21+00:00","author":{"@id":"https:\/\/www.sgagora.com.br\/sg\/#\/schema\/person\/2be62cfb47cee3e0b305e4f7a765ae41"},"description":"Na manh\u00e3 desta \u00faltima segunda-feira, 15 de Julho de 2024, um homem de 29 anos de idade, foi encontrado morto no final da Avenida Rio Branco, pr\u00f3ximo ao Balne\u00e1rio, em S\u00e3o Gotardo.","breadcrumb":{"@id":"https:\/\/www.sgagora.com.br\/sg\/atualizada-homem-e-encontrado-morto-proximo-ao-balneario-em-sao-gotardo-oito-pessoas-sao-presas-suspeitas-de-participar-do-crime\/#breadcrumb"},"inLanguage":"pt-BR","potentialAction":[{"@type":"ReadAction","target":["https:\/\/www.sgagora.com.br\/sg\/atualizada-homem-e-encontrado-morto-proximo-ao-balneario-em-sao-gotardo-oito-pessoas-sao-presas-suspeitas-de-participar-do-crime\/"]}]},{"@type":"BreadcrumbList","@id":"https:\/\/www.sgagora.com.br\/sg\/atualizada-homem-e-encontrado-morto-proximo-ao-balneario-em-sao-gotardo-oito-pessoas-sao-presas-suspeitas-de-participar-do-crime\/#breadcrumb","itemListElement":[{"@type":"ListItem","position":1,"name":"In\u00edcio","item":"https:\/\/www.sgagora.com.br\/sg\/"},{"@type":"ListItem","position":2,"name":"Atualizada: Homem \u00e9 encontrado morto pr\u00f3ximo ao Balne\u00e1rio, em S\u00e3o Gotardo. Oito pessoas s\u00e3o presas suspeitas de participar do crime"}]},{"@type":"WebSite","@id":"https:\/\/www.sgagora.com.br\/sg\/#website","url":"https:\/\/www.sgagora.com.br\/sg\/","name":"SGAgora","description":"Not\u00edcias de S\u00e3o Gotardo","potentialAction":[{"@type":"SearchAction","target":{"@type":"EntryPoint","urlTemplate":"https:\/\/www.sgagora.com.br\/sg\/?s={search_term_string}"},"query-input":"required name=search_term_string"}],"inLanguage":"pt-BR"},{"@type":"Person","@id":"https:\/\/www.sgagora.com.br\/sg\/#\/schema\/person\/2be62cfb47cee3e0b305e4f7a765ae41","name":"SG Agora","image":{"@type":"ImageObject","inLanguage":"pt-BR","@id":"https:\/\/www.sgagora.com.br\/sg\/#\/schema\/person\/image\/","url":"https:\/\/secure.gravatar.com\/avatar\/a0c612a9a8c3e7419d6fd4f92e749d8d?s=96&d=mm&r=g","contentUrl":"https:\/\/secure.gravatar.com\/avatar\/a0c612a9a8c3e7419d6fd4f92e749d8d?s=96&d=mm&r=g","caption":"SG Agora"},"url":"https:\/\/www.sgagora.com.br\/sg\/author\/admin\/"}]}},"_links":{"self":[{"href":"https:\/\/www.sgagora.com.br\/sg\/wp-json\/wp\/v2\/posts\/1000004995"}],"collection":[{"href":"https:\/\/www.sgagora.com.br\/sg\/wp-json\/wp\/v2\/posts"}],"about":[{"href":"https:\/\/www.sgagora.com.br\/sg\/wp-json\/wp\/v2\/types\/post"}],"author":[{"embeddable":true,"href":"https:\/\/www.sgagora.com.br\/sg\/wp-json\/wp\/v2\/users\/1"}],"replies":[{"embeddable":true,"href":"https:\/\/www.sgagora.com.br\/sg\/wp-json\/wp\/v2\/comments?post=1000004995"}],"version-history":[{"count":2,"href":"https:\/\/www.sgagora.com.br\/sg\/wp-json\/wp\/v2\/posts\/1000004995\/revisions"}],"predecessor-version":[{"id":1000005410,"href":"https:\/\/www.sgagora.com.br\/sg\/wp-json\/wp\/v2\/posts\/1000004995\/revisions\/1000005410"}],"wp:featuredmedia":[{"embeddable":true,"href":"https:\/\/www.sgagora.com.br\/sg\/wp-json\/wp\/v2\/media\/1000004998"}],"wp:attachment":[{"href":"https:\/\/www.sgagora.com.br\/sg\/wp-json\/wp\/v2\/media?parent=1000004995"}],"wp:term":[{"taxonomy":"category","embeddable":true,"href":"https:\/\/www.sgagora.com.br\/sg\/wp-json\/wp\/v2\/categories?post=1000004995"},{"taxonomy":"post_tag","embeddable":true,"href":"https:\/\/www.sgagora.com.br\/sg\/wp-json\/wp\/v2\/tags?post=1000004995"}],"curies":[{"name":"wp","href":"https:\/\/api.w.org\/{rel}","templated":true}]}}