{"id":1000005370,"date":"2024-07-22T22:22:00","date_gmt":"2024-07-23T01:22:00","guid":{"rendered":"https:\/\/www.sgagora.com.br\/sg\/?p=1000005370"},"modified":"2024-07-22T22:22:08","modified_gmt":"2024-07-23T01:22:08","slug":"homem-morre-apos-cair-de-escada-de-maquinario-na-zona-rural-de-campos-altos","status":"publish","type":"post","link":"https:\/\/www.sgagora.com.br\/sg\/homem-morre-apos-cair-de-escada-de-maquinario-na-zona-rural-de-campos-altos\/","title":{"rendered":"Homem morre ap\u00f3s cair de escada de maquin\u00e1rio na zona rural de Campos Altos"},"content":{"rendered":"<p style=\"text-align: center;\"><span style=\"color: #ff0000;\"><strong>CONTINUA AP\u00d3S A PUBLICIDADE<\/strong><\/span><img decoding=\"async\" loading=\"lazy\" class=\"aligncenter wp-image-1000004383 size-full\" src=\"https:\/\/www.sgagora.com.br\/sg\/wp-content\/uploads\/2024\/04\/GIF-Lojao-Super-25-3.gif\" alt=\"\" width=\"260\" height=\"260\" \/><\/p>\n<p><img decoding=\"async\" loading=\"lazy\" class=\"aligncenter wp-image-1000002907 size-full\" src=\"https:\/\/www.sgagora.com.br\/sg\/wp-content\/uploads\/2024\/01\/Design-sem-nome-5.gif\" alt=\"\" width=\"260\" height=\"260\" \/><\/p>\n<p style=\"text-align: justify;\">Um homem morreu na tarde desta segunda-feira (22\/7) ap\u00f3s cair de uma m\u00e1quina, na zona rural de Campos Altos. Segundo informa\u00e7\u00f5es, a altura corresponde a 8 metros. A equipe de resgate foi acionada por volta das 15h30, pelo hor\u00e1rio de Bras\u00edlia.<\/p>\n<p style=\"text-align: justify;\">A m\u00e1quina, utilizada para secar caf\u00e9, recebia manuten\u00e7\u00e3o da v\u00edtima, identificada como Divino Salvador Salviano, de 56 anos de idade. Informa\u00e7\u00f5es apuradas pela nossa equipe apontam que o mesmo caiu da escada da m\u00e1quina, e bateu com a cabe\u00e7a no ch\u00e3o, vindo a \u00f3bito.<\/p>\n<p style=\"text-align: justify;\">O Corpo de Bombeiros de Campos Altos foi acionado e esteve na zona rural do munic\u00edpio, onde ocorreu o fato. A Pol\u00edcia Militar de Campos Altos foi acionada pelo Pronto Atendimento Municipal (PAM), com a informa\u00e7\u00e3o de que a v\u00edtima havia dado entrada na unidade j\u00e1 sem sinais vitais.<\/p>\n<p style=\"text-align: center;\"><span style=\"color: #ff0000;\"><strong>CONTINUA AP\u00d3S A PUBLICIDADE<\/strong><\/span><img decoding=\"async\" loading=\"lazy\" class=\"aligncenter wp-image-1000001976 size-full\" src=\"https:\/\/www.sgagora.com.br\/sg\/wp-content\/uploads\/2019\/12\/GIF-PRONTO-ODONTO-COMPANY.gif\" alt=\"\" width=\"600\" height=\"260\" \/><\/p>\n<p style=\"text-align: justify;\">Segundo informa\u00e7\u00f5es repassadas pelo Corpo de Bombeiros \u00e0 imprensa, ao chegar no local, os bombeiros encontraram o homem com traumatismo cranioencef\u00e1lico (TCE) grave e sem sinais vitais. A v\u00edtima foi imobilizada e acomodada na viatura, onde foram iniciadas as manobras de reanima\u00e7\u00e3o cardiopulmonar (RCP). O m\u00e9dico que se encontrava no PAM constatou o \u00f3bito.<\/p>\n<p style=\"text-align: justify;\">Segundo informa\u00e7\u00f5es apuradas pelo Site de Campos Altos, Portal No Foco, o homem atuava como mec\u00e2nico na propriedade rural.<\/p>\n<p style=\"text-align: center;\"><strong><span style=\"color: #ff0000;\">CONTINUA AP\u00d3S A PUBLICIDADE<\/span><\/strong><img decoding=\"async\" loading=\"lazy\" class=\"aligncenter wp-image-1000004773 size-full\" src=\"https:\/\/www.sgagora.com.br\/sg\/wp-content\/uploads\/2024\/05\/GIF-SICREDI-SAO-GOTARDO.gif\" alt=\"\" width=\"260\" height=\"260\" \/><\/p>\n<p><img decoding=\"async\" loading=\"lazy\" class=\"aligncenter wp-image-1000000180 size-full\" src=\"https:\/\/www.sgagora.com.br\/sg\/wp-content\/uploads\/2023\/04\/Anuncie-aqui.gif\" alt=\"\" width=\"260\" height=\"260\" \/><\/p>\n<p><span style=\"color: #ffffff;\">.<\/span><\/p>\n<p style=\"text-align: justify;\"><em><strong>Reportagem:<\/strong> Lucas Flausino\/Portal No Foco\/Campos Altos: <strong>Foto Capa:<\/strong> Reprodu\u00e7\u00e3o\/Portal No Foco\/Campos Altos<\/em><\/p>\n","protected":false},"excerpt":{"rendered":"<p>CONTINUA AP\u00d3S A PUBLICIDADE Um homem morreu na tarde desta segunda-feira (22\/7) ap\u00f3s cair de uma m\u00e1quina, na zona rural de Campos Altos. Segundo informa\u00e7\u00f5es, a altura corresponde a 8 metros. A equipe de resgate &#8230; <a class=\"readmore\" href=\"https:\/\/www.sgagora.com.br\/sg\/homem-morre-apos-cair-de-escada-de-maquinario-na-zona-rural-de-campos-altos\/\">Leia Mais<\/a><\/p>\n","protected":false},"author":1,"featured_media":1000005372,"comment_status":"open","ping_status":"open","sticky":false,"template":"","format":"standard","meta":{"_bbp_topic_count":0,"_bbp_reply_count":0,"_bbp_total_topic_count":0,"_bbp_total_reply_count":0,"_bbp_voice_count":0,"_bbp_anonymous_reply_count":0,"_bbp_topic_count_hidden":0,"_bbp_reply_count_hidden":0,"_bbp_forum_subforum_count":0},"categories":[84,77,81],"tags":[342,21203],"yoast_head":"<!-- This site is optimized with the Yoast SEO plugin v20.5 - https:\/\/yoast.com\/wordpress\/plugins\/seo\/ -->\n<title>Homem morre ap\u00f3s cair de escada de maquin\u00e1rio na zona rural de Campos Altos<\/title>\n<meta name=\"description\" content=\"Segundo informa\u00e7\u00f5es, a altura corresponde a 8 metros. A equipe de resgate foi acionada por volta das 15h30, pelo hor\u00e1rio de Bras\u00edlia.\u00a0\" \/>\n<meta name=\"robots\" content=\"index, follow, max-snippet:-1, max-image-preview:large, max-video-preview:-1\" \/>\n<link rel=\"canonical\" href=\"https:\/\/www.sgagora.com.br\/sg\/homem-morre-apos-cair-de-escada-de-maquinario-na-zona-rural-de-campos-altos\/\" \/>\n<meta property=\"og:locale\" content=\"pt_BR\" \/>\n<meta property=\"og:type\" content=\"article\" \/>\n<meta property=\"og:title\" content=\"Homem morre ap\u00f3s cair de escada de maquin\u00e1rio na zona rural de Campos Altos\" \/>\n<meta property=\"og:description\" content=\"Segundo informa\u00e7\u00f5es, a altura corresponde a 8 metros. A equipe de resgate foi acionada por volta das 15h30, pelo hor\u00e1rio de Bras\u00edlia.\u00a0\" \/>\n<meta property=\"og:url\" content=\"https:\/\/www.sgagora.com.br\/sg\/homem-morre-apos-cair-de-escada-de-maquinario-na-zona-rural-de-campos-altos\/\" \/>\n<meta property=\"og:site_name\" content=\"SGAgora\" \/>\n<meta property=\"article:publisher\" content=\"https:\/\/www.facebook.com\/sgagora\" \/>\n<meta property=\"article:published_time\" content=\"2024-07-23T01:22:00+00:00\" \/>\n<meta property=\"article:modified_time\" content=\"2024-07-23T01:22:08+00:00\" \/>\n<meta property=\"og:image\" content=\"https:\/\/www.sgagora.com.br\/sg\/wp-content\/uploads\/2024\/07\/308e0460-f845-4d8a-95d8-846b437a1659.jpg\" \/>\n\t<meta property=\"og:image:width\" content=\"600\" \/>\n\t<meta property=\"og:image:height\" content=\"406\" \/>\n\t<meta property=\"og:image:type\" content=\"image\/jpeg\" \/>\n<meta name=\"author\" content=\"SG Agora\" \/>\n<meta name=\"twitter:label1\" content=\"Escrito por\" \/>\n\t<meta name=\"twitter:data1\" content=\"SG Agora\" \/>\n\t<meta name=\"twitter:label2\" content=\"Est. tempo de leitura\" \/>\n\t<meta name=\"twitter:data2\" content=\"3 minutos\" \/>\n<script type=\"application\/ld+json\" class=\"yoast-schema-graph\">{\"@context\":\"https:\/\/schema.org\",\"@graph\":[{\"@type\":\"WebPage\",\"@id\":\"https:\/\/www.sgagora.com.br\/sg\/homem-morre-apos-cair-de-escada-de-maquinario-na-zona-rural-de-campos-altos\/\",\"url\":\"https:\/\/www.sgagora.com.br\/sg\/homem-morre-apos-cair-de-escada-de-maquinario-na-zona-rural-de-campos-altos\/\",\"name\":\"Homem morre ap\u00f3s cair de escada de maquin\u00e1rio na zona rural de Campos Altos\",\"isPartOf\":{\"@id\":\"https:\/\/www.sgagora.com.br\/sg\/#website\"},\"datePublished\":\"2024-07-23T01:22:00+00:00\",\"dateModified\":\"2024-07-23T01:22:08+00:00\",\"author\":{\"@id\":\"https:\/\/www.sgagora.com.br\/sg\/#\/schema\/person\/2be62cfb47cee3e0b305e4f7a765ae41\"},\"description\":\"Segundo informa\u00e7\u00f5es, a altura corresponde a 8 metros. A equipe de resgate foi acionada por volta das 15h30, pelo hor\u00e1rio de Bras\u00edlia.\u00a0\",\"breadcrumb\":{\"@id\":\"https:\/\/www.sgagora.com.br\/sg\/homem-morre-apos-cair-de-escada-de-maquinario-na-zona-rural-de-campos-altos\/#breadcrumb\"},\"inLanguage\":\"pt-BR\",\"potentialAction\":[{\"@type\":\"ReadAction\",\"target\":[\"https:\/\/www.sgagora.com.br\/sg\/homem-morre-apos-cair-de-escada-de-maquinario-na-zona-rural-de-campos-altos\/\"]}]},{\"@type\":\"BreadcrumbList\",\"@id\":\"https:\/\/www.sgagora.com.br\/sg\/homem-morre-apos-cair-de-escada-de-maquinario-na-zona-rural-de-campos-altos\/#breadcrumb\",\"itemListElement\":[{\"@type\":\"ListItem\",\"position\":1,\"name\":\"In\u00edcio\",\"item\":\"https:\/\/www.sgagora.com.br\/sg\/\"},{\"@type\":\"ListItem\",\"position\":2,\"name\":\"Homem morre ap\u00f3s cair de escada de maquin\u00e1rio na zona rural de Campos Altos\"}]},{\"@type\":\"WebSite\",\"@id\":\"https:\/\/www.sgagora.com.br\/sg\/#website\",\"url\":\"https:\/\/www.sgagora.com.br\/sg\/\",\"name\":\"SGAgora\",\"description\":\"Not\u00edcias de S\u00e3o Gotardo\",\"potentialAction\":[{\"@type\":\"SearchAction\",\"target\":{\"@type\":\"EntryPoint\",\"urlTemplate\":\"https:\/\/www.sgagora.com.br\/sg\/?s={search_term_string}\"},\"query-input\":\"required name=search_term_string\"}],\"inLanguage\":\"pt-BR\"},{\"@type\":\"Person\",\"@id\":\"https:\/\/www.sgagora.com.br\/sg\/#\/schema\/person\/2be62cfb47cee3e0b305e4f7a765ae41\",\"name\":\"SG Agora\",\"image\":{\"@type\":\"ImageObject\",\"inLanguage\":\"pt-BR\",\"@id\":\"https:\/\/www.sgagora.com.br\/sg\/#\/schema\/person\/image\/\",\"url\":\"https:\/\/secure.gravatar.com\/avatar\/a0c612a9a8c3e7419d6fd4f92e749d8d?s=96&d=mm&r=g\",\"contentUrl\":\"https:\/\/secure.gravatar.com\/avatar\/a0c612a9a8c3e7419d6fd4f92e749d8d?s=96&d=mm&r=g\",\"caption\":\"SG Agora\"},\"url\":\"https:\/\/www.sgagora.com.br\/sg\/author\/admin\/\"}]}<\/script>\n<!-- \/ Yoast SEO plugin. -->","yoast_head_json":{"title":"Homem morre ap\u00f3s cair de escada de maquin\u00e1rio na zona rural de Campos Altos","description":"Segundo informa\u00e7\u00f5es, a altura corresponde a 8 metros. A equipe de resgate foi acionada por volta das 15h30, pelo hor\u00e1rio de Bras\u00edlia.\u00a0","robots":{"index":"index","follow":"follow","max-snippet":"max-snippet:-1","max-image-preview":"max-image-preview:large","max-video-preview":"max-video-preview:-1"},"canonical":"https:\/\/www.sgagora.com.br\/sg\/homem-morre-apos-cair-de-escada-de-maquinario-na-zona-rural-de-campos-altos\/","og_locale":"pt_BR","og_type":"article","og_title":"Homem morre ap\u00f3s cair de escada de maquin\u00e1rio na zona rural de Campos Altos","og_description":"Segundo informa\u00e7\u00f5es, a altura corresponde a 8 metros. A equipe de resgate foi acionada por volta das 15h30, pelo hor\u00e1rio de Bras\u00edlia.\u00a0","og_url":"https:\/\/www.sgagora.com.br\/sg\/homem-morre-apos-cair-de-escada-de-maquinario-na-zona-rural-de-campos-altos\/","og_site_name":"SGAgora","article_publisher":"https:\/\/www.facebook.com\/sgagora","article_published_time":"2024-07-23T01:22:00+00:00","article_modified_time":"2024-07-23T01:22:08+00:00","og_image":[{"width":600,"height":406,"url":"https:\/\/www.sgagora.com.br\/sg\/wp-content\/uploads\/2024\/07\/308e0460-f845-4d8a-95d8-846b437a1659.jpg","type":"image\/jpeg"}],"author":"SG Agora","twitter_misc":{"Escrito por":"SG Agora","Est. tempo de leitura":"3 minutos"},"schema":{"@context":"https:\/\/schema.org","@graph":[{"@type":"WebPage","@id":"https:\/\/www.sgagora.com.br\/sg\/homem-morre-apos-cair-de-escada-de-maquinario-na-zona-rural-de-campos-altos\/","url":"https:\/\/www.sgagora.com.br\/sg\/homem-morre-apos-cair-de-escada-de-maquinario-na-zona-rural-de-campos-altos\/","name":"Homem morre ap\u00f3s cair de escada de maquin\u00e1rio na zona rural de Campos Altos","isPartOf":{"@id":"https:\/\/www.sgagora.com.br\/sg\/#website"},"datePublished":"2024-07-23T01:22:00+00:00","dateModified":"2024-07-23T01:22:08+00:00","author":{"@id":"https:\/\/www.sgagora.com.br\/sg\/#\/schema\/person\/2be62cfb47cee3e0b305e4f7a765ae41"},"description":"Segundo informa\u00e7\u00f5es, a altura corresponde a 8 metros. A equipe de resgate foi acionada por volta das 15h30, pelo hor\u00e1rio de Bras\u00edlia.\u00a0","breadcrumb":{"@id":"https:\/\/www.sgagora.com.br\/sg\/homem-morre-apos-cair-de-escada-de-maquinario-na-zona-rural-de-campos-altos\/#breadcrumb"},"inLanguage":"pt-BR","potentialAction":[{"@type":"ReadAction","target":["https:\/\/www.sgagora.com.br\/sg\/homem-morre-apos-cair-de-escada-de-maquinario-na-zona-rural-de-campos-altos\/"]}]},{"@type":"BreadcrumbList","@id":"https:\/\/www.sgagora.com.br\/sg\/homem-morre-apos-cair-de-escada-de-maquinario-na-zona-rural-de-campos-altos\/#breadcrumb","itemListElement":[{"@type":"ListItem","position":1,"name":"In\u00edcio","item":"https:\/\/www.sgagora.com.br\/sg\/"},{"@type":"ListItem","position":2,"name":"Homem morre ap\u00f3s cair de escada de maquin\u00e1rio na zona rural de Campos Altos"}]},{"@type":"WebSite","@id":"https:\/\/www.sgagora.com.br\/sg\/#website","url":"https:\/\/www.sgagora.com.br\/sg\/","name":"SGAgora","description":"Not\u00edcias de S\u00e3o Gotardo","potentialAction":[{"@type":"SearchAction","target":{"@type":"EntryPoint","urlTemplate":"https:\/\/www.sgagora.com.br\/sg\/?s={search_term_string}"},"query-input":"required name=search_term_string"}],"inLanguage":"pt-BR"},{"@type":"Person","@id":"https:\/\/www.sgagora.com.br\/sg\/#\/schema\/person\/2be62cfb47cee3e0b305e4f7a765ae41","name":"SG Agora","image":{"@type":"ImageObject","inLanguage":"pt-BR","@id":"https:\/\/www.sgagora.com.br\/sg\/#\/schema\/person\/image\/","url":"https:\/\/secure.gravatar.com\/avatar\/a0c612a9a8c3e7419d6fd4f92e749d8d?s=96&d=mm&r=g","contentUrl":"https:\/\/secure.gravatar.com\/avatar\/a0c612a9a8c3e7419d6fd4f92e749d8d?s=96&d=mm&r=g","caption":"SG Agora"},"url":"https:\/\/www.sgagora.com.br\/sg\/author\/admin\/"}]}},"_links":{"self":[{"href":"https:\/\/www.sgagora.com.br\/sg\/wp-json\/wp\/v2\/posts\/1000005370"}],"collection":[{"href":"https:\/\/www.sgagora.com.br\/sg\/wp-json\/wp\/v2\/posts"}],"about":[{"href":"https:\/\/www.sgagora.com.br\/sg\/wp-json\/wp\/v2\/types\/post"}],"author":[{"embeddable":true,"href":"https:\/\/www.sgagora.com.br\/sg\/wp-json\/wp\/v2\/users\/1"}],"replies":[{"embeddable":true,"href":"https:\/\/www.sgagora.com.br\/sg\/wp-json\/wp\/v2\/comments?post=1000005370"}],"version-history":[{"count":1,"href":"https:\/\/www.sgagora.com.br\/sg\/wp-json\/wp\/v2\/posts\/1000005370\/revisions"}],"predecessor-version":[{"id":1000005373,"href":"https:\/\/www.sgagora.com.br\/sg\/wp-json\/wp\/v2\/posts\/1000005370\/revisions\/1000005373"}],"wp:featuredmedia":[{"embeddable":true,"href":"https:\/\/www.sgagora.com.br\/sg\/wp-json\/wp\/v2\/media\/1000005372"}],"wp:attachment":[{"href":"https:\/\/www.sgagora.com.br\/sg\/wp-json\/wp\/v2\/media?parent=1000005370"}],"wp:term":[{"taxonomy":"category","embeddable":true,"href":"https:\/\/www.sgagora.com.br\/sg\/wp-json\/wp\/v2\/categories?post=1000005370"},{"taxonomy":"post_tag","embeddable":true,"href":"https:\/\/www.sgagora.com.br\/sg\/wp-json\/wp\/v2\/tags?post=1000005370"}],"curies":[{"name":"wp","href":"https:\/\/api.w.org\/{rel}","templated":true}]}}