{"id":1000005390,"date":"2024-07-30T11:06:13","date_gmt":"2024-07-30T14:06:13","guid":{"rendered":"https:\/\/www.sgagora.com.br\/sg\/?p=1000005390"},"modified":"2024-07-30T11:52:21","modified_gmt":"2024-07-30T14:52:21","slug":"apos-desentendimento-no-transito-motorista-de-caminhao-e-morto-em-sao-gotardo","status":"publish","type":"post","link":"https:\/\/www.sgagora.com.br\/sg\/apos-desentendimento-no-transito-motorista-de-caminhao-e-morto-em-sao-gotardo\/","title":{"rendered":"Ap\u00f3s desentendimento no tr\u00e2nsito, motorista de caminh\u00e3o \u00e9 morto em S\u00e3o Gotardo"},"content":{"rendered":"<p style=\"text-align: center;\"><span style=\"color: #ff0000;\"><strong>CONTINUA AP\u00d3S A PUBLICIDADE<\/strong><\/span><img decoding=\"async\" loading=\"lazy\" class=\"aligncenter wp-image-1000004383 size-full\" src=\"https:\/\/www.sgagora.com.br\/sg\/wp-content\/uploads\/2024\/04\/GIF-Lojao-Super-25-3.gif\" alt=\"\" width=\"260\" height=\"260\" \/><\/p>\n<p><img decoding=\"async\" loading=\"lazy\" class=\"aligncenter wp-image-1000002907 size-full\" src=\"https:\/\/www.sgagora.com.br\/sg\/wp-content\/uploads\/2024\/01\/Design-sem-nome-5.gif\" alt=\"\" width=\"260\" height=\"260\" \/><\/p>\n<p style=\"text-align: justify;\">Na manh\u00e3 desta \u00faltima segunda-feira, 29 de Julho de 2024, um caminhoneiro de 59 anos de idade, natural da cidade de Patroc\u00ednio-MG, foi assassinado em S\u00e3o Gotardo, ap\u00f3s uma discuss\u00e3o de tr\u00e2nsito entre ele (v\u00edtima) e um motociclista.<\/p>\n<p><strong>LEIA TAMB\u00c9M:<\/strong><\/p>\n<ul>\n<li><span style=\"color: #ff0000;\"><strong><a style=\"color: #ff0000;\" href=\"https:\/\/www.sgagora.com.br\/sg\/senhor-atropelado-em-sao-gotardo-nao-resiste-e-morre-em-hospital\/\">Senhor atropelado em S\u00e3o Gotardo n\u00e3o resiste e morre em hospital;<\/a><\/strong><\/span><\/li>\n<li><span style=\"color: #ff0000;\"><strong><a style=\"color: #ff0000;\" href=\"https:\/\/www.sgagora.com.br\/sg\/homem-de-25-anos-morre-apos-levar-golpe-de-faca-em-guarda-dos-ferreiros-autor-foi-localizado-e-preso\/\">Homem de 25 anos morre ap\u00f3s levar golpe de faca em Guarda dos Ferreiros. Autor foi localizado e preso;<\/a><\/strong><\/span><br \/>\n<span style=\"color: #ffffff;\">.<\/span><\/li>\n<\/ul>\n<p style=\"text-align: justify;\">Segundo informa\u00e7\u00f5es da Pol\u00edcia Militar, o crime ocorreu nesta \u00faltima segunda (29) por volta das 12h30min, no bairro Serra Negra em S\u00e3o Gotardo. Aos militares, testemunhas disseram que o homem teria se envolvido em uma discuss\u00e3o de tr\u00e2nsito minutos antes do assassinato e que teria sido surpreendido pelo motociclista quando estava dentro do ba\u00fa do caminh\u00e3o.<\/p>\n<p style=\"text-align: center;\"><span style=\"color: #ff0000;\"><strong>CONTINUA AP\u00d3S A PUBLICIDADE<\/strong><\/span><img decoding=\"async\" loading=\"lazy\" class=\"aligncenter wp-image-1000001976 size-full\" src=\"https:\/\/www.sgagora.com.br\/sg\/wp-content\/uploads\/2019\/12\/GIF-PRONTO-ODONTO-COMPANY.gif\" alt=\"\" width=\"600\" height=\"260\" \/><\/p>\n<p style=\"text-align: justify;\">O homem foi alvejado na regi\u00e3o da cabe\u00e7a por uma arma de fogo e chegou a ser socorrido pelo SAMU e transferido para o Hospital Regional na cidade de Patos de Minas-MG, porem n\u00e3o resistiu aos graves ferimentos e faleceu durante o in\u00edcio da noite desta \u00faltima segunda-feira (29). Ap\u00f3s cometer o crime, o principal suspeito teria fugido tomando rumo ignorado.<\/p>\n<p><strong>LEIA TAMB\u00c9M:<\/strong><\/p>\n<ul>\n<li><span style=\"color: #ff0000;\"><strong><a style=\"color: #ff0000;\" href=\"https:\/\/www.sgagora.com.br\/sg\/senhor-atropelado-em-sao-gotardo-nao-resiste-e-morre-em-hospital\/\">Senhor atropelado em S\u00e3o Gotardo n\u00e3o resiste e morre em hospital;<\/a><\/strong><\/span><\/li>\n<li><span style=\"color: #ff0000;\"><strong><a style=\"color: #ff0000;\" href=\"https:\/\/www.sgagora.com.br\/sg\/homem-de-25-anos-morre-apos-levar-golpe-de-faca-em-guarda-dos-ferreiros-autor-foi-localizado-e-preso\/\">Homem de 25 anos morre ap\u00f3s levar golpe de faca em Guarda dos Ferreiros. Autor foi localizado e preso;<\/a><\/strong><\/span><br \/>\n<span style=\"color: #ffffff;\">.<\/span><\/li>\n<\/ul>\n<p style=\"text-align: justify;\">Equipes da Pol\u00edcia Militar de S\u00e3o Gotardo e Pol\u00edcia Civil, realizam dilig\u00eancias na tentativa de localiz\u00e1-lo. At\u00e9 a edi\u00e7\u00e3o desta reportagem, o autor do crime ainda n\u00e3o havia sido localizado. Qualquer informa\u00e7\u00e3o sobre seu paradeiro poder\u00e1 ser passada para a Pol\u00edcia atrav\u00e9s do n\u00famero emergencial 190. A identidade do denunciante ser\u00e1 mantida no mais absoluto sigilo.<\/p>\n<p style=\"text-align: center;\"><strong><span style=\"color: #ff0000;\">CONTINUA AP\u00d3S A PUBLICIDADE<\/span><\/strong><img decoding=\"async\" loading=\"lazy\" class=\"aligncenter wp-image-1000004773 size-full\" src=\"https:\/\/www.sgagora.com.br\/sg\/wp-content\/uploads\/2024\/05\/GIF-SICREDI-SAO-GOTARDO.gif\" alt=\"\" width=\"260\" height=\"260\" \/><\/p>\n<p><img decoding=\"async\" loading=\"lazy\" class=\"aligncenter wp-image-1000000180 size-full\" src=\"https:\/\/www.sgagora.com.br\/sg\/wp-content\/uploads\/2023\/04\/Anuncie-aqui.gif\" alt=\"\" width=\"260\" height=\"260\" \/><\/p>\n<p><span style=\"color: #ffffff;\">.<\/span><\/p>\n<p style=\"text-align: justify;\"><em><strong>Reportagem:<\/strong> Diego Oliveira\/Portal SG AGORA \/ <strong>Foto Capa:<\/strong> Recebida Via WhatsApp Portal SG AGORA<\/em><\/p>\n","protected":false},"excerpt":{"rendered":"<p>CONTINUA AP\u00d3S A PUBLICIDADE Na manh\u00e3 desta \u00faltima segunda-feira, 29 de Julho de 2024, um caminhoneiro de 59 anos de idade, natural da cidade de Patroc\u00ednio-MG, foi assassinado em S\u00e3o Gotardo, ap\u00f3s uma discuss\u00e3o de &#8230; <a class=\"readmore\" href=\"https:\/\/www.sgagora.com.br\/sg\/apos-desentendimento-no-transito-motorista-de-caminhao-e-morto-em-sao-gotardo\/\">Leia Mais<\/a><\/p>\n","protected":false},"author":1,"featured_media":1000005393,"comment_status":"open","ping_status":"open","sticky":false,"template":"","format":"standard","meta":{"_bbp_topic_count":0,"_bbp_reply_count":0,"_bbp_total_topic_count":0,"_bbp_total_reply_count":0,"_bbp_voice_count":0,"_bbp_anonymous_reply_count":0,"_bbp_topic_count_hidden":0,"_bbp_reply_count_hidden":0,"_bbp_forum_subforum_count":0},"categories":[84,77,81],"tags":[2633,4594,2604,2632,1521,232],"yoast_head":"<!-- This site is optimized with the Yoast SEO plugin v20.5 - https:\/\/yoast.com\/wordpress\/plugins\/seo\/ -->\n<title>Ap\u00f3s desentendimento no tr\u00e2nsito, motorista de caminh\u00e3o \u00e9 morto em S\u00e3o Gotardo<\/title>\n<meta name=\"description\" content=\"Na manh\u00e3 desta \u00faltima segunda-feira, 29 de Julho de 2024, um caminhoneiro de 59 anos de idade, natural da cidade de Patroc\u00ednio-MG, foi assassinado em S\u00e3o Gotardo, ap\u00f3s uma discuss\u00e3o de tr\u00e2nsito entre ele (v\u00edtima) e um motociclista.\u00a0\" \/>\n<meta name=\"robots\" content=\"index, follow, max-snippet:-1, max-image-preview:large, max-video-preview:-1\" \/>\n<link rel=\"canonical\" href=\"https:\/\/www.sgagora.com.br\/sg\/apos-desentendimento-no-transito-motorista-de-caminhao-e-morto-em-sao-gotardo\/\" \/>\n<meta property=\"og:locale\" content=\"pt_BR\" \/>\n<meta property=\"og:type\" content=\"article\" \/>\n<meta property=\"og:title\" content=\"Ap\u00f3s desentendimento no tr\u00e2nsito, motorista de caminh\u00e3o \u00e9 morto em S\u00e3o Gotardo\" \/>\n<meta property=\"og:description\" content=\"Na manh\u00e3 desta \u00faltima segunda-feira, 29 de Julho de 2024, um caminhoneiro de 59 anos de idade, natural da cidade de Patroc\u00ednio-MG, foi assassinado em S\u00e3o Gotardo, ap\u00f3s uma discuss\u00e3o de tr\u00e2nsito entre ele (v\u00edtima) e um motociclista.\u00a0\" \/>\n<meta property=\"og:url\" content=\"https:\/\/www.sgagora.com.br\/sg\/apos-desentendimento-no-transito-motorista-de-caminhao-e-morto-em-sao-gotardo\/\" \/>\n<meta property=\"og:site_name\" content=\"SGAgora\" \/>\n<meta property=\"article:publisher\" content=\"https:\/\/www.facebook.com\/sgagora\" \/>\n<meta property=\"article:published_time\" content=\"2024-07-30T14:06:13+00:00\" \/>\n<meta property=\"article:modified_time\" content=\"2024-07-30T14:52:21+00:00\" \/>\n<meta property=\"og:image\" content=\"https:\/\/www.sgagora.com.br\/sg\/wp-content\/uploads\/2024\/07\/IMG-20240729-WA0037.jpg\" \/>\n\t<meta property=\"og:image:width\" content=\"600\" \/>\n\t<meta property=\"og:image:height\" content=\"431\" \/>\n\t<meta property=\"og:image:type\" content=\"image\/jpeg\" \/>\n<meta name=\"author\" content=\"SG Agora\" \/>\n<meta name=\"twitter:label1\" content=\"Escrito por\" \/>\n\t<meta name=\"twitter:data1\" content=\"SG Agora\" \/>\n\t<meta name=\"twitter:label2\" content=\"Est. tempo de leitura\" \/>\n\t<meta name=\"twitter:data2\" content=\"3 minutos\" \/>\n<script type=\"application\/ld+json\" class=\"yoast-schema-graph\">{\"@context\":\"https:\/\/schema.org\",\"@graph\":[{\"@type\":\"WebPage\",\"@id\":\"https:\/\/www.sgagora.com.br\/sg\/apos-desentendimento-no-transito-motorista-de-caminhao-e-morto-em-sao-gotardo\/\",\"url\":\"https:\/\/www.sgagora.com.br\/sg\/apos-desentendimento-no-transito-motorista-de-caminhao-e-morto-em-sao-gotardo\/\",\"name\":\"Ap\u00f3s desentendimento no tr\u00e2nsito, motorista de caminh\u00e3o \u00e9 morto em S\u00e3o Gotardo\",\"isPartOf\":{\"@id\":\"https:\/\/www.sgagora.com.br\/sg\/#website\"},\"datePublished\":\"2024-07-30T14:06:13+00:00\",\"dateModified\":\"2024-07-30T14:52:21+00:00\",\"author\":{\"@id\":\"https:\/\/www.sgagora.com.br\/sg\/#\/schema\/person\/2be62cfb47cee3e0b305e4f7a765ae41\"},\"description\":\"Na manh\u00e3 desta \u00faltima segunda-feira, 29 de Julho de 2024, um caminhoneiro de 59 anos de idade, natural da cidade de Patroc\u00ednio-MG, foi assassinado em S\u00e3o Gotardo, ap\u00f3s uma discuss\u00e3o de tr\u00e2nsito entre ele (v\u00edtima) e um motociclista.\u00a0\",\"breadcrumb\":{\"@id\":\"https:\/\/www.sgagora.com.br\/sg\/apos-desentendimento-no-transito-motorista-de-caminhao-e-morto-em-sao-gotardo\/#breadcrumb\"},\"inLanguage\":\"pt-BR\",\"potentialAction\":[{\"@type\":\"ReadAction\",\"target\":[\"https:\/\/www.sgagora.com.br\/sg\/apos-desentendimento-no-transito-motorista-de-caminhao-e-morto-em-sao-gotardo\/\"]}]},{\"@type\":\"BreadcrumbList\",\"@id\":\"https:\/\/www.sgagora.com.br\/sg\/apos-desentendimento-no-transito-motorista-de-caminhao-e-morto-em-sao-gotardo\/#breadcrumb\",\"itemListElement\":[{\"@type\":\"ListItem\",\"position\":1,\"name\":\"In\u00edcio\",\"item\":\"https:\/\/www.sgagora.com.br\/sg\/\"},{\"@type\":\"ListItem\",\"position\":2,\"name\":\"Ap\u00f3s desentendimento no tr\u00e2nsito, motorista de caminh\u00e3o \u00e9 morto em S\u00e3o Gotardo\"}]},{\"@type\":\"WebSite\",\"@id\":\"https:\/\/www.sgagora.com.br\/sg\/#website\",\"url\":\"https:\/\/www.sgagora.com.br\/sg\/\",\"name\":\"SGAgora\",\"description\":\"Not\u00edcias de S\u00e3o Gotardo\",\"potentialAction\":[{\"@type\":\"SearchAction\",\"target\":{\"@type\":\"EntryPoint\",\"urlTemplate\":\"https:\/\/www.sgagora.com.br\/sg\/?s={search_term_string}\"},\"query-input\":\"required name=search_term_string\"}],\"inLanguage\":\"pt-BR\"},{\"@type\":\"Person\",\"@id\":\"https:\/\/www.sgagora.com.br\/sg\/#\/schema\/person\/2be62cfb47cee3e0b305e4f7a765ae41\",\"name\":\"SG Agora\",\"image\":{\"@type\":\"ImageObject\",\"inLanguage\":\"pt-BR\",\"@id\":\"https:\/\/www.sgagora.com.br\/sg\/#\/schema\/person\/image\/\",\"url\":\"https:\/\/secure.gravatar.com\/avatar\/a0c612a9a8c3e7419d6fd4f92e749d8d?s=96&d=mm&r=g\",\"contentUrl\":\"https:\/\/secure.gravatar.com\/avatar\/a0c612a9a8c3e7419d6fd4f92e749d8d?s=96&d=mm&r=g\",\"caption\":\"SG Agora\"},\"url\":\"https:\/\/www.sgagora.com.br\/sg\/author\/admin\/\"}]}<\/script>\n<!-- \/ Yoast SEO plugin. -->","yoast_head_json":{"title":"Ap\u00f3s desentendimento no tr\u00e2nsito, motorista de caminh\u00e3o \u00e9 morto em S\u00e3o Gotardo","description":"Na manh\u00e3 desta \u00faltima segunda-feira, 29 de Julho de 2024, um caminhoneiro de 59 anos de idade, natural da cidade de Patroc\u00ednio-MG, foi assassinado em S\u00e3o Gotardo, ap\u00f3s uma discuss\u00e3o de tr\u00e2nsito entre ele (v\u00edtima) e um motociclista.\u00a0","robots":{"index":"index","follow":"follow","max-snippet":"max-snippet:-1","max-image-preview":"max-image-preview:large","max-video-preview":"max-video-preview:-1"},"canonical":"https:\/\/www.sgagora.com.br\/sg\/apos-desentendimento-no-transito-motorista-de-caminhao-e-morto-em-sao-gotardo\/","og_locale":"pt_BR","og_type":"article","og_title":"Ap\u00f3s desentendimento no tr\u00e2nsito, motorista de caminh\u00e3o \u00e9 morto em S\u00e3o Gotardo","og_description":"Na manh\u00e3 desta \u00faltima segunda-feira, 29 de Julho de 2024, um caminhoneiro de 59 anos de idade, natural da cidade de Patroc\u00ednio-MG, foi assassinado em S\u00e3o Gotardo, ap\u00f3s uma discuss\u00e3o de tr\u00e2nsito entre ele (v\u00edtima) e um motociclista.\u00a0","og_url":"https:\/\/www.sgagora.com.br\/sg\/apos-desentendimento-no-transito-motorista-de-caminhao-e-morto-em-sao-gotardo\/","og_site_name":"SGAgora","article_publisher":"https:\/\/www.facebook.com\/sgagora","article_published_time":"2024-07-30T14:06:13+00:00","article_modified_time":"2024-07-30T14:52:21+00:00","og_image":[{"width":600,"height":431,"url":"https:\/\/www.sgagora.com.br\/sg\/wp-content\/uploads\/2024\/07\/IMG-20240729-WA0037.jpg","type":"image\/jpeg"}],"author":"SG Agora","twitter_misc":{"Escrito por":"SG Agora","Est. tempo de leitura":"3 minutos"},"schema":{"@context":"https:\/\/schema.org","@graph":[{"@type":"WebPage","@id":"https:\/\/www.sgagora.com.br\/sg\/apos-desentendimento-no-transito-motorista-de-caminhao-e-morto-em-sao-gotardo\/","url":"https:\/\/www.sgagora.com.br\/sg\/apos-desentendimento-no-transito-motorista-de-caminhao-e-morto-em-sao-gotardo\/","name":"Ap\u00f3s desentendimento no tr\u00e2nsito, motorista de caminh\u00e3o \u00e9 morto em S\u00e3o Gotardo","isPartOf":{"@id":"https:\/\/www.sgagora.com.br\/sg\/#website"},"datePublished":"2024-07-30T14:06:13+00:00","dateModified":"2024-07-30T14:52:21+00:00","author":{"@id":"https:\/\/www.sgagora.com.br\/sg\/#\/schema\/person\/2be62cfb47cee3e0b305e4f7a765ae41"},"description":"Na manh\u00e3 desta \u00faltima segunda-feira, 29 de Julho de 2024, um caminhoneiro de 59 anos de idade, natural da cidade de Patroc\u00ednio-MG, foi assassinado em S\u00e3o Gotardo, ap\u00f3s uma discuss\u00e3o de tr\u00e2nsito entre ele (v\u00edtima) e um motociclista.\u00a0","breadcrumb":{"@id":"https:\/\/www.sgagora.com.br\/sg\/apos-desentendimento-no-transito-motorista-de-caminhao-e-morto-em-sao-gotardo\/#breadcrumb"},"inLanguage":"pt-BR","potentialAction":[{"@type":"ReadAction","target":["https:\/\/www.sgagora.com.br\/sg\/apos-desentendimento-no-transito-motorista-de-caminhao-e-morto-em-sao-gotardo\/"]}]},{"@type":"BreadcrumbList","@id":"https:\/\/www.sgagora.com.br\/sg\/apos-desentendimento-no-transito-motorista-de-caminhao-e-morto-em-sao-gotardo\/#breadcrumb","itemListElement":[{"@type":"ListItem","position":1,"name":"In\u00edcio","item":"https:\/\/www.sgagora.com.br\/sg\/"},{"@type":"ListItem","position":2,"name":"Ap\u00f3s desentendimento no tr\u00e2nsito, motorista de caminh\u00e3o \u00e9 morto em S\u00e3o Gotardo"}]},{"@type":"WebSite","@id":"https:\/\/www.sgagora.com.br\/sg\/#website","url":"https:\/\/www.sgagora.com.br\/sg\/","name":"SGAgora","description":"Not\u00edcias de S\u00e3o Gotardo","potentialAction":[{"@type":"SearchAction","target":{"@type":"EntryPoint","urlTemplate":"https:\/\/www.sgagora.com.br\/sg\/?s={search_term_string}"},"query-input":"required name=search_term_string"}],"inLanguage":"pt-BR"},{"@type":"Person","@id":"https:\/\/www.sgagora.com.br\/sg\/#\/schema\/person\/2be62cfb47cee3e0b305e4f7a765ae41","name":"SG Agora","image":{"@type":"ImageObject","inLanguage":"pt-BR","@id":"https:\/\/www.sgagora.com.br\/sg\/#\/schema\/person\/image\/","url":"https:\/\/secure.gravatar.com\/avatar\/a0c612a9a8c3e7419d6fd4f92e749d8d?s=96&d=mm&r=g","contentUrl":"https:\/\/secure.gravatar.com\/avatar\/a0c612a9a8c3e7419d6fd4f92e749d8d?s=96&d=mm&r=g","caption":"SG Agora"},"url":"https:\/\/www.sgagora.com.br\/sg\/author\/admin\/"}]}},"_links":{"self":[{"href":"https:\/\/www.sgagora.com.br\/sg\/wp-json\/wp\/v2\/posts\/1000005390"}],"collection":[{"href":"https:\/\/www.sgagora.com.br\/sg\/wp-json\/wp\/v2\/posts"}],"about":[{"href":"https:\/\/www.sgagora.com.br\/sg\/wp-json\/wp\/v2\/types\/post"}],"author":[{"embeddable":true,"href":"https:\/\/www.sgagora.com.br\/sg\/wp-json\/wp\/v2\/users\/1"}],"replies":[{"embeddable":true,"href":"https:\/\/www.sgagora.com.br\/sg\/wp-json\/wp\/v2\/comments?post=1000005390"}],"version-history":[{"count":3,"href":"https:\/\/www.sgagora.com.br\/sg\/wp-json\/wp\/v2\/posts\/1000005390\/revisions"}],"predecessor-version":[{"id":1000005404,"href":"https:\/\/www.sgagora.com.br\/sg\/wp-json\/wp\/v2\/posts\/1000005390\/revisions\/1000005404"}],"wp:featuredmedia":[{"embeddable":true,"href":"https:\/\/www.sgagora.com.br\/sg\/wp-json\/wp\/v2\/media\/1000005393"}],"wp:attachment":[{"href":"https:\/\/www.sgagora.com.br\/sg\/wp-json\/wp\/v2\/media?parent=1000005390"}],"wp:term":[{"taxonomy":"category","embeddable":true,"href":"https:\/\/www.sgagora.com.br\/sg\/wp-json\/wp\/v2\/categories?post=1000005390"},{"taxonomy":"post_tag","embeddable":true,"href":"https:\/\/www.sgagora.com.br\/sg\/wp-json\/wp\/v2\/tags?post=1000005390"}],"curies":[{"name":"wp","href":"https:\/\/api.w.org\/{rel}","templated":true}]}}