{"id":1000005484,"date":"2024-08-27T12:03:16","date_gmt":"2024-08-27T15:03:16","guid":{"rendered":"https:\/\/www.sgagora.com.br\/sg\/?p=1000005484"},"modified":"2024-08-27T12:03:25","modified_gmt":"2024-08-27T15:03:25","slug":"com-mais-de-90-expositores-fenacampo-comeca-nesta-quarta-28-em-sao-gotardo","status":"publish","type":"post","link":"https:\/\/www.sgagora.com.br\/sg\/com-mais-de-90-expositores-fenacampo-comeca-nesta-quarta-28-em-sao-gotardo\/","title":{"rendered":"Com mais de 90 expositores, FENACAMPO come\u00e7a nesta quarta (28) em S\u00e3o Gotardo"},"content":{"rendered":"<div id=\"chunk-1l8k6\">\n<div class=\"mc-column content-text active-extra-styles \" data-block-type=\"unstyled\" data-block-weight=\"61\" data-block-id=\"2\">\n<p style=\"text-align: center;\"><span style=\"color: #ff0000;\"><strong>CONTINUA AP\u00d3S A PUBLICIDADE<\/strong><\/span><img decoding=\"async\" loading=\"lazy\" class=\"aligncenter wp-image-1000005472 size-full\" src=\"https:\/\/www.sgagora.com.br\/sg\/wp-content\/uploads\/2024\/08\/gif_260x260px_ssv.gif\" alt=\"\" width=\"260\" height=\"260\" \/><\/p>\n<p><img decoding=\"async\" loading=\"lazy\" class=\"aligncenter wp-image-1000002907 size-full\" src=\"https:\/\/www.sgagora.com.br\/sg\/wp-content\/uploads\/2024\/01\/Design-sem-nome-5.gif\" alt=\"\" width=\"260\" height=\"260\" \/><\/p>\n<p class=\" content-text__container \" style=\"text-align: justify;\" data-track-category=\"Link no Texto\" data-track-links=\"\" data-mrf-recirculation=\"Article links\">A 11\u00aa edi\u00e7\u00e3o da Feira de Agroneg\u00f3cios do Alto Parana\u00edba (FENACAMPO) ocorre entre os dias 28 e 30 de agosto no Parque de Exposi\u00e7\u00f5es, em S\u00e3o Gotardo.<\/p>\n<p class=\" content-text__container \" style=\"text-align: justify;\" data-track-category=\"Link no Texto\" data-track-links=\"\" data-mrf-recirculation=\"Article links\">Em 2024, o objetivo da feira \u00e9\u00a0colocar a terra como protagonista, reconhecendo-a como fonte de riqueza e pot\u00eancia produtiva, onde ano ap\u00f3s ano \u00e9 fruto de solu\u00e7\u00f5es inovadoras para agricultores e pecuaristas.<\/p>\n<\/div>\n<\/div>\n<div class=\"wall protected-content\">\n<div id=\"chunk-fj1pp\">\n<div class=\"mc-column content-text active-extra-styles \" data-block-type=\"unstyled\" data-block-weight=\"16\" data-block-id=\"4\">\n<p class=\" content-text__container \" style=\"text-align: justify;\" data-track-category=\"Link no Texto\" data-track-links=\"\" data-mrf-recirculation=\"Article links\">O evento reunir\u00e1 produtores rurais, fornecedores e agentes financeiros do agroneg\u00f3cio de 12h \u00e0s 18h. Ao todo, mais de 90 expositores j\u00e1 confirmaram presen\u00e7a na FENACAMPO 2024.<\/p>\n<p style=\"text-align: center;\" data-track-category=\"Link no Texto\" data-track-links=\"\" data-mrf-recirculation=\"Article links\"><span style=\"color: #ff0000;\"><strong>CONTINUA AP\u00d3S A PUBLICIDADE<\/strong><\/span><img decoding=\"async\" loading=\"lazy\" class=\"aligncenter wp-image-1000001976 size-full\" src=\"https:\/\/www.sgagora.com.br\/sg\/wp-content\/uploads\/2019\/12\/GIF-PRONTO-ODONTO-COMPANY.gif\" alt=\"\" width=\"600\" height=\"260\" \/><\/p>\n<h1 class=\" content-text__container \" style=\"text-align: justify;\" data-track-category=\"Link no Texto\" data-mrf-recirculation=\"Article links\"><span style=\"color: revert; font-size: revert; font-weight: revert;\">Sobre a feira<br \/>\n<span style=\"color: #ffffff;\">.<\/span><\/span><\/h1>\n<div id=\"chunk-e2j5o\">\n<div class=\"mc-column content-text active-extra-styles\" data-block-type=\"raw\" data-block-weight=\"3\" data-block-id=\"8\">\n<p style=\"text-align: justify;\"><span style=\"font-size: revert; color: initial;\">Em 2023, a feira apresentou mais de 100 expositores dispostos pelo Parque de Exposi\u00e7\u00f5es e mais de 6 mil pessoas que fizeram parte desse movimento, aproveitando as diversas oportunidades para adquirir novos insumos.<\/span><\/p>\n<\/div>\n<\/div>\n<div id=\"chunk-ec05s\">\n<div class=\"mc-column content-text active-extra-styles \" data-block-type=\"unstyled\" data-block-weight=\"28\" data-block-id=\"10\">\n<p class=\" content-text__container \" style=\"text-align: justify;\" data-track-category=\"Link no Texto\" data-track-links=\"\" data-mrf-recirculation=\"Article links\">Ao todo, foram mais deR$ 300 milh\u00f5es em neg\u00f3cios concretizados. Para a 11\u00aa edi\u00e7\u00e3o, a organiza\u00e7\u00e3o da Fenacampo afirmou que apresentar\u00e1 uma estrutura reformulada e tecnol\u00f3gica.<\/p>\n<p style=\"text-align: center;\"><strong><span style=\"color: #ff0000;\">CONTINUA AP\u00d3S A PUBLICIDADE<\/span><\/strong><img decoding=\"async\" loading=\"lazy\" class=\"aligncenter wp-image-1000004773 size-full\" src=\"https:\/\/www.sgagora.com.br\/sg\/wp-content\/uploads\/2024\/05\/GIF-SICREDI-SAO-GOTARDO.gif\" alt=\"\" width=\"260\" height=\"260\" \/><\/p>\n<p><img decoding=\"async\" loading=\"lazy\" class=\"aligncenter wp-image-1000000180 size-full\" src=\"https:\/\/www.sgagora.com.br\/sg\/wp-content\/uploads\/2023\/04\/Anuncie-aqui.gif\" alt=\"\" width=\"260\" height=\"260\" \/><\/p>\n<\/div>\n<\/div>\n<div id=\"chunk-9uovc\">\n<div class=\"mc-column content-text active-extra-styles\" data-block-type=\"raw\" data-block-weight=\"1\" data-block-id=\"11\">\n<h1 class=\"content-text__container\" style=\"text-align: justify;\" data-mrf-recirculation=\"Article links\"><span style=\"color: revert; font-size: revert; font-weight: revert;\">Programa\u00e7\u00e3o<br \/>\n<\/span><span style=\"color: #ffffff;\">.<\/span><\/h1>\n<\/div>\n<\/div>\n<div id=\"chunk-6eajv\">\n<div class=\"mc-column content-text active-extra-styles\" data-block-type=\"raw\" data-block-weight=\"34\" data-block-id=\"12\">\n<ul class=\"content-unordered-list\" data-mrf-recirculation=\"Recomendado\">\n<li style=\"text-align: justify;\">Para se inscrever e participar da <strong>FENACAMPO 2024<\/strong> basta entrar no <a class=\"\" href=\"https:\/\/www.fenacampo.com.br\/\" target=\"_blank\" rel=\"noopener\" data-mrf-link=\"https:\/\/www.fenacampo.com.br\/\">site do evento<\/a>;<\/li>\n<li style=\"text-align: justify;\"><strong>Data:<\/strong>\u00a028\/08 a 30\/08;<\/li>\n<li style=\"text-align: justify;\"><strong>Hora:<\/strong>\u00a012h \u00e0s 18h;<\/li>\n<li style=\"text-align: justify;\"><strong>Local:<\/strong>\u00a0Parque de Exposi\u00e7\u00f5es de S\u00e3o Gotardo, localizado \u00e0s margens da MG-235.<\/li>\n<\/ul>\n<p><span style=\"color: #ffffff;\">.<\/span><\/p>\n<p style=\"text-align: justify;\"><em><strong>Reportagem:<\/strong> Portal G1\/Alto Parana\u00edba \/ <strong>Link Original:<\/strong> https:\/\/g1.globo.com\/mg\/triangulo-mineiro\/agronegocios\/noticia\/2024\/08\/07\/fenacampo-2024-reune-profissionais-do-agronegocio-entre-os-dias-28-e-30-de-agosto-em-sao-gotardo.ghtml \/ <strong>Foto Capa:<\/strong> Divulga\u00e7\u00e3o\/FENACAMPO<\/em><\/p>\n<\/div>\n<\/div>\n<\/div>\n<\/div>\n<\/div>\n","protected":false},"excerpt":{"rendered":"<p>CONTINUA AP\u00d3S A PUBLICIDADE A 11\u00aa edi\u00e7\u00e3o da Feira de Agroneg\u00f3cios do Alto Parana\u00edba (FENACAMPO) ocorre entre os dias 28 e 30 de agosto no Parque de Exposi\u00e7\u00f5es, em S\u00e3o Gotardo. Em 2024, o objetivo &#8230; <a class=\"readmore\" href=\"https:\/\/www.sgagora.com.br\/sg\/com-mais-de-90-expositores-fenacampo-comeca-nesta-quarta-28-em-sao-gotardo\/\">Leia Mais<\/a><\/p>\n","protected":false},"author":1,"featured_media":1000005486,"comment_status":"open","ping_status":"open","sticky":false,"template":"","format":"standard","meta":{"_bbp_topic_count":0,"_bbp_reply_count":0,"_bbp_total_topic_count":0,"_bbp_total_reply_count":0,"_bbp_voice_count":0,"_bbp_anonymous_reply_count":0,"_bbp_topic_count_hidden":0,"_bbp_reply_count_hidden":0,"_bbp_forum_subforum_count":0},"categories":[2,77,81],"tags":[5003,1114,160],"yoast_head":"<!-- This site is optimized with the Yoast SEO plugin v20.5 - https:\/\/yoast.com\/wordpress\/plugins\/seo\/ -->\n<title>Com mais de 90 expositores, FENACAMPO come\u00e7a nesta quarta (28) em S\u00e3o Gotardo<\/title>\n<meta name=\"description\" content=\"A 11\u00aa edi\u00e7\u00e3o da Feira de Agroneg\u00f3cios do Alto Parana\u00edba (FENACAMPO) ocorre entre os dias 28 e 30 de agosto no Parque de Exposi\u00e7\u00f5es, em S\u00e3o Gotardo.\" \/>\n<meta name=\"robots\" content=\"index, follow, max-snippet:-1, max-image-preview:large, max-video-preview:-1\" \/>\n<link rel=\"canonical\" href=\"https:\/\/www.sgagora.com.br\/sg\/com-mais-de-90-expositores-fenacampo-comeca-nesta-quarta-28-em-sao-gotardo\/\" \/>\n<meta property=\"og:locale\" content=\"pt_BR\" \/>\n<meta property=\"og:type\" content=\"article\" \/>\n<meta property=\"og:title\" content=\"Com mais de 90 expositores, FENACAMPO come\u00e7a nesta quarta (28) em S\u00e3o Gotardo\" \/>\n<meta property=\"og:description\" content=\"A 11\u00aa edi\u00e7\u00e3o da Feira de Agroneg\u00f3cios do Alto Parana\u00edba (FENACAMPO) ocorre entre os dias 28 e 30 de agosto no Parque de Exposi\u00e7\u00f5es, em S\u00e3o Gotardo.\" \/>\n<meta property=\"og:url\" content=\"https:\/\/www.sgagora.com.br\/sg\/com-mais-de-90-expositores-fenacampo-comeca-nesta-quarta-28-em-sao-gotardo\/\" \/>\n<meta property=\"og:site_name\" content=\"SGAgora\" \/>\n<meta property=\"article:publisher\" content=\"https:\/\/www.facebook.com\/sgagora\" \/>\n<meta property=\"article:published_time\" content=\"2024-08-27T15:03:16+00:00\" \/>\n<meta property=\"article:modified_time\" content=\"2024-08-27T15:03:25+00:00\" \/>\n<meta property=\"og:image\" content=\"https:\/\/www.sgagora.com.br\/sg\/wp-content\/uploads\/2024\/08\/FENACAMPO.jpg\" \/>\n\t<meta property=\"og:image:width\" content=\"600\" \/>\n\t<meta property=\"og:image:height\" content=\"354\" \/>\n\t<meta property=\"og:image:type\" content=\"image\/jpeg\" \/>\n<meta name=\"author\" content=\"SG Agora\" \/>\n<meta name=\"twitter:label1\" content=\"Escrito por\" \/>\n\t<meta name=\"twitter:data1\" content=\"SG Agora\" \/>\n\t<meta name=\"twitter:label2\" content=\"Est. tempo de leitura\" \/>\n\t<meta name=\"twitter:data2\" content=\"3 minutos\" \/>\n<script type=\"application\/ld+json\" class=\"yoast-schema-graph\">{\"@context\":\"https:\/\/schema.org\",\"@graph\":[{\"@type\":\"WebPage\",\"@id\":\"https:\/\/www.sgagora.com.br\/sg\/com-mais-de-90-expositores-fenacampo-comeca-nesta-quarta-28-em-sao-gotardo\/\",\"url\":\"https:\/\/www.sgagora.com.br\/sg\/com-mais-de-90-expositores-fenacampo-comeca-nesta-quarta-28-em-sao-gotardo\/\",\"name\":\"Com mais de 90 expositores, FENACAMPO come\u00e7a nesta quarta (28) em S\u00e3o Gotardo\",\"isPartOf\":{\"@id\":\"https:\/\/www.sgagora.com.br\/sg\/#website\"},\"datePublished\":\"2024-08-27T15:03:16+00:00\",\"dateModified\":\"2024-08-27T15:03:25+00:00\",\"author\":{\"@id\":\"https:\/\/www.sgagora.com.br\/sg\/#\/schema\/person\/2be62cfb47cee3e0b305e4f7a765ae41\"},\"description\":\"A 11\u00aa edi\u00e7\u00e3o da Feira de Agroneg\u00f3cios do Alto Parana\u00edba (FENACAMPO) ocorre entre os dias 28 e 30 de agosto no Parque de Exposi\u00e7\u00f5es, em S\u00e3o Gotardo.\",\"breadcrumb\":{\"@id\":\"https:\/\/www.sgagora.com.br\/sg\/com-mais-de-90-expositores-fenacampo-comeca-nesta-quarta-28-em-sao-gotardo\/#breadcrumb\"},\"inLanguage\":\"pt-BR\",\"potentialAction\":[{\"@type\":\"ReadAction\",\"target\":[\"https:\/\/www.sgagora.com.br\/sg\/com-mais-de-90-expositores-fenacampo-comeca-nesta-quarta-28-em-sao-gotardo\/\"]}]},{\"@type\":\"BreadcrumbList\",\"@id\":\"https:\/\/www.sgagora.com.br\/sg\/com-mais-de-90-expositores-fenacampo-comeca-nesta-quarta-28-em-sao-gotardo\/#breadcrumb\",\"itemListElement\":[{\"@type\":\"ListItem\",\"position\":1,\"name\":\"In\u00edcio\",\"item\":\"https:\/\/www.sgagora.com.br\/sg\/\"},{\"@type\":\"ListItem\",\"position\":2,\"name\":\"Com mais de 90 expositores, FENACAMPO come\u00e7a nesta quarta (28) em S\u00e3o Gotardo\"}]},{\"@type\":\"WebSite\",\"@id\":\"https:\/\/www.sgagora.com.br\/sg\/#website\",\"url\":\"https:\/\/www.sgagora.com.br\/sg\/\",\"name\":\"SGAgora\",\"description\":\"Not\u00edcias de S\u00e3o Gotardo\",\"potentialAction\":[{\"@type\":\"SearchAction\",\"target\":{\"@type\":\"EntryPoint\",\"urlTemplate\":\"https:\/\/www.sgagora.com.br\/sg\/?s={search_term_string}\"},\"query-input\":\"required name=search_term_string\"}],\"inLanguage\":\"pt-BR\"},{\"@type\":\"Person\",\"@id\":\"https:\/\/www.sgagora.com.br\/sg\/#\/schema\/person\/2be62cfb47cee3e0b305e4f7a765ae41\",\"name\":\"SG Agora\",\"image\":{\"@type\":\"ImageObject\",\"inLanguage\":\"pt-BR\",\"@id\":\"https:\/\/www.sgagora.com.br\/sg\/#\/schema\/person\/image\/\",\"url\":\"https:\/\/secure.gravatar.com\/avatar\/a0c612a9a8c3e7419d6fd4f92e749d8d?s=96&d=mm&r=g\",\"contentUrl\":\"https:\/\/secure.gravatar.com\/avatar\/a0c612a9a8c3e7419d6fd4f92e749d8d?s=96&d=mm&r=g\",\"caption\":\"SG Agora\"},\"url\":\"https:\/\/www.sgagora.com.br\/sg\/author\/admin\/\"}]}<\/script>\n<!-- \/ Yoast SEO plugin. -->","yoast_head_json":{"title":"Com mais de 90 expositores, FENACAMPO come\u00e7a nesta quarta (28) em S\u00e3o Gotardo","description":"A 11\u00aa edi\u00e7\u00e3o da Feira de Agroneg\u00f3cios do Alto Parana\u00edba (FENACAMPO) ocorre entre os dias 28 e 30 de agosto no Parque de Exposi\u00e7\u00f5es, em S\u00e3o Gotardo.","robots":{"index":"index","follow":"follow","max-snippet":"max-snippet:-1","max-image-preview":"max-image-preview:large","max-video-preview":"max-video-preview:-1"},"canonical":"https:\/\/www.sgagora.com.br\/sg\/com-mais-de-90-expositores-fenacampo-comeca-nesta-quarta-28-em-sao-gotardo\/","og_locale":"pt_BR","og_type":"article","og_title":"Com mais de 90 expositores, FENACAMPO come\u00e7a nesta quarta (28) em S\u00e3o Gotardo","og_description":"A 11\u00aa edi\u00e7\u00e3o da Feira de Agroneg\u00f3cios do Alto Parana\u00edba (FENACAMPO) ocorre entre os dias 28 e 30 de agosto no Parque de Exposi\u00e7\u00f5es, em S\u00e3o Gotardo.","og_url":"https:\/\/www.sgagora.com.br\/sg\/com-mais-de-90-expositores-fenacampo-comeca-nesta-quarta-28-em-sao-gotardo\/","og_site_name":"SGAgora","article_publisher":"https:\/\/www.facebook.com\/sgagora","article_published_time":"2024-08-27T15:03:16+00:00","article_modified_time":"2024-08-27T15:03:25+00:00","og_image":[{"width":600,"height":354,"url":"https:\/\/www.sgagora.com.br\/sg\/wp-content\/uploads\/2024\/08\/FENACAMPO.jpg","type":"image\/jpeg"}],"author":"SG Agora","twitter_misc":{"Escrito por":"SG Agora","Est. tempo de leitura":"3 minutos"},"schema":{"@context":"https:\/\/schema.org","@graph":[{"@type":"WebPage","@id":"https:\/\/www.sgagora.com.br\/sg\/com-mais-de-90-expositores-fenacampo-comeca-nesta-quarta-28-em-sao-gotardo\/","url":"https:\/\/www.sgagora.com.br\/sg\/com-mais-de-90-expositores-fenacampo-comeca-nesta-quarta-28-em-sao-gotardo\/","name":"Com mais de 90 expositores, FENACAMPO come\u00e7a nesta quarta (28) em S\u00e3o Gotardo","isPartOf":{"@id":"https:\/\/www.sgagora.com.br\/sg\/#website"},"datePublished":"2024-08-27T15:03:16+00:00","dateModified":"2024-08-27T15:03:25+00:00","author":{"@id":"https:\/\/www.sgagora.com.br\/sg\/#\/schema\/person\/2be62cfb47cee3e0b305e4f7a765ae41"},"description":"A 11\u00aa edi\u00e7\u00e3o da Feira de Agroneg\u00f3cios do Alto Parana\u00edba (FENACAMPO) ocorre entre os dias 28 e 30 de agosto no Parque de Exposi\u00e7\u00f5es, em S\u00e3o Gotardo.","breadcrumb":{"@id":"https:\/\/www.sgagora.com.br\/sg\/com-mais-de-90-expositores-fenacampo-comeca-nesta-quarta-28-em-sao-gotardo\/#breadcrumb"},"inLanguage":"pt-BR","potentialAction":[{"@type":"ReadAction","target":["https:\/\/www.sgagora.com.br\/sg\/com-mais-de-90-expositores-fenacampo-comeca-nesta-quarta-28-em-sao-gotardo\/"]}]},{"@type":"BreadcrumbList","@id":"https:\/\/www.sgagora.com.br\/sg\/com-mais-de-90-expositores-fenacampo-comeca-nesta-quarta-28-em-sao-gotardo\/#breadcrumb","itemListElement":[{"@type":"ListItem","position":1,"name":"In\u00edcio","item":"https:\/\/www.sgagora.com.br\/sg\/"},{"@type":"ListItem","position":2,"name":"Com mais de 90 expositores, FENACAMPO come\u00e7a nesta quarta (28) em S\u00e3o Gotardo"}]},{"@type":"WebSite","@id":"https:\/\/www.sgagora.com.br\/sg\/#website","url":"https:\/\/www.sgagora.com.br\/sg\/","name":"SGAgora","description":"Not\u00edcias de S\u00e3o Gotardo","potentialAction":[{"@type":"SearchAction","target":{"@type":"EntryPoint","urlTemplate":"https:\/\/www.sgagora.com.br\/sg\/?s={search_term_string}"},"query-input":"required name=search_term_string"}],"inLanguage":"pt-BR"},{"@type":"Person","@id":"https:\/\/www.sgagora.com.br\/sg\/#\/schema\/person\/2be62cfb47cee3e0b305e4f7a765ae41","name":"SG Agora","image":{"@type":"ImageObject","inLanguage":"pt-BR","@id":"https:\/\/www.sgagora.com.br\/sg\/#\/schema\/person\/image\/","url":"https:\/\/secure.gravatar.com\/avatar\/a0c612a9a8c3e7419d6fd4f92e749d8d?s=96&d=mm&r=g","contentUrl":"https:\/\/secure.gravatar.com\/avatar\/a0c612a9a8c3e7419d6fd4f92e749d8d?s=96&d=mm&r=g","caption":"SG Agora"},"url":"https:\/\/www.sgagora.com.br\/sg\/author\/admin\/"}]}},"_links":{"self":[{"href":"https:\/\/www.sgagora.com.br\/sg\/wp-json\/wp\/v2\/posts\/1000005484"}],"collection":[{"href":"https:\/\/www.sgagora.com.br\/sg\/wp-json\/wp\/v2\/posts"}],"about":[{"href":"https:\/\/www.sgagora.com.br\/sg\/wp-json\/wp\/v2\/types\/post"}],"author":[{"embeddable":true,"href":"https:\/\/www.sgagora.com.br\/sg\/wp-json\/wp\/v2\/users\/1"}],"replies":[{"embeddable":true,"href":"https:\/\/www.sgagora.com.br\/sg\/wp-json\/wp\/v2\/comments?post=1000005484"}],"version-history":[{"count":1,"href":"https:\/\/www.sgagora.com.br\/sg\/wp-json\/wp\/v2\/posts\/1000005484\/revisions"}],"predecessor-version":[{"id":1000005487,"href":"https:\/\/www.sgagora.com.br\/sg\/wp-json\/wp\/v2\/posts\/1000005484\/revisions\/1000005487"}],"wp:featuredmedia":[{"embeddable":true,"href":"https:\/\/www.sgagora.com.br\/sg\/wp-json\/wp\/v2\/media\/1000005486"}],"wp:attachment":[{"href":"https:\/\/www.sgagora.com.br\/sg\/wp-json\/wp\/v2\/media?parent=1000005484"}],"wp:term":[{"taxonomy":"category","embeddable":true,"href":"https:\/\/www.sgagora.com.br\/sg\/wp-json\/wp\/v2\/categories?post=1000005484"},{"taxonomy":"post_tag","embeddable":true,"href":"https:\/\/www.sgagora.com.br\/sg\/wp-json\/wp\/v2\/tags?post=1000005484"}],"curies":[{"name":"wp","href":"https:\/\/api.w.org\/{rel}","templated":true}]}}