{"id":1000005636,"date":"2024-10-19T13:16:03","date_gmt":"2024-10-19T16:16:03","guid":{"rendered":"https:\/\/www.sgagora.com.br\/sg\/?p=1000005636"},"modified":"2024-11-05T11:40:06","modified_gmt":"2024-11-05T14:40:06","slug":"dois-milhoes-de-reais-prefeitura-envia-projeto-para-ser-votado-na-camara-de-vereadores-sobre-recompra-de-espaco-da-praca-sao-sebastiao-em-sao-gotardo","status":"publish","type":"post","link":"https:\/\/www.sgagora.com.br\/sg\/dois-milhoes-de-reais-prefeitura-envia-projeto-para-ser-votado-na-camara-de-vereadores-sobre-recompra-de-espaco-da-praca-sao-sebastiao-em-sao-gotardo\/","title":{"rendered":"DOIS MILH\u00d5ES DE REAIS: Prefeitura envia projeto para ser votado na C\u00e2mara de Vereadores sobre recompra de espa\u00e7o da Pra\u00e7a S\u00e3o Sebasti\u00e3o em S\u00e3o Gotardo"},"content":{"rendered":"<p style=\"text-align: center;\"><span style=\"color: #ff0000;\"><strong>CONTINUA AP\u00d3S A PUBLICIDADE<\/strong><\/span><img decoding=\"async\" loading=\"lazy\" class=\"aligncenter wp-image-1000005472 size-full\" src=\"https:\/\/www.sgagora.com.br\/sg\/wp-content\/uploads\/2024\/08\/gif_260x260px_ssv.gif\" alt=\"\" width=\"260\" height=\"260\" \/><\/p>\n<p><img decoding=\"async\" loading=\"lazy\" class=\"aligncenter wp-image-1000005698 size-full\" src=\"https:\/\/www.sgagora.com.br\/sg\/wp-content\/uploads\/2024\/11\/CLIQUE-AQUI.gif\" alt=\"\" width=\"260\" height=\"260\" \/><\/p>\n<p style=\"text-align: justify;\">Cerca de dois milh\u00f5es de reais. Este \u00e9 o valor que a Prefeitura Municipal de S\u00e3o Gotardo pretende investir para recomprar um espa\u00e7o situado na Pra\u00e7a S\u00e3o Sebasti\u00e3o no Centro de S\u00e3o Gotardo, o qual foi vendido no final da d\u00e9cada de 90, ap\u00f3s a Lei Lei n\u00ba 1276 ser sancionada em 8 de outubro de 1997, autorizando a venda do lote que era pertencente ao patrim\u00f4nio municipal, pelo valor aproximadamente de 200 mil reais, cotado nos dias de hoje.<\/p>\n<p style=\"text-align: justify;\">O Projeto de Lei n\u00ba 49\/2024, foi enviado pela prefeita municipal Denise Abadia Pereira Oliveira, no dia 12 de setembro de 2024. Desde o envio do Projeto, o tema tem gerado discuss\u00f5es tanto nos poderes executivo quando legislativo de S\u00e3o Gotardo. O valor do Projeto, cerca de dois milh\u00f5es de reais, tamb\u00e9m ser\u00e1 investido em outras \u00e1reas da Secretaria Municipal de Planejamento e Gest\u00e3o, porem sua maior parte, ser\u00e1 destinada para a recompra do espa\u00e7o que fica no meio da Pra\u00e7a S\u00e3o Sebasti\u00e3o, no Centro da cidade.<\/p>\n<p style=\"text-align: justify;\">Neste \u00faltimo dia 15 de Outubro de 2024, foi protocolado um novo of\u00edcio pedido pelo gabinete da Vereadora Denise Alves e tamb\u00e9m assassinado pelos vereadores Carlos Camargos e Ren\u00ea Luiz, solicitando a prefeita uma audi\u00eancia p\u00fablica em at\u00e9 10 dias para debater o Projeto de Lei n\u00ba 49\/2024. O principal objetivo do of\u00edcio \u00e9 debater melhor a destina\u00e7\u00e3o da verba de tamanha import\u00e2ncia e saber exatamente qual o valor que a Prefeitura Municipal de S\u00e3o Gotardo pretende investir para a reaquisi\u00e7\u00e3o no lote.<\/p>\n<p style=\"text-align: center;\"><span style=\"color: #ff0000;\"><strong>CONTINUA AP\u00d3S A PUBLICIDADE<\/strong><\/span><img decoding=\"async\" loading=\"lazy\" class=\"aligncenter wp-image-1000001976 size-full\" src=\"https:\/\/www.sgagora.com.br\/sg\/wp-content\/uploads\/2019\/12\/GIF-PRONTO-ODONTO-COMPANY.gif\" alt=\"\" width=\"600\" height=\"260\" \/><\/p>\n<p style=\"text-align: justify;\">Em nota enviada ao Portal e Jornal SG AGORA, a Prefeitura Municipal informou que &#8220;as informa\u00e7\u00f5es procedem, os processos est\u00e3o em andamento, porem at\u00e9 o momento n\u00e3o h\u00e1 decis\u00e3o de aquisi\u00e7\u00e3o de bens para o munic\u00edpio de S\u00e3o Gotardo&#8221;.<\/p>\n<p style=\"text-align: justify;\">\u00c9 preciso destaca que, mesmo n\u00e3o pertencendo mais a Prefeitura Municipal de S\u00e3o Gotardo, o espa\u00e7o de \u00e1rea total de 620,84 m\u00b2 \u00e9 protegido por Leis Municipais e Federais\u00a0 e nada pode ser constru\u00eddo no local com altura superior a 1 metro. Caso a venda seja concretizada pela Prefeitura Municipal, o que mudar\u00e1 ser\u00e1 somente a n\u00e3o utiliza\u00e7\u00e3o do espa\u00e7o para fins comerciais particulares. Atualmente o local funciona como um estacionamento particular, sob os cuidados dos atuais propriet\u00e1rios do lote.<\/p>\n<p>Qual a sua opini\u00e3o sobre este tema? Deixe nos coment\u00e1rios!<\/p>\n<p style=\"text-align: center;\"><strong><span style=\"color: #ff0000;\">CONTINUA AP\u00d3S A PUBLICIDADE<\/span><\/strong><img decoding=\"async\" loading=\"lazy\" class=\"aligncenter wp-image-1000004773 size-full\" src=\"https:\/\/www.sgagora.com.br\/sg\/wp-content\/uploads\/2024\/05\/GIF-SICREDI-SAO-GOTARDO.gif\" alt=\"\" width=\"260\" height=\"260\" \/><\/p>\n<p><img decoding=\"async\" loading=\"lazy\" class=\"aligncenter wp-image-1000000180 size-full\" src=\"https:\/\/www.sgagora.com.br\/sg\/wp-content\/uploads\/2023\/04\/Anuncie-aqui.gif\" alt=\"\" width=\"260\" height=\"260\" \/><\/p>\n<p><span style=\"color: #ffffff;\">.<\/span><\/p>\n<p style=\"text-align: justify;\"><em><strong>Reportagem:<\/strong> Diego Oliveira\/Portal SG AGORA \/ <strong>Fonte da Reportagem:<\/strong> Apura\u00e7\u00e3o Portal SG AGORA \/ <strong>Foto Capa:<\/strong> Arquivo\/Portal SG AGORA<\/em><\/p>\n","protected":false},"excerpt":{"rendered":"<p>CONTINUA AP\u00d3S A PUBLICIDADE Cerca de dois milh\u00f5es de reais. Este \u00e9 o valor que a Prefeitura Municipal de S\u00e3o Gotardo pretende investir para recomprar um espa\u00e7o situado na Pra\u00e7a S\u00e3o Sebasti\u00e3o no Centro de &#8230; <a class=\"readmore\" href=\"https:\/\/www.sgagora.com.br\/sg\/dois-milhoes-de-reais-prefeitura-envia-projeto-para-ser-votado-na-camara-de-vereadores-sobre-recompra-de-espaco-da-praca-sao-sebastiao-em-sao-gotardo\/\">Leia Mais<\/a><\/p>\n","protected":false},"author":1,"featured_media":1000005639,"comment_status":"open","ping_status":"open","sticky":false,"template":"","format":"standard","meta":{"_bbp_topic_count":0,"_bbp_reply_count":0,"_bbp_total_topic_count":0,"_bbp_total_reply_count":0,"_bbp_voice_count":0,"_bbp_anonymous_reply_count":0,"_bbp_topic_count_hidden":0,"_bbp_reply_count_hidden":0,"_bbp_forum_subforum_count":0},"categories":[77,81],"tags":[21655,1696,415,4429],"yoast_head":"<!-- This site is optimized with the Yoast SEO plugin v20.5 - https:\/\/yoast.com\/wordpress\/plugins\/seo\/ -->\n<title>DOIS MILH\u00d5ES DE REAIS: Prefeitura envia projeto para ser votado na C\u00e2mara de Vereadores sobre recompra de espa\u00e7o da Pra\u00e7a S\u00e3o Sebasti\u00e3o em S\u00e3o Gotardo<\/title>\n<meta name=\"description\" content=\"Cerca de dois milh\u00f5es de reais. Este \u00e9 o valor que a Prefeitura Municipal de S\u00e3o Gotardo pretende investir para recomprar um espa\u00e7o situado na Pra\u00e7a S\u00e3o Sebasti\u00e3o no Centro de S\u00e3o Gotardo.\" \/>\n<meta name=\"robots\" content=\"index, follow, max-snippet:-1, max-image-preview:large, max-video-preview:-1\" \/>\n<link rel=\"canonical\" href=\"https:\/\/www.sgagora.com.br\/sg\/dois-milhoes-de-reais-prefeitura-envia-projeto-para-ser-votado-na-camara-de-vereadores-sobre-recompra-de-espaco-da-praca-sao-sebastiao-em-sao-gotardo\/\" \/>\n<meta property=\"og:locale\" content=\"pt_BR\" \/>\n<meta property=\"og:type\" content=\"article\" \/>\n<meta property=\"og:title\" content=\"DOIS MILH\u00d5ES DE REAIS: Prefeitura envia projeto para ser votado na C\u00e2mara de Vereadores sobre recompra de espa\u00e7o da Pra\u00e7a S\u00e3o Sebasti\u00e3o em S\u00e3o Gotardo\" \/>\n<meta property=\"og:description\" content=\"Cerca de dois milh\u00f5es de reais. Este \u00e9 o valor que a Prefeitura Municipal de S\u00e3o Gotardo pretende investir para recomprar um espa\u00e7o situado na Pra\u00e7a S\u00e3o Sebasti\u00e3o no Centro de S\u00e3o Gotardo.\" \/>\n<meta property=\"og:url\" content=\"https:\/\/www.sgagora.com.br\/sg\/dois-milhoes-de-reais-prefeitura-envia-projeto-para-ser-votado-na-camara-de-vereadores-sobre-recompra-de-espaco-da-praca-sao-sebastiao-em-sao-gotardo\/\" \/>\n<meta property=\"og:site_name\" content=\"SGAgora\" \/>\n<meta property=\"article:publisher\" content=\"https:\/\/www.facebook.com\/sgagora\" \/>\n<meta property=\"article:published_time\" content=\"2024-10-19T16:16:03+00:00\" \/>\n<meta property=\"article:modified_time\" content=\"2024-11-05T14:40:06+00:00\" \/>\n<meta property=\"og:image\" content=\"https:\/\/www.sgagora.com.br\/sg\/wp-content\/uploads\/2024\/10\/IMG_0885.jpg\" \/>\n\t<meta property=\"og:image:width\" content=\"600\" \/>\n\t<meta property=\"og:image:height\" content=\"450\" \/>\n\t<meta property=\"og:image:type\" content=\"image\/jpeg\" \/>\n<meta name=\"author\" content=\"SG Agora\" \/>\n<meta name=\"twitter:label1\" content=\"Escrito por\" \/>\n\t<meta name=\"twitter:data1\" content=\"SG Agora\" \/>\n\t<meta name=\"twitter:label2\" content=\"Est. tempo de leitura\" \/>\n\t<meta name=\"twitter:data2\" content=\"4 minutos\" \/>\n<script type=\"application\/ld+json\" class=\"yoast-schema-graph\">{\"@context\":\"https:\/\/schema.org\",\"@graph\":[{\"@type\":\"WebPage\",\"@id\":\"https:\/\/www.sgagora.com.br\/sg\/dois-milhoes-de-reais-prefeitura-envia-projeto-para-ser-votado-na-camara-de-vereadores-sobre-recompra-de-espaco-da-praca-sao-sebastiao-em-sao-gotardo\/\",\"url\":\"https:\/\/www.sgagora.com.br\/sg\/dois-milhoes-de-reais-prefeitura-envia-projeto-para-ser-votado-na-camara-de-vereadores-sobre-recompra-de-espaco-da-praca-sao-sebastiao-em-sao-gotardo\/\",\"name\":\"DOIS MILH\u00d5ES DE REAIS: Prefeitura envia projeto para ser votado na C\u00e2mara de Vereadores sobre recompra de espa\u00e7o da Pra\u00e7a S\u00e3o Sebasti\u00e3o em S\u00e3o Gotardo\",\"isPartOf\":{\"@id\":\"https:\/\/www.sgagora.com.br\/sg\/#website\"},\"datePublished\":\"2024-10-19T16:16:03+00:00\",\"dateModified\":\"2024-11-05T14:40:06+00:00\",\"author\":{\"@id\":\"https:\/\/www.sgagora.com.br\/sg\/#\/schema\/person\/2be62cfb47cee3e0b305e4f7a765ae41\"},\"description\":\"Cerca de dois milh\u00f5es de reais. Este \u00e9 o valor que a Prefeitura Municipal de S\u00e3o Gotardo pretende investir para recomprar um espa\u00e7o situado na Pra\u00e7a S\u00e3o Sebasti\u00e3o no Centro de S\u00e3o Gotardo.\",\"breadcrumb\":{\"@id\":\"https:\/\/www.sgagora.com.br\/sg\/dois-milhoes-de-reais-prefeitura-envia-projeto-para-ser-votado-na-camara-de-vereadores-sobre-recompra-de-espaco-da-praca-sao-sebastiao-em-sao-gotardo\/#breadcrumb\"},\"inLanguage\":\"pt-BR\",\"potentialAction\":[{\"@type\":\"ReadAction\",\"target\":[\"https:\/\/www.sgagora.com.br\/sg\/dois-milhoes-de-reais-prefeitura-envia-projeto-para-ser-votado-na-camara-de-vereadores-sobre-recompra-de-espaco-da-praca-sao-sebastiao-em-sao-gotardo\/\"]}]},{\"@type\":\"BreadcrumbList\",\"@id\":\"https:\/\/www.sgagora.com.br\/sg\/dois-milhoes-de-reais-prefeitura-envia-projeto-para-ser-votado-na-camara-de-vereadores-sobre-recompra-de-espaco-da-praca-sao-sebastiao-em-sao-gotardo\/#breadcrumb\",\"itemListElement\":[{\"@type\":\"ListItem\",\"position\":1,\"name\":\"In\u00edcio\",\"item\":\"https:\/\/www.sgagora.com.br\/sg\/\"},{\"@type\":\"ListItem\",\"position\":2,\"name\":\"DOIS MILH\u00d5ES DE REAIS: Prefeitura envia projeto para ser votado na C\u00e2mara de Vereadores sobre recompra de espa\u00e7o da Pra\u00e7a S\u00e3o Sebasti\u00e3o em S\u00e3o Gotardo\"}]},{\"@type\":\"WebSite\",\"@id\":\"https:\/\/www.sgagora.com.br\/sg\/#website\",\"url\":\"https:\/\/www.sgagora.com.br\/sg\/\",\"name\":\"SGAgora\",\"description\":\"Not\u00edcias de S\u00e3o Gotardo\",\"potentialAction\":[{\"@type\":\"SearchAction\",\"target\":{\"@type\":\"EntryPoint\",\"urlTemplate\":\"https:\/\/www.sgagora.com.br\/sg\/?s={search_term_string}\"},\"query-input\":\"required name=search_term_string\"}],\"inLanguage\":\"pt-BR\"},{\"@type\":\"Person\",\"@id\":\"https:\/\/www.sgagora.com.br\/sg\/#\/schema\/person\/2be62cfb47cee3e0b305e4f7a765ae41\",\"name\":\"SG Agora\",\"image\":{\"@type\":\"ImageObject\",\"inLanguage\":\"pt-BR\",\"@id\":\"https:\/\/www.sgagora.com.br\/sg\/#\/schema\/person\/image\/\",\"url\":\"https:\/\/secure.gravatar.com\/avatar\/a0c612a9a8c3e7419d6fd4f92e749d8d?s=96&d=mm&r=g\",\"contentUrl\":\"https:\/\/secure.gravatar.com\/avatar\/a0c612a9a8c3e7419d6fd4f92e749d8d?s=96&d=mm&r=g\",\"caption\":\"SG Agora\"},\"url\":\"https:\/\/www.sgagora.com.br\/sg\/author\/admin\/\"}]}<\/script>\n<!-- \/ Yoast SEO plugin. -->","yoast_head_json":{"title":"DOIS MILH\u00d5ES DE REAIS: Prefeitura envia projeto para ser votado na C\u00e2mara de Vereadores sobre recompra de espa\u00e7o da Pra\u00e7a S\u00e3o Sebasti\u00e3o em S\u00e3o Gotardo","description":"Cerca de dois milh\u00f5es de reais. Este \u00e9 o valor que a Prefeitura Municipal de S\u00e3o Gotardo pretende investir para recomprar um espa\u00e7o situado na Pra\u00e7a S\u00e3o Sebasti\u00e3o no Centro de S\u00e3o Gotardo.","robots":{"index":"index","follow":"follow","max-snippet":"max-snippet:-1","max-image-preview":"max-image-preview:large","max-video-preview":"max-video-preview:-1"},"canonical":"https:\/\/www.sgagora.com.br\/sg\/dois-milhoes-de-reais-prefeitura-envia-projeto-para-ser-votado-na-camara-de-vereadores-sobre-recompra-de-espaco-da-praca-sao-sebastiao-em-sao-gotardo\/","og_locale":"pt_BR","og_type":"article","og_title":"DOIS MILH\u00d5ES DE REAIS: Prefeitura envia projeto para ser votado na C\u00e2mara de Vereadores sobre recompra de espa\u00e7o da Pra\u00e7a S\u00e3o Sebasti\u00e3o em S\u00e3o Gotardo","og_description":"Cerca de dois milh\u00f5es de reais. Este \u00e9 o valor que a Prefeitura Municipal de S\u00e3o Gotardo pretende investir para recomprar um espa\u00e7o situado na Pra\u00e7a S\u00e3o Sebasti\u00e3o no Centro de S\u00e3o Gotardo.","og_url":"https:\/\/www.sgagora.com.br\/sg\/dois-milhoes-de-reais-prefeitura-envia-projeto-para-ser-votado-na-camara-de-vereadores-sobre-recompra-de-espaco-da-praca-sao-sebastiao-em-sao-gotardo\/","og_site_name":"SGAgora","article_publisher":"https:\/\/www.facebook.com\/sgagora","article_published_time":"2024-10-19T16:16:03+00:00","article_modified_time":"2024-11-05T14:40:06+00:00","og_image":[{"width":600,"height":450,"url":"https:\/\/www.sgagora.com.br\/sg\/wp-content\/uploads\/2024\/10\/IMG_0885.jpg","type":"image\/jpeg"}],"author":"SG Agora","twitter_misc":{"Escrito por":"SG Agora","Est. tempo de leitura":"4 minutos"},"schema":{"@context":"https:\/\/schema.org","@graph":[{"@type":"WebPage","@id":"https:\/\/www.sgagora.com.br\/sg\/dois-milhoes-de-reais-prefeitura-envia-projeto-para-ser-votado-na-camara-de-vereadores-sobre-recompra-de-espaco-da-praca-sao-sebastiao-em-sao-gotardo\/","url":"https:\/\/www.sgagora.com.br\/sg\/dois-milhoes-de-reais-prefeitura-envia-projeto-para-ser-votado-na-camara-de-vereadores-sobre-recompra-de-espaco-da-praca-sao-sebastiao-em-sao-gotardo\/","name":"DOIS MILH\u00d5ES DE REAIS: Prefeitura envia projeto para ser votado na C\u00e2mara de Vereadores sobre recompra de espa\u00e7o da Pra\u00e7a S\u00e3o Sebasti\u00e3o em S\u00e3o Gotardo","isPartOf":{"@id":"https:\/\/www.sgagora.com.br\/sg\/#website"},"datePublished":"2024-10-19T16:16:03+00:00","dateModified":"2024-11-05T14:40:06+00:00","author":{"@id":"https:\/\/www.sgagora.com.br\/sg\/#\/schema\/person\/2be62cfb47cee3e0b305e4f7a765ae41"},"description":"Cerca de dois milh\u00f5es de reais. Este \u00e9 o valor que a Prefeitura Municipal de S\u00e3o Gotardo pretende investir para recomprar um espa\u00e7o situado na Pra\u00e7a S\u00e3o Sebasti\u00e3o no Centro de S\u00e3o Gotardo.","breadcrumb":{"@id":"https:\/\/www.sgagora.com.br\/sg\/dois-milhoes-de-reais-prefeitura-envia-projeto-para-ser-votado-na-camara-de-vereadores-sobre-recompra-de-espaco-da-praca-sao-sebastiao-em-sao-gotardo\/#breadcrumb"},"inLanguage":"pt-BR","potentialAction":[{"@type":"ReadAction","target":["https:\/\/www.sgagora.com.br\/sg\/dois-milhoes-de-reais-prefeitura-envia-projeto-para-ser-votado-na-camara-de-vereadores-sobre-recompra-de-espaco-da-praca-sao-sebastiao-em-sao-gotardo\/"]}]},{"@type":"BreadcrumbList","@id":"https:\/\/www.sgagora.com.br\/sg\/dois-milhoes-de-reais-prefeitura-envia-projeto-para-ser-votado-na-camara-de-vereadores-sobre-recompra-de-espaco-da-praca-sao-sebastiao-em-sao-gotardo\/#breadcrumb","itemListElement":[{"@type":"ListItem","position":1,"name":"In\u00edcio","item":"https:\/\/www.sgagora.com.br\/sg\/"},{"@type":"ListItem","position":2,"name":"DOIS MILH\u00d5ES DE REAIS: Prefeitura envia projeto para ser votado na C\u00e2mara de Vereadores sobre recompra de espa\u00e7o da Pra\u00e7a S\u00e3o Sebasti\u00e3o em S\u00e3o Gotardo"}]},{"@type":"WebSite","@id":"https:\/\/www.sgagora.com.br\/sg\/#website","url":"https:\/\/www.sgagora.com.br\/sg\/","name":"SGAgora","description":"Not\u00edcias de S\u00e3o Gotardo","potentialAction":[{"@type":"SearchAction","target":{"@type":"EntryPoint","urlTemplate":"https:\/\/www.sgagora.com.br\/sg\/?s={search_term_string}"},"query-input":"required name=search_term_string"}],"inLanguage":"pt-BR"},{"@type":"Person","@id":"https:\/\/www.sgagora.com.br\/sg\/#\/schema\/person\/2be62cfb47cee3e0b305e4f7a765ae41","name":"SG Agora","image":{"@type":"ImageObject","inLanguage":"pt-BR","@id":"https:\/\/www.sgagora.com.br\/sg\/#\/schema\/person\/image\/","url":"https:\/\/secure.gravatar.com\/avatar\/a0c612a9a8c3e7419d6fd4f92e749d8d?s=96&d=mm&r=g","contentUrl":"https:\/\/secure.gravatar.com\/avatar\/a0c612a9a8c3e7419d6fd4f92e749d8d?s=96&d=mm&r=g","caption":"SG Agora"},"url":"https:\/\/www.sgagora.com.br\/sg\/author\/admin\/"}]}},"_links":{"self":[{"href":"https:\/\/www.sgagora.com.br\/sg\/wp-json\/wp\/v2\/posts\/1000005636"}],"collection":[{"href":"https:\/\/www.sgagora.com.br\/sg\/wp-json\/wp\/v2\/posts"}],"about":[{"href":"https:\/\/www.sgagora.com.br\/sg\/wp-json\/wp\/v2\/types\/post"}],"author":[{"embeddable":true,"href":"https:\/\/www.sgagora.com.br\/sg\/wp-json\/wp\/v2\/users\/1"}],"replies":[{"embeddable":true,"href":"https:\/\/www.sgagora.com.br\/sg\/wp-json\/wp\/v2\/comments?post=1000005636"}],"version-history":[{"count":2,"href":"https:\/\/www.sgagora.com.br\/sg\/wp-json\/wp\/v2\/posts\/1000005636\/revisions"}],"predecessor-version":[{"id":1000005709,"href":"https:\/\/www.sgagora.com.br\/sg\/wp-json\/wp\/v2\/posts\/1000005636\/revisions\/1000005709"}],"wp:featuredmedia":[{"embeddable":true,"href":"https:\/\/www.sgagora.com.br\/sg\/wp-json\/wp\/v2\/media\/1000005639"}],"wp:attachment":[{"href":"https:\/\/www.sgagora.com.br\/sg\/wp-json\/wp\/v2\/media?parent=1000005636"}],"wp:term":[{"taxonomy":"category","embeddable":true,"href":"https:\/\/www.sgagora.com.br\/sg\/wp-json\/wp\/v2\/categories?post=1000005636"},{"taxonomy":"post_tag","embeddable":true,"href":"https:\/\/www.sgagora.com.br\/sg\/wp-json\/wp\/v2\/tags?post=1000005636"}],"curies":[{"name":"wp","href":"https:\/\/api.w.org\/{rel}","templated":true}]}}