{"id":1000005684,"date":"2024-11-01T16:14:14","date_gmt":"2024-11-01T19:14:14","guid":{"rendered":"https:\/\/www.sgagora.com.br\/sg\/?p=1000005684"},"modified":"2024-11-27T14:54:38","modified_gmt":"2024-11-27T17:54:38","slug":"durante-operacao-contra-a-desordem-em-sao-gotardo-pm-apreende-sete-motocicletas","status":"publish","type":"post","link":"https:\/\/www.sgagora.com.br\/sg\/durante-operacao-contra-a-desordem-em-sao-gotardo-pm-apreende-sete-motocicletas\/","title":{"rendered":"Durante Opera\u00e7\u00e3o contra a Desordem em S\u00e3o Gotardo, PM apreende sete motocicletas"},"content":{"rendered":"<p style=\"text-align: justify;\">Em S\u00e3o Gotardo,\u00a0 no dia 31\/10\/2024, policiais militares da cidade com apoio de uma equipe policial da sede do 15\u00ba BPM em Patos de Minas e emprego de motocicletas da Pol\u00edcia Militar, realizaram mais uma opera\u00e7\u00e3o visando a intensifica\u00e7\u00e3o dos ESFOR\u00c7OS DE PREVEN\u00c7\u00c3O aos crimes de Homic\u00eddios e roubos no 15\u00ba BPM e controle da desordem <em><strong>(veja as fotos no final desta reportagem)<\/strong><\/em>.<\/p>\n<p style=\"text-align: center;\"><span style=\"color: #ff0000;\"><strong>CONTINUA AP\u00d3S A PUBLICIDADE<\/strong><\/span><img decoding=\"async\" loading=\"lazy\" class=\"aligncenter wp-image-1000005472 size-full\" src=\"https:\/\/www.sgagora.com.br\/sg\/wp-content\/uploads\/2024\/08\/gif_260x260px_ssv.gif\" alt=\"\" width=\"260\" height=\"260\" \/><\/p>\n<p><img decoding=\"async\" loading=\"lazy\" class=\"aligncenter wp-image-1000005698 size-full\" src=\"https:\/\/www.sgagora.com.br\/sg\/wp-content\/uploads\/2024\/11\/CLIQUE-AQUI.gif\" alt=\"\" width=\"260\" height=\"260\" \/><\/p>\n<p style=\"text-align: justify;\">A A\u00e7\u00e3o teve foco na fiscaliza\u00e7\u00e3o de tr\u00e2nsito e abordagem de motociclistas e resultou na remo\u00e7\u00e3o de 07 (sete) motocicletas, devidos a irregularidade diversas como escapamentos adulterados, aus\u00eancia de itens obrigat\u00f3rios, dentre outras. V\u00e1rios condutores inabilitados tamb\u00e9m foram autuados <em><strong>(veja as fotos no final desta reportagem)<\/strong><\/em>.<\/p>\n<p style=\"text-align: center;\"><span style=\"color: #ff0000;\"><strong>CONTINUA AP\u00d3S A PUBLICIDADE<\/strong><\/span><img decoding=\"async\" loading=\"lazy\" class=\"aligncenter wp-image-1000001976 size-full\" src=\"https:\/\/www.sgagora.com.br\/sg\/wp-content\/uploads\/2019\/12\/GIF-PRONTO-ODONTO-COMPANY.gif\" alt=\"\" width=\"600\" height=\"260\" \/><\/p>\n<p style=\"text-align: justify;\">As Opera\u00e7\u00f5es continuaram de maneira ostensiva, visando sempre a ordem em todo o munic\u00edpio de S\u00e3o Gotardo e demais cidades do Alto Parana\u00edba. Pol\u00edcia Militar de Minas Gerais: 249 ANOS, SER ESSENCIAL PARA O POVO MINEIRO <em><strong>(veja as fotos no final desta reportagem)<\/strong><\/em>!<\/p>\n<p style=\"text-align: center;\"><strong><span style=\"color: #ff0000;\">CONTINUA AP\u00d3S A PUBLICIDADE<\/span><\/strong><img decoding=\"async\" loading=\"lazy\" class=\"aligncenter wp-image-1000004773 size-full\" src=\"https:\/\/www.sgagora.com.br\/sg\/wp-content\/uploads\/2024\/05\/GIF-SICREDI-SAO-GOTARDO.gif\" alt=\"\" width=\"260\" height=\"260\" \/><\/p>\n<p><img decoding=\"async\" loading=\"lazy\" class=\"aligncenter wp-image-1000000180 size-full\" src=\"https:\/\/www.sgagora.com.br\/sg\/wp-content\/uploads\/2023\/04\/Anuncie-aqui.gif\" alt=\"\" width=\"260\" height=\"260\" \/><\/p>\n<h1 style=\"text-align: justify;\"><strong>Fotos da Opera\u00e7\u00e3o (clique na imagem para ampliar):<br \/>\n<span style=\"color: #ffffff;\">&gt;<\/span><\/strong><\/h1>\n\n\t\t<style type=\"text\/css\">\n\t\t\t#gallery-1 {\n\t\t\t\tmargin: auto;\n\t\t\t}\n\t\t\t#gallery-1 .gallery-item {\n\t\t\t\tfloat: left;\n\t\t\t\tmargin-top: 10px;\n\t\t\t\ttext-align: center;\n\t\t\t\twidth: 50%;\n\t\t\t}\n\t\t\t#gallery-1 img {\n\t\t\t\tborder: 2px solid #cfcfcf;\n\t\t\t}\n\t\t\t#gallery-1 .gallery-caption {\n\t\t\t\tmargin-left: 0;\n\t\t\t}\n\t\t\t\/* see gallery_shortcode() in wp-includes\/media.php *\/\n\t\t<\/style>\n\t\t<div id='gallery-1' class='gallery galleryid-1000005684 gallery-columns-2 gallery-size-medium'><dl class='gallery-item'>\n\t\t\t<dt class='gallery-icon landscape'>\n\t\t\t\t<a class=\"prettyphoto\" rel=\"prettyPhoto[gallery]\" href='https:\/\/www.sgagora.com.br\/sg\/wp-content\/uploads\/2024\/11\/3f987cb8-192e-4196-838e-5ff32547d429.jpg'><img width=\"300\" height=\"225\" src=\"https:\/\/www.sgagora.com.br\/sg\/wp-content\/uploads\/2024\/11\/3f987cb8-192e-4196-838e-5ff32547d429-300x225.jpg\" class=\"attachment-medium size-medium\" alt=\"\" decoding=\"async\" loading=\"lazy\" srcset=\"https:\/\/www.sgagora.com.br\/sg\/wp-content\/uploads\/2024\/11\/3f987cb8-192e-4196-838e-5ff32547d429-300x225.jpg 300w, https:\/\/www.sgagora.com.br\/sg\/wp-content\/uploads\/2024\/11\/3f987cb8-192e-4196-838e-5ff32547d429.jpg 600w\" sizes=\"(max-width: 300px) 100vw, 300px\" \/><\/a>\n\t\t\t<\/dt><\/dl><dl class='gallery-item'>\n\t\t\t<dt class='gallery-icon landscape'>\n\t\t\t\t<a class=\"prettyphoto\" rel=\"prettyPhoto[gallery]\" href='https:\/\/www.sgagora.com.br\/sg\/wp-content\/uploads\/2024\/11\/25e9d641-ee59-4962-bc36-a8cc759cd55d.jpg'><img width=\"300\" height=\"225\" src=\"https:\/\/www.sgagora.com.br\/sg\/wp-content\/uploads\/2024\/11\/25e9d641-ee59-4962-bc36-a8cc759cd55d-300x225.jpg\" class=\"attachment-medium size-medium\" alt=\"\" decoding=\"async\" loading=\"lazy\" srcset=\"https:\/\/www.sgagora.com.br\/sg\/wp-content\/uploads\/2024\/11\/25e9d641-ee59-4962-bc36-a8cc759cd55d-300x225.jpg 300w, https:\/\/www.sgagora.com.br\/sg\/wp-content\/uploads\/2024\/11\/25e9d641-ee59-4962-bc36-a8cc759cd55d.jpg 600w\" sizes=\"(max-width: 300px) 100vw, 300px\" \/><\/a>\n\t\t\t<\/dt><\/dl><br style=\"clear: both\" \/><dl class='gallery-item'>\n\t\t\t<dt class='gallery-icon landscape'>\n\t\t\t\t<a class=\"prettyphoto\" rel=\"prettyPhoto[gallery]\" href='https:\/\/www.sgagora.com.br\/sg\/wp-content\/uploads\/2024\/11\/bd699c93-5ed1-47c1-ab9e-1b9debd45d1a.jpg'><img width=\"300\" height=\"225\" src=\"https:\/\/www.sgagora.com.br\/sg\/wp-content\/uploads\/2024\/11\/bd699c93-5ed1-47c1-ab9e-1b9debd45d1a-300x225.jpg\" class=\"attachment-medium size-medium\" alt=\"\" decoding=\"async\" loading=\"lazy\" srcset=\"https:\/\/www.sgagora.com.br\/sg\/wp-content\/uploads\/2024\/11\/bd699c93-5ed1-47c1-ab9e-1b9debd45d1a-300x225.jpg 300w, https:\/\/www.sgagora.com.br\/sg\/wp-content\/uploads\/2024\/11\/bd699c93-5ed1-47c1-ab9e-1b9debd45d1a.jpg 600w\" sizes=\"(max-width: 300px) 100vw, 300px\" \/><\/a>\n\t\t\t<\/dt><\/dl><dl class='gallery-item'>\n\t\t\t<dt class='gallery-icon landscape'>\n\t\t\t\t<a class=\"prettyphoto\" rel=\"prettyPhoto[gallery]\" href='https:\/\/www.sgagora.com.br\/sg\/wp-content\/uploads\/2024\/11\/be63a0c0-c2ff-4eaa-842d-5599893cc04c.jpg'><img width=\"300\" height=\"225\" src=\"https:\/\/www.sgagora.com.br\/sg\/wp-content\/uploads\/2024\/11\/be63a0c0-c2ff-4eaa-842d-5599893cc04c-300x225.jpg\" class=\"attachment-medium size-medium\" alt=\"\" decoding=\"async\" loading=\"lazy\" srcset=\"https:\/\/www.sgagora.com.br\/sg\/wp-content\/uploads\/2024\/11\/be63a0c0-c2ff-4eaa-842d-5599893cc04c-300x225.jpg 300w, https:\/\/www.sgagora.com.br\/sg\/wp-content\/uploads\/2024\/11\/be63a0c0-c2ff-4eaa-842d-5599893cc04c.jpg 600w\" sizes=\"(max-width: 300px) 100vw, 300px\" \/><\/a>\n\t\t\t<\/dt><\/dl><br style=\"clear: both\" \/>\n\t\t<\/div>\n\n<p><span style=\"color: #ffffff;\">.<\/span><\/p>\n<p style=\"text-align: justify;\"><em><strong>Reportagem, Fotos Utilizadas e Foto Capa:<\/strong> Assessoria de Imprensa Pol\u00edcia Militar de S\u00e3o Gotardo (216\u00aa Cia.)<\/em><\/p>\n","protected":false},"excerpt":{"rendered":"<p>Em S\u00e3o Gotardo,\u00a0 no dia 31\/10\/2024, policiais militares da cidade com apoio de uma equipe policial da sede do 15\u00ba BPM em Patos de Minas e emprego de motocicletas da Pol\u00edcia Militar, realizaram mais uma &#8230; <a class=\"readmore\" href=\"https:\/\/www.sgagora.com.br\/sg\/durante-operacao-contra-a-desordem-em-sao-gotardo-pm-apreende-sete-motocicletas\/\">Leia Mais<\/a><\/p>\n","protected":false},"author":1,"featured_media":1000005690,"comment_status":"open","ping_status":"open","sticky":false,"template":"","format":"standard","meta":{"_bbp_topic_count":0,"_bbp_reply_count":0,"_bbp_total_topic_count":0,"_bbp_total_reply_count":0,"_bbp_voice_count":0,"_bbp_anonymous_reply_count":0,"_bbp_topic_count_hidden":0,"_bbp_reply_count_hidden":0,"_bbp_forum_subforum_count":0},"categories":[77,81],"tags":[2462,3803,132,4538,4429],"yoast_head":"<!-- This site is optimized with the Yoast SEO plugin v20.5 - https:\/\/yoast.com\/wordpress\/plugins\/seo\/ -->\n<title>Durante Opera\u00e7\u00e3o contra a Desordem em S\u00e3o Gotardo, PM apreende sete motocicletas<\/title>\n<meta name=\"description\" content=\"A A\u00e7\u00e3o teve foco na fiscaliza\u00e7\u00e3o de tr\u00e2nsito e abordagem de motociclistas e resultou na remo\u00e7\u00e3o de 07 (sete) motocicletas, devidos a irregularidade diversas.\" \/>\n<meta name=\"robots\" content=\"index, follow, max-snippet:-1, max-image-preview:large, max-video-preview:-1\" \/>\n<link rel=\"canonical\" href=\"https:\/\/www.sgagora.com.br\/sg\/durante-operacao-contra-a-desordem-em-sao-gotardo-pm-apreende-sete-motocicletas\/\" \/>\n<meta property=\"og:locale\" content=\"pt_BR\" \/>\n<meta property=\"og:type\" content=\"article\" \/>\n<meta property=\"og:title\" content=\"Durante Opera\u00e7\u00e3o contra a Desordem em S\u00e3o Gotardo, PM apreende sete motocicletas\" \/>\n<meta property=\"og:description\" content=\"A A\u00e7\u00e3o teve foco na fiscaliza\u00e7\u00e3o de tr\u00e2nsito e abordagem de motociclistas e resultou na remo\u00e7\u00e3o de 07 (sete) motocicletas, devidos a irregularidade diversas.\" \/>\n<meta property=\"og:url\" content=\"https:\/\/www.sgagora.com.br\/sg\/durante-operacao-contra-a-desordem-em-sao-gotardo-pm-apreende-sete-motocicletas\/\" \/>\n<meta property=\"og:site_name\" content=\"SGAgora\" \/>\n<meta property=\"article:publisher\" content=\"https:\/\/www.facebook.com\/sgagora\" \/>\n<meta property=\"article:published_time\" content=\"2024-11-01T19:14:14+00:00\" \/>\n<meta property=\"article:modified_time\" content=\"2024-11-27T17:54:38+00:00\" \/>\n<meta property=\"og:image\" content=\"https:\/\/www.sgagora.com.br\/sg\/wp-content\/uploads\/2024\/11\/be63a0c0-c2ff-4eaa-842d-5599893cc04c-1.jpg\" \/>\n\t<meta property=\"og:image:width\" content=\"600\" \/>\n\t<meta property=\"og:image:height\" content=\"450\" \/>\n\t<meta property=\"og:image:type\" content=\"image\/jpeg\" \/>\n<meta name=\"author\" content=\"SG Agora\" \/>\n<meta name=\"twitter:label1\" content=\"Escrito por\" \/>\n\t<meta name=\"twitter:data1\" content=\"SG Agora\" \/>\n\t<meta name=\"twitter:label2\" content=\"Est. tempo de leitura\" \/>\n\t<meta name=\"twitter:data2\" content=\"3 minutos\" \/>\n<script type=\"application\/ld+json\" class=\"yoast-schema-graph\">{\"@context\":\"https:\/\/schema.org\",\"@graph\":[{\"@type\":\"WebPage\",\"@id\":\"https:\/\/www.sgagora.com.br\/sg\/durante-operacao-contra-a-desordem-em-sao-gotardo-pm-apreende-sete-motocicletas\/\",\"url\":\"https:\/\/www.sgagora.com.br\/sg\/durante-operacao-contra-a-desordem-em-sao-gotardo-pm-apreende-sete-motocicletas\/\",\"name\":\"Durante Opera\u00e7\u00e3o contra a Desordem em S\u00e3o Gotardo, PM apreende sete motocicletas\",\"isPartOf\":{\"@id\":\"https:\/\/www.sgagora.com.br\/sg\/#website\"},\"datePublished\":\"2024-11-01T19:14:14+00:00\",\"dateModified\":\"2024-11-27T17:54:38+00:00\",\"author\":{\"@id\":\"https:\/\/www.sgagora.com.br\/sg\/#\/schema\/person\/2be62cfb47cee3e0b305e4f7a765ae41\"},\"description\":\"A A\u00e7\u00e3o teve foco na fiscaliza\u00e7\u00e3o de tr\u00e2nsito e abordagem de motociclistas e resultou na remo\u00e7\u00e3o de 07 (sete) motocicletas, devidos a irregularidade diversas.\",\"breadcrumb\":{\"@id\":\"https:\/\/www.sgagora.com.br\/sg\/durante-operacao-contra-a-desordem-em-sao-gotardo-pm-apreende-sete-motocicletas\/#breadcrumb\"},\"inLanguage\":\"pt-BR\",\"potentialAction\":[{\"@type\":\"ReadAction\",\"target\":[\"https:\/\/www.sgagora.com.br\/sg\/durante-operacao-contra-a-desordem-em-sao-gotardo-pm-apreende-sete-motocicletas\/\"]}]},{\"@type\":\"BreadcrumbList\",\"@id\":\"https:\/\/www.sgagora.com.br\/sg\/durante-operacao-contra-a-desordem-em-sao-gotardo-pm-apreende-sete-motocicletas\/#breadcrumb\",\"itemListElement\":[{\"@type\":\"ListItem\",\"position\":1,\"name\":\"In\u00edcio\",\"item\":\"https:\/\/www.sgagora.com.br\/sg\/\"},{\"@type\":\"ListItem\",\"position\":2,\"name\":\"Durante Opera\u00e7\u00e3o contra a Desordem em S\u00e3o Gotardo, PM apreende sete motocicletas\"}]},{\"@type\":\"WebSite\",\"@id\":\"https:\/\/www.sgagora.com.br\/sg\/#website\",\"url\":\"https:\/\/www.sgagora.com.br\/sg\/\",\"name\":\"SGAgora\",\"description\":\"Not\u00edcias de S\u00e3o Gotardo\",\"potentialAction\":[{\"@type\":\"SearchAction\",\"target\":{\"@type\":\"EntryPoint\",\"urlTemplate\":\"https:\/\/www.sgagora.com.br\/sg\/?s={search_term_string}\"},\"query-input\":\"required name=search_term_string\"}],\"inLanguage\":\"pt-BR\"},{\"@type\":\"Person\",\"@id\":\"https:\/\/www.sgagora.com.br\/sg\/#\/schema\/person\/2be62cfb47cee3e0b305e4f7a765ae41\",\"name\":\"SG Agora\",\"image\":{\"@type\":\"ImageObject\",\"inLanguage\":\"pt-BR\",\"@id\":\"https:\/\/www.sgagora.com.br\/sg\/#\/schema\/person\/image\/\",\"url\":\"https:\/\/secure.gravatar.com\/avatar\/a0c612a9a8c3e7419d6fd4f92e749d8d?s=96&d=mm&r=g\",\"contentUrl\":\"https:\/\/secure.gravatar.com\/avatar\/a0c612a9a8c3e7419d6fd4f92e749d8d?s=96&d=mm&r=g\",\"caption\":\"SG Agora\"},\"url\":\"https:\/\/www.sgagora.com.br\/sg\/author\/admin\/\"}]}<\/script>\n<!-- \/ Yoast SEO plugin. -->","yoast_head_json":{"title":"Durante Opera\u00e7\u00e3o contra a Desordem em S\u00e3o Gotardo, PM apreende sete motocicletas","description":"A A\u00e7\u00e3o teve foco na fiscaliza\u00e7\u00e3o de tr\u00e2nsito e abordagem de motociclistas e resultou na remo\u00e7\u00e3o de 07 (sete) motocicletas, devidos a irregularidade diversas.","robots":{"index":"index","follow":"follow","max-snippet":"max-snippet:-1","max-image-preview":"max-image-preview:large","max-video-preview":"max-video-preview:-1"},"canonical":"https:\/\/www.sgagora.com.br\/sg\/durante-operacao-contra-a-desordem-em-sao-gotardo-pm-apreende-sete-motocicletas\/","og_locale":"pt_BR","og_type":"article","og_title":"Durante Opera\u00e7\u00e3o contra a Desordem em S\u00e3o Gotardo, PM apreende sete motocicletas","og_description":"A A\u00e7\u00e3o teve foco na fiscaliza\u00e7\u00e3o de tr\u00e2nsito e abordagem de motociclistas e resultou na remo\u00e7\u00e3o de 07 (sete) motocicletas, devidos a irregularidade diversas.","og_url":"https:\/\/www.sgagora.com.br\/sg\/durante-operacao-contra-a-desordem-em-sao-gotardo-pm-apreende-sete-motocicletas\/","og_site_name":"SGAgora","article_publisher":"https:\/\/www.facebook.com\/sgagora","article_published_time":"2024-11-01T19:14:14+00:00","article_modified_time":"2024-11-27T17:54:38+00:00","og_image":[{"width":600,"height":450,"url":"https:\/\/www.sgagora.com.br\/sg\/wp-content\/uploads\/2024\/11\/be63a0c0-c2ff-4eaa-842d-5599893cc04c-1.jpg","type":"image\/jpeg"}],"author":"SG Agora","twitter_misc":{"Escrito por":"SG Agora","Est. tempo de leitura":"3 minutos"},"schema":{"@context":"https:\/\/schema.org","@graph":[{"@type":"WebPage","@id":"https:\/\/www.sgagora.com.br\/sg\/durante-operacao-contra-a-desordem-em-sao-gotardo-pm-apreende-sete-motocicletas\/","url":"https:\/\/www.sgagora.com.br\/sg\/durante-operacao-contra-a-desordem-em-sao-gotardo-pm-apreende-sete-motocicletas\/","name":"Durante Opera\u00e7\u00e3o contra a Desordem em S\u00e3o Gotardo, PM apreende sete motocicletas","isPartOf":{"@id":"https:\/\/www.sgagora.com.br\/sg\/#website"},"datePublished":"2024-11-01T19:14:14+00:00","dateModified":"2024-11-27T17:54:38+00:00","author":{"@id":"https:\/\/www.sgagora.com.br\/sg\/#\/schema\/person\/2be62cfb47cee3e0b305e4f7a765ae41"},"description":"A A\u00e7\u00e3o teve foco na fiscaliza\u00e7\u00e3o de tr\u00e2nsito e abordagem de motociclistas e resultou na remo\u00e7\u00e3o de 07 (sete) motocicletas, devidos a irregularidade diversas.","breadcrumb":{"@id":"https:\/\/www.sgagora.com.br\/sg\/durante-operacao-contra-a-desordem-em-sao-gotardo-pm-apreende-sete-motocicletas\/#breadcrumb"},"inLanguage":"pt-BR","potentialAction":[{"@type":"ReadAction","target":["https:\/\/www.sgagora.com.br\/sg\/durante-operacao-contra-a-desordem-em-sao-gotardo-pm-apreende-sete-motocicletas\/"]}]},{"@type":"BreadcrumbList","@id":"https:\/\/www.sgagora.com.br\/sg\/durante-operacao-contra-a-desordem-em-sao-gotardo-pm-apreende-sete-motocicletas\/#breadcrumb","itemListElement":[{"@type":"ListItem","position":1,"name":"In\u00edcio","item":"https:\/\/www.sgagora.com.br\/sg\/"},{"@type":"ListItem","position":2,"name":"Durante Opera\u00e7\u00e3o contra a Desordem em S\u00e3o Gotardo, PM apreende sete motocicletas"}]},{"@type":"WebSite","@id":"https:\/\/www.sgagora.com.br\/sg\/#website","url":"https:\/\/www.sgagora.com.br\/sg\/","name":"SGAgora","description":"Not\u00edcias de S\u00e3o Gotardo","potentialAction":[{"@type":"SearchAction","target":{"@type":"EntryPoint","urlTemplate":"https:\/\/www.sgagora.com.br\/sg\/?s={search_term_string}"},"query-input":"required name=search_term_string"}],"inLanguage":"pt-BR"},{"@type":"Person","@id":"https:\/\/www.sgagora.com.br\/sg\/#\/schema\/person\/2be62cfb47cee3e0b305e4f7a765ae41","name":"SG Agora","image":{"@type":"ImageObject","inLanguage":"pt-BR","@id":"https:\/\/www.sgagora.com.br\/sg\/#\/schema\/person\/image\/","url":"https:\/\/secure.gravatar.com\/avatar\/a0c612a9a8c3e7419d6fd4f92e749d8d?s=96&d=mm&r=g","contentUrl":"https:\/\/secure.gravatar.com\/avatar\/a0c612a9a8c3e7419d6fd4f92e749d8d?s=96&d=mm&r=g","caption":"SG Agora"},"url":"https:\/\/www.sgagora.com.br\/sg\/author\/admin\/"}]}},"_links":{"self":[{"href":"https:\/\/www.sgagora.com.br\/sg\/wp-json\/wp\/v2\/posts\/1000005684"}],"collection":[{"href":"https:\/\/www.sgagora.com.br\/sg\/wp-json\/wp\/v2\/posts"}],"about":[{"href":"https:\/\/www.sgagora.com.br\/sg\/wp-json\/wp\/v2\/types\/post"}],"author":[{"embeddable":true,"href":"https:\/\/www.sgagora.com.br\/sg\/wp-json\/wp\/v2\/users\/1"}],"replies":[{"embeddable":true,"href":"https:\/\/www.sgagora.com.br\/sg\/wp-json\/wp\/v2\/comments?post=1000005684"}],"version-history":[{"count":2,"href":"https:\/\/www.sgagora.com.br\/sg\/wp-json\/wp\/v2\/posts\/1000005684\/revisions"}],"predecessor-version":[{"id":1000005716,"href":"https:\/\/www.sgagora.com.br\/sg\/wp-json\/wp\/v2\/posts\/1000005684\/revisions\/1000005716"}],"wp:featuredmedia":[{"embeddable":true,"href":"https:\/\/www.sgagora.com.br\/sg\/wp-json\/wp\/v2\/media\/1000005690"}],"wp:attachment":[{"href":"https:\/\/www.sgagora.com.br\/sg\/wp-json\/wp\/v2\/media?parent=1000005684"}],"wp:term":[{"taxonomy":"category","embeddable":true,"href":"https:\/\/www.sgagora.com.br\/sg\/wp-json\/wp\/v2\/categories?post=1000005684"},{"taxonomy":"post_tag","embeddable":true,"href":"https:\/\/www.sgagora.com.br\/sg\/wp-json\/wp\/v2\/tags?post=1000005684"}],"curies":[{"name":"wp","href":"https:\/\/api.w.org\/{rel}","templated":true}]}}