{"id":1000005790,"date":"2024-11-27T14:07:19","date_gmt":"2024-11-27T17:07:19","guid":{"rendered":"https:\/\/www.sgagora.com.br\/sg\/?p=1000005790"},"modified":"2024-11-28T13:30:40","modified_gmt":"2024-11-28T16:30:40","slug":"cuidado-detento-foge-de-penitenciaria-em-carmo-do-paranaiba-e-pm-faz-alerta-a-toda-regiao-do-alto-paranaiba","status":"publish","type":"post","link":"https:\/\/www.sgagora.com.br\/sg\/cuidado-detento-foge-de-penitenciaria-em-carmo-do-paranaiba-e-pm-faz-alerta-a-toda-regiao-do-alto-paranaiba\/","title":{"rendered":"CUIDADO: Detento foge de Penitenci\u00e1ria em Carmo do Parana\u00edba e PM faz alerta a toda regi\u00e3o do Alto Parana\u00edba"},"content":{"rendered":"<p style=\"text-align: center;\"><span style=\"color: #ff0000;\"><strong>CONTINUA AP\u00d3S A PUBLICIDADE<\/strong><\/span><img decoding=\"async\" loading=\"lazy\" class=\"aligncenter wp-image-1000005472 size-full\" src=\"https:\/\/www.sgagora.com.br\/sg\/wp-content\/uploads\/2024\/08\/gif_260x260px_ssv.gif\" alt=\"\" width=\"260\" height=\"260\" \/><\/p>\n<p><img decoding=\"async\" loading=\"lazy\" class=\"aligncenter wp-image-1000005698 size-full\" src=\"https:\/\/www.sgagora.com.br\/sg\/wp-content\/uploads\/2024\/11\/CLIQUE-AQUI.gif\" alt=\"\" width=\"260\" height=\"260\" \/><\/p>\n<p style=\"text-align: justify;\">A Pol\u00edcia Militar de toda a regi\u00e3o do Alto Parana\u00edba est\u00e1 \u00e0 procura de um detento de Rio Parana\u00edba que conseguiu fugir do Complexo Penitenci\u00e1rio Nossa Senhora do Carmo, em Carmo do Parana\u00edba, na manh\u00e3 desta quarta-feira (27).<\/p>\n<p style=\"text-align: justify;\">De acordo com as informa\u00e7\u00f5es repassadas \u00e0 imprensa, durante o banho de sol dois presos fizeram uma esp\u00e9cie de cadeirinha e um indiv\u00edduo conseguiu pular o muro e fugir. De imediato, o fato foi comunicado \u00e0 Pol\u00edcia Militar que mobilizou duas viaturas em Carmo do Parana\u00edba, iniciando o rastreamento imediatamente.<\/p>\n<p style=\"text-align: center;\"><span style=\"color: #ff0000;\"><strong>CONTINUA AP\u00d3S A PUBLICIDADE<\/strong><\/span><img decoding=\"async\" loading=\"lazy\" class=\"aligncenter wp-image-1000001976 size-full\" src=\"https:\/\/www.sgagora.com.br\/sg\/wp-content\/uploads\/2019\/12\/GIF-PRONTO-ODONTO-COMPANY.gif\" alt=\"\" width=\"600\" height=\"260\" \/><\/p>\n<p style=\"text-align: justify;\">Um cerco em toda regi\u00e3o foi montado e as fra\u00e7\u00f5es das cidades vizinhas foram cientificadas do fato. O detento \u00e9 de Rio Parana\u00edba e possui passagens por furto e roubo, sendo condenado em 2022 por latroc\u00ednio de um idoso na zona rural de Rio Parana\u00edba ocorrido em outubro de 2021.<\/p>\n<p style=\"text-align: justify;\">Qualquer informa\u00e7\u00e3o sobre o detento ou seu paradeiro, dever\u00e1 ser comunicada imediatamente a Pol\u00edcia Militar atrav\u00e9s do 190 ou 181. A identidade do denunciante ser\u00e1 mantida no mais absoluto sigilo.<\/p>\n<p style=\"text-align: center;\"><strong><span style=\"color: #ff0000;\">CONTINUA AP\u00d3S A PUBLICIDADE<\/span><\/strong><img decoding=\"async\" loading=\"lazy\" class=\"aligncenter wp-image-1000004773 size-full\" src=\"https:\/\/www.sgagora.com.br\/sg\/wp-content\/uploads\/2024\/05\/GIF-SICREDI-SAO-GOTARDO.gif\" alt=\"\" width=\"260\" height=\"260\" \/><\/p>\n<p><img decoding=\"async\" loading=\"lazy\" class=\"aligncenter wp-image-1000000180 size-full\" src=\"https:\/\/www.sgagora.com.br\/sg\/wp-content\/uploads\/2023\/04\/Anuncie-aqui.gif\" alt=\"\" width=\"260\" height=\"260\" \/><\/p>\n<p><span style=\"color: #ffffff;\">.<\/span><\/p>\n<p style=\"text-align: justify;\"><em><strong>Reportagem:<\/strong> Diego Oliveira\/Portal SG AGORA \/ <strong>Fonte da Reportagem e Texto Original:<\/strong> Gilberto Martins\/Parana\u00edba Agora \/ <strong>Foto Capa:<\/strong> Divulga\u00e7\u00e3o\/Pol\u00edcia<\/em><\/p>\n","protected":false},"excerpt":{"rendered":"<p>CONTINUA AP\u00d3S A PUBLICIDADE A Pol\u00edcia Militar de toda a regi\u00e3o do Alto Parana\u00edba est\u00e1 \u00e0 procura de um detento de Rio Parana\u00edba que conseguiu fugir do Complexo Penitenci\u00e1rio Nossa Senhora do Carmo, em Carmo &#8230; <a class=\"readmore\" href=\"https:\/\/www.sgagora.com.br\/sg\/cuidado-detento-foge-de-penitenciaria-em-carmo-do-paranaiba-e-pm-faz-alerta-a-toda-regiao-do-alto-paranaiba\/\">Leia Mais<\/a><\/p>\n","protected":false},"author":1,"featured_media":1000005792,"comment_status":"open","ping_status":"open","sticky":false,"template":"","format":"standard","meta":{"_bbp_topic_count":0,"_bbp_reply_count":0,"_bbp_total_topic_count":0,"_bbp_total_reply_count":0,"_bbp_voice_count":0,"_bbp_anonymous_reply_count":0,"_bbp_topic_count_hidden":0,"_bbp_reply_count_hidden":0,"_bbp_forum_subforum_count":0},"categories":[84,77,81],"tags":[174,3496,1155,4538],"yoast_head":"<!-- This site is optimized with the Yoast SEO plugin v20.5 - https:\/\/yoast.com\/wordpress\/plugins\/seo\/ -->\n<title>CUIDADO: Detento foge de Penitenci\u00e1ria em Carmo do Parana\u00edba e PM faz alerta a toda regi\u00e3o do Alto Parana\u00edba<\/title>\n<meta name=\"description\" content=\"Qualquer informa\u00e7\u00e3o sobre o detento ou seu paradeiro, dever\u00e1 ser comunicada imediatamente a Pol\u00edcia Militar atrav\u00e9s do 190 ou 181. A identidade do denunciante ser\u00e1 mantida no mais absoluto sigilo.\" \/>\n<meta name=\"robots\" content=\"index, follow, max-snippet:-1, max-image-preview:large, max-video-preview:-1\" \/>\n<link rel=\"canonical\" href=\"https:\/\/www.sgagora.com.br\/sg\/cuidado-detento-foge-de-penitenciaria-em-carmo-do-paranaiba-e-pm-faz-alerta-a-toda-regiao-do-alto-paranaiba\/\" \/>\n<meta property=\"og:locale\" content=\"pt_BR\" \/>\n<meta property=\"og:type\" content=\"article\" \/>\n<meta property=\"og:title\" content=\"CUIDADO: Detento foge de Penitenci\u00e1ria em Carmo do Parana\u00edba e PM faz alerta a toda regi\u00e3o do Alto Parana\u00edba\" \/>\n<meta property=\"og:description\" content=\"Qualquer informa\u00e7\u00e3o sobre o detento ou seu paradeiro, dever\u00e1 ser comunicada imediatamente a Pol\u00edcia Militar atrav\u00e9s do 190 ou 181. A identidade do denunciante ser\u00e1 mantida no mais absoluto sigilo.\" \/>\n<meta property=\"og:url\" content=\"https:\/\/www.sgagora.com.br\/sg\/cuidado-detento-foge-de-penitenciaria-em-carmo-do-paranaiba-e-pm-faz-alerta-a-toda-regiao-do-alto-paranaiba\/\" \/>\n<meta property=\"og:site_name\" content=\"SGAgora\" \/>\n<meta property=\"article:publisher\" content=\"https:\/\/www.facebook.com\/sgagora\" \/>\n<meta property=\"article:published_time\" content=\"2024-11-27T17:07:19+00:00\" \/>\n<meta property=\"article:modified_time\" content=\"2024-11-28T16:30:40+00:00\" \/>\n<meta property=\"og:image\" content=\"https:\/\/www.sgagora.com.br\/sg\/wp-content\/uploads\/2024\/11\/3f843c13-bef0-41b3-8cd0-933ab9f574d8.jpg\" \/>\n\t<meta property=\"og:image:width\" content=\"600\" \/>\n\t<meta property=\"og:image:height\" content=\"616\" \/>\n\t<meta property=\"og:image:type\" content=\"image\/jpeg\" \/>\n<meta name=\"author\" content=\"SG Agora\" \/>\n<meta name=\"twitter:label1\" content=\"Escrito por\" \/>\n\t<meta name=\"twitter:data1\" content=\"SG Agora\" \/>\n\t<meta name=\"twitter:label2\" content=\"Est. tempo de leitura\" \/>\n\t<meta name=\"twitter:data2\" content=\"3 minutos\" \/>\n<script type=\"application\/ld+json\" class=\"yoast-schema-graph\">{\"@context\":\"https:\/\/schema.org\",\"@graph\":[{\"@type\":\"WebPage\",\"@id\":\"https:\/\/www.sgagora.com.br\/sg\/cuidado-detento-foge-de-penitenciaria-em-carmo-do-paranaiba-e-pm-faz-alerta-a-toda-regiao-do-alto-paranaiba\/\",\"url\":\"https:\/\/www.sgagora.com.br\/sg\/cuidado-detento-foge-de-penitenciaria-em-carmo-do-paranaiba-e-pm-faz-alerta-a-toda-regiao-do-alto-paranaiba\/\",\"name\":\"CUIDADO: Detento foge de Penitenci\u00e1ria em Carmo do Parana\u00edba e PM faz alerta a toda regi\u00e3o do Alto Parana\u00edba\",\"isPartOf\":{\"@id\":\"https:\/\/www.sgagora.com.br\/sg\/#website\"},\"datePublished\":\"2024-11-27T17:07:19+00:00\",\"dateModified\":\"2024-11-28T16:30:40+00:00\",\"author\":{\"@id\":\"https:\/\/www.sgagora.com.br\/sg\/#\/schema\/person\/2be62cfb47cee3e0b305e4f7a765ae41\"},\"description\":\"Qualquer informa\u00e7\u00e3o sobre o detento ou seu paradeiro, dever\u00e1 ser comunicada imediatamente a Pol\u00edcia Militar atrav\u00e9s do 190 ou 181. A identidade do denunciante ser\u00e1 mantida no mais absoluto sigilo.\",\"breadcrumb\":{\"@id\":\"https:\/\/www.sgagora.com.br\/sg\/cuidado-detento-foge-de-penitenciaria-em-carmo-do-paranaiba-e-pm-faz-alerta-a-toda-regiao-do-alto-paranaiba\/#breadcrumb\"},\"inLanguage\":\"pt-BR\",\"potentialAction\":[{\"@type\":\"ReadAction\",\"target\":[\"https:\/\/www.sgagora.com.br\/sg\/cuidado-detento-foge-de-penitenciaria-em-carmo-do-paranaiba-e-pm-faz-alerta-a-toda-regiao-do-alto-paranaiba\/\"]}]},{\"@type\":\"BreadcrumbList\",\"@id\":\"https:\/\/www.sgagora.com.br\/sg\/cuidado-detento-foge-de-penitenciaria-em-carmo-do-paranaiba-e-pm-faz-alerta-a-toda-regiao-do-alto-paranaiba\/#breadcrumb\",\"itemListElement\":[{\"@type\":\"ListItem\",\"position\":1,\"name\":\"In\u00edcio\",\"item\":\"https:\/\/www.sgagora.com.br\/sg\/\"},{\"@type\":\"ListItem\",\"position\":2,\"name\":\"CUIDADO: Detento foge de Penitenci\u00e1ria em Carmo do Parana\u00edba e PM faz alerta a toda regi\u00e3o do Alto Parana\u00edba\"}]},{\"@type\":\"WebSite\",\"@id\":\"https:\/\/www.sgagora.com.br\/sg\/#website\",\"url\":\"https:\/\/www.sgagora.com.br\/sg\/\",\"name\":\"SGAgora\",\"description\":\"Not\u00edcias de S\u00e3o Gotardo\",\"potentialAction\":[{\"@type\":\"SearchAction\",\"target\":{\"@type\":\"EntryPoint\",\"urlTemplate\":\"https:\/\/www.sgagora.com.br\/sg\/?s={search_term_string}\"},\"query-input\":\"required name=search_term_string\"}],\"inLanguage\":\"pt-BR\"},{\"@type\":\"Person\",\"@id\":\"https:\/\/www.sgagora.com.br\/sg\/#\/schema\/person\/2be62cfb47cee3e0b305e4f7a765ae41\",\"name\":\"SG Agora\",\"image\":{\"@type\":\"ImageObject\",\"inLanguage\":\"pt-BR\",\"@id\":\"https:\/\/www.sgagora.com.br\/sg\/#\/schema\/person\/image\/\",\"url\":\"https:\/\/secure.gravatar.com\/avatar\/a0c612a9a8c3e7419d6fd4f92e749d8d?s=96&d=mm&r=g\",\"contentUrl\":\"https:\/\/secure.gravatar.com\/avatar\/a0c612a9a8c3e7419d6fd4f92e749d8d?s=96&d=mm&r=g\",\"caption\":\"SG Agora\"},\"url\":\"https:\/\/www.sgagora.com.br\/sg\/author\/admin\/\"}]}<\/script>\n<!-- \/ Yoast SEO plugin. -->","yoast_head_json":{"title":"CUIDADO: Detento foge de Penitenci\u00e1ria em Carmo do Parana\u00edba e PM faz alerta a toda regi\u00e3o do Alto Parana\u00edba","description":"Qualquer informa\u00e7\u00e3o sobre o detento ou seu paradeiro, dever\u00e1 ser comunicada imediatamente a Pol\u00edcia Militar atrav\u00e9s do 190 ou 181. A identidade do denunciante ser\u00e1 mantida no mais absoluto sigilo.","robots":{"index":"index","follow":"follow","max-snippet":"max-snippet:-1","max-image-preview":"max-image-preview:large","max-video-preview":"max-video-preview:-1"},"canonical":"https:\/\/www.sgagora.com.br\/sg\/cuidado-detento-foge-de-penitenciaria-em-carmo-do-paranaiba-e-pm-faz-alerta-a-toda-regiao-do-alto-paranaiba\/","og_locale":"pt_BR","og_type":"article","og_title":"CUIDADO: Detento foge de Penitenci\u00e1ria em Carmo do Parana\u00edba e PM faz alerta a toda regi\u00e3o do Alto Parana\u00edba","og_description":"Qualquer informa\u00e7\u00e3o sobre o detento ou seu paradeiro, dever\u00e1 ser comunicada imediatamente a Pol\u00edcia Militar atrav\u00e9s do 190 ou 181. A identidade do denunciante ser\u00e1 mantida no mais absoluto sigilo.","og_url":"https:\/\/www.sgagora.com.br\/sg\/cuidado-detento-foge-de-penitenciaria-em-carmo-do-paranaiba-e-pm-faz-alerta-a-toda-regiao-do-alto-paranaiba\/","og_site_name":"SGAgora","article_publisher":"https:\/\/www.facebook.com\/sgagora","article_published_time":"2024-11-27T17:07:19+00:00","article_modified_time":"2024-11-28T16:30:40+00:00","og_image":[{"width":600,"height":616,"url":"https:\/\/www.sgagora.com.br\/sg\/wp-content\/uploads\/2024\/11\/3f843c13-bef0-41b3-8cd0-933ab9f574d8.jpg","type":"image\/jpeg"}],"author":"SG Agora","twitter_misc":{"Escrito por":"SG Agora","Est. tempo de leitura":"3 minutos"},"schema":{"@context":"https:\/\/schema.org","@graph":[{"@type":"WebPage","@id":"https:\/\/www.sgagora.com.br\/sg\/cuidado-detento-foge-de-penitenciaria-em-carmo-do-paranaiba-e-pm-faz-alerta-a-toda-regiao-do-alto-paranaiba\/","url":"https:\/\/www.sgagora.com.br\/sg\/cuidado-detento-foge-de-penitenciaria-em-carmo-do-paranaiba-e-pm-faz-alerta-a-toda-regiao-do-alto-paranaiba\/","name":"CUIDADO: Detento foge de Penitenci\u00e1ria em Carmo do Parana\u00edba e PM faz alerta a toda regi\u00e3o do Alto Parana\u00edba","isPartOf":{"@id":"https:\/\/www.sgagora.com.br\/sg\/#website"},"datePublished":"2024-11-27T17:07:19+00:00","dateModified":"2024-11-28T16:30:40+00:00","author":{"@id":"https:\/\/www.sgagora.com.br\/sg\/#\/schema\/person\/2be62cfb47cee3e0b305e4f7a765ae41"},"description":"Qualquer informa\u00e7\u00e3o sobre o detento ou seu paradeiro, dever\u00e1 ser comunicada imediatamente a Pol\u00edcia Militar atrav\u00e9s do 190 ou 181. A identidade do denunciante ser\u00e1 mantida no mais absoluto sigilo.","breadcrumb":{"@id":"https:\/\/www.sgagora.com.br\/sg\/cuidado-detento-foge-de-penitenciaria-em-carmo-do-paranaiba-e-pm-faz-alerta-a-toda-regiao-do-alto-paranaiba\/#breadcrumb"},"inLanguage":"pt-BR","potentialAction":[{"@type":"ReadAction","target":["https:\/\/www.sgagora.com.br\/sg\/cuidado-detento-foge-de-penitenciaria-em-carmo-do-paranaiba-e-pm-faz-alerta-a-toda-regiao-do-alto-paranaiba\/"]}]},{"@type":"BreadcrumbList","@id":"https:\/\/www.sgagora.com.br\/sg\/cuidado-detento-foge-de-penitenciaria-em-carmo-do-paranaiba-e-pm-faz-alerta-a-toda-regiao-do-alto-paranaiba\/#breadcrumb","itemListElement":[{"@type":"ListItem","position":1,"name":"In\u00edcio","item":"https:\/\/www.sgagora.com.br\/sg\/"},{"@type":"ListItem","position":2,"name":"CUIDADO: Detento foge de Penitenci\u00e1ria em Carmo do Parana\u00edba e PM faz alerta a toda regi\u00e3o do Alto Parana\u00edba"}]},{"@type":"WebSite","@id":"https:\/\/www.sgagora.com.br\/sg\/#website","url":"https:\/\/www.sgagora.com.br\/sg\/","name":"SGAgora","description":"Not\u00edcias de S\u00e3o Gotardo","potentialAction":[{"@type":"SearchAction","target":{"@type":"EntryPoint","urlTemplate":"https:\/\/www.sgagora.com.br\/sg\/?s={search_term_string}"},"query-input":"required name=search_term_string"}],"inLanguage":"pt-BR"},{"@type":"Person","@id":"https:\/\/www.sgagora.com.br\/sg\/#\/schema\/person\/2be62cfb47cee3e0b305e4f7a765ae41","name":"SG Agora","image":{"@type":"ImageObject","inLanguage":"pt-BR","@id":"https:\/\/www.sgagora.com.br\/sg\/#\/schema\/person\/image\/","url":"https:\/\/secure.gravatar.com\/avatar\/a0c612a9a8c3e7419d6fd4f92e749d8d?s=96&d=mm&r=g","contentUrl":"https:\/\/secure.gravatar.com\/avatar\/a0c612a9a8c3e7419d6fd4f92e749d8d?s=96&d=mm&r=g","caption":"SG Agora"},"url":"https:\/\/www.sgagora.com.br\/sg\/author\/admin\/"}]}},"_links":{"self":[{"href":"https:\/\/www.sgagora.com.br\/sg\/wp-json\/wp\/v2\/posts\/1000005790"}],"collection":[{"href":"https:\/\/www.sgagora.com.br\/sg\/wp-json\/wp\/v2\/posts"}],"about":[{"href":"https:\/\/www.sgagora.com.br\/sg\/wp-json\/wp\/v2\/types\/post"}],"author":[{"embeddable":true,"href":"https:\/\/www.sgagora.com.br\/sg\/wp-json\/wp\/v2\/users\/1"}],"replies":[{"embeddable":true,"href":"https:\/\/www.sgagora.com.br\/sg\/wp-json\/wp\/v2\/comments?post=1000005790"}],"version-history":[{"count":1,"href":"https:\/\/www.sgagora.com.br\/sg\/wp-json\/wp\/v2\/posts\/1000005790\/revisions"}],"predecessor-version":[{"id":1000005794,"href":"https:\/\/www.sgagora.com.br\/sg\/wp-json\/wp\/v2\/posts\/1000005790\/revisions\/1000005794"}],"wp:featuredmedia":[{"embeddable":true,"href":"https:\/\/www.sgagora.com.br\/sg\/wp-json\/wp\/v2\/media\/1000005792"}],"wp:attachment":[{"href":"https:\/\/www.sgagora.com.br\/sg\/wp-json\/wp\/v2\/media?parent=1000005790"}],"wp:term":[{"taxonomy":"category","embeddable":true,"href":"https:\/\/www.sgagora.com.br\/sg\/wp-json\/wp\/v2\/categories?post=1000005790"},{"taxonomy":"post_tag","embeddable":true,"href":"https:\/\/www.sgagora.com.br\/sg\/wp-json\/wp\/v2\/tags?post=1000005790"}],"curies":[{"name":"wp","href":"https:\/\/api.w.org\/{rel}","templated":true}]}}