{"id":1000005879,"date":"2024-12-10T16:05:27","date_gmt":"2024-12-10T19:05:27","guid":{"rendered":"https:\/\/www.sgagora.com.br\/sg\/?p=1000005879"},"modified":"2025-01-27T19:02:50","modified_gmt":"2025-01-27T22:02:50","slug":"mulher-e-feita-de-refem-em-sao-gotardo-tem-seu-veiculo-dinheiro-e-pertences-roubados-e-so-e-liberada-em-bom-despacho-mg","status":"publish","type":"post","link":"https:\/\/www.sgagora.com.br\/sg\/mulher-e-feita-de-refem-em-sao-gotardo-tem-seu-veiculo-dinheiro-e-pertences-roubados-e-so-e-liberada-em-bom-despacho-mg\/","title":{"rendered":"Mulher \u00e9 feita de ref\u00e9m em S\u00e3o Gotardo, tem seu ve\u00edculo, dinheiro e pertences roubados e s\u00f3 \u00e9 liberada em Bom Despacho-MG"},"content":{"rendered":"<p style=\"text-align: center;\"><span style=\"color: #ff0000;\"><strong>CONTINUA AP\u00d3S A PUBLICIDADE<\/strong><\/span><img decoding=\"async\" loading=\"lazy\" class=\"aligncenter wp-image-1000005472 size-full\" src=\"https:\/\/www.sgagora.com.br\/sg\/wp-content\/uploads\/2024\/08\/gif_260x260px_ssv.gif\" alt=\"\" width=\"260\" height=\"260\" \/><\/p>\n<p><img decoding=\"async\" loading=\"lazy\" class=\"aligncenter wp-image-1000006117 size-full\" src=\"https:\/\/www.sgagora.com.br\/sg\/wp-content\/uploads\/2025\/01\/Acesse-www.cesg_.edu-e-faca-sua-inscricao.gif\" alt=\"\" width=\"260\" height=\"260\" \/><\/p>\n<p style=\"text-align: justify;\">Uma moradora da cidade de S\u00e3o Gotardo-MG, viveu momento de p\u00e2nico e terror nesta \u00faltima segunda-feira, 09 de Dezembro de 2024. Ap\u00f3s ser abordada por criminosos, a mulher de 49 anos de idade foi feita de ref\u00e9m, teve seu ve\u00edculo, dinheiro e pertences roubados e s\u00f3 foi liberada pr\u00f3xima a cidade de Bom Despacho-MG, mais de 150 KM de dist\u00e2ncia de S\u00e3o Gotardo.<\/p>\n<p style=\"text-align: justify;\">Segundo informa\u00e7\u00f5es da Assessoria de Imprensa da Pol\u00edcia Militar de S\u00e3o Gotardo-MG, com informa\u00e7\u00f5es da PM de Bom Despacho-MG, a Pol\u00edcia Militar, em Bom Despacho-MG, foi solicitada na tarde do dia 09\/12\/2024 e compareceu ao Posto da Pol\u00edcia Rodovi\u00e1ria Federal, \u00e0s margens da BR-262, onde uma Sra. de 49 anos de idade relatou que foi abordada na cidade de S\u00e3o Gotardo-MG por indiv\u00edduos que estavam em um ve\u00edculo de cor preta os quais anunciaram um roubo por volta de 10:00 da manh\u00e3 na data de 09\/12\/2024, a fazendo de ref\u00e9m.<\/p>\n<p style=\"text-align: center;\"><span style=\"color: #ff0000;\"><strong>CONTINUA AP\u00d3S A PUBLICIDADE<\/strong><\/span><img decoding=\"async\" loading=\"lazy\" class=\"aligncenter wp-image-1000001976 size-full\" src=\"https:\/\/www.sgagora.com.br\/sg\/wp-content\/uploads\/2019\/12\/GIF-PRONTO-ODONTO-COMPANY.gif\" alt=\"\" width=\"600\" height=\"260\" \/><\/p>\n<p style=\"text-align: justify;\">Os autores teriam adentrado ao ve\u00edculo da v\u00edtima, um Toyota Corolla e seguiram pela rodovia 262 no ve\u00edculo da v\u00edtima, sendo seguidos pelo carro de cor preta, contendo outros criminosos. A v\u00edtima foi liberada pelos autores pr\u00f3ximo a cidade de Bom Despacho-MG onde procurou a Pol\u00edcia Rodovi\u00e1ria Federal e posteriormente a Policia Militar em Bom Despacho-MG.<\/p>\n<p style=\"text-align: justify;\">Ainda de acordo com as informa\u00e7\u00f5es, os autores do crime roubaram dinheiro e pertences da v\u00edtima, al\u00e9m do ve\u00edculo acima citado. A Pol\u00edcia Militar de Bom Despacho segue em levantamentos de informa\u00e7\u00f5es com o intuito de efetuar a pris\u00e3o dos autores e recupera\u00e7\u00e3o dos bens que foram roubados. Qualquer informa\u00e7\u00e3o que possa ajudar a Pol\u00edcia, poder\u00e1 ser informada no n\u00famero 190. A identidade do denunciante ser\u00e1 mantida no mais absoluto sigilo.<\/p>\n<p style=\"text-align: center;\"><strong><span style=\"color: #ff0000;\">CONTINUA AP\u00d3S A PUBLICIDADE<\/span><\/strong><img decoding=\"async\" loading=\"lazy\" class=\"aligncenter wp-image-1000004773 size-full\" src=\"https:\/\/www.sgagora.com.br\/sg\/wp-content\/uploads\/2024\/05\/GIF-SICREDI-SAO-GOTARDO.gif\" alt=\"\" width=\"260\" height=\"260\" \/><\/p>\n<p><img decoding=\"async\" loading=\"lazy\" class=\"aligncenter wp-image-1000006254 size-full\" src=\"https:\/\/www.sgagora.com.br\/sg\/wp-content\/uploads\/2025\/01\/Team.gif\" alt=\"\" width=\"260\" height=\"260\" \/><\/p>\n<p><span style=\"color: #ffffff;\">.<\/span><\/p>\n<p style=\"text-align: justify;\"><em><strong>Reportagem:<\/strong> Diego Oliveira\/Portal SG AGORA \/ <strong>Fonte da Reportagem:<\/strong> Assessoria de Imprensa da Pol\u00edcia Militar de S\u00e3o Gotardo, com informa\u00e7\u00f5es da PM de Bom Despacho \/ <strong>Foto Capa:<\/strong> Divulga\u00e7\u00e3o\/Portal SG AGORA<\/em><\/p>\n","protected":false},"excerpt":{"rendered":"<p>CONTINUA AP\u00d3S A PUBLICIDADE Uma moradora da cidade de S\u00e3o Gotardo-MG, viveu momento de p\u00e2nico e terror nesta \u00faltima segunda-feira, 09 de Dezembro de 2024. Ap\u00f3s ser abordada por criminosos, a mulher de 49 anos &#8230; <a class=\"readmore\" href=\"https:\/\/www.sgagora.com.br\/sg\/mulher-e-feita-de-refem-em-sao-gotardo-tem-seu-veiculo-dinheiro-e-pertences-roubados-e-so-e-liberada-em-bom-despacho-mg\/\">Leia Mais<\/a><\/p>\n","protected":false},"author":1,"featured_media":999989937,"comment_status":"open","ping_status":"open","sticky":false,"template":"","format":"standard","meta":{"_bbp_topic_count":0,"_bbp_reply_count":0,"_bbp_total_topic_count":0,"_bbp_total_reply_count":0,"_bbp_voice_count":0,"_bbp_anonymous_reply_count":0,"_bbp_topic_count_hidden":0,"_bbp_reply_count_hidden":0,"_bbp_forum_subforum_count":0},"categories":[84,77,81],"tags":[642,21712,230,132,1716],"yoast_head":"<!-- This site is optimized with the Yoast SEO plugin v20.5 - https:\/\/yoast.com\/wordpress\/plugins\/seo\/ -->\n<title>Mulher \u00e9 feita de ref\u00e9m em S\u00e3o Gotardo, tem seu ve\u00edculo, dinheiro e pertences roubados e s\u00f3 \u00e9 liberada em Bom Despacho-MG<\/title>\n<meta name=\"description\" content=\"Sra. de 49 anos de idade relatou que foi abordada na cidade de S\u00e3o Gotardo-MG por indiv\u00edduos que estavam em um ve\u00edculo de cor preta os quais anunciaram o roubo.\" \/>\n<meta name=\"robots\" content=\"index, follow, max-snippet:-1, max-image-preview:large, max-video-preview:-1\" \/>\n<link rel=\"canonical\" href=\"https:\/\/www.sgagora.com.br\/sg\/mulher-e-feita-de-refem-em-sao-gotardo-tem-seu-veiculo-dinheiro-e-pertences-roubados-e-so-e-liberada-em-bom-despacho-mg\/\" \/>\n<meta property=\"og:locale\" content=\"pt_BR\" \/>\n<meta property=\"og:type\" content=\"article\" \/>\n<meta property=\"og:title\" content=\"Mulher \u00e9 feita de ref\u00e9m em S\u00e3o Gotardo, tem seu ve\u00edculo, dinheiro e pertences roubados e s\u00f3 \u00e9 liberada em Bom Despacho-MG\" \/>\n<meta property=\"og:description\" content=\"Sra. de 49 anos de idade relatou que foi abordada na cidade de S\u00e3o Gotardo-MG por indiv\u00edduos que estavam em um ve\u00edculo de cor preta os quais anunciaram o roubo.\" \/>\n<meta property=\"og:url\" content=\"https:\/\/www.sgagora.com.br\/sg\/mulher-e-feita-de-refem-em-sao-gotardo-tem-seu-veiculo-dinheiro-e-pertences-roubados-e-so-e-liberada-em-bom-despacho-mg\/\" \/>\n<meta property=\"og:site_name\" content=\"SGAgora\" \/>\n<meta property=\"article:publisher\" content=\"https:\/\/www.facebook.com\/sgagora\" \/>\n<meta property=\"article:published_time\" content=\"2024-12-10T19:05:27+00:00\" \/>\n<meta property=\"article:modified_time\" content=\"2025-01-27T22:02:50+00:00\" \/>\n<meta property=\"og:image\" content=\"https:\/\/www.sgagora.com.br\/sg\/wp-content\/uploads\/2021\/10\/Foto-reportagens-PM.jpg\" \/>\n\t<meta property=\"og:image:width\" content=\"600\" \/>\n\t<meta property=\"og:image:height\" content=\"450\" \/>\n\t<meta property=\"og:image:type\" content=\"image\/jpeg\" \/>\n<meta name=\"author\" content=\"SG Agora\" \/>\n<meta name=\"twitter:label1\" content=\"Escrito por\" \/>\n\t<meta name=\"twitter:data1\" content=\"SG Agora\" \/>\n\t<meta name=\"twitter:label2\" content=\"Est. tempo de leitura\" \/>\n\t<meta name=\"twitter:data2\" content=\"3 minutos\" \/>\n<script type=\"application\/ld+json\" class=\"yoast-schema-graph\">{\"@context\":\"https:\/\/schema.org\",\"@graph\":[{\"@type\":\"WebPage\",\"@id\":\"https:\/\/www.sgagora.com.br\/sg\/mulher-e-feita-de-refem-em-sao-gotardo-tem-seu-veiculo-dinheiro-e-pertences-roubados-e-so-e-liberada-em-bom-despacho-mg\/\",\"url\":\"https:\/\/www.sgagora.com.br\/sg\/mulher-e-feita-de-refem-em-sao-gotardo-tem-seu-veiculo-dinheiro-e-pertences-roubados-e-so-e-liberada-em-bom-despacho-mg\/\",\"name\":\"Mulher \u00e9 feita de ref\u00e9m em S\u00e3o Gotardo, tem seu ve\u00edculo, dinheiro e pertences roubados e s\u00f3 \u00e9 liberada em Bom Despacho-MG\",\"isPartOf\":{\"@id\":\"https:\/\/www.sgagora.com.br\/sg\/#website\"},\"datePublished\":\"2024-12-10T19:05:27+00:00\",\"dateModified\":\"2025-01-27T22:02:50+00:00\",\"author\":{\"@id\":\"https:\/\/www.sgagora.com.br\/sg\/#\/schema\/person\/2be62cfb47cee3e0b305e4f7a765ae41\"},\"description\":\"Sra. de 49 anos de idade relatou que foi abordada na cidade de S\u00e3o Gotardo-MG por indiv\u00edduos que estavam em um ve\u00edculo de cor preta os quais anunciaram o roubo.\",\"breadcrumb\":{\"@id\":\"https:\/\/www.sgagora.com.br\/sg\/mulher-e-feita-de-refem-em-sao-gotardo-tem-seu-veiculo-dinheiro-e-pertences-roubados-e-so-e-liberada-em-bom-despacho-mg\/#breadcrumb\"},\"inLanguage\":\"pt-BR\",\"potentialAction\":[{\"@type\":\"ReadAction\",\"target\":[\"https:\/\/www.sgagora.com.br\/sg\/mulher-e-feita-de-refem-em-sao-gotardo-tem-seu-veiculo-dinheiro-e-pertences-roubados-e-so-e-liberada-em-bom-despacho-mg\/\"]}]},{\"@type\":\"BreadcrumbList\",\"@id\":\"https:\/\/www.sgagora.com.br\/sg\/mulher-e-feita-de-refem-em-sao-gotardo-tem-seu-veiculo-dinheiro-e-pertences-roubados-e-so-e-liberada-em-bom-despacho-mg\/#breadcrumb\",\"itemListElement\":[{\"@type\":\"ListItem\",\"position\":1,\"name\":\"In\u00edcio\",\"item\":\"https:\/\/www.sgagora.com.br\/sg\/\"},{\"@type\":\"ListItem\",\"position\":2,\"name\":\"Mulher \u00e9 feita de ref\u00e9m em S\u00e3o Gotardo, tem seu ve\u00edculo, dinheiro e pertences roubados e s\u00f3 \u00e9 liberada em Bom Despacho-MG\"}]},{\"@type\":\"WebSite\",\"@id\":\"https:\/\/www.sgagora.com.br\/sg\/#website\",\"url\":\"https:\/\/www.sgagora.com.br\/sg\/\",\"name\":\"SGAgora\",\"description\":\"Not\u00edcias de S\u00e3o Gotardo\",\"potentialAction\":[{\"@type\":\"SearchAction\",\"target\":{\"@type\":\"EntryPoint\",\"urlTemplate\":\"https:\/\/www.sgagora.com.br\/sg\/?s={search_term_string}\"},\"query-input\":\"required name=search_term_string\"}],\"inLanguage\":\"pt-BR\"},{\"@type\":\"Person\",\"@id\":\"https:\/\/www.sgagora.com.br\/sg\/#\/schema\/person\/2be62cfb47cee3e0b305e4f7a765ae41\",\"name\":\"SG Agora\",\"image\":{\"@type\":\"ImageObject\",\"inLanguage\":\"pt-BR\",\"@id\":\"https:\/\/www.sgagora.com.br\/sg\/#\/schema\/person\/image\/\",\"url\":\"https:\/\/secure.gravatar.com\/avatar\/a0c612a9a8c3e7419d6fd4f92e749d8d?s=96&d=mm&r=g\",\"contentUrl\":\"https:\/\/secure.gravatar.com\/avatar\/a0c612a9a8c3e7419d6fd4f92e749d8d?s=96&d=mm&r=g\",\"caption\":\"SG Agora\"},\"url\":\"https:\/\/www.sgagora.com.br\/sg\/author\/admin\/\"}]}<\/script>\n<!-- \/ Yoast SEO plugin. -->","yoast_head_json":{"title":"Mulher \u00e9 feita de ref\u00e9m em S\u00e3o Gotardo, tem seu ve\u00edculo, dinheiro e pertences roubados e s\u00f3 \u00e9 liberada em Bom Despacho-MG","description":"Sra. de 49 anos de idade relatou que foi abordada na cidade de S\u00e3o Gotardo-MG por indiv\u00edduos que estavam em um ve\u00edculo de cor preta os quais anunciaram o roubo.","robots":{"index":"index","follow":"follow","max-snippet":"max-snippet:-1","max-image-preview":"max-image-preview:large","max-video-preview":"max-video-preview:-1"},"canonical":"https:\/\/www.sgagora.com.br\/sg\/mulher-e-feita-de-refem-em-sao-gotardo-tem-seu-veiculo-dinheiro-e-pertences-roubados-e-so-e-liberada-em-bom-despacho-mg\/","og_locale":"pt_BR","og_type":"article","og_title":"Mulher \u00e9 feita de ref\u00e9m em S\u00e3o Gotardo, tem seu ve\u00edculo, dinheiro e pertences roubados e s\u00f3 \u00e9 liberada em Bom Despacho-MG","og_description":"Sra. de 49 anos de idade relatou que foi abordada na cidade de S\u00e3o Gotardo-MG por indiv\u00edduos que estavam em um ve\u00edculo de cor preta os quais anunciaram o roubo.","og_url":"https:\/\/www.sgagora.com.br\/sg\/mulher-e-feita-de-refem-em-sao-gotardo-tem-seu-veiculo-dinheiro-e-pertences-roubados-e-so-e-liberada-em-bom-despacho-mg\/","og_site_name":"SGAgora","article_publisher":"https:\/\/www.facebook.com\/sgagora","article_published_time":"2024-12-10T19:05:27+00:00","article_modified_time":"2025-01-27T22:02:50+00:00","og_image":[{"width":600,"height":450,"url":"https:\/\/www.sgagora.com.br\/sg\/wp-content\/uploads\/2021\/10\/Foto-reportagens-PM.jpg","type":"image\/jpeg"}],"author":"SG Agora","twitter_misc":{"Escrito por":"SG Agora","Est. tempo de leitura":"3 minutos"},"schema":{"@context":"https:\/\/schema.org","@graph":[{"@type":"WebPage","@id":"https:\/\/www.sgagora.com.br\/sg\/mulher-e-feita-de-refem-em-sao-gotardo-tem-seu-veiculo-dinheiro-e-pertences-roubados-e-so-e-liberada-em-bom-despacho-mg\/","url":"https:\/\/www.sgagora.com.br\/sg\/mulher-e-feita-de-refem-em-sao-gotardo-tem-seu-veiculo-dinheiro-e-pertences-roubados-e-so-e-liberada-em-bom-despacho-mg\/","name":"Mulher \u00e9 feita de ref\u00e9m em S\u00e3o Gotardo, tem seu ve\u00edculo, dinheiro e pertences roubados e s\u00f3 \u00e9 liberada em Bom Despacho-MG","isPartOf":{"@id":"https:\/\/www.sgagora.com.br\/sg\/#website"},"datePublished":"2024-12-10T19:05:27+00:00","dateModified":"2025-01-27T22:02:50+00:00","author":{"@id":"https:\/\/www.sgagora.com.br\/sg\/#\/schema\/person\/2be62cfb47cee3e0b305e4f7a765ae41"},"description":"Sra. de 49 anos de idade relatou que foi abordada na cidade de S\u00e3o Gotardo-MG por indiv\u00edduos que estavam em um ve\u00edculo de cor preta os quais anunciaram o roubo.","breadcrumb":{"@id":"https:\/\/www.sgagora.com.br\/sg\/mulher-e-feita-de-refem-em-sao-gotardo-tem-seu-veiculo-dinheiro-e-pertences-roubados-e-so-e-liberada-em-bom-despacho-mg\/#breadcrumb"},"inLanguage":"pt-BR","potentialAction":[{"@type":"ReadAction","target":["https:\/\/www.sgagora.com.br\/sg\/mulher-e-feita-de-refem-em-sao-gotardo-tem-seu-veiculo-dinheiro-e-pertences-roubados-e-so-e-liberada-em-bom-despacho-mg\/"]}]},{"@type":"BreadcrumbList","@id":"https:\/\/www.sgagora.com.br\/sg\/mulher-e-feita-de-refem-em-sao-gotardo-tem-seu-veiculo-dinheiro-e-pertences-roubados-e-so-e-liberada-em-bom-despacho-mg\/#breadcrumb","itemListElement":[{"@type":"ListItem","position":1,"name":"In\u00edcio","item":"https:\/\/www.sgagora.com.br\/sg\/"},{"@type":"ListItem","position":2,"name":"Mulher \u00e9 feita de ref\u00e9m em S\u00e3o Gotardo, tem seu ve\u00edculo, dinheiro e pertences roubados e s\u00f3 \u00e9 liberada em Bom Despacho-MG"}]},{"@type":"WebSite","@id":"https:\/\/www.sgagora.com.br\/sg\/#website","url":"https:\/\/www.sgagora.com.br\/sg\/","name":"SGAgora","description":"Not\u00edcias de S\u00e3o Gotardo","potentialAction":[{"@type":"SearchAction","target":{"@type":"EntryPoint","urlTemplate":"https:\/\/www.sgagora.com.br\/sg\/?s={search_term_string}"},"query-input":"required name=search_term_string"}],"inLanguage":"pt-BR"},{"@type":"Person","@id":"https:\/\/www.sgagora.com.br\/sg\/#\/schema\/person\/2be62cfb47cee3e0b305e4f7a765ae41","name":"SG Agora","image":{"@type":"ImageObject","inLanguage":"pt-BR","@id":"https:\/\/www.sgagora.com.br\/sg\/#\/schema\/person\/image\/","url":"https:\/\/secure.gravatar.com\/avatar\/a0c612a9a8c3e7419d6fd4f92e749d8d?s=96&d=mm&r=g","contentUrl":"https:\/\/secure.gravatar.com\/avatar\/a0c612a9a8c3e7419d6fd4f92e749d8d?s=96&d=mm&r=g","caption":"SG Agora"},"url":"https:\/\/www.sgagora.com.br\/sg\/author\/admin\/"}]}},"_links":{"self":[{"href":"https:\/\/www.sgagora.com.br\/sg\/wp-json\/wp\/v2\/posts\/1000005879"}],"collection":[{"href":"https:\/\/www.sgagora.com.br\/sg\/wp-json\/wp\/v2\/posts"}],"about":[{"href":"https:\/\/www.sgagora.com.br\/sg\/wp-json\/wp\/v2\/types\/post"}],"author":[{"embeddable":true,"href":"https:\/\/www.sgagora.com.br\/sg\/wp-json\/wp\/v2\/users\/1"}],"replies":[{"embeddable":true,"href":"https:\/\/www.sgagora.com.br\/sg\/wp-json\/wp\/v2\/comments?post=1000005879"}],"version-history":[{"count":2,"href":"https:\/\/www.sgagora.com.br\/sg\/wp-json\/wp\/v2\/posts\/1000005879\/revisions"}],"predecessor-version":[{"id":1000006330,"href":"https:\/\/www.sgagora.com.br\/sg\/wp-json\/wp\/v2\/posts\/1000005879\/revisions\/1000006330"}],"wp:featuredmedia":[{"embeddable":true,"href":"https:\/\/www.sgagora.com.br\/sg\/wp-json\/wp\/v2\/media\/999989937"}],"wp:attachment":[{"href":"https:\/\/www.sgagora.com.br\/sg\/wp-json\/wp\/v2\/media?parent=1000005879"}],"wp:term":[{"taxonomy":"category","embeddable":true,"href":"https:\/\/www.sgagora.com.br\/sg\/wp-json\/wp\/v2\/categories?post=1000005879"},{"taxonomy":"post_tag","embeddable":true,"href":"https:\/\/www.sgagora.com.br\/sg\/wp-json\/wp\/v2\/tags?post=1000005879"}],"curies":[{"name":"wp","href":"https:\/\/api.w.org\/{rel}","templated":true}]}}