{"id":1000005998,"date":"2024-12-23T10:45:53","date_gmt":"2024-12-23T13:45:53","guid":{"rendered":"https:\/\/www.sgagora.com.br\/sg\/?p=1000005998"},"modified":"2024-12-23T10:46:01","modified_gmt":"2024-12-23T13:46:01","slug":"assista-jornal-sg-agora-especial-de-natal","status":"publish","type":"post","link":"https:\/\/www.sgagora.com.br\/sg\/assista-jornal-sg-agora-especial-de-natal\/","title":{"rendered":"ASSISTA: Jornal SG AGORA especial de NATAL!"},"content":{"rendered":"<p style=\"text-align: justify;\">J\u00e1 est\u00e1 no ar a edi\u00e7\u00e3o especial de Natal do Jornal SG AGORA. Uma edi\u00e7\u00e3o com as principais not\u00edcias da cidade de S\u00e3o Gotardo neste m\u00eas de Dezembro e reportagens especiais sobre a celebra\u00e7\u00e3o do Natal em nossa cidade!<\/p>\n<p style=\"text-align: justify;\">O Jornal SG AGORA \u00e9 transmitido todos s\u00e1bados, a partir do meio dia, pelo Canal do YouTube do Portal SG AGORA <span style=\"color: #ff0000;\"><strong><a style=\"color: #ff0000;\" href=\"https:\/\/www.youtube.com\/@SGAGORAOFICIAL\">(CLIQUE AQUI E SE INSCREVA)<\/a><\/strong><\/span>.<\/p>\n<p style=\"text-align: justify;\">O<strong> Jornal SG AGORA, <\/strong>\u00e9 um oferecimento de<strong>:<\/strong> GoldNet Telecom, CESG (Centro de Ensino Superior de S\u00e3o Gotardo e Supermercado Super SSV, unidades S\u00e3o Gotardo e Guarda dos Ferreiros.<\/p>\n<h1 style=\"text-align: justify;\"><strong>Assista:<\/strong><br \/>\n<span style=\"color: #ffffff;\">.<\/span><\/h1>\n<p><iframe loading=\"lazy\" title=\"YouTube video player\" src=\"https:\/\/www.youtube.com\/embed\/YHxFhp6XZ4Y?si=ePZPBOxrvtM3cC94\" width=\"560\" height=\"315\" frameborder=\"0\" allowfullscreen=\"allowfullscreen\"><\/iframe><br \/>\n<span style=\"color: #ffffff;\">.<\/span><\/p>\n<p style=\"text-align: justify;\"><em><strong>Reportagem:<\/strong> Diego Oliveira\/Portal SG AGORA \/ <strong>Foto Capa:<\/strong> Divulga\u00e7\u00e3o\/Portal SG AGORA\/Jornal SG AGORA<\/em><\/p>\n","protected":false},"excerpt":{"rendered":"<p>J\u00e1 est\u00e1 no ar a edi\u00e7\u00e3o especial de Natal do Jornal SG AGORA. Uma edi\u00e7\u00e3o com as principais not\u00edcias da cidade de S\u00e3o Gotardo neste m\u00eas de Dezembro e reportagens especiais sobre a celebra\u00e7\u00e3o do &#8230; <a class=\"readmore\" href=\"https:\/\/www.sgagora.com.br\/sg\/assista-jornal-sg-agora-especial-de-natal\/\">Leia Mais<\/a><\/p>\n","protected":false},"author":1,"featured_media":1000006002,"comment_status":"open","ping_status":"open","sticky":false,"template":"","format":"standard","meta":{"_bbp_topic_count":0,"_bbp_reply_count":0,"_bbp_total_topic_count":0,"_bbp_total_reply_count":0,"_bbp_voice_count":0,"_bbp_anonymous_reply_count":0,"_bbp_topic_count_hidden":0,"_bbp_reply_count_hidden":0,"_bbp_forum_subforum_count":0},"categories":[77,93,81],"tags":[21732,5523,471,194],"yoast_head":"<!-- This site is optimized with the Yoast SEO plugin v20.5 - https:\/\/yoast.com\/wordpress\/plugins\/seo\/ -->\n<title>ASSISTA: Jornal SG AGORA especial de NATAL!<\/title>\n<meta name=\"description\" content=\"Uma edi\u00e7\u00e3o com as principais not\u00edcias da cidade de S\u00e3o Gotardo neste m\u00eas de Dezembro e reportagens especiais sobre a celebra\u00e7\u00e3o do Natal em nossa cidade!\" \/>\n<meta name=\"robots\" content=\"index, follow, max-snippet:-1, max-image-preview:large, max-video-preview:-1\" \/>\n<link rel=\"canonical\" href=\"https:\/\/www.sgagora.com.br\/sg\/assista-jornal-sg-agora-especial-de-natal\/\" \/>\n<meta property=\"og:locale\" content=\"pt_BR\" \/>\n<meta property=\"og:type\" content=\"article\" \/>\n<meta property=\"og:title\" content=\"ASSISTA: Jornal SG AGORA especial de NATAL!\" \/>\n<meta property=\"og:description\" content=\"Uma edi\u00e7\u00e3o com as principais not\u00edcias da cidade de S\u00e3o Gotardo neste m\u00eas de Dezembro e reportagens especiais sobre a celebra\u00e7\u00e3o do Natal em nossa cidade!\" \/>\n<meta property=\"og:url\" content=\"https:\/\/www.sgagora.com.br\/sg\/assista-jornal-sg-agora-especial-de-natal\/\" \/>\n<meta property=\"og:site_name\" content=\"SGAgora\" \/>\n<meta property=\"article:publisher\" content=\"https:\/\/www.facebook.com\/sgagora\" \/>\n<meta property=\"article:published_time\" content=\"2024-12-23T13:45:53+00:00\" \/>\n<meta property=\"article:modified_time\" content=\"2024-12-23T13:46:01+00:00\" \/>\n<meta property=\"og:image\" content=\"https:\/\/www.sgagora.com.br\/sg\/wp-content\/uploads\/2024\/12\/Vinheta-Final-Jornal-Video-7-e1734961534660.jpg\" \/>\n\t<meta property=\"og:image:width\" content=\"600\" \/>\n\t<meta property=\"og:image:height\" content=\"338\" \/>\n\t<meta property=\"og:image:type\" content=\"image\/jpeg\" \/>\n<meta name=\"author\" content=\"SG Agora\" \/>\n<meta name=\"twitter:label1\" content=\"Escrito por\" \/>\n\t<meta name=\"twitter:data1\" content=\"SG Agora\" \/>\n\t<meta name=\"twitter:label2\" content=\"Est. tempo de leitura\" \/>\n\t<meta name=\"twitter:data2\" content=\"1 minuto\" \/>\n<script type=\"application\/ld+json\" class=\"yoast-schema-graph\">{\"@context\":\"https:\/\/schema.org\",\"@graph\":[{\"@type\":\"WebPage\",\"@id\":\"https:\/\/www.sgagora.com.br\/sg\/assista-jornal-sg-agora-especial-de-natal\/\",\"url\":\"https:\/\/www.sgagora.com.br\/sg\/assista-jornal-sg-agora-especial-de-natal\/\",\"name\":\"ASSISTA: Jornal SG AGORA especial de NATAL!\",\"isPartOf\":{\"@id\":\"https:\/\/www.sgagora.com.br\/sg\/#website\"},\"datePublished\":\"2024-12-23T13:45:53+00:00\",\"dateModified\":\"2024-12-23T13:46:01+00:00\",\"author\":{\"@id\":\"https:\/\/www.sgagora.com.br\/sg\/#\/schema\/person\/2be62cfb47cee3e0b305e4f7a765ae41\"},\"description\":\"Uma edi\u00e7\u00e3o com as principais not\u00edcias da cidade de S\u00e3o Gotardo neste m\u00eas de Dezembro e reportagens especiais sobre a celebra\u00e7\u00e3o do Natal em nossa cidade!\",\"breadcrumb\":{\"@id\":\"https:\/\/www.sgagora.com.br\/sg\/assista-jornal-sg-agora-especial-de-natal\/#breadcrumb\"},\"inLanguage\":\"pt-BR\",\"potentialAction\":[{\"@type\":\"ReadAction\",\"target\":[\"https:\/\/www.sgagora.com.br\/sg\/assista-jornal-sg-agora-especial-de-natal\/\"]}]},{\"@type\":\"BreadcrumbList\",\"@id\":\"https:\/\/www.sgagora.com.br\/sg\/assista-jornal-sg-agora-especial-de-natal\/#breadcrumb\",\"itemListElement\":[{\"@type\":\"ListItem\",\"position\":1,\"name\":\"In\u00edcio\",\"item\":\"https:\/\/www.sgagora.com.br\/sg\/\"},{\"@type\":\"ListItem\",\"position\":2,\"name\":\"ASSISTA: Jornal SG AGORA especial de NATAL!\"}]},{\"@type\":\"WebSite\",\"@id\":\"https:\/\/www.sgagora.com.br\/sg\/#website\",\"url\":\"https:\/\/www.sgagora.com.br\/sg\/\",\"name\":\"SGAgora\",\"description\":\"Not\u00edcias de S\u00e3o Gotardo\",\"potentialAction\":[{\"@type\":\"SearchAction\",\"target\":{\"@type\":\"EntryPoint\",\"urlTemplate\":\"https:\/\/www.sgagora.com.br\/sg\/?s={search_term_string}\"},\"query-input\":\"required name=search_term_string\"}],\"inLanguage\":\"pt-BR\"},{\"@type\":\"Person\",\"@id\":\"https:\/\/www.sgagora.com.br\/sg\/#\/schema\/person\/2be62cfb47cee3e0b305e4f7a765ae41\",\"name\":\"SG Agora\",\"image\":{\"@type\":\"ImageObject\",\"inLanguage\":\"pt-BR\",\"@id\":\"https:\/\/www.sgagora.com.br\/sg\/#\/schema\/person\/image\/\",\"url\":\"https:\/\/secure.gravatar.com\/avatar\/a0c612a9a8c3e7419d6fd4f92e749d8d?s=96&d=mm&r=g\",\"contentUrl\":\"https:\/\/secure.gravatar.com\/avatar\/a0c612a9a8c3e7419d6fd4f92e749d8d?s=96&d=mm&r=g\",\"caption\":\"SG Agora\"},\"url\":\"https:\/\/www.sgagora.com.br\/sg\/author\/admin\/\"}]}<\/script>\n<!-- \/ Yoast SEO plugin. -->","yoast_head_json":{"title":"ASSISTA: Jornal SG AGORA especial de NATAL!","description":"Uma edi\u00e7\u00e3o com as principais not\u00edcias da cidade de S\u00e3o Gotardo neste m\u00eas de Dezembro e reportagens especiais sobre a celebra\u00e7\u00e3o do Natal em nossa cidade!","robots":{"index":"index","follow":"follow","max-snippet":"max-snippet:-1","max-image-preview":"max-image-preview:large","max-video-preview":"max-video-preview:-1"},"canonical":"https:\/\/www.sgagora.com.br\/sg\/assista-jornal-sg-agora-especial-de-natal\/","og_locale":"pt_BR","og_type":"article","og_title":"ASSISTA: Jornal SG AGORA especial de NATAL!","og_description":"Uma edi\u00e7\u00e3o com as principais not\u00edcias da cidade de S\u00e3o Gotardo neste m\u00eas de Dezembro e reportagens especiais sobre a celebra\u00e7\u00e3o do Natal em nossa cidade!","og_url":"https:\/\/www.sgagora.com.br\/sg\/assista-jornal-sg-agora-especial-de-natal\/","og_site_name":"SGAgora","article_publisher":"https:\/\/www.facebook.com\/sgagora","article_published_time":"2024-12-23T13:45:53+00:00","article_modified_time":"2024-12-23T13:46:01+00:00","og_image":[{"width":600,"height":338,"url":"https:\/\/www.sgagora.com.br\/sg\/wp-content\/uploads\/2024\/12\/Vinheta-Final-Jornal-Video-7-e1734961534660.jpg","type":"image\/jpeg"}],"author":"SG Agora","twitter_misc":{"Escrito por":"SG Agora","Est. tempo de leitura":"1 minuto"},"schema":{"@context":"https:\/\/schema.org","@graph":[{"@type":"WebPage","@id":"https:\/\/www.sgagora.com.br\/sg\/assista-jornal-sg-agora-especial-de-natal\/","url":"https:\/\/www.sgagora.com.br\/sg\/assista-jornal-sg-agora-especial-de-natal\/","name":"ASSISTA: Jornal SG AGORA especial de NATAL!","isPartOf":{"@id":"https:\/\/www.sgagora.com.br\/sg\/#website"},"datePublished":"2024-12-23T13:45:53+00:00","dateModified":"2024-12-23T13:46:01+00:00","author":{"@id":"https:\/\/www.sgagora.com.br\/sg\/#\/schema\/person\/2be62cfb47cee3e0b305e4f7a765ae41"},"description":"Uma edi\u00e7\u00e3o com as principais not\u00edcias da cidade de S\u00e3o Gotardo neste m\u00eas de Dezembro e reportagens especiais sobre a celebra\u00e7\u00e3o do Natal em nossa cidade!","breadcrumb":{"@id":"https:\/\/www.sgagora.com.br\/sg\/assista-jornal-sg-agora-especial-de-natal\/#breadcrumb"},"inLanguage":"pt-BR","potentialAction":[{"@type":"ReadAction","target":["https:\/\/www.sgagora.com.br\/sg\/assista-jornal-sg-agora-especial-de-natal\/"]}]},{"@type":"BreadcrumbList","@id":"https:\/\/www.sgagora.com.br\/sg\/assista-jornal-sg-agora-especial-de-natal\/#breadcrumb","itemListElement":[{"@type":"ListItem","position":1,"name":"In\u00edcio","item":"https:\/\/www.sgagora.com.br\/sg\/"},{"@type":"ListItem","position":2,"name":"ASSISTA: Jornal SG AGORA especial de NATAL!"}]},{"@type":"WebSite","@id":"https:\/\/www.sgagora.com.br\/sg\/#website","url":"https:\/\/www.sgagora.com.br\/sg\/","name":"SGAgora","description":"Not\u00edcias de S\u00e3o Gotardo","potentialAction":[{"@type":"SearchAction","target":{"@type":"EntryPoint","urlTemplate":"https:\/\/www.sgagora.com.br\/sg\/?s={search_term_string}"},"query-input":"required name=search_term_string"}],"inLanguage":"pt-BR"},{"@type":"Person","@id":"https:\/\/www.sgagora.com.br\/sg\/#\/schema\/person\/2be62cfb47cee3e0b305e4f7a765ae41","name":"SG Agora","image":{"@type":"ImageObject","inLanguage":"pt-BR","@id":"https:\/\/www.sgagora.com.br\/sg\/#\/schema\/person\/image\/","url":"https:\/\/secure.gravatar.com\/avatar\/a0c612a9a8c3e7419d6fd4f92e749d8d?s=96&d=mm&r=g","contentUrl":"https:\/\/secure.gravatar.com\/avatar\/a0c612a9a8c3e7419d6fd4f92e749d8d?s=96&d=mm&r=g","caption":"SG Agora"},"url":"https:\/\/www.sgagora.com.br\/sg\/author\/admin\/"}]}},"_links":{"self":[{"href":"https:\/\/www.sgagora.com.br\/sg\/wp-json\/wp\/v2\/posts\/1000005998"}],"collection":[{"href":"https:\/\/www.sgagora.com.br\/sg\/wp-json\/wp\/v2\/posts"}],"about":[{"href":"https:\/\/www.sgagora.com.br\/sg\/wp-json\/wp\/v2\/types\/post"}],"author":[{"embeddable":true,"href":"https:\/\/www.sgagora.com.br\/sg\/wp-json\/wp\/v2\/users\/1"}],"replies":[{"embeddable":true,"href":"https:\/\/www.sgagora.com.br\/sg\/wp-json\/wp\/v2\/comments?post=1000005998"}],"version-history":[{"count":1,"href":"https:\/\/www.sgagora.com.br\/sg\/wp-json\/wp\/v2\/posts\/1000005998\/revisions"}],"predecessor-version":[{"id":1000006003,"href":"https:\/\/www.sgagora.com.br\/sg\/wp-json\/wp\/v2\/posts\/1000005998\/revisions\/1000006003"}],"wp:featuredmedia":[{"embeddable":true,"href":"https:\/\/www.sgagora.com.br\/sg\/wp-json\/wp\/v2\/media\/1000006002"}],"wp:attachment":[{"href":"https:\/\/www.sgagora.com.br\/sg\/wp-json\/wp\/v2\/media?parent=1000005998"}],"wp:term":[{"taxonomy":"category","embeddable":true,"href":"https:\/\/www.sgagora.com.br\/sg\/wp-json\/wp\/v2\/categories?post=1000005998"},{"taxonomy":"post_tag","embeddable":true,"href":"https:\/\/www.sgagora.com.br\/sg\/wp-json\/wp\/v2\/tags?post=1000005998"}],"curies":[{"name":"wp","href":"https:\/\/api.w.org\/{rel}","templated":true}]}}