{"id":1000006021,"date":"2024-12-29T12:03:44","date_gmt":"2024-12-29T15:03:44","guid":{"rendered":"https:\/\/www.sgagora.com.br\/sg\/?p=1000006021"},"modified":"2025-01-27T18:56:46","modified_gmt":"2025-01-27T21:56:46","slug":"tragedia-anunciada-homem-realiza-disparos-de-arma-de-fogo-em-comemoracao-durante-festa-e-atinge-jovem-de-17-anos-em-sao-gotardo","status":"publish","type":"post","link":"https:\/\/www.sgagora.com.br\/sg\/tragedia-anunciada-homem-realiza-disparos-de-arma-de-fogo-em-comemoracao-durante-festa-e-atinge-jovem-de-17-anos-em-sao-gotardo\/","title":{"rendered":"Trag\u00e9dia anunciada: Homem realiza disparos de arma de fogo em &#8220;comemora\u00e7\u00e3o&#8221; durante festa e atinge jovem de 17 anos em S\u00e3o Gotardo"},"content":{"rendered":"<p style=\"text-align: center;\"><span style=\"color: #ff0000;\"><strong>CONTINUA AP\u00d3S A PUBLICIDADE<\/strong><\/span><img decoding=\"async\" loading=\"lazy\" class=\"aligncenter wp-image-1000005472 size-full\" src=\"https:\/\/www.sgagora.com.br\/sg\/wp-content\/uploads\/2024\/08\/gif_260x260px_ssv.gif\" alt=\"\" width=\"260\" height=\"260\" \/><\/p>\n<p><img decoding=\"async\" loading=\"lazy\" class=\"aligncenter wp-image-1000006117 size-full\" src=\"https:\/\/www.sgagora.com.br\/sg\/wp-content\/uploads\/2025\/01\/Acesse-www.cesg_.edu-e-faca-sua-inscricao.gif\" alt=\"\" width=\"260\" height=\"260\" \/><\/p>\n<p style=\"text-align: justify;\">Um homem de 29 anos de idade, natural de S\u00e3o Gotardo, est\u00e1 sendo procurado pela pol\u00edcia suspeito de dar tiros para o alto\u00a0 em uma esp\u00e9cie de &#8220;comemora\u00e7\u00e3o&#8221; durante uma festa e atingir a coluna de um jovem de 17 anos, que est\u00e1 internado em estado grave e pode ficar parapl\u00e9gico. O caso ocorreu na noite deste \u00faltimo s\u00e1bado, 28 de Dezembro de 2024.<\/p>\n<p style=\"text-align: justify;\">O evento de confraterniza\u00e7\u00e3o acontecia em um haras, quando, segundo a pol\u00edcia, o suspeito decidiu comemorar, dando tiros para cima. No momento, as pessoas que estavam no local notaram que um dos convidados come\u00e7ou a sangrar na regi\u00e3o da coluna, na altura do pesco\u00e7o. A suspeita \u00e9 de que a arma tenha chicoteado, com um dos disparos tendo desviado e atingindo o adolescente.<\/p>\n<p style=\"text-align: center;\"><span style=\"color: #ff0000;\"><strong>CONTINUA AP\u00d3S A PUBLICIDADE<\/strong><\/span><img decoding=\"async\" loading=\"lazy\" class=\"aligncenter wp-image-1000001976 size-full\" src=\"https:\/\/www.sgagora.com.br\/sg\/wp-content\/uploads\/2019\/12\/GIF-PRONTO-ODONTO-COMPANY.gif\" alt=\"\" width=\"600\" height=\"260\" \/><\/p>\n<p style=\"text-align: justify;\">O jovem foi levado \u00e0s pressas j\u00e1 em estado grave para o Pronto Socorro Municipal, com uma perfura\u00e7\u00e3o nas costas. Al\u00e9m disso, o pulm\u00e3o tamb\u00e9m foi atingido e a v\u00edtima teve que ser entubada e corre o risco de perder o movimento das pernas. O rapaz permanece internado em um hospital na cidade de Patos de Minas, para onde foi transferido.<\/p>\n<p style=\"text-align: justify;\">Enquanto o jovem era socorrido, o autor, que seria filho de um vereador na cidade de S\u00e3o Gotardo, desapareceu. Na manh\u00e3 deste domingo (29), um advogado se apresentou na delegacia da cidade dizendo representar o suspeito, mas o autor dos disparos ainda n\u00e3o se entregou. Imagens de c\u00e2meras de seguran\u00e7a registraram a ocorr\u00eancia, e j\u00e1 est\u00e3o \u00e0 disposi\u00e7\u00e3o da pol\u00edcia, que agora investiga o caso.<\/p>\n<p style=\"text-align: justify;\"><em><strong>*Mat\u00e9ria em atualiza\u00e7\u00e3o!<\/strong><\/em><\/p>\n<p style=\"text-align: center;\"><strong><span style=\"color: #ff0000;\">CONTINUA AP\u00d3S A PUBLICIDADE<\/span><\/strong><img decoding=\"async\" loading=\"lazy\" class=\"aligncenter wp-image-1000004773 size-full\" src=\"https:\/\/www.sgagora.com.br\/sg\/wp-content\/uploads\/2024\/05\/GIF-SICREDI-SAO-GOTARDO.gif\" alt=\"\" width=\"260\" height=\"260\" \/><\/p>\n<p><img decoding=\"async\" loading=\"lazy\" class=\"aligncenter wp-image-1000006254 size-full\" src=\"https:\/\/www.sgagora.com.br\/sg\/wp-content\/uploads\/2025\/01\/Team.gif\" alt=\"\" width=\"260\" height=\"260\" \/><\/p>\n<p><span style=\"color: #ffffff;\">.<\/span><\/p>\n<p style=\"text-align: justify;\"><em><strong>Fonte da Reportagem:<\/strong> Site\/Portal Itatiaia \/ <strong>Acr\u00e9scimo de Informa\u00e7\u00f5es:<\/strong> Diego Oliveira\/Portal SG AGORA \/ <strong>Foto Capa:<\/strong> Arquivo\/Portal SG AGORA<\/em><\/p>\n","protected":false},"excerpt":{"rendered":"<p>CONTINUA AP\u00d3S A PUBLICIDADE Um homem de 29 anos de idade, natural de S\u00e3o Gotardo, est\u00e1 sendo procurado pela pol\u00edcia suspeito de dar tiros para o alto\u00a0 em uma esp\u00e9cie de &#8220;comemora\u00e7\u00e3o&#8221; durante uma festa &#8230; <a class=\"readmore\" href=\"https:\/\/www.sgagora.com.br\/sg\/tragedia-anunciada-homem-realiza-disparos-de-arma-de-fogo-em-comemoracao-durante-festa-e-atinge-jovem-de-17-anos-em-sao-gotardo\/\">Leia Mais<\/a><\/p>\n","protected":false},"author":1,"featured_media":999989937,"comment_status":"open","ping_status":"open","sticky":false,"template":"","format":"standard","meta":{"_bbp_topic_count":0,"_bbp_reply_count":0,"_bbp_total_topic_count":0,"_bbp_total_reply_count":0,"_bbp_voice_count":0,"_bbp_anonymous_reply_count":0,"_bbp_topic_count_hidden":0,"_bbp_reply_count_hidden":0,"_bbp_forum_subforum_count":0},"categories":[77,81],"tags":[2126,1684,133,1034],"yoast_head":"<!-- This site is optimized with the Yoast SEO plugin v20.5 - https:\/\/yoast.com\/wordpress\/plugins\/seo\/ -->\n<title>Trag\u00e9dia anunciada: Homem realiza disparos de arma de fogo em &quot;comemora\u00e7\u00e3o&quot; durante festa e atinge jovem de 17 anos em S\u00e3o Gotardo<\/title>\n<meta name=\"description\" content=\"O caso ocorreu na madrugada deste domingo, 29 de Dezembro de 2024.\" \/>\n<meta name=\"robots\" content=\"index, follow, max-snippet:-1, max-image-preview:large, max-video-preview:-1\" \/>\n<link rel=\"canonical\" href=\"https:\/\/www.sgagora.com.br\/sg\/tragedia-anunciada-homem-realiza-disparos-de-arma-de-fogo-em-comemoracao-durante-festa-e-atinge-jovem-de-17-anos-em-sao-gotardo\/\" \/>\n<meta property=\"og:locale\" content=\"pt_BR\" \/>\n<meta property=\"og:type\" content=\"article\" \/>\n<meta property=\"og:title\" content=\"Trag\u00e9dia anunciada: Homem realiza disparos de arma de fogo em &quot;comemora\u00e7\u00e3o&quot; durante festa e atinge jovem de 17 anos em S\u00e3o Gotardo\" \/>\n<meta property=\"og:description\" content=\"O caso ocorreu na madrugada deste domingo, 29 de Dezembro de 2024.\" \/>\n<meta property=\"og:url\" content=\"https:\/\/www.sgagora.com.br\/sg\/tragedia-anunciada-homem-realiza-disparos-de-arma-de-fogo-em-comemoracao-durante-festa-e-atinge-jovem-de-17-anos-em-sao-gotardo\/\" \/>\n<meta property=\"og:site_name\" content=\"SGAgora\" \/>\n<meta property=\"article:publisher\" content=\"https:\/\/www.facebook.com\/sgagora\" \/>\n<meta property=\"article:published_time\" content=\"2024-12-29T15:03:44+00:00\" \/>\n<meta property=\"article:modified_time\" content=\"2025-01-27T21:56:46+00:00\" \/>\n<meta property=\"og:image\" content=\"https:\/\/www.sgagora.com.br\/sg\/wp-content\/uploads\/2021\/10\/Foto-reportagens-PM.jpg\" \/>\n\t<meta property=\"og:image:width\" content=\"600\" \/>\n\t<meta property=\"og:image:height\" content=\"450\" \/>\n\t<meta property=\"og:image:type\" content=\"image\/jpeg\" \/>\n<meta name=\"author\" content=\"SG Agora\" \/>\n<meta name=\"twitter:label1\" content=\"Escrito por\" \/>\n\t<meta name=\"twitter:data1\" content=\"SG Agora\" \/>\n\t<meta name=\"twitter:label2\" content=\"Est. tempo de leitura\" \/>\n\t<meta name=\"twitter:data2\" content=\"3 minutos\" \/>\n<script type=\"application\/ld+json\" class=\"yoast-schema-graph\">{\"@context\":\"https:\/\/schema.org\",\"@graph\":[{\"@type\":\"WebPage\",\"@id\":\"https:\/\/www.sgagora.com.br\/sg\/tragedia-anunciada-homem-realiza-disparos-de-arma-de-fogo-em-comemoracao-durante-festa-e-atinge-jovem-de-17-anos-em-sao-gotardo\/\",\"url\":\"https:\/\/www.sgagora.com.br\/sg\/tragedia-anunciada-homem-realiza-disparos-de-arma-de-fogo-em-comemoracao-durante-festa-e-atinge-jovem-de-17-anos-em-sao-gotardo\/\",\"name\":\"Trag\u00e9dia anunciada: Homem realiza disparos de arma de fogo em \\\"comemora\u00e7\u00e3o\\\" durante festa e atinge jovem de 17 anos em S\u00e3o Gotardo\",\"isPartOf\":{\"@id\":\"https:\/\/www.sgagora.com.br\/sg\/#website\"},\"datePublished\":\"2024-12-29T15:03:44+00:00\",\"dateModified\":\"2025-01-27T21:56:46+00:00\",\"author\":{\"@id\":\"https:\/\/www.sgagora.com.br\/sg\/#\/schema\/person\/2be62cfb47cee3e0b305e4f7a765ae41\"},\"description\":\"O caso ocorreu na madrugada deste domingo, 29 de Dezembro de 2024.\",\"breadcrumb\":{\"@id\":\"https:\/\/www.sgagora.com.br\/sg\/tragedia-anunciada-homem-realiza-disparos-de-arma-de-fogo-em-comemoracao-durante-festa-e-atinge-jovem-de-17-anos-em-sao-gotardo\/#breadcrumb\"},\"inLanguage\":\"pt-BR\",\"potentialAction\":[{\"@type\":\"ReadAction\",\"target\":[\"https:\/\/www.sgagora.com.br\/sg\/tragedia-anunciada-homem-realiza-disparos-de-arma-de-fogo-em-comemoracao-durante-festa-e-atinge-jovem-de-17-anos-em-sao-gotardo\/\"]}]},{\"@type\":\"BreadcrumbList\",\"@id\":\"https:\/\/www.sgagora.com.br\/sg\/tragedia-anunciada-homem-realiza-disparos-de-arma-de-fogo-em-comemoracao-durante-festa-e-atinge-jovem-de-17-anos-em-sao-gotardo\/#breadcrumb\",\"itemListElement\":[{\"@type\":\"ListItem\",\"position\":1,\"name\":\"In\u00edcio\",\"item\":\"https:\/\/www.sgagora.com.br\/sg\/\"},{\"@type\":\"ListItem\",\"position\":2,\"name\":\"Trag\u00e9dia anunciada: Homem realiza disparos de arma de fogo em &#8220;comemora\u00e7\u00e3o&#8221; durante festa e atinge jovem de 17 anos em S\u00e3o Gotardo\"}]},{\"@type\":\"WebSite\",\"@id\":\"https:\/\/www.sgagora.com.br\/sg\/#website\",\"url\":\"https:\/\/www.sgagora.com.br\/sg\/\",\"name\":\"SGAgora\",\"description\":\"Not\u00edcias de S\u00e3o Gotardo\",\"potentialAction\":[{\"@type\":\"SearchAction\",\"target\":{\"@type\":\"EntryPoint\",\"urlTemplate\":\"https:\/\/www.sgagora.com.br\/sg\/?s={search_term_string}\"},\"query-input\":\"required name=search_term_string\"}],\"inLanguage\":\"pt-BR\"},{\"@type\":\"Person\",\"@id\":\"https:\/\/www.sgagora.com.br\/sg\/#\/schema\/person\/2be62cfb47cee3e0b305e4f7a765ae41\",\"name\":\"SG Agora\",\"image\":{\"@type\":\"ImageObject\",\"inLanguage\":\"pt-BR\",\"@id\":\"https:\/\/www.sgagora.com.br\/sg\/#\/schema\/person\/image\/\",\"url\":\"https:\/\/secure.gravatar.com\/avatar\/a0c612a9a8c3e7419d6fd4f92e749d8d?s=96&d=mm&r=g\",\"contentUrl\":\"https:\/\/secure.gravatar.com\/avatar\/a0c612a9a8c3e7419d6fd4f92e749d8d?s=96&d=mm&r=g\",\"caption\":\"SG Agora\"},\"url\":\"https:\/\/www.sgagora.com.br\/sg\/author\/admin\/\"}]}<\/script>\n<!-- \/ Yoast SEO plugin. -->","yoast_head_json":{"title":"Trag\u00e9dia anunciada: Homem realiza disparos de arma de fogo em \"comemora\u00e7\u00e3o\" durante festa e atinge jovem de 17 anos em S\u00e3o Gotardo","description":"O caso ocorreu na madrugada deste domingo, 29 de Dezembro de 2024.","robots":{"index":"index","follow":"follow","max-snippet":"max-snippet:-1","max-image-preview":"max-image-preview:large","max-video-preview":"max-video-preview:-1"},"canonical":"https:\/\/www.sgagora.com.br\/sg\/tragedia-anunciada-homem-realiza-disparos-de-arma-de-fogo-em-comemoracao-durante-festa-e-atinge-jovem-de-17-anos-em-sao-gotardo\/","og_locale":"pt_BR","og_type":"article","og_title":"Trag\u00e9dia anunciada: Homem realiza disparos de arma de fogo em \"comemora\u00e7\u00e3o\" durante festa e atinge jovem de 17 anos em S\u00e3o Gotardo","og_description":"O caso ocorreu na madrugada deste domingo, 29 de Dezembro de 2024.","og_url":"https:\/\/www.sgagora.com.br\/sg\/tragedia-anunciada-homem-realiza-disparos-de-arma-de-fogo-em-comemoracao-durante-festa-e-atinge-jovem-de-17-anos-em-sao-gotardo\/","og_site_name":"SGAgora","article_publisher":"https:\/\/www.facebook.com\/sgagora","article_published_time":"2024-12-29T15:03:44+00:00","article_modified_time":"2025-01-27T21:56:46+00:00","og_image":[{"width":600,"height":450,"url":"https:\/\/www.sgagora.com.br\/sg\/wp-content\/uploads\/2021\/10\/Foto-reportagens-PM.jpg","type":"image\/jpeg"}],"author":"SG Agora","twitter_misc":{"Escrito por":"SG Agora","Est. tempo de leitura":"3 minutos"},"schema":{"@context":"https:\/\/schema.org","@graph":[{"@type":"WebPage","@id":"https:\/\/www.sgagora.com.br\/sg\/tragedia-anunciada-homem-realiza-disparos-de-arma-de-fogo-em-comemoracao-durante-festa-e-atinge-jovem-de-17-anos-em-sao-gotardo\/","url":"https:\/\/www.sgagora.com.br\/sg\/tragedia-anunciada-homem-realiza-disparos-de-arma-de-fogo-em-comemoracao-durante-festa-e-atinge-jovem-de-17-anos-em-sao-gotardo\/","name":"Trag\u00e9dia anunciada: Homem realiza disparos de arma de fogo em \"comemora\u00e7\u00e3o\" durante festa e atinge jovem de 17 anos em S\u00e3o Gotardo","isPartOf":{"@id":"https:\/\/www.sgagora.com.br\/sg\/#website"},"datePublished":"2024-12-29T15:03:44+00:00","dateModified":"2025-01-27T21:56:46+00:00","author":{"@id":"https:\/\/www.sgagora.com.br\/sg\/#\/schema\/person\/2be62cfb47cee3e0b305e4f7a765ae41"},"description":"O caso ocorreu na madrugada deste domingo, 29 de Dezembro de 2024.","breadcrumb":{"@id":"https:\/\/www.sgagora.com.br\/sg\/tragedia-anunciada-homem-realiza-disparos-de-arma-de-fogo-em-comemoracao-durante-festa-e-atinge-jovem-de-17-anos-em-sao-gotardo\/#breadcrumb"},"inLanguage":"pt-BR","potentialAction":[{"@type":"ReadAction","target":["https:\/\/www.sgagora.com.br\/sg\/tragedia-anunciada-homem-realiza-disparos-de-arma-de-fogo-em-comemoracao-durante-festa-e-atinge-jovem-de-17-anos-em-sao-gotardo\/"]}]},{"@type":"BreadcrumbList","@id":"https:\/\/www.sgagora.com.br\/sg\/tragedia-anunciada-homem-realiza-disparos-de-arma-de-fogo-em-comemoracao-durante-festa-e-atinge-jovem-de-17-anos-em-sao-gotardo\/#breadcrumb","itemListElement":[{"@type":"ListItem","position":1,"name":"In\u00edcio","item":"https:\/\/www.sgagora.com.br\/sg\/"},{"@type":"ListItem","position":2,"name":"Trag\u00e9dia anunciada: Homem realiza disparos de arma de fogo em &#8220;comemora\u00e7\u00e3o&#8221; durante festa e atinge jovem de 17 anos em S\u00e3o Gotardo"}]},{"@type":"WebSite","@id":"https:\/\/www.sgagora.com.br\/sg\/#website","url":"https:\/\/www.sgagora.com.br\/sg\/","name":"SGAgora","description":"Not\u00edcias de S\u00e3o Gotardo","potentialAction":[{"@type":"SearchAction","target":{"@type":"EntryPoint","urlTemplate":"https:\/\/www.sgagora.com.br\/sg\/?s={search_term_string}"},"query-input":"required name=search_term_string"}],"inLanguage":"pt-BR"},{"@type":"Person","@id":"https:\/\/www.sgagora.com.br\/sg\/#\/schema\/person\/2be62cfb47cee3e0b305e4f7a765ae41","name":"SG Agora","image":{"@type":"ImageObject","inLanguage":"pt-BR","@id":"https:\/\/www.sgagora.com.br\/sg\/#\/schema\/person\/image\/","url":"https:\/\/secure.gravatar.com\/avatar\/a0c612a9a8c3e7419d6fd4f92e749d8d?s=96&d=mm&r=g","contentUrl":"https:\/\/secure.gravatar.com\/avatar\/a0c612a9a8c3e7419d6fd4f92e749d8d?s=96&d=mm&r=g","caption":"SG Agora"},"url":"https:\/\/www.sgagora.com.br\/sg\/author\/admin\/"}]}},"_links":{"self":[{"href":"https:\/\/www.sgagora.com.br\/sg\/wp-json\/wp\/v2\/posts\/1000006021"}],"collection":[{"href":"https:\/\/www.sgagora.com.br\/sg\/wp-json\/wp\/v2\/posts"}],"about":[{"href":"https:\/\/www.sgagora.com.br\/sg\/wp-json\/wp\/v2\/types\/post"}],"author":[{"embeddable":true,"href":"https:\/\/www.sgagora.com.br\/sg\/wp-json\/wp\/v2\/users\/1"}],"replies":[{"embeddable":true,"href":"https:\/\/www.sgagora.com.br\/sg\/wp-json\/wp\/v2\/comments?post=1000006021"}],"version-history":[{"count":9,"href":"https:\/\/www.sgagora.com.br\/sg\/wp-json\/wp\/v2\/posts\/1000006021\/revisions"}],"predecessor-version":[{"id":1000006316,"href":"https:\/\/www.sgagora.com.br\/sg\/wp-json\/wp\/v2\/posts\/1000006021\/revisions\/1000006316"}],"wp:featuredmedia":[{"embeddable":true,"href":"https:\/\/www.sgagora.com.br\/sg\/wp-json\/wp\/v2\/media\/999989937"}],"wp:attachment":[{"href":"https:\/\/www.sgagora.com.br\/sg\/wp-json\/wp\/v2\/media?parent=1000006021"}],"wp:term":[{"taxonomy":"category","embeddable":true,"href":"https:\/\/www.sgagora.com.br\/sg\/wp-json\/wp\/v2\/categories?post=1000006021"},{"taxonomy":"post_tag","embeddable":true,"href":"https:\/\/www.sgagora.com.br\/sg\/wp-json\/wp\/v2\/tags?post=1000006021"}],"curies":[{"name":"wp","href":"https:\/\/api.w.org\/{rel}","templated":true}]}}