{"id":1000006074,"date":"2025-01-03T20:07:17","date_gmt":"2025-01-03T23:07:17","guid":{"rendered":"https:\/\/www.sgagora.com.br\/sg\/?p=1000006074"},"modified":"2025-01-27T18:54:36","modified_gmt":"2025-01-27T21:54:36","slug":"policia-civil-prende-autor-de-disparos-em-haras-de-sao-gotardo-que-deixou-adolescente-em-estado-grave-de-saude","status":"publish","type":"post","link":"https:\/\/www.sgagora.com.br\/sg\/policia-civil-prende-autor-de-disparos-em-haras-de-sao-gotardo-que-deixou-adolescente-em-estado-grave-de-saude\/","title":{"rendered":"Pol\u00edcia Civil prende autor de disparos em Haras de S\u00e3o Gotardo que deixou adolescente em estado grave de sa\u00fade"},"content":{"rendered":"<p style=\"text-align: center;\"><span style=\"color: #ff0000;\"><strong>CONTINUA AP\u00d3S A PUBLICIDADE<\/strong><\/span><img decoding=\"async\" loading=\"lazy\" class=\"aligncenter wp-image-1000005472 size-full\" src=\"https:\/\/www.sgagora.com.br\/sg\/wp-content\/uploads\/2024\/08\/gif_260x260px_ssv.gif\" alt=\"\" width=\"260\" height=\"260\" \/><\/p>\n<p><img decoding=\"async\" loading=\"lazy\" class=\"aligncenter wp-image-1000006117 size-full\" src=\"https:\/\/www.sgagora.com.br\/sg\/wp-content\/uploads\/2025\/01\/Acesse-www.cesg_.edu-e-faca-sua-inscricao.gif\" alt=\"\" width=\"260\" height=\"260\" \/><\/p>\n<p style=\"text-align: justify;\">Na tarde desta sexta feira, 03 de Janeiro de 2025, a Pol\u00edcia Civil de S\u00e3o Gotardo-MG, efetuou a pris\u00e3o do autor dos disparos de arma de fogo, que atingiram um menor de 17 anos de idade, na data de 28\/12\/2024 (s\u00e1bado a noite), durante uma confraterniza\u00e7\u00e3o em um haras.<\/p>\n<p style=\"text-align: justify;\">Ap\u00f3s instaura\u00e7\u00e3o de inqu\u00e9rito policial, o Delegado de Pol\u00edcia da Delegacia de S\u00e3o Gotardo, representou pela pris\u00e3o do autor dos disparos, o qual compareceu a esta delegacia para prestar esclarecimentos sobre os fatos, momento em que o autor confessou a pr\u00e1tica delitiva, afirmando que estava na posse de duas armas de fogo ilegais no momento dos fatos.<\/p>\n<p style=\"text-align: justify;\">As armas foram apreendidas nas proximidades de um s\u00edtio de propriedade do autor, pela Pol\u00edcia Civil.\u00a0O indiv\u00edduo foi preso em virtude do cumprimento do mandado de pris\u00e3o, encaminhado para a penitenci\u00e1ria de Carmo do Parana\u00edba\/MG, e colocado \u00e0 disposi\u00e7\u00e3o da justi\u00e7a.<\/p>\n<p style=\"text-align: center;\"><span style=\"color: #ff0000;\"><strong>CONTINUA AP\u00d3S A PUBLICIDADE<\/strong><\/span><img decoding=\"async\" loading=\"lazy\" class=\"aligncenter wp-image-1000001976 size-full\" src=\"https:\/\/www.sgagora.com.br\/sg\/wp-content\/uploads\/2019\/12\/GIF-PRONTO-ODONTO-COMPANY.gif\" alt=\"\" width=\"600\" height=\"260\" \/><\/p>\n<h1 style=\"text-align: justify;\"><strong>ENTENDA O CASO:<\/strong><br \/>\n<span style=\"color: #ffffff;\">.<\/span><\/h1>\n<p style=\"text-align: justify;\">No dia 29 de Dezembro de 2024,\u00a0 acontecia evento de confraterniza\u00e7\u00e3o em um haras, quando, segundo a pol\u00edcia, o autor preso nesta data, decidiu comemorar, dando tiros para cima. No momento, as pessoas que estavam no local notaram que um dos convidados come\u00e7ou a sangrar na regi\u00e3o da coluna, na altura do pesco\u00e7o.<\/p>\n<p style=\"text-align: justify;\">O jovem foi levado \u00e0s pressas j\u00e1 em estado grave para o Pronto Socorro Municipal, com uma perfura\u00e7\u00e3o nas costas. Al\u00e9m disso, o pulm\u00e3o tamb\u00e9m foi atingido e a v\u00edtima teve que ser entubada e corre o risco de perder o movimento das pernas. O rapaz permanece internado em um hospital na cidade de Patos de Minas, para onde foi transferido e seu estado de sa\u00fade \u00e9 extremamente grave.<\/p>\n<p style=\"text-align: justify;\">Ap\u00f3s cometer os disparos e acertar o adolescente, enquanto o jovem era socorrido, o autor, que seria filho de um vereador na cidade de S\u00e3o Gotardo, desapareceu. Na manh\u00e3 seguinte do ocorrido (29\/12), um advogado se apresentou na delegacia da cidade dizendo representar o suspeito, mas o autor dos disparos n\u00e3o se entregou. Nesta sexta-feira, 03 de Janeiro de 2025, o mesmo compareceu na Delegacia de Pol\u00edcia, onde foi encaminhado para a Penitenci\u00e1ria.<\/p>\n<p style=\"text-align: center;\"><strong><span style=\"color: #ff0000;\">CONTINUA AP\u00d3S A PUBLICIDADE<\/span><\/strong><img decoding=\"async\" loading=\"lazy\" class=\"aligncenter wp-image-1000004773 size-full\" src=\"https:\/\/www.sgagora.com.br\/sg\/wp-content\/uploads\/2024\/05\/GIF-SICREDI-SAO-GOTARDO.gif\" alt=\"\" width=\"260\" height=\"260\" \/><\/p>\n<p><img decoding=\"async\" loading=\"lazy\" class=\"aligncenter wp-image-1000006254 size-full\" src=\"https:\/\/www.sgagora.com.br\/sg\/wp-content\/uploads\/2025\/01\/Team.gif\" alt=\"\" width=\"260\" height=\"260\" \/><\/p>\n<p><span style=\"color: #ffffff;\"><em>.<\/em><\/span><\/p>\n<p style=\"text-align: justify;\"><em><strong>Reportagem:<\/strong> Assessoria de Imprensa Delegacia de Pol\u00edcia Civil de S\u00e3o Gotardo \/ <strong>Foto Capa:<\/strong> Arquivo\/Portal SG AGORA<\/em><\/p>\n","protected":false},"excerpt":{"rendered":"<p>CONTINUA AP\u00d3S A PUBLICIDADE Na tarde desta sexta feira, 03 de Janeiro de 2025, a Pol\u00edcia Civil de S\u00e3o Gotardo-MG, efetuou a pris\u00e3o do autor dos disparos de arma de fogo, que atingiram um menor &#8230; <a class=\"readmore\" href=\"https:\/\/www.sgagora.com.br\/sg\/policia-civil-prende-autor-de-disparos-em-haras-de-sao-gotardo-que-deixou-adolescente-em-estado-grave-de-saude\/\">Leia Mais<\/a><\/p>\n","protected":false},"author":1,"featured_media":999989303,"comment_status":"open","ping_status":"open","sticky":false,"template":"","format":"standard","meta":{"_bbp_topic_count":0,"_bbp_reply_count":0,"_bbp_total_topic_count":0,"_bbp_total_reply_count":0,"_bbp_voice_count":0,"_bbp_anonymous_reply_count":0,"_bbp_topic_count_hidden":0,"_bbp_reply_count_hidden":0,"_bbp_forum_subforum_count":0},"categories":[9,77,81],"tags":[966,21745,233,21748,1075],"yoast_head":"<!-- This site is optimized with the Yoast SEO plugin v20.5 - https:\/\/yoast.com\/wordpress\/plugins\/seo\/ -->\n<title>Pol\u00edcia Civil prende autor de disparos em Haras de S\u00e3o Gotardo que deixou adolescente em estado grave de sa\u00fade<\/title>\n<meta name=\"description\" content=\"Na tarde desta sexta feira, 03 de Janeiro de 2025, a Pol\u00edcia Civil de S\u00e3o Gotardo-MG, efetuou a pris\u00e3o do autor dos disparos de arma de fogo, que atingiram um menor de 17 anos de idade.\" \/>\n<meta name=\"robots\" content=\"index, follow, max-snippet:-1, max-image-preview:large, max-video-preview:-1\" \/>\n<link rel=\"canonical\" href=\"https:\/\/www.sgagora.com.br\/sg\/policia-civil-prende-autor-de-disparos-em-haras-de-sao-gotardo-que-deixou-adolescente-em-estado-grave-de-saude\/\" \/>\n<meta property=\"og:locale\" content=\"pt_BR\" \/>\n<meta property=\"og:type\" content=\"article\" \/>\n<meta property=\"og:title\" content=\"Pol\u00edcia Civil prende autor de disparos em Haras de S\u00e3o Gotardo que deixou adolescente em estado grave de sa\u00fade\" \/>\n<meta property=\"og:description\" content=\"Na tarde desta sexta feira, 03 de Janeiro de 2025, a Pol\u00edcia Civil de S\u00e3o Gotardo-MG, efetuou a pris\u00e3o do autor dos disparos de arma de fogo, que atingiram um menor de 17 anos de idade.\" \/>\n<meta property=\"og:url\" content=\"https:\/\/www.sgagora.com.br\/sg\/policia-civil-prende-autor-de-disparos-em-haras-de-sao-gotardo-que-deixou-adolescente-em-estado-grave-de-saude\/\" \/>\n<meta property=\"og:site_name\" content=\"SGAgora\" \/>\n<meta property=\"article:publisher\" content=\"https:\/\/www.facebook.com\/sgagora\" \/>\n<meta property=\"article:published_time\" content=\"2025-01-03T23:07:17+00:00\" \/>\n<meta property=\"article:modified_time\" content=\"2025-01-27T21:54:36+00:00\" \/>\n<meta property=\"og:image\" content=\"https:\/\/www.sgagora.com.br\/sg\/wp-content\/uploads\/2021\/08\/Fotos-Reportagem-PC-1.jpg\" \/>\n\t<meta property=\"og:image:width\" content=\"600\" \/>\n\t<meta property=\"og:image:height\" content=\"450\" \/>\n\t<meta property=\"og:image:type\" content=\"image\/jpeg\" \/>\n<meta name=\"author\" content=\"SG Agora\" \/>\n<meta name=\"twitter:label1\" content=\"Escrito por\" \/>\n\t<meta name=\"twitter:data1\" content=\"SG Agora\" \/>\n\t<meta name=\"twitter:label2\" content=\"Est. tempo de leitura\" \/>\n\t<meta name=\"twitter:data2\" content=\"4 minutos\" \/>\n<script type=\"application\/ld+json\" class=\"yoast-schema-graph\">{\"@context\":\"https:\/\/schema.org\",\"@graph\":[{\"@type\":\"WebPage\",\"@id\":\"https:\/\/www.sgagora.com.br\/sg\/policia-civil-prende-autor-de-disparos-em-haras-de-sao-gotardo-que-deixou-adolescente-em-estado-grave-de-saude\/\",\"url\":\"https:\/\/www.sgagora.com.br\/sg\/policia-civil-prende-autor-de-disparos-em-haras-de-sao-gotardo-que-deixou-adolescente-em-estado-grave-de-saude\/\",\"name\":\"Pol\u00edcia Civil prende autor de disparos em Haras de S\u00e3o Gotardo que deixou adolescente em estado grave de sa\u00fade\",\"isPartOf\":{\"@id\":\"https:\/\/www.sgagora.com.br\/sg\/#website\"},\"datePublished\":\"2025-01-03T23:07:17+00:00\",\"dateModified\":\"2025-01-27T21:54:36+00:00\",\"author\":{\"@id\":\"https:\/\/www.sgagora.com.br\/sg\/#\/schema\/person\/2be62cfb47cee3e0b305e4f7a765ae41\"},\"description\":\"Na tarde desta sexta feira, 03 de Janeiro de 2025, a Pol\u00edcia Civil de S\u00e3o Gotardo-MG, efetuou a pris\u00e3o do autor dos disparos de arma de fogo, que atingiram um menor de 17 anos de idade.\",\"breadcrumb\":{\"@id\":\"https:\/\/www.sgagora.com.br\/sg\/policia-civil-prende-autor-de-disparos-em-haras-de-sao-gotardo-que-deixou-adolescente-em-estado-grave-de-saude\/#breadcrumb\"},\"inLanguage\":\"pt-BR\",\"potentialAction\":[{\"@type\":\"ReadAction\",\"target\":[\"https:\/\/www.sgagora.com.br\/sg\/policia-civil-prende-autor-de-disparos-em-haras-de-sao-gotardo-que-deixou-adolescente-em-estado-grave-de-saude\/\"]}]},{\"@type\":\"BreadcrumbList\",\"@id\":\"https:\/\/www.sgagora.com.br\/sg\/policia-civil-prende-autor-de-disparos-em-haras-de-sao-gotardo-que-deixou-adolescente-em-estado-grave-de-saude\/#breadcrumb\",\"itemListElement\":[{\"@type\":\"ListItem\",\"position\":1,\"name\":\"In\u00edcio\",\"item\":\"https:\/\/www.sgagora.com.br\/sg\/\"},{\"@type\":\"ListItem\",\"position\":2,\"name\":\"Pol\u00edcia Civil prende autor de disparos em Haras de S\u00e3o Gotardo que deixou adolescente em estado grave de sa\u00fade\"}]},{\"@type\":\"WebSite\",\"@id\":\"https:\/\/www.sgagora.com.br\/sg\/#website\",\"url\":\"https:\/\/www.sgagora.com.br\/sg\/\",\"name\":\"SGAgora\",\"description\":\"Not\u00edcias de S\u00e3o Gotardo\",\"potentialAction\":[{\"@type\":\"SearchAction\",\"target\":{\"@type\":\"EntryPoint\",\"urlTemplate\":\"https:\/\/www.sgagora.com.br\/sg\/?s={search_term_string}\"},\"query-input\":\"required name=search_term_string\"}],\"inLanguage\":\"pt-BR\"},{\"@type\":\"Person\",\"@id\":\"https:\/\/www.sgagora.com.br\/sg\/#\/schema\/person\/2be62cfb47cee3e0b305e4f7a765ae41\",\"name\":\"SG Agora\",\"image\":{\"@type\":\"ImageObject\",\"inLanguage\":\"pt-BR\",\"@id\":\"https:\/\/www.sgagora.com.br\/sg\/#\/schema\/person\/image\/\",\"url\":\"https:\/\/secure.gravatar.com\/avatar\/a0c612a9a8c3e7419d6fd4f92e749d8d?s=96&d=mm&r=g\",\"contentUrl\":\"https:\/\/secure.gravatar.com\/avatar\/a0c612a9a8c3e7419d6fd4f92e749d8d?s=96&d=mm&r=g\",\"caption\":\"SG Agora\"},\"url\":\"https:\/\/www.sgagora.com.br\/sg\/author\/admin\/\"}]}<\/script>\n<!-- \/ Yoast SEO plugin. -->","yoast_head_json":{"title":"Pol\u00edcia Civil prende autor de disparos em Haras de S\u00e3o Gotardo que deixou adolescente em estado grave de sa\u00fade","description":"Na tarde desta sexta feira, 03 de Janeiro de 2025, a Pol\u00edcia Civil de S\u00e3o Gotardo-MG, efetuou a pris\u00e3o do autor dos disparos de arma de fogo, que atingiram um menor de 17 anos de idade.","robots":{"index":"index","follow":"follow","max-snippet":"max-snippet:-1","max-image-preview":"max-image-preview:large","max-video-preview":"max-video-preview:-1"},"canonical":"https:\/\/www.sgagora.com.br\/sg\/policia-civil-prende-autor-de-disparos-em-haras-de-sao-gotardo-que-deixou-adolescente-em-estado-grave-de-saude\/","og_locale":"pt_BR","og_type":"article","og_title":"Pol\u00edcia Civil prende autor de disparos em Haras de S\u00e3o Gotardo que deixou adolescente em estado grave de sa\u00fade","og_description":"Na tarde desta sexta feira, 03 de Janeiro de 2025, a Pol\u00edcia Civil de S\u00e3o Gotardo-MG, efetuou a pris\u00e3o do autor dos disparos de arma de fogo, que atingiram um menor de 17 anos de idade.","og_url":"https:\/\/www.sgagora.com.br\/sg\/policia-civil-prende-autor-de-disparos-em-haras-de-sao-gotardo-que-deixou-adolescente-em-estado-grave-de-saude\/","og_site_name":"SGAgora","article_publisher":"https:\/\/www.facebook.com\/sgagora","article_published_time":"2025-01-03T23:07:17+00:00","article_modified_time":"2025-01-27T21:54:36+00:00","og_image":[{"width":600,"height":450,"url":"https:\/\/www.sgagora.com.br\/sg\/wp-content\/uploads\/2021\/08\/Fotos-Reportagem-PC-1.jpg","type":"image\/jpeg"}],"author":"SG Agora","twitter_misc":{"Escrito por":"SG Agora","Est. tempo de leitura":"4 minutos"},"schema":{"@context":"https:\/\/schema.org","@graph":[{"@type":"WebPage","@id":"https:\/\/www.sgagora.com.br\/sg\/policia-civil-prende-autor-de-disparos-em-haras-de-sao-gotardo-que-deixou-adolescente-em-estado-grave-de-saude\/","url":"https:\/\/www.sgagora.com.br\/sg\/policia-civil-prende-autor-de-disparos-em-haras-de-sao-gotardo-que-deixou-adolescente-em-estado-grave-de-saude\/","name":"Pol\u00edcia Civil prende autor de disparos em Haras de S\u00e3o Gotardo que deixou adolescente em estado grave de sa\u00fade","isPartOf":{"@id":"https:\/\/www.sgagora.com.br\/sg\/#website"},"datePublished":"2025-01-03T23:07:17+00:00","dateModified":"2025-01-27T21:54:36+00:00","author":{"@id":"https:\/\/www.sgagora.com.br\/sg\/#\/schema\/person\/2be62cfb47cee3e0b305e4f7a765ae41"},"description":"Na tarde desta sexta feira, 03 de Janeiro de 2025, a Pol\u00edcia Civil de S\u00e3o Gotardo-MG, efetuou a pris\u00e3o do autor dos disparos de arma de fogo, que atingiram um menor de 17 anos de idade.","breadcrumb":{"@id":"https:\/\/www.sgagora.com.br\/sg\/policia-civil-prende-autor-de-disparos-em-haras-de-sao-gotardo-que-deixou-adolescente-em-estado-grave-de-saude\/#breadcrumb"},"inLanguage":"pt-BR","potentialAction":[{"@type":"ReadAction","target":["https:\/\/www.sgagora.com.br\/sg\/policia-civil-prende-autor-de-disparos-em-haras-de-sao-gotardo-que-deixou-adolescente-em-estado-grave-de-saude\/"]}]},{"@type":"BreadcrumbList","@id":"https:\/\/www.sgagora.com.br\/sg\/policia-civil-prende-autor-de-disparos-em-haras-de-sao-gotardo-que-deixou-adolescente-em-estado-grave-de-saude\/#breadcrumb","itemListElement":[{"@type":"ListItem","position":1,"name":"In\u00edcio","item":"https:\/\/www.sgagora.com.br\/sg\/"},{"@type":"ListItem","position":2,"name":"Pol\u00edcia Civil prende autor de disparos em Haras de S\u00e3o Gotardo que deixou adolescente em estado grave de sa\u00fade"}]},{"@type":"WebSite","@id":"https:\/\/www.sgagora.com.br\/sg\/#website","url":"https:\/\/www.sgagora.com.br\/sg\/","name":"SGAgora","description":"Not\u00edcias de S\u00e3o Gotardo","potentialAction":[{"@type":"SearchAction","target":{"@type":"EntryPoint","urlTemplate":"https:\/\/www.sgagora.com.br\/sg\/?s={search_term_string}"},"query-input":"required name=search_term_string"}],"inLanguage":"pt-BR"},{"@type":"Person","@id":"https:\/\/www.sgagora.com.br\/sg\/#\/schema\/person\/2be62cfb47cee3e0b305e4f7a765ae41","name":"SG Agora","image":{"@type":"ImageObject","inLanguage":"pt-BR","@id":"https:\/\/www.sgagora.com.br\/sg\/#\/schema\/person\/image\/","url":"https:\/\/secure.gravatar.com\/avatar\/a0c612a9a8c3e7419d6fd4f92e749d8d?s=96&d=mm&r=g","contentUrl":"https:\/\/secure.gravatar.com\/avatar\/a0c612a9a8c3e7419d6fd4f92e749d8d?s=96&d=mm&r=g","caption":"SG Agora"},"url":"https:\/\/www.sgagora.com.br\/sg\/author\/admin\/"}]}},"_links":{"self":[{"href":"https:\/\/www.sgagora.com.br\/sg\/wp-json\/wp\/v2\/posts\/1000006074"}],"collection":[{"href":"https:\/\/www.sgagora.com.br\/sg\/wp-json\/wp\/v2\/posts"}],"about":[{"href":"https:\/\/www.sgagora.com.br\/sg\/wp-json\/wp\/v2\/types\/post"}],"author":[{"embeddable":true,"href":"https:\/\/www.sgagora.com.br\/sg\/wp-json\/wp\/v2\/users\/1"}],"replies":[{"embeddable":true,"href":"https:\/\/www.sgagora.com.br\/sg\/wp-json\/wp\/v2\/comments?post=1000006074"}],"version-history":[{"count":3,"href":"https:\/\/www.sgagora.com.br\/sg\/wp-json\/wp\/v2\/posts\/1000006074\/revisions"}],"predecessor-version":[{"id":1000006308,"href":"https:\/\/www.sgagora.com.br\/sg\/wp-json\/wp\/v2\/posts\/1000006074\/revisions\/1000006308"}],"wp:featuredmedia":[{"embeddable":true,"href":"https:\/\/www.sgagora.com.br\/sg\/wp-json\/wp\/v2\/media\/999989303"}],"wp:attachment":[{"href":"https:\/\/www.sgagora.com.br\/sg\/wp-json\/wp\/v2\/media?parent=1000006074"}],"wp:term":[{"taxonomy":"category","embeddable":true,"href":"https:\/\/www.sgagora.com.br\/sg\/wp-json\/wp\/v2\/categories?post=1000006074"},{"taxonomy":"post_tag","embeddable":true,"href":"https:\/\/www.sgagora.com.br\/sg\/wp-json\/wp\/v2\/tags?post=1000006074"}],"curies":[{"name":"wp","href":"https:\/\/api.w.org\/{rel}","templated":true}]}}