{"id":1000006110,"date":"2025-01-08T11:48:22","date_gmt":"2025-01-08T14:48:22","guid":{"rendered":"https:\/\/www.sgagora.com.br\/sg\/?p=1000006110"},"modified":"2025-01-27T18:52:50","modified_gmt":"2025-01-27T21:52:50","slug":"em-primeira-coletiva-de-imprensa-mesa-diretora-da-camara-de-vereadores-promete-transparencia-com-a-populacao-e-priorizacao-da-educacao-saude-e-seguranca-de-sao-gotardo","status":"publish","type":"post","link":"https:\/\/www.sgagora.com.br\/sg\/em-primeira-coletiva-de-imprensa-mesa-diretora-da-camara-de-vereadores-promete-transparencia-com-a-populacao-e-priorizacao-da-educacao-saude-e-seguranca-de-sao-gotardo\/","title":{"rendered":"Em primeira Coletiva de Imprensa, Mesa Diretora da C\u00e2mara de Vereadores promete transpar\u00eancia com a popula\u00e7\u00e3o e prioriza\u00e7\u00e3o da educa\u00e7\u00e3o, sa\u00fade e seguran\u00e7a de S\u00e3o Gotardo"},"content":{"rendered":"<p style=\"text-align: center;\"><span style=\"color: #ff0000;\"><strong>CONTINUA AP\u00d3S A PUBLICIDADE<\/strong><\/span><img decoding=\"async\" loading=\"lazy\" class=\"aligncenter wp-image-1000005472 size-full\" src=\"https:\/\/www.sgagora.com.br\/sg\/wp-content\/uploads\/2024\/08\/gif_260x260px_ssv.gif\" alt=\"\" width=\"260\" height=\"260\" \/><\/p>\n<p><img decoding=\"async\" loading=\"lazy\" class=\"aligncenter wp-image-1000006117 size-full\" src=\"https:\/\/www.sgagora.com.br\/sg\/wp-content\/uploads\/2025\/01\/Acesse-www.cesg_.edu-e-faca-sua-inscricao.gif\" alt=\"\" width=\"260\" height=\"260\" \/><\/p>\n<p style=\"text-align: justify;\">Nesta \u00faltima ter\u00e7a-feira, 07 de Janeiro de 2025, foi realizado no Plen\u00e1rio da C\u00e2mara de Vereadores de S\u00e3o Gotardo, a primeira Coletiva de Imprensa oficial com a nova Mesa Diretora do Poder Legislativo de nossa cidade, composta por Fernando Albuquerque Fran\u00e7a (presidente), Marcos Paulo Ferreira de Souza (vice-presidente), Rithelle Silva (primeiro secret\u00e1rio) e Jo\u00e3o Wilson de Camargos (segundo secret\u00e1rio).<\/p>\n<p style=\"text-align: justify;\">Com a presen\u00e7a de praticamente todos os meios de comunica\u00e7\u00e3o de S\u00e3o Gotardo, os vereadores responderam todas as perguntas de forma bastante objetiva e clara, sobre assuntos constantes debatidos no dia a dia da popula\u00e7\u00e3o S\u00e3o-Gotardense. Entre os principais assuntos debatidos, a nova Mesa Diretora prometeu ser mais transparente e se aproximar da popula\u00e7\u00e3o, trazendo mais credibilidade e confian\u00e7a com o Poder Legislativo de nossa cidade.<\/p>\n<p style=\"text-align: center;\"><span style=\"color: #ff0000;\"><strong>CONTINUA AP\u00d3S A PUBLICIDADE<\/strong><\/span><img decoding=\"async\" loading=\"lazy\" class=\"aligncenter wp-image-1000001976 size-full\" src=\"https:\/\/www.sgagora.com.br\/sg\/wp-content\/uploads\/2019\/12\/GIF-PRONTO-ODONTO-COMPANY.gif\" alt=\"\" width=\"600\" height=\"260\" \/><\/p>\n<p style=\"text-align: justify;\">Educa\u00e7\u00e3o, Sa\u00fade e Seguran\u00e7a, tamb\u00e9m ser\u00e3o a prioridade da nova Messa Diretora e tamb\u00e9m toda a C\u00e2mara de Vereadores. A Mesa Diretora entende que estas s\u00e3o as tr\u00eas maiores car\u00eancias de S\u00e3o Gotardo e tamb\u00e9m de seus distritos, como Guarda dos Ferreiros. Os vereadores pretendem propor projetos para aumentar o n\u00famero de colaboradores nestas tr\u00eas \u00e1reas, al\u00e9m de promover um servi\u00e7o de humaniza\u00e7\u00e3o, principalmente na \u00e1rea da sa\u00fade de S\u00e3o Gotardo.<\/p>\n<p style=\"text-align: justify;\">A reportagem em v\u00eddeo completa, com todos os momentos da Coletiva de Imprensa, ser\u00e1 exibida nesta sexta-feira, 10 de Dezembro, a partir de meio dia, em mais uma Edi\u00e7\u00e3o do Jornal SG AGORA. O Jornal \u00e9 exibido primeiramente em nosso Canal do Youtube (clique aqui e se inscreva) e os cortes posteriormente em nossas redes sociais!<\/p>\n<p style=\"text-align: center;\"><strong><span style=\"color: #ff0000;\">CONTINUA AP\u00d3S A PUBLICIDADE<\/span><\/strong><img decoding=\"async\" loading=\"lazy\" class=\"aligncenter wp-image-1000004773 size-full\" src=\"https:\/\/www.sgagora.com.br\/sg\/wp-content\/uploads\/2024\/05\/GIF-SICREDI-SAO-GOTARDO.gif\" alt=\"\" width=\"260\" height=\"260\" \/><\/p>\n<p><img decoding=\"async\" loading=\"lazy\" class=\"aligncenter wp-image-1000006254 size-full\" src=\"https:\/\/www.sgagora.com.br\/sg\/wp-content\/uploads\/2025\/01\/Team.gif\" alt=\"\" width=\"260\" height=\"260\" \/><\/p>\n<p><span style=\"color: #ffffff;\">.<\/span><\/p>\n<p style=\"text-align: justify;\"><em><strong>Reportagem:<\/strong> Diego Oliveira\/Portal SG AGORA \/ <strong>Foto Capa:<\/strong> Divulga\u00e7\u00e3o\/Portal SG AGORA<\/em><\/p>\n","protected":false},"excerpt":{"rendered":"<p>CONTINUA AP\u00d3S A PUBLICIDADE Nesta \u00faltima ter\u00e7a-feira, 07 de Janeiro de 2025, foi realizado no Plen\u00e1rio da C\u00e2mara de Vereadores de S\u00e3o Gotardo, a primeira Coletiva de Imprensa oficial com a nova Mesa Diretora do &#8230; <a class=\"readmore\" href=\"https:\/\/www.sgagora.com.br\/sg\/em-primeira-coletiva-de-imprensa-mesa-diretora-da-camara-de-vereadores-promete-transparencia-com-a-populacao-e-priorizacao-da-educacao-saude-e-seguranca-de-sao-gotardo\/\">Leia Mais<\/a><\/p>\n","protected":false},"author":1,"featured_media":1000006113,"comment_status":"open","ping_status":"open","sticky":false,"template":"","format":"standard","meta":{"_bbp_topic_count":0,"_bbp_reply_count":0,"_bbp_total_topic_count":0,"_bbp_total_reply_count":0,"_bbp_voice_count":0,"_bbp_anonymous_reply_count":0,"_bbp_topic_count_hidden":0,"_bbp_reply_count_hidden":0,"_bbp_forum_subforum_count":0},"categories":[77,81],"tags":[7582,4850,5749,4429,991],"yoast_head":"<!-- This site is optimized with the Yoast SEO plugin v20.5 - https:\/\/yoast.com\/wordpress\/plugins\/seo\/ -->\n<title>Em primeira Coletiva de Imprensa, Mesa Diretora da C\u00e2mara de Vereadores promete transpar\u00eancia com a popula\u00e7\u00e3o e prioriza\u00e7\u00e3o da educa\u00e7\u00e3o, sa\u00fade e seguran\u00e7a de S\u00e3o Gotardo<\/title>\n<meta name=\"description\" content=\"Nesta \u00faltima ter\u00e7a-feira, 07 de Janeiro de 2025, foi realizado no Plen\u00e1rio da C\u00e2mara de Vereadores de S\u00e3o Gotardo, a primeira Coletiva de Imprensa oficial com a nova Mesa Diretora do Poder Legislativo de nossa cidade.\" \/>\n<meta name=\"robots\" content=\"index, follow, max-snippet:-1, max-image-preview:large, max-video-preview:-1\" \/>\n<link rel=\"canonical\" href=\"https:\/\/www.sgagora.com.br\/sg\/em-primeira-coletiva-de-imprensa-mesa-diretora-da-camara-de-vereadores-promete-transparencia-com-a-populacao-e-priorizacao-da-educacao-saude-e-seguranca-de-sao-gotardo\/\" \/>\n<meta property=\"og:locale\" content=\"pt_BR\" \/>\n<meta property=\"og:type\" content=\"article\" \/>\n<meta property=\"og:title\" content=\"Em primeira Coletiva de Imprensa, Mesa Diretora da C\u00e2mara de Vereadores promete transpar\u00eancia com a popula\u00e7\u00e3o e prioriza\u00e7\u00e3o da educa\u00e7\u00e3o, sa\u00fade e seguran\u00e7a de S\u00e3o Gotardo\" \/>\n<meta property=\"og:description\" content=\"Nesta \u00faltima ter\u00e7a-feira, 07 de Janeiro de 2025, foi realizado no Plen\u00e1rio da C\u00e2mara de Vereadores de S\u00e3o Gotardo, a primeira Coletiva de Imprensa oficial com a nova Mesa Diretora do Poder Legislativo de nossa cidade.\" \/>\n<meta property=\"og:url\" content=\"https:\/\/www.sgagora.com.br\/sg\/em-primeira-coletiva-de-imprensa-mesa-diretora-da-camara-de-vereadores-promete-transparencia-com-a-populacao-e-priorizacao-da-educacao-saude-e-seguranca-de-sao-gotardo\/\" \/>\n<meta property=\"og:site_name\" content=\"SGAgora\" \/>\n<meta property=\"article:publisher\" content=\"https:\/\/www.facebook.com\/sgagora\" \/>\n<meta property=\"article:published_time\" content=\"2025-01-08T14:48:22+00:00\" \/>\n<meta property=\"article:modified_time\" content=\"2025-01-27T21:52:50+00:00\" \/>\n<meta property=\"og:image\" content=\"https:\/\/www.sgagora.com.br\/sg\/wp-content\/uploads\/2025\/01\/Apos-forte-chuva-varios-locais-da-cidade-de-Sao-Gotardo-ficam-alagados-5.png\" \/>\n\t<meta property=\"og:image:width\" content=\"600\" \/>\n\t<meta property=\"og:image:height\" content=\"400\" \/>\n\t<meta property=\"og:image:type\" content=\"image\/png\" \/>\n<meta name=\"author\" content=\"SG Agora\" \/>\n<meta name=\"twitter:label1\" content=\"Escrito por\" \/>\n\t<meta name=\"twitter:data1\" content=\"SG Agora\" \/>\n\t<meta name=\"twitter:label2\" content=\"Est. tempo de leitura\" \/>\n\t<meta name=\"twitter:data2\" content=\"3 minutos\" \/>\n<script type=\"application\/ld+json\" class=\"yoast-schema-graph\">{\"@context\":\"https:\/\/schema.org\",\"@graph\":[{\"@type\":\"WebPage\",\"@id\":\"https:\/\/www.sgagora.com.br\/sg\/em-primeira-coletiva-de-imprensa-mesa-diretora-da-camara-de-vereadores-promete-transparencia-com-a-populacao-e-priorizacao-da-educacao-saude-e-seguranca-de-sao-gotardo\/\",\"url\":\"https:\/\/www.sgagora.com.br\/sg\/em-primeira-coletiva-de-imprensa-mesa-diretora-da-camara-de-vereadores-promete-transparencia-com-a-populacao-e-priorizacao-da-educacao-saude-e-seguranca-de-sao-gotardo\/\",\"name\":\"Em primeira Coletiva de Imprensa, Mesa Diretora da C\u00e2mara de Vereadores promete transpar\u00eancia com a popula\u00e7\u00e3o e prioriza\u00e7\u00e3o da educa\u00e7\u00e3o, sa\u00fade e seguran\u00e7a de S\u00e3o Gotardo\",\"isPartOf\":{\"@id\":\"https:\/\/www.sgagora.com.br\/sg\/#website\"},\"datePublished\":\"2025-01-08T14:48:22+00:00\",\"dateModified\":\"2025-01-27T21:52:50+00:00\",\"author\":{\"@id\":\"https:\/\/www.sgagora.com.br\/sg\/#\/schema\/person\/2be62cfb47cee3e0b305e4f7a765ae41\"},\"description\":\"Nesta \u00faltima ter\u00e7a-feira, 07 de Janeiro de 2025, foi realizado no Plen\u00e1rio da C\u00e2mara de Vereadores de S\u00e3o Gotardo, a primeira Coletiva de Imprensa oficial com a nova Mesa Diretora do Poder Legislativo de nossa cidade.\",\"breadcrumb\":{\"@id\":\"https:\/\/www.sgagora.com.br\/sg\/em-primeira-coletiva-de-imprensa-mesa-diretora-da-camara-de-vereadores-promete-transparencia-com-a-populacao-e-priorizacao-da-educacao-saude-e-seguranca-de-sao-gotardo\/#breadcrumb\"},\"inLanguage\":\"pt-BR\",\"potentialAction\":[{\"@type\":\"ReadAction\",\"target\":[\"https:\/\/www.sgagora.com.br\/sg\/em-primeira-coletiva-de-imprensa-mesa-diretora-da-camara-de-vereadores-promete-transparencia-com-a-populacao-e-priorizacao-da-educacao-saude-e-seguranca-de-sao-gotardo\/\"]}]},{\"@type\":\"BreadcrumbList\",\"@id\":\"https:\/\/www.sgagora.com.br\/sg\/em-primeira-coletiva-de-imprensa-mesa-diretora-da-camara-de-vereadores-promete-transparencia-com-a-populacao-e-priorizacao-da-educacao-saude-e-seguranca-de-sao-gotardo\/#breadcrumb\",\"itemListElement\":[{\"@type\":\"ListItem\",\"position\":1,\"name\":\"In\u00edcio\",\"item\":\"https:\/\/www.sgagora.com.br\/sg\/\"},{\"@type\":\"ListItem\",\"position\":2,\"name\":\"Em primeira Coletiva de Imprensa, Mesa Diretora da C\u00e2mara de Vereadores promete transpar\u00eancia com a popula\u00e7\u00e3o e prioriza\u00e7\u00e3o da educa\u00e7\u00e3o, sa\u00fade e seguran\u00e7a de S\u00e3o Gotardo\"}]},{\"@type\":\"WebSite\",\"@id\":\"https:\/\/www.sgagora.com.br\/sg\/#website\",\"url\":\"https:\/\/www.sgagora.com.br\/sg\/\",\"name\":\"SGAgora\",\"description\":\"Not\u00edcias de S\u00e3o Gotardo\",\"potentialAction\":[{\"@type\":\"SearchAction\",\"target\":{\"@type\":\"EntryPoint\",\"urlTemplate\":\"https:\/\/www.sgagora.com.br\/sg\/?s={search_term_string}\"},\"query-input\":\"required name=search_term_string\"}],\"inLanguage\":\"pt-BR\"},{\"@type\":\"Person\",\"@id\":\"https:\/\/www.sgagora.com.br\/sg\/#\/schema\/person\/2be62cfb47cee3e0b305e4f7a765ae41\",\"name\":\"SG Agora\",\"image\":{\"@type\":\"ImageObject\",\"inLanguage\":\"pt-BR\",\"@id\":\"https:\/\/www.sgagora.com.br\/sg\/#\/schema\/person\/image\/\",\"url\":\"https:\/\/secure.gravatar.com\/avatar\/a0c612a9a8c3e7419d6fd4f92e749d8d?s=96&d=mm&r=g\",\"contentUrl\":\"https:\/\/secure.gravatar.com\/avatar\/a0c612a9a8c3e7419d6fd4f92e749d8d?s=96&d=mm&r=g\",\"caption\":\"SG Agora\"},\"url\":\"https:\/\/www.sgagora.com.br\/sg\/author\/admin\/\"}]}<\/script>\n<!-- \/ Yoast SEO plugin. -->","yoast_head_json":{"title":"Em primeira Coletiva de Imprensa, Mesa Diretora da C\u00e2mara de Vereadores promete transpar\u00eancia com a popula\u00e7\u00e3o e prioriza\u00e7\u00e3o da educa\u00e7\u00e3o, sa\u00fade e seguran\u00e7a de S\u00e3o Gotardo","description":"Nesta \u00faltima ter\u00e7a-feira, 07 de Janeiro de 2025, foi realizado no Plen\u00e1rio da C\u00e2mara de Vereadores de S\u00e3o Gotardo, a primeira Coletiva de Imprensa oficial com a nova Mesa Diretora do Poder Legislativo de nossa cidade.","robots":{"index":"index","follow":"follow","max-snippet":"max-snippet:-1","max-image-preview":"max-image-preview:large","max-video-preview":"max-video-preview:-1"},"canonical":"https:\/\/www.sgagora.com.br\/sg\/em-primeira-coletiva-de-imprensa-mesa-diretora-da-camara-de-vereadores-promete-transparencia-com-a-populacao-e-priorizacao-da-educacao-saude-e-seguranca-de-sao-gotardo\/","og_locale":"pt_BR","og_type":"article","og_title":"Em primeira Coletiva de Imprensa, Mesa Diretora da C\u00e2mara de Vereadores promete transpar\u00eancia com a popula\u00e7\u00e3o e prioriza\u00e7\u00e3o da educa\u00e7\u00e3o, sa\u00fade e seguran\u00e7a de S\u00e3o Gotardo","og_description":"Nesta \u00faltima ter\u00e7a-feira, 07 de Janeiro de 2025, foi realizado no Plen\u00e1rio da C\u00e2mara de Vereadores de S\u00e3o Gotardo, a primeira Coletiva de Imprensa oficial com a nova Mesa Diretora do Poder Legislativo de nossa cidade.","og_url":"https:\/\/www.sgagora.com.br\/sg\/em-primeira-coletiva-de-imprensa-mesa-diretora-da-camara-de-vereadores-promete-transparencia-com-a-populacao-e-priorizacao-da-educacao-saude-e-seguranca-de-sao-gotardo\/","og_site_name":"SGAgora","article_publisher":"https:\/\/www.facebook.com\/sgagora","article_published_time":"2025-01-08T14:48:22+00:00","article_modified_time":"2025-01-27T21:52:50+00:00","og_image":[{"width":600,"height":400,"url":"https:\/\/www.sgagora.com.br\/sg\/wp-content\/uploads\/2025\/01\/Apos-forte-chuva-varios-locais-da-cidade-de-Sao-Gotardo-ficam-alagados-5.png","type":"image\/png"}],"author":"SG Agora","twitter_misc":{"Escrito por":"SG Agora","Est. tempo de leitura":"3 minutos"},"schema":{"@context":"https:\/\/schema.org","@graph":[{"@type":"WebPage","@id":"https:\/\/www.sgagora.com.br\/sg\/em-primeira-coletiva-de-imprensa-mesa-diretora-da-camara-de-vereadores-promete-transparencia-com-a-populacao-e-priorizacao-da-educacao-saude-e-seguranca-de-sao-gotardo\/","url":"https:\/\/www.sgagora.com.br\/sg\/em-primeira-coletiva-de-imprensa-mesa-diretora-da-camara-de-vereadores-promete-transparencia-com-a-populacao-e-priorizacao-da-educacao-saude-e-seguranca-de-sao-gotardo\/","name":"Em primeira Coletiva de Imprensa, Mesa Diretora da C\u00e2mara de Vereadores promete transpar\u00eancia com a popula\u00e7\u00e3o e prioriza\u00e7\u00e3o da educa\u00e7\u00e3o, sa\u00fade e seguran\u00e7a de S\u00e3o Gotardo","isPartOf":{"@id":"https:\/\/www.sgagora.com.br\/sg\/#website"},"datePublished":"2025-01-08T14:48:22+00:00","dateModified":"2025-01-27T21:52:50+00:00","author":{"@id":"https:\/\/www.sgagora.com.br\/sg\/#\/schema\/person\/2be62cfb47cee3e0b305e4f7a765ae41"},"description":"Nesta \u00faltima ter\u00e7a-feira, 07 de Janeiro de 2025, foi realizado no Plen\u00e1rio da C\u00e2mara de Vereadores de S\u00e3o Gotardo, a primeira Coletiva de Imprensa oficial com a nova Mesa Diretora do Poder Legislativo de nossa cidade.","breadcrumb":{"@id":"https:\/\/www.sgagora.com.br\/sg\/em-primeira-coletiva-de-imprensa-mesa-diretora-da-camara-de-vereadores-promete-transparencia-com-a-populacao-e-priorizacao-da-educacao-saude-e-seguranca-de-sao-gotardo\/#breadcrumb"},"inLanguage":"pt-BR","potentialAction":[{"@type":"ReadAction","target":["https:\/\/www.sgagora.com.br\/sg\/em-primeira-coletiva-de-imprensa-mesa-diretora-da-camara-de-vereadores-promete-transparencia-com-a-populacao-e-priorizacao-da-educacao-saude-e-seguranca-de-sao-gotardo\/"]}]},{"@type":"BreadcrumbList","@id":"https:\/\/www.sgagora.com.br\/sg\/em-primeira-coletiva-de-imprensa-mesa-diretora-da-camara-de-vereadores-promete-transparencia-com-a-populacao-e-priorizacao-da-educacao-saude-e-seguranca-de-sao-gotardo\/#breadcrumb","itemListElement":[{"@type":"ListItem","position":1,"name":"In\u00edcio","item":"https:\/\/www.sgagora.com.br\/sg\/"},{"@type":"ListItem","position":2,"name":"Em primeira Coletiva de Imprensa, Mesa Diretora da C\u00e2mara de Vereadores promete transpar\u00eancia com a popula\u00e7\u00e3o e prioriza\u00e7\u00e3o da educa\u00e7\u00e3o, sa\u00fade e seguran\u00e7a de S\u00e3o Gotardo"}]},{"@type":"WebSite","@id":"https:\/\/www.sgagora.com.br\/sg\/#website","url":"https:\/\/www.sgagora.com.br\/sg\/","name":"SGAgora","description":"Not\u00edcias de S\u00e3o Gotardo","potentialAction":[{"@type":"SearchAction","target":{"@type":"EntryPoint","urlTemplate":"https:\/\/www.sgagora.com.br\/sg\/?s={search_term_string}"},"query-input":"required name=search_term_string"}],"inLanguage":"pt-BR"},{"@type":"Person","@id":"https:\/\/www.sgagora.com.br\/sg\/#\/schema\/person\/2be62cfb47cee3e0b305e4f7a765ae41","name":"SG Agora","image":{"@type":"ImageObject","inLanguage":"pt-BR","@id":"https:\/\/www.sgagora.com.br\/sg\/#\/schema\/person\/image\/","url":"https:\/\/secure.gravatar.com\/avatar\/a0c612a9a8c3e7419d6fd4f92e749d8d?s=96&d=mm&r=g","contentUrl":"https:\/\/secure.gravatar.com\/avatar\/a0c612a9a8c3e7419d6fd4f92e749d8d?s=96&d=mm&r=g","caption":"SG Agora"},"url":"https:\/\/www.sgagora.com.br\/sg\/author\/admin\/"}]}},"_links":{"self":[{"href":"https:\/\/www.sgagora.com.br\/sg\/wp-json\/wp\/v2\/posts\/1000006110"}],"collection":[{"href":"https:\/\/www.sgagora.com.br\/sg\/wp-json\/wp\/v2\/posts"}],"about":[{"href":"https:\/\/www.sgagora.com.br\/sg\/wp-json\/wp\/v2\/types\/post"}],"author":[{"embeddable":true,"href":"https:\/\/www.sgagora.com.br\/sg\/wp-json\/wp\/v2\/users\/1"}],"replies":[{"embeddable":true,"href":"https:\/\/www.sgagora.com.br\/sg\/wp-json\/wp\/v2\/comments?post=1000006110"}],"version-history":[{"count":3,"href":"https:\/\/www.sgagora.com.br\/sg\/wp-json\/wp\/v2\/posts\/1000006110\/revisions"}],"predecessor-version":[{"id":1000006304,"href":"https:\/\/www.sgagora.com.br\/sg\/wp-json\/wp\/v2\/posts\/1000006110\/revisions\/1000006304"}],"wp:featuredmedia":[{"embeddable":true,"href":"https:\/\/www.sgagora.com.br\/sg\/wp-json\/wp\/v2\/media\/1000006113"}],"wp:attachment":[{"href":"https:\/\/www.sgagora.com.br\/sg\/wp-json\/wp\/v2\/media?parent=1000006110"}],"wp:term":[{"taxonomy":"category","embeddable":true,"href":"https:\/\/www.sgagora.com.br\/sg\/wp-json\/wp\/v2\/categories?post=1000006110"},{"taxonomy":"post_tag","embeddable":true,"href":"https:\/\/www.sgagora.com.br\/sg\/wp-json\/wp\/v2\/tags?post=1000006110"}],"curies":[{"name":"wp","href":"https:\/\/api.w.org\/{rel}","templated":true}]}}