{"id":1000006234,"date":"2025-01-24T19:10:11","date_gmt":"2025-01-24T22:10:11","guid":{"rendered":"https:\/\/www.sgagora.com.br\/sg\/?p=1000006234"},"modified":"2025-01-27T18:24:57","modified_gmt":"2025-01-27T21:24:57","slug":"confirmados-mato-grosso-e-mathias-e-ze-neto-e-cristiano-sao-as-primeiras-atracoes-da-fenacen-2025","status":"publish","type":"post","link":"https:\/\/www.sgagora.com.br\/sg\/confirmados-mato-grosso-e-mathias-e-ze-neto-e-cristiano-sao-as-primeiras-atracoes-da-fenacen-2025\/","title":{"rendered":"Confirmados: Mato Grosso e Mathias e Z\u00e9 Neto e Cristiano s\u00e3o as primeiras atra\u00e7\u00f5es da FENACEN 2025"},"content":{"rendered":"<p style=\"text-align: center;\"><span style=\"color: #ff0000;\"><strong>CONTINUA AP\u00d3S A PUBLICIDADE<\/strong><\/span><img decoding=\"async\" loading=\"lazy\" class=\"aligncenter wp-image-1000005472 size-full\" src=\"https:\/\/www.sgagora.com.br\/sg\/wp-content\/uploads\/2024\/08\/gif_260x260px_ssv.gif\" alt=\"\" width=\"260\" height=\"260\" \/><\/p>\n<p><img decoding=\"async\" loading=\"lazy\" class=\"aligncenter wp-image-1000006117 size-full\" src=\"https:\/\/www.sgagora.com.br\/sg\/wp-content\/uploads\/2025\/01\/Acesse-www.cesg_.edu-e-faca-sua-inscricao.gif\" alt=\"\" width=\"260\" height=\"260\" \/><\/p>\n<p style=\"text-align: justify;\">O ano de 2025 mal come\u00e7ou mas um assunto j\u00e1 est\u00e1 na &#8220;boco do povo&#8221; na cidade de S\u00e3o Gotardo: Qual ser\u00e1 a grade de shows da FENACEN neste ano? A Festa ser\u00e1 realizada em S\u00e3o Gotardo dos dias 16 a 20 de Julho.<\/p>\n<p style=\"text-align: justify;\">Nesta sexta-feira, 24 de Janeiro de 2025, foi divulgado nas redes sociais a poss\u00edvel grade de shows da FENACEN 2025. A informa\u00e7\u00e3o foi divulgada pelo Radialista Roncalli Marcos em seu Instagram, que trouxe nomes como Mato Grosso e Mathias, Z\u00e9 Neto e Cristiano, Mari Fernandes e Matheus e Kauan, entre as principais atra\u00e7\u00f5es da Festa Nacional da Cenoura.<\/p>\n<p style=\"text-align: center;\"><span style=\"color: #ff0000;\"><strong>CONTINUA AP\u00d3S A PUBLICIDADE<\/strong><\/span><img decoding=\"async\" loading=\"lazy\" class=\"aligncenter wp-image-1000001976 size-full\" src=\"https:\/\/www.sgagora.com.br\/sg\/wp-content\/uploads\/2019\/12\/GIF-PRONTO-ODONTO-COMPANY.gif\" alt=\"\" width=\"600\" height=\"260\" \/><\/p>\n<p style=\"text-align: justify;\">O Portal SG AGORA foi buscar maiores informa\u00e7\u00f5es EXCLUSIVAS sobre a divulga\u00e7\u00e3o e obtivemos a informa\u00e7\u00e3o com praticamente certeza que Mato Grosso e Mathias, Z\u00e9 Neto e Cristiano estar\u00e3o entre as grandes atra\u00e7\u00f5es da Festa neste ano. O dia das apresenta\u00e7\u00f5es dos artistas porem n\u00e3o foi confirmado. Todos os outros shows da FENACEN 2025 ainda est\u00e3o em processo de negocia\u00e7\u00e3o.<\/p>\n<p style=\"text-align: justify;\">Ainda de acordo com as informa\u00e7\u00f5es obtidas pelo Portal SG AGORA, al\u00e9m das atra\u00e7\u00f5es musicais de duplas e cantores, a Festa ter\u00e1 uma grade de shows especial de DJs em 2025. No m\u00eas de Fevereiro, todas as atra\u00e7\u00f5es ser\u00e3o divulgadas. Est\u00e1 animado para a maior Festa de todo o Alto Parana\u00edba? Deixe seu coment\u00e1rio!<\/p>\n<p style=\"text-align: center;\"><strong><span style=\"color: #ff0000;\">CONTINUA AP\u00d3S A PUBLICIDADE<\/span><\/strong><img decoding=\"async\" loading=\"lazy\" class=\"aligncenter wp-image-1000004773 size-full\" src=\"https:\/\/www.sgagora.com.br\/sg\/wp-content\/uploads\/2024\/05\/GIF-SICREDI-SAO-GOTARDO.gif\" alt=\"\" width=\"260\" height=\"260\" \/><\/p>\n<p><img decoding=\"async\" loading=\"lazy\" class=\"aligncenter wp-image-1000006254 size-full\" src=\"https:\/\/www.sgagora.com.br\/sg\/wp-content\/uploads\/2025\/01\/Team.gif\" alt=\"\" width=\"260\" height=\"260\" \/><\/p>\n<p><span style=\"color: #ffffff;\">.<\/span><\/p>\n<p style=\"text-align: justify;\"><em><strong>Reportagem:<\/strong> Diego Oliveira\/Portal SG AGORA \/ <strong>Foto Capa:<\/strong> Montagem\/Portal SG AGORA<\/em><\/p>\n","protected":false},"excerpt":{"rendered":"<p>CONTINUA AP\u00d3S A PUBLICIDADE O ano de 2025 mal come\u00e7ou mas um assunto j\u00e1 est\u00e1 na &#8220;boco do povo&#8221; na cidade de S\u00e3o Gotardo: Qual ser\u00e1 a grade de shows da FENACEN neste ano? A &#8230; <a class=\"readmore\" href=\"https:\/\/www.sgagora.com.br\/sg\/confirmados-mato-grosso-e-mathias-e-ze-neto-e-cristiano-sao-as-primeiras-atracoes-da-fenacen-2025\/\">Leia Mais<\/a><\/p>\n","protected":false},"author":1,"featured_media":1000006237,"comment_status":"open","ping_status":"open","sticky":false,"template":"","format":"standard","meta":{"_bbp_topic_count":0,"_bbp_reply_count":0,"_bbp_total_topic_count":0,"_bbp_total_reply_count":0,"_bbp_voice_count":0,"_bbp_anonymous_reply_count":0,"_bbp_topic_count_hidden":0,"_bbp_reply_count_hidden":0,"_bbp_forum_subforum_count":0},"categories":[84,3,77,81],"tags":[3868,8098,156,19813,21784,21636],"yoast_head":"<!-- This site is optimized with the Yoast SEO plugin v20.5 - https:\/\/yoast.com\/wordpress\/plugins\/seo\/ -->\n<title>Confirmados: Mato Grosso e Mathias e Z\u00e9 Neto e Cristiano s\u00e3o as primeiras atra\u00e7\u00f5es da FENACEN 2025<\/title>\n<meta name=\"description\" content=\"O ano de 2025 mal come\u00e7ou mas um assunto j\u00e1 est\u00e1 na &quot;boco do povo&quot; na cidade de S\u00e3o Gotardo: Qual ser\u00e1 a grade de shows da FENACEN neste ano?\" \/>\n<meta name=\"robots\" content=\"index, follow, max-snippet:-1, max-image-preview:large, max-video-preview:-1\" \/>\n<link rel=\"canonical\" href=\"https:\/\/www.sgagora.com.br\/sg\/confirmados-mato-grosso-e-mathias-e-ze-neto-e-cristiano-sao-as-primeiras-atracoes-da-fenacen-2025\/\" \/>\n<meta property=\"og:locale\" content=\"pt_BR\" \/>\n<meta property=\"og:type\" content=\"article\" \/>\n<meta property=\"og:title\" content=\"Confirmados: Mato Grosso e Mathias e Z\u00e9 Neto e Cristiano s\u00e3o as primeiras atra\u00e7\u00f5es da FENACEN 2025\" \/>\n<meta property=\"og:description\" content=\"O ano de 2025 mal come\u00e7ou mas um assunto j\u00e1 est\u00e1 na &quot;boco do povo&quot; na cidade de S\u00e3o Gotardo: Qual ser\u00e1 a grade de shows da FENACEN neste ano?\" \/>\n<meta property=\"og:url\" content=\"https:\/\/www.sgagora.com.br\/sg\/confirmados-mato-grosso-e-mathias-e-ze-neto-e-cristiano-sao-as-primeiras-atracoes-da-fenacen-2025\/\" \/>\n<meta property=\"og:site_name\" content=\"SGAgora\" \/>\n<meta property=\"article:publisher\" content=\"https:\/\/www.facebook.com\/sgagora\" \/>\n<meta property=\"article:published_time\" content=\"2025-01-24T22:10:11+00:00\" \/>\n<meta property=\"article:modified_time\" content=\"2025-01-27T21:24:57+00:00\" \/>\n<meta property=\"og:image\" content=\"https:\/\/www.sgagora.com.br\/sg\/wp-content\/uploads\/2025\/01\/Apos-forte-chuva-varios-locais-da-cidade-de-Sao-Gotardo-ficam-alagados.jpg\" \/>\n\t<meta property=\"og:image:width\" content=\"600\" \/>\n\t<meta property=\"og:image:height\" content=\"400\" \/>\n\t<meta property=\"og:image:type\" content=\"image\/jpeg\" \/>\n<meta name=\"author\" content=\"SG Agora\" \/>\n<meta name=\"twitter:label1\" content=\"Escrito por\" \/>\n\t<meta name=\"twitter:data1\" content=\"SG Agora\" \/>\n\t<meta name=\"twitter:label2\" content=\"Est. tempo de leitura\" \/>\n\t<meta name=\"twitter:data2\" content=\"3 minutos\" \/>\n<script type=\"application\/ld+json\" class=\"yoast-schema-graph\">{\"@context\":\"https:\/\/schema.org\",\"@graph\":[{\"@type\":\"WebPage\",\"@id\":\"https:\/\/www.sgagora.com.br\/sg\/confirmados-mato-grosso-e-mathias-e-ze-neto-e-cristiano-sao-as-primeiras-atracoes-da-fenacen-2025\/\",\"url\":\"https:\/\/www.sgagora.com.br\/sg\/confirmados-mato-grosso-e-mathias-e-ze-neto-e-cristiano-sao-as-primeiras-atracoes-da-fenacen-2025\/\",\"name\":\"Confirmados: Mato Grosso e Mathias e Z\u00e9 Neto e Cristiano s\u00e3o as primeiras atra\u00e7\u00f5es da FENACEN 2025\",\"isPartOf\":{\"@id\":\"https:\/\/www.sgagora.com.br\/sg\/#website\"},\"datePublished\":\"2025-01-24T22:10:11+00:00\",\"dateModified\":\"2025-01-27T21:24:57+00:00\",\"author\":{\"@id\":\"https:\/\/www.sgagora.com.br\/sg\/#\/schema\/person\/2be62cfb47cee3e0b305e4f7a765ae41\"},\"description\":\"O ano de 2025 mal come\u00e7ou mas um assunto j\u00e1 est\u00e1 na \\\"boco do povo\\\" na cidade de S\u00e3o Gotardo: Qual ser\u00e1 a grade de shows da FENACEN neste ano?\",\"breadcrumb\":{\"@id\":\"https:\/\/www.sgagora.com.br\/sg\/confirmados-mato-grosso-e-mathias-e-ze-neto-e-cristiano-sao-as-primeiras-atracoes-da-fenacen-2025\/#breadcrumb\"},\"inLanguage\":\"pt-BR\",\"potentialAction\":[{\"@type\":\"ReadAction\",\"target\":[\"https:\/\/www.sgagora.com.br\/sg\/confirmados-mato-grosso-e-mathias-e-ze-neto-e-cristiano-sao-as-primeiras-atracoes-da-fenacen-2025\/\"]}]},{\"@type\":\"BreadcrumbList\",\"@id\":\"https:\/\/www.sgagora.com.br\/sg\/confirmados-mato-grosso-e-mathias-e-ze-neto-e-cristiano-sao-as-primeiras-atracoes-da-fenacen-2025\/#breadcrumb\",\"itemListElement\":[{\"@type\":\"ListItem\",\"position\":1,\"name\":\"In\u00edcio\",\"item\":\"https:\/\/www.sgagora.com.br\/sg\/\"},{\"@type\":\"ListItem\",\"position\":2,\"name\":\"Confirmados: Mato Grosso e Mathias e Z\u00e9 Neto e Cristiano s\u00e3o as primeiras atra\u00e7\u00f5es da FENACEN 2025\"}]},{\"@type\":\"WebSite\",\"@id\":\"https:\/\/www.sgagora.com.br\/sg\/#website\",\"url\":\"https:\/\/www.sgagora.com.br\/sg\/\",\"name\":\"SGAgora\",\"description\":\"Not\u00edcias de S\u00e3o Gotardo\",\"potentialAction\":[{\"@type\":\"SearchAction\",\"target\":{\"@type\":\"EntryPoint\",\"urlTemplate\":\"https:\/\/www.sgagora.com.br\/sg\/?s={search_term_string}\"},\"query-input\":\"required name=search_term_string\"}],\"inLanguage\":\"pt-BR\"},{\"@type\":\"Person\",\"@id\":\"https:\/\/www.sgagora.com.br\/sg\/#\/schema\/person\/2be62cfb47cee3e0b305e4f7a765ae41\",\"name\":\"SG Agora\",\"image\":{\"@type\":\"ImageObject\",\"inLanguage\":\"pt-BR\",\"@id\":\"https:\/\/www.sgagora.com.br\/sg\/#\/schema\/person\/image\/\",\"url\":\"https:\/\/secure.gravatar.com\/avatar\/a0c612a9a8c3e7419d6fd4f92e749d8d?s=96&d=mm&r=g\",\"contentUrl\":\"https:\/\/secure.gravatar.com\/avatar\/a0c612a9a8c3e7419d6fd4f92e749d8d?s=96&d=mm&r=g\",\"caption\":\"SG Agora\"},\"url\":\"https:\/\/www.sgagora.com.br\/sg\/author\/admin\/\"}]}<\/script>\n<!-- \/ Yoast SEO plugin. -->","yoast_head_json":{"title":"Confirmados: Mato Grosso e Mathias e Z\u00e9 Neto e Cristiano s\u00e3o as primeiras atra\u00e7\u00f5es da FENACEN 2025","description":"O ano de 2025 mal come\u00e7ou mas um assunto j\u00e1 est\u00e1 na \"boco do povo\" na cidade de S\u00e3o Gotardo: Qual ser\u00e1 a grade de shows da FENACEN neste ano?","robots":{"index":"index","follow":"follow","max-snippet":"max-snippet:-1","max-image-preview":"max-image-preview:large","max-video-preview":"max-video-preview:-1"},"canonical":"https:\/\/www.sgagora.com.br\/sg\/confirmados-mato-grosso-e-mathias-e-ze-neto-e-cristiano-sao-as-primeiras-atracoes-da-fenacen-2025\/","og_locale":"pt_BR","og_type":"article","og_title":"Confirmados: Mato Grosso e Mathias e Z\u00e9 Neto e Cristiano s\u00e3o as primeiras atra\u00e7\u00f5es da FENACEN 2025","og_description":"O ano de 2025 mal come\u00e7ou mas um assunto j\u00e1 est\u00e1 na \"boco do povo\" na cidade de S\u00e3o Gotardo: Qual ser\u00e1 a grade de shows da FENACEN neste ano?","og_url":"https:\/\/www.sgagora.com.br\/sg\/confirmados-mato-grosso-e-mathias-e-ze-neto-e-cristiano-sao-as-primeiras-atracoes-da-fenacen-2025\/","og_site_name":"SGAgora","article_publisher":"https:\/\/www.facebook.com\/sgagora","article_published_time":"2025-01-24T22:10:11+00:00","article_modified_time":"2025-01-27T21:24:57+00:00","og_image":[{"width":600,"height":400,"url":"https:\/\/www.sgagora.com.br\/sg\/wp-content\/uploads\/2025\/01\/Apos-forte-chuva-varios-locais-da-cidade-de-Sao-Gotardo-ficam-alagados.jpg","type":"image\/jpeg"}],"author":"SG Agora","twitter_misc":{"Escrito por":"SG Agora","Est. tempo de leitura":"3 minutos"},"schema":{"@context":"https:\/\/schema.org","@graph":[{"@type":"WebPage","@id":"https:\/\/www.sgagora.com.br\/sg\/confirmados-mato-grosso-e-mathias-e-ze-neto-e-cristiano-sao-as-primeiras-atracoes-da-fenacen-2025\/","url":"https:\/\/www.sgagora.com.br\/sg\/confirmados-mato-grosso-e-mathias-e-ze-neto-e-cristiano-sao-as-primeiras-atracoes-da-fenacen-2025\/","name":"Confirmados: Mato Grosso e Mathias e Z\u00e9 Neto e Cristiano s\u00e3o as primeiras atra\u00e7\u00f5es da FENACEN 2025","isPartOf":{"@id":"https:\/\/www.sgagora.com.br\/sg\/#website"},"datePublished":"2025-01-24T22:10:11+00:00","dateModified":"2025-01-27T21:24:57+00:00","author":{"@id":"https:\/\/www.sgagora.com.br\/sg\/#\/schema\/person\/2be62cfb47cee3e0b305e4f7a765ae41"},"description":"O ano de 2025 mal come\u00e7ou mas um assunto j\u00e1 est\u00e1 na \"boco do povo\" na cidade de S\u00e3o Gotardo: Qual ser\u00e1 a grade de shows da FENACEN neste ano?","breadcrumb":{"@id":"https:\/\/www.sgagora.com.br\/sg\/confirmados-mato-grosso-e-mathias-e-ze-neto-e-cristiano-sao-as-primeiras-atracoes-da-fenacen-2025\/#breadcrumb"},"inLanguage":"pt-BR","potentialAction":[{"@type":"ReadAction","target":["https:\/\/www.sgagora.com.br\/sg\/confirmados-mato-grosso-e-mathias-e-ze-neto-e-cristiano-sao-as-primeiras-atracoes-da-fenacen-2025\/"]}]},{"@type":"BreadcrumbList","@id":"https:\/\/www.sgagora.com.br\/sg\/confirmados-mato-grosso-e-mathias-e-ze-neto-e-cristiano-sao-as-primeiras-atracoes-da-fenacen-2025\/#breadcrumb","itemListElement":[{"@type":"ListItem","position":1,"name":"In\u00edcio","item":"https:\/\/www.sgagora.com.br\/sg\/"},{"@type":"ListItem","position":2,"name":"Confirmados: Mato Grosso e Mathias e Z\u00e9 Neto e Cristiano s\u00e3o as primeiras atra\u00e7\u00f5es da FENACEN 2025"}]},{"@type":"WebSite","@id":"https:\/\/www.sgagora.com.br\/sg\/#website","url":"https:\/\/www.sgagora.com.br\/sg\/","name":"SGAgora","description":"Not\u00edcias de S\u00e3o Gotardo","potentialAction":[{"@type":"SearchAction","target":{"@type":"EntryPoint","urlTemplate":"https:\/\/www.sgagora.com.br\/sg\/?s={search_term_string}"},"query-input":"required name=search_term_string"}],"inLanguage":"pt-BR"},{"@type":"Person","@id":"https:\/\/www.sgagora.com.br\/sg\/#\/schema\/person\/2be62cfb47cee3e0b305e4f7a765ae41","name":"SG Agora","image":{"@type":"ImageObject","inLanguage":"pt-BR","@id":"https:\/\/www.sgagora.com.br\/sg\/#\/schema\/person\/image\/","url":"https:\/\/secure.gravatar.com\/avatar\/a0c612a9a8c3e7419d6fd4f92e749d8d?s=96&d=mm&r=g","contentUrl":"https:\/\/secure.gravatar.com\/avatar\/a0c612a9a8c3e7419d6fd4f92e749d8d?s=96&d=mm&r=g","caption":"SG Agora"},"url":"https:\/\/www.sgagora.com.br\/sg\/author\/admin\/"}]}},"_links":{"self":[{"href":"https:\/\/www.sgagora.com.br\/sg\/wp-json\/wp\/v2\/posts\/1000006234"}],"collection":[{"href":"https:\/\/www.sgagora.com.br\/sg\/wp-json\/wp\/v2\/posts"}],"about":[{"href":"https:\/\/www.sgagora.com.br\/sg\/wp-json\/wp\/v2\/types\/post"}],"author":[{"embeddable":true,"href":"https:\/\/www.sgagora.com.br\/sg\/wp-json\/wp\/v2\/users\/1"}],"replies":[{"embeddable":true,"href":"https:\/\/www.sgagora.com.br\/sg\/wp-json\/wp\/v2\/comments?post=1000006234"}],"version-history":[{"count":2,"href":"https:\/\/www.sgagora.com.br\/sg\/wp-json\/wp\/v2\/posts\/1000006234\/revisions"}],"predecessor-version":[{"id":1000006281,"href":"https:\/\/www.sgagora.com.br\/sg\/wp-json\/wp\/v2\/posts\/1000006234\/revisions\/1000006281"}],"wp:featuredmedia":[{"embeddable":true,"href":"https:\/\/www.sgagora.com.br\/sg\/wp-json\/wp\/v2\/media\/1000006237"}],"wp:attachment":[{"href":"https:\/\/www.sgagora.com.br\/sg\/wp-json\/wp\/v2\/media?parent=1000006234"}],"wp:term":[{"taxonomy":"category","embeddable":true,"href":"https:\/\/www.sgagora.com.br\/sg\/wp-json\/wp\/v2\/categories?post=1000006234"},{"taxonomy":"post_tag","embeddable":true,"href":"https:\/\/www.sgagora.com.br\/sg\/wp-json\/wp\/v2\/tags?post=1000006234"}],"curies":[{"name":"wp","href":"https:\/\/api.w.org\/{rel}","templated":true}]}}