{"id":1000006255,"date":"2025-01-27T17:54:28","date_gmt":"2025-01-27T20:54:28","guid":{"rendered":"https:\/\/www.sgagora.com.br\/sg\/?p=1000006255"},"modified":"2025-01-27T17:54:30","modified_gmt":"2025-01-27T20:54:30","slug":"prefeito-e-vice-prefeito-se-manifestam-apos-invasao-e-depredacao-em-quiosque-no-parque-dos-ipes-em-sao-gotardo-mg","status":"publish","type":"post","link":"https:\/\/www.sgagora.com.br\/sg\/prefeito-e-vice-prefeito-se-manifestam-apos-invasao-e-depredacao-em-quiosque-no-parque-dos-ipes-em-sao-gotardo-mg\/","title":{"rendered":"Prefeito e Vice Prefeito se manifestam ap\u00f3s invas\u00e3o e depreda\u00e7\u00e3o em quiosque no Parque dos Ip\u00eas em S\u00e3o Gotardo-MG"},"content":{"rendered":"<p style=\"text-align: center;\"><span style=\"color: #ff0000;\"><strong>CONTINUA AP\u00d3S A PUBLICIDADE<\/strong><\/span><img decoding=\"async\" loading=\"lazy\" class=\"aligncenter wp-image-1000005472 size-full\" src=\"https:\/\/www.sgagora.com.br\/sg\/wp-content\/uploads\/2024\/08\/gif_260x260px_ssv.gif\" alt=\"\" width=\"260\" height=\"260\" \/><\/p>\n<p><img decoding=\"async\" loading=\"lazy\" class=\"aligncenter wp-image-1000006117 size-full\" src=\"https:\/\/www.sgagora.com.br\/sg\/wp-content\/uploads\/2025\/01\/Acesse-www.cesg_.edu-e-faca-sua-inscricao.gif\" alt=\"\" width=\"260\" height=\"260\" \/><\/p>\n<p style=\"text-align: justify;\">Nesta segunda-feira, 27 de Janeiro de 2025, o atual Prefeito de S\u00e3o Gotardo, Makoto Sekita e seu Vice Prefeito, Lander In\u00e1cio, se manifestaram ap\u00f3s a invas\u00e3o e depreda\u00e7\u00e3o em um quiosque no Parque dos Ip\u00eas em S\u00e3o Gotardo-MG, ocorrida na noite do dia 23 de Janeiro.<\/p>\n<p style=\"text-align: justify;\">Em nota divulgada em suas redes sociais, os chefes do poder executivo de S\u00e3o Gotardo disseram que &#8220;o espa\u00e7o foi criado para promover o lazer e a conviv\u00eancia das fam\u00edlias de S\u00e3o Gotardo, e atitudes como essa deixaram os dois profundamente tristes&#8221;.<\/p>\n<p style=\"text-align: justify;\">Ainda de acordo com a nota &#8220;foi destacado a pol\u00edcia para identificar os respons\u00e1veis e a prefeitura ir\u00e1 refor\u00e7ar a seguran\u00e7a no local para garantir que tais incidentes n\u00e3o se repitam. Makoto e Lander ainda disseram que contam com a colabora\u00e7\u00e3o da popula\u00e7\u00e3o para preservar o que \u00e9 nosso e para denunciar qualquer atitude que prejudique nossa cidade&#8221;.<\/p>\n<p style=\"text-align: center;\"><span style=\"color: #ff0000;\"><strong>CONTINUA AP\u00d3S A PUBLICIDADE<\/strong><\/span><img decoding=\"async\" loading=\"lazy\" class=\"aligncenter wp-image-1000001976 size-full\" src=\"https:\/\/www.sgagora.com.br\/sg\/wp-content\/uploads\/2019\/12\/GIF-PRONTO-ODONTO-COMPANY.gif\" alt=\"\" width=\"600\" height=\"260\" \/><\/p>\n<p style=\"text-align: justify;\">De acordo com apura\u00e7\u00f5es exclusivas do Portal SG AGORA, os autores do crime ainda n\u00e3o foram localizados mas j\u00e1 foram identificados. Os propriet\u00e1rios do estabelecimento tiveram um grande preju\u00edzo, pois al\u00e9m da porta arrombada pelos criminosos, v\u00e1rios produtos, materiais e itens do estabelecimento foram danificados.<\/p>\n<p style=\"text-align: justify;\">Qualquer informa\u00e7\u00e3o que ajude a localizar os autores do crime poder\u00e3o ser passadas atrav\u00e9s do n\u00famero emergencial da Pol\u00edcia, o 190. A identidade do denunciante ser\u00e1 mantida no mais absoluto sigilo.<\/p>\n<p style=\"text-align: center;\"><strong><span style=\"color: #ff0000;\">CONTINUA AP\u00d3S A PUBLICIDADE<\/span><\/strong><img decoding=\"async\" loading=\"lazy\" class=\"aligncenter wp-image-1000004773 size-full\" src=\"https:\/\/www.sgagora.com.br\/sg\/wp-content\/uploads\/2024\/05\/GIF-SICREDI-SAO-GOTARDO.gif\" alt=\"\" width=\"260\" height=\"260\" \/><\/p>\n<p><img decoding=\"async\" loading=\"lazy\" class=\"aligncenter wp-image-1000006254 size-full\" src=\"https:\/\/www.sgagora.com.br\/sg\/wp-content\/uploads\/2025\/01\/Team.gif\" alt=\"\" width=\"260\" height=\"260\" \/><\/p>\n<h1 style=\"text-align: justify;\"><strong>Assista o v\u00eddeo da nota divulgada pelo Prefeito e Vice Prefeito nas redes sociais:<\/strong><br \/>\n<span style=\"color: #ffffff;\">&gt;<\/span><\/h1>\n<blockquote class=\"instagram-media\" style=\"background: #FFF; border: 0; border-radius: 3px; box-shadow: 0 0 1px 0 rgba(0,0,0,0.5),0 1px 10px 0 rgba(0,0,0,0.15); margin: 1px; max-width: 540px; min-width: 326px; padding: 0; width: calc(100% - 2px);\" data-instgrm-permalink=\"https:\/\/www.instagram.com\/reel\/DFVmC-3J1dl\/?utm_source=ig_embed&amp;utm_campaign=loading\" data-instgrm-version=\"14\">\n<div style=\"padding: 16px;\">\n<div style=\"display: flex; flex-direction: row; align-items: center;\">\n<div style=\"background-color: #f4f4f4; border-radius: 50%; flex-grow: 0; height: 40px; margin-right: 14px; width: 40px;\"><\/div>\n<div style=\"display: flex; flex-direction: column; flex-grow: 1; justify-content: center;\">\n<div style=\"background-color: #f4f4f4; border-radius: 4px; flex-grow: 0; height: 14px; margin-bottom: 6px; width: 100px;\"><\/div>\n<div style=\"background-color: #f4f4f4; border-radius: 4px; flex-grow: 0; height: 14px; width: 60px;\"><\/div>\n<\/div>\n<\/div>\n<div style=\"padding: 19% 0;\"><\/div>\n<div style=\"display: block; height: 50px; margin: 0 auto 12px; width: 50px;\"><\/div>\n<div style=\"padding-top: 8px;\">\n<div style=\"color: #3897f0; font-family: Arial,sans-serif; font-size: 14px; font-style: normal; font-weight: 550; line-height: 18px;\">Ver essa foto no Instagram<\/div>\n<\/div>\n<div style=\"padding: 12.5% 0;\"><\/div>\n<div style=\"display: flex; flex-direction: row; margin-bottom: 14px; align-items: center;\">\n<div>\n<div style=\"background-color: #f4f4f4; border-radius: 50%; height: 12.5px; width: 12.5px; transform: translateX(0px) translateY(7px);\"><\/div>\n<div style=\"background-color: #f4f4f4; height: 12.5px; transform: rotate(-45deg) translateX(3px) translateY(1px); width: 12.5px; flex-grow: 0; margin-right: 14px; margin-left: 2px;\"><\/div>\n<div style=\"background-color: #f4f4f4; border-radius: 50%; height: 12.5px; width: 12.5px; transform: translateX(9px) translateY(-18px);\"><\/div>\n<\/div>\n<div style=\"margin-left: 8px;\">\n<div style=\"background-color: #f4f4f4; border-radius: 50%; flex-grow: 0; height: 20px; width: 20px;\"><\/div>\n<div style=\"width: 0; height: 0; border-top: 2px solid transparent; border-left: 6px solid #f4f4f4; border-bottom: 2px solid transparent; transform: translateX(16px) translateY(-4px) rotate(30deg);\"><\/div>\n<\/div>\n<div style=\"margin-left: auto;\">\n<div style=\"width: 0px; border-top: 8px solid #F4F4F4; border-right: 8px solid transparent; transform: translateY(16px);\"><\/div>\n<div style=\"background-color: #f4f4f4; flex-grow: 0; height: 12px; width: 16px; transform: translateY(-4px);\"><\/div>\n<div style=\"width: 0; height: 0; border-top: 8px solid #F4F4F4; border-left: 8px solid transparent; transform: translateY(-4px) translateX(8px);\"><\/div>\n<\/div>\n<\/div>\n<div style=\"display: flex; flex-direction: column; flex-grow: 1; justify-content: center; margin-bottom: 24px;\">\n<div style=\"background-color: #f4f4f4; border-radius: 4px; flex-grow: 0; height: 14px; margin-bottom: 6px; width: 224px;\"><\/div>\n<div style=\"background-color: #f4f4f4; border-radius: 4px; flex-grow: 0; height: 14px; width: 144px;\"><\/div>\n<\/div>\n<p style=\"color: #c9c8cd; font-family: Arial,sans-serif; font-size: 14px; line-height: 17px; margin-bottom: 0; margin-top: 8px; overflow: hidden; padding: 8px 0 7px; text-align: center; text-overflow: ellipsis; white-space: nowrap;\"><a style=\"color: #c9c8cd; font-family: Arial,sans-serif; font-size: 14px; font-style: normal; font-weight: normal; line-height: 17px; text-decoration: none;\" href=\"https:\/\/www.instagram.com\/reel\/DFVmC-3J1dl\/?utm_source=ig_embed&amp;utm_campaign=loading\" target=\"_blank\" rel=\"noopener\">Uma publica\u00e7\u00e3o compartilhada por Makoto Sekita (@makotosekitaoficial)<\/a><\/p>\n<\/div>\n<\/blockquote>\n<p><script async=\"\" src=\"\/\/www.instagram.com\/embed.js\"><\/script><br \/>\n<span style=\"color: #ffffff;\">.<\/span><\/p>\n<p style=\"text-align: justify;\"><em><strong>Reportagem:<\/strong> Diego Oliveira\/Portal SG AGORA \/ <strong>Fonte da Reportagem:<\/strong> Instagram\/Prefeitura Municipal de S\u00e3o Gotardo \/ <strong>Foto Capa:<\/strong> Reprodu\u00e7\u00e3o\/V\u00eddeo Recebido Via WhatsApp<\/em><\/p>\n","protected":false},"excerpt":{"rendered":"<p>CONTINUA AP\u00d3S A PUBLICIDADE Nesta segunda-feira, 27 de Janeiro de 2025, o atual Prefeito de S\u00e3o Gotardo, Makoto Sekita e seu Vice Prefeito, Lander In\u00e1cio, se manifestaram ap\u00f3s a invas\u00e3o e depreda\u00e7\u00e3o em um quiosque &#8230; <a class=\"readmore\" href=\"https:\/\/www.sgagora.com.br\/sg\/prefeito-e-vice-prefeito-se-manifestam-apos-invasao-e-depredacao-em-quiosque-no-parque-dos-ipes-em-sao-gotardo-mg\/\">Leia Mais<\/a><\/p>\n","protected":false},"author":1,"featured_media":1000006257,"comment_status":"open","ping_status":"open","sticky":false,"template":"","format":"standard","meta":{"_bbp_topic_count":0,"_bbp_reply_count":0,"_bbp_total_topic_count":0,"_bbp_total_reply_count":0,"_bbp_voice_count":0,"_bbp_anonymous_reply_count":0,"_bbp_topic_count_hidden":0,"_bbp_reply_count_hidden":0,"_bbp_forum_subforum_count":0},"categories":[77,81],"tags":[21791,21789,1362,4429,21790],"yoast_head":"<!-- This site is optimized with the Yoast SEO plugin v20.5 - https:\/\/yoast.com\/wordpress\/plugins\/seo\/ -->\n<title>Prefeito e Vice Prefeito se manifestam ap\u00f3s invas\u00e3o e depreda\u00e7\u00e3o em quiosque no Parque dos Ip\u00eas em S\u00e3o Gotardo-MG<\/title>\n<meta name=\"description\" content=\"Nesta segunda-feira, 27 de Janeiro de 2025, o atual Prefeito de S\u00e3o Gotardo, Makoto Sekita e seu Vice Prefeito, Lander In\u00e1cio, se manifestaram ap\u00f3s a invas\u00e3o e depreda\u00e7\u00e3o em um quiosque no Parque dos Ip\u00eas em S\u00e3o Gotardo-MG, ocorrida na noite do dia 23 de Janeiro.\" \/>\n<meta name=\"robots\" content=\"index, follow, max-snippet:-1, max-image-preview:large, max-video-preview:-1\" \/>\n<link rel=\"canonical\" href=\"https:\/\/www.sgagora.com.br\/sg\/prefeito-e-vice-prefeito-se-manifestam-apos-invasao-e-depredacao-em-quiosque-no-parque-dos-ipes-em-sao-gotardo-mg\/\" \/>\n<meta property=\"og:locale\" content=\"pt_BR\" \/>\n<meta property=\"og:type\" content=\"article\" \/>\n<meta property=\"og:title\" content=\"Prefeito e Vice Prefeito se manifestam ap\u00f3s invas\u00e3o e depreda\u00e7\u00e3o em quiosque no Parque dos Ip\u00eas em S\u00e3o Gotardo-MG\" \/>\n<meta property=\"og:description\" content=\"Nesta segunda-feira, 27 de Janeiro de 2025, o atual Prefeito de S\u00e3o Gotardo, Makoto Sekita e seu Vice Prefeito, Lander In\u00e1cio, se manifestaram ap\u00f3s a invas\u00e3o e depreda\u00e7\u00e3o em um quiosque no Parque dos Ip\u00eas em S\u00e3o Gotardo-MG, ocorrida na noite do dia 23 de Janeiro.\" \/>\n<meta property=\"og:url\" content=\"https:\/\/www.sgagora.com.br\/sg\/prefeito-e-vice-prefeito-se-manifestam-apos-invasao-e-depredacao-em-quiosque-no-parque-dos-ipes-em-sao-gotardo-mg\/\" \/>\n<meta property=\"og:site_name\" content=\"SGAgora\" \/>\n<meta property=\"article:publisher\" content=\"https:\/\/www.facebook.com\/sgagora\" \/>\n<meta property=\"article:published_time\" content=\"2025-01-27T20:54:28+00:00\" \/>\n<meta property=\"article:modified_time\" content=\"2025-01-27T20:54:30+00:00\" \/>\n<meta property=\"og:image\" content=\"https:\/\/www.sgagora.com.br\/sg\/wp-content\/uploads\/2025\/01\/Apos-forte-chuva-varios-locais-da-cidade-de-Sao-Gotardo-ficam-alagados-1.jpg\" \/>\n\t<meta property=\"og:image:width\" content=\"600\" \/>\n\t<meta property=\"og:image:height\" content=\"400\" \/>\n\t<meta property=\"og:image:type\" content=\"image\/jpeg\" \/>\n<meta name=\"author\" content=\"SG Agora\" \/>\n<meta name=\"twitter:label1\" content=\"Escrito por\" \/>\n\t<meta name=\"twitter:data1\" content=\"SG Agora\" \/>\n\t<meta name=\"twitter:label2\" content=\"Est. tempo de leitura\" \/>\n\t<meta name=\"twitter:data2\" content=\"3 minutos\" \/>\n<script type=\"application\/ld+json\" class=\"yoast-schema-graph\">{\"@context\":\"https:\/\/schema.org\",\"@graph\":[{\"@type\":\"WebPage\",\"@id\":\"https:\/\/www.sgagora.com.br\/sg\/prefeito-e-vice-prefeito-se-manifestam-apos-invasao-e-depredacao-em-quiosque-no-parque-dos-ipes-em-sao-gotardo-mg\/\",\"url\":\"https:\/\/www.sgagora.com.br\/sg\/prefeito-e-vice-prefeito-se-manifestam-apos-invasao-e-depredacao-em-quiosque-no-parque-dos-ipes-em-sao-gotardo-mg\/\",\"name\":\"Prefeito e Vice Prefeito se manifestam ap\u00f3s invas\u00e3o e depreda\u00e7\u00e3o em quiosque no Parque dos Ip\u00eas em S\u00e3o Gotardo-MG\",\"isPartOf\":{\"@id\":\"https:\/\/www.sgagora.com.br\/sg\/#website\"},\"datePublished\":\"2025-01-27T20:54:28+00:00\",\"dateModified\":\"2025-01-27T20:54:30+00:00\",\"author\":{\"@id\":\"https:\/\/www.sgagora.com.br\/sg\/#\/schema\/person\/2be62cfb47cee3e0b305e4f7a765ae41\"},\"description\":\"Nesta segunda-feira, 27 de Janeiro de 2025, o atual Prefeito de S\u00e3o Gotardo, Makoto Sekita e seu Vice Prefeito, Lander In\u00e1cio, se manifestaram ap\u00f3s a invas\u00e3o e depreda\u00e7\u00e3o em um quiosque no Parque dos Ip\u00eas em S\u00e3o Gotardo-MG, ocorrida na noite do dia 23 de Janeiro.\",\"breadcrumb\":{\"@id\":\"https:\/\/www.sgagora.com.br\/sg\/prefeito-e-vice-prefeito-se-manifestam-apos-invasao-e-depredacao-em-quiosque-no-parque-dos-ipes-em-sao-gotardo-mg\/#breadcrumb\"},\"inLanguage\":\"pt-BR\",\"potentialAction\":[{\"@type\":\"ReadAction\",\"target\":[\"https:\/\/www.sgagora.com.br\/sg\/prefeito-e-vice-prefeito-se-manifestam-apos-invasao-e-depredacao-em-quiosque-no-parque-dos-ipes-em-sao-gotardo-mg\/\"]}]},{\"@type\":\"BreadcrumbList\",\"@id\":\"https:\/\/www.sgagora.com.br\/sg\/prefeito-e-vice-prefeito-se-manifestam-apos-invasao-e-depredacao-em-quiosque-no-parque-dos-ipes-em-sao-gotardo-mg\/#breadcrumb\",\"itemListElement\":[{\"@type\":\"ListItem\",\"position\":1,\"name\":\"In\u00edcio\",\"item\":\"https:\/\/www.sgagora.com.br\/sg\/\"},{\"@type\":\"ListItem\",\"position\":2,\"name\":\"Prefeito e Vice Prefeito se manifestam ap\u00f3s invas\u00e3o e depreda\u00e7\u00e3o em quiosque no Parque dos Ip\u00eas em S\u00e3o Gotardo-MG\"}]},{\"@type\":\"WebSite\",\"@id\":\"https:\/\/www.sgagora.com.br\/sg\/#website\",\"url\":\"https:\/\/www.sgagora.com.br\/sg\/\",\"name\":\"SGAgora\",\"description\":\"Not\u00edcias de S\u00e3o Gotardo\",\"potentialAction\":[{\"@type\":\"SearchAction\",\"target\":{\"@type\":\"EntryPoint\",\"urlTemplate\":\"https:\/\/www.sgagora.com.br\/sg\/?s={search_term_string}\"},\"query-input\":\"required name=search_term_string\"}],\"inLanguage\":\"pt-BR\"},{\"@type\":\"Person\",\"@id\":\"https:\/\/www.sgagora.com.br\/sg\/#\/schema\/person\/2be62cfb47cee3e0b305e4f7a765ae41\",\"name\":\"SG Agora\",\"image\":{\"@type\":\"ImageObject\",\"inLanguage\":\"pt-BR\",\"@id\":\"https:\/\/www.sgagora.com.br\/sg\/#\/schema\/person\/image\/\",\"url\":\"https:\/\/secure.gravatar.com\/avatar\/a0c612a9a8c3e7419d6fd4f92e749d8d?s=96&d=mm&r=g\",\"contentUrl\":\"https:\/\/secure.gravatar.com\/avatar\/a0c612a9a8c3e7419d6fd4f92e749d8d?s=96&d=mm&r=g\",\"caption\":\"SG Agora\"},\"url\":\"https:\/\/www.sgagora.com.br\/sg\/author\/admin\/\"}]}<\/script>\n<!-- \/ Yoast SEO plugin. -->","yoast_head_json":{"title":"Prefeito e Vice Prefeito se manifestam ap\u00f3s invas\u00e3o e depreda\u00e7\u00e3o em quiosque no Parque dos Ip\u00eas em S\u00e3o Gotardo-MG","description":"Nesta segunda-feira, 27 de Janeiro de 2025, o atual Prefeito de S\u00e3o Gotardo, Makoto Sekita e seu Vice Prefeito, Lander In\u00e1cio, se manifestaram ap\u00f3s a invas\u00e3o e depreda\u00e7\u00e3o em um quiosque no Parque dos Ip\u00eas em S\u00e3o Gotardo-MG, ocorrida na noite do dia 23 de Janeiro.","robots":{"index":"index","follow":"follow","max-snippet":"max-snippet:-1","max-image-preview":"max-image-preview:large","max-video-preview":"max-video-preview:-1"},"canonical":"https:\/\/www.sgagora.com.br\/sg\/prefeito-e-vice-prefeito-se-manifestam-apos-invasao-e-depredacao-em-quiosque-no-parque-dos-ipes-em-sao-gotardo-mg\/","og_locale":"pt_BR","og_type":"article","og_title":"Prefeito e Vice Prefeito se manifestam ap\u00f3s invas\u00e3o e depreda\u00e7\u00e3o em quiosque no Parque dos Ip\u00eas em S\u00e3o Gotardo-MG","og_description":"Nesta segunda-feira, 27 de Janeiro de 2025, o atual Prefeito de S\u00e3o Gotardo, Makoto Sekita e seu Vice Prefeito, Lander In\u00e1cio, se manifestaram ap\u00f3s a invas\u00e3o e depreda\u00e7\u00e3o em um quiosque no Parque dos Ip\u00eas em S\u00e3o Gotardo-MG, ocorrida na noite do dia 23 de Janeiro.","og_url":"https:\/\/www.sgagora.com.br\/sg\/prefeito-e-vice-prefeito-se-manifestam-apos-invasao-e-depredacao-em-quiosque-no-parque-dos-ipes-em-sao-gotardo-mg\/","og_site_name":"SGAgora","article_publisher":"https:\/\/www.facebook.com\/sgagora","article_published_time":"2025-01-27T20:54:28+00:00","article_modified_time":"2025-01-27T20:54:30+00:00","og_image":[{"width":600,"height":400,"url":"https:\/\/www.sgagora.com.br\/sg\/wp-content\/uploads\/2025\/01\/Apos-forte-chuva-varios-locais-da-cidade-de-Sao-Gotardo-ficam-alagados-1.jpg","type":"image\/jpeg"}],"author":"SG Agora","twitter_misc":{"Escrito por":"SG Agora","Est. tempo de leitura":"3 minutos"},"schema":{"@context":"https:\/\/schema.org","@graph":[{"@type":"WebPage","@id":"https:\/\/www.sgagora.com.br\/sg\/prefeito-e-vice-prefeito-se-manifestam-apos-invasao-e-depredacao-em-quiosque-no-parque-dos-ipes-em-sao-gotardo-mg\/","url":"https:\/\/www.sgagora.com.br\/sg\/prefeito-e-vice-prefeito-se-manifestam-apos-invasao-e-depredacao-em-quiosque-no-parque-dos-ipes-em-sao-gotardo-mg\/","name":"Prefeito e Vice Prefeito se manifestam ap\u00f3s invas\u00e3o e depreda\u00e7\u00e3o em quiosque no Parque dos Ip\u00eas em S\u00e3o Gotardo-MG","isPartOf":{"@id":"https:\/\/www.sgagora.com.br\/sg\/#website"},"datePublished":"2025-01-27T20:54:28+00:00","dateModified":"2025-01-27T20:54:30+00:00","author":{"@id":"https:\/\/www.sgagora.com.br\/sg\/#\/schema\/person\/2be62cfb47cee3e0b305e4f7a765ae41"},"description":"Nesta segunda-feira, 27 de Janeiro de 2025, o atual Prefeito de S\u00e3o Gotardo, Makoto Sekita e seu Vice Prefeito, Lander In\u00e1cio, se manifestaram ap\u00f3s a invas\u00e3o e depreda\u00e7\u00e3o em um quiosque no Parque dos Ip\u00eas em S\u00e3o Gotardo-MG, ocorrida na noite do dia 23 de Janeiro.","breadcrumb":{"@id":"https:\/\/www.sgagora.com.br\/sg\/prefeito-e-vice-prefeito-se-manifestam-apos-invasao-e-depredacao-em-quiosque-no-parque-dos-ipes-em-sao-gotardo-mg\/#breadcrumb"},"inLanguage":"pt-BR","potentialAction":[{"@type":"ReadAction","target":["https:\/\/www.sgagora.com.br\/sg\/prefeito-e-vice-prefeito-se-manifestam-apos-invasao-e-depredacao-em-quiosque-no-parque-dos-ipes-em-sao-gotardo-mg\/"]}]},{"@type":"BreadcrumbList","@id":"https:\/\/www.sgagora.com.br\/sg\/prefeito-e-vice-prefeito-se-manifestam-apos-invasao-e-depredacao-em-quiosque-no-parque-dos-ipes-em-sao-gotardo-mg\/#breadcrumb","itemListElement":[{"@type":"ListItem","position":1,"name":"In\u00edcio","item":"https:\/\/www.sgagora.com.br\/sg\/"},{"@type":"ListItem","position":2,"name":"Prefeito e Vice Prefeito se manifestam ap\u00f3s invas\u00e3o e depreda\u00e7\u00e3o em quiosque no Parque dos Ip\u00eas em S\u00e3o Gotardo-MG"}]},{"@type":"WebSite","@id":"https:\/\/www.sgagora.com.br\/sg\/#website","url":"https:\/\/www.sgagora.com.br\/sg\/","name":"SGAgora","description":"Not\u00edcias de S\u00e3o Gotardo","potentialAction":[{"@type":"SearchAction","target":{"@type":"EntryPoint","urlTemplate":"https:\/\/www.sgagora.com.br\/sg\/?s={search_term_string}"},"query-input":"required name=search_term_string"}],"inLanguage":"pt-BR"},{"@type":"Person","@id":"https:\/\/www.sgagora.com.br\/sg\/#\/schema\/person\/2be62cfb47cee3e0b305e4f7a765ae41","name":"SG Agora","image":{"@type":"ImageObject","inLanguage":"pt-BR","@id":"https:\/\/www.sgagora.com.br\/sg\/#\/schema\/person\/image\/","url":"https:\/\/secure.gravatar.com\/avatar\/a0c612a9a8c3e7419d6fd4f92e749d8d?s=96&d=mm&r=g","contentUrl":"https:\/\/secure.gravatar.com\/avatar\/a0c612a9a8c3e7419d6fd4f92e749d8d?s=96&d=mm&r=g","caption":"SG Agora"},"url":"https:\/\/www.sgagora.com.br\/sg\/author\/admin\/"}]}},"_links":{"self":[{"href":"https:\/\/www.sgagora.com.br\/sg\/wp-json\/wp\/v2\/posts\/1000006255"}],"collection":[{"href":"https:\/\/www.sgagora.com.br\/sg\/wp-json\/wp\/v2\/posts"}],"about":[{"href":"https:\/\/www.sgagora.com.br\/sg\/wp-json\/wp\/v2\/types\/post"}],"author":[{"embeddable":true,"href":"https:\/\/www.sgagora.com.br\/sg\/wp-json\/wp\/v2\/users\/1"}],"replies":[{"embeddable":true,"href":"https:\/\/www.sgagora.com.br\/sg\/wp-json\/wp\/v2\/comments?post=1000006255"}],"version-history":[{"count":1,"href":"https:\/\/www.sgagora.com.br\/sg\/wp-json\/wp\/v2\/posts\/1000006255\/revisions"}],"predecessor-version":[{"id":1000006260,"href":"https:\/\/www.sgagora.com.br\/sg\/wp-json\/wp\/v2\/posts\/1000006255\/revisions\/1000006260"}],"wp:featuredmedia":[{"embeddable":true,"href":"https:\/\/www.sgagora.com.br\/sg\/wp-json\/wp\/v2\/media\/1000006257"}],"wp:attachment":[{"href":"https:\/\/www.sgagora.com.br\/sg\/wp-json\/wp\/v2\/media?parent=1000006255"}],"wp:term":[{"taxonomy":"category","embeddable":true,"href":"https:\/\/www.sgagora.com.br\/sg\/wp-json\/wp\/v2\/categories?post=1000006255"},{"taxonomy":"post_tag","embeddable":true,"href":"https:\/\/www.sgagora.com.br\/sg\/wp-json\/wp\/v2\/tags?post=1000006255"}],"curies":[{"name":"wp","href":"https:\/\/api.w.org\/{rel}","templated":true}]}}