{"id":1000006556,"date":"2025-03-07T13:22:33","date_gmt":"2025-03-07T16:22:33","guid":{"rendered":"https:\/\/www.sgagora.com.br\/sg\/?p=1000006556"},"modified":"2025-03-26T12:52:22","modified_gmt":"2025-03-26T15:52:22","slug":"policia-militar-age-rapido-e-prende-autores-de-homicidio-registrado-nesta-quinta-feira-6-em-sao-gotardo-mg","status":"publish","type":"post","link":"https:\/\/www.sgagora.com.br\/sg\/policia-militar-age-rapido-e-prende-autores-de-homicidio-registrado-nesta-quinta-feira-6-em-sao-gotardo-mg\/","title":{"rendered":"Pol\u00edcia Militar age r\u00e1pido e prende autores de homic\u00eddio registrado nesta quinta-feira (6) em S\u00e3o Gotardo-MG"},"content":{"rendered":"<p style=\"text-align: center;\"><span style=\"color: #ff0000;\"><strong>CONTINUA AP\u00d3S A PUBLICIDADE<\/strong><\/span><img decoding=\"async\" loading=\"lazy\" class=\"aligncenter wp-image-1000005472 size-full\" src=\"https:\/\/www.sgagora.com.br\/sg\/wp-content\/uploads\/2024\/08\/gif_260x260px_ssv.gif\" alt=\"\" width=\"260\" height=\"260\" \/><\/p>\n<p><img decoding=\"async\" loading=\"lazy\" class=\"aligncenter wp-image-1000006117 size-full\" src=\"https:\/\/www.sgagora.com.br\/sg\/wp-content\/uploads\/2025\/01\/Acesse-www.cesg_.edu-e-faca-sua-inscricao.gif\" alt=\"\" width=\"260\" height=\"260\" \/><\/p>\n<p style=\"text-align: justify;\">Na manh\u00e3 desta seta-feira, 07 de Mar\u00e7o de 2025, a Pol\u00edcia Militar de S\u00e3o Gotardo efetuou a pris\u00e3o de dois homens, envolvidos em um homic\u00eddio, registrado nesta \u00faltima quinta-feira, 06 de Mar\u00e7o de 2025. A v\u00edtima, tamb\u00e9m de sexo masculino foi assassinada com v\u00e1rios golpes efetuados por uma arma branca, no Centro de S\u00e3o Gotardo.<\/p>\n<p style=\"text-align: justify;\">Segundo informa\u00e7\u00f5es da Assessoria de Imprensa da 216\u00aa Cia. da PM (S\u00e3o Gotardo), no dia 06 de mar\u00e7o, por volta de 23 horas e 30 minutos a Pol\u00edcia Militar foi acionada via 190 e informada que um homem estava ca\u00eddo em via p\u00fablica, v\u00edtima de esfaqueamento.\u00a0Os policiais militares deslocaram de imediato ao local, acionaram o socorro via SAMU e iniciaram as dilig\u00eancias para desvendar o ocorrido, fazendo contato com testemunhas e o aux\u00edlio de c\u00e2meras das c\u00e2meras de vigil\u00e2ncia residenciais.<\/p>\n<p style=\"text-align: justify;\">No local, o homem foi encontrado ca\u00eddo na cal\u00e7ada com algumas perfura\u00e7\u00f5es pelo corpo, aparentemente j\u00e1 sem vida.\u00a0O m\u00e9dico plantonista do SAMU constatou ferimentos de arma branca no abdome, cervical e no ombro lado direito, confirmando o \u00f3bito do homem no local em que foi encontrado.\u00a0O corpo da v\u00edtima foi liberado para o servi\u00e7o funer\u00e1rio, ap\u00f3s a realiza\u00e7\u00e3o da per\u00edcia.<\/p>\n<p style=\"text-align: center;\"><span style=\"color: #ff0000;\"><strong>CONTINUA AP\u00d3S A PUBLICIDADE<\/strong><\/span><img decoding=\"async\" loading=\"lazy\" class=\"aligncenter wp-image-1000001976 size-full\" src=\"https:\/\/www.sgagora.com.br\/sg\/wp-content\/uploads\/2019\/12\/GIF-PRONTO-ODONTO-COMPANY.gif\" alt=\"\" width=\"600\" height=\"260\" \/><\/p>\n<p style=\"text-align: justify;\">Ainda de acordo com as informa\u00e7\u00f5es, foi constatado que a v\u00edtima estava caminhando na companhia de uma mulher quando foram surpreendidos por dois autores. A mulher, ao avistar os dois homens correu e os dois autores passaram a perseguir o homem tentando agredi-lo.\u00a0A v\u00edtima conseguiu correu alguns metros, por\u00e9m foi alcan\u00e7ada, levando um golpe de faca no ombro e caindo no ch\u00e3o. O autor ainda desferiu mais golpes contra o seu corpo no ch\u00e3o.<\/p>\n<p style=\"text-align: justify;\">Ap\u00f3s incans\u00e1veis dilig\u00eancias, os dois autores foram localizados e presos pela Pol\u00edcia Militar na manh\u00e3 de hoje, 07 de mar\u00e7o. De acordo com o que foi apurado, a v\u00edtima fatal, de 30 anos, conheceu a mulher, de 35 anos, no dia dos fatos e n\u00e3o conhecia os autores. O autor do homic\u00eddio, de 30 anos, \u00e9 ex-companheiro da mulher e n\u00e3o aceitava o fim do relacionamento. O comparsa do autor tem 33 anos.<\/p>\n<p style=\"text-align: justify;\">Os dois autores presos foram encaminhados para a Delegacia de Pol\u00edcia Civil, para demais procedimentos judiciais. A Pol\u00edcia Militar refor\u00e7a seu compromisso com a popula\u00e7\u00e3o e realiza diariamente a\u00e7\u00f5es e opera\u00e7\u00f5es preventivas e repressivas, visando a prote\u00e7\u00e3o de cada cidad\u00e3o mineiro e a garantia da paz social.<\/p>\n<p style=\"text-align: center;\"><strong><span style=\"color: #ff0000;\">CONTINUA AP\u00d3S A PUBLICIDADE<\/span><\/strong><img decoding=\"async\" loading=\"lazy\" class=\"aligncenter wp-image-1000004773 size-full\" src=\"https:\/\/www.sgagora.com.br\/sg\/wp-content\/uploads\/2024\/05\/GIF-SICREDI-SAO-GOTARDO.gif\" alt=\"\" width=\"260\" height=\"260\" \/><\/p>\n<p><img decoding=\"async\" loading=\"lazy\" class=\"aligncenter wp-image-1000006254 size-full\" src=\"https:\/\/www.sgagora.com.br\/sg\/wp-content\/uploads\/2025\/01\/Team.gif\" alt=\"\" width=\"260\" height=\"260\" \/><\/p>\n<p><span style=\"color: #ffffff;\">.<\/span><\/p>\n<p style=\"text-align: justify;\"><em><strong>Reportagem:<\/strong> Diego Oliveira\/Portal SG AGORA \/ <strong>Fonte da Reportagem:<\/strong> Assessoria de Imprensa 216\u00aa Cia. da PM (S\u00e3o Gotardo) \/ <strong>Foto Capa:<\/strong> Arquivo\/Portal SG AGORA<\/em><\/p>\n","protected":false},"excerpt":{"rendered":"<p>CONTINUA AP\u00d3S A PUBLICIDADE Na manh\u00e3 desta seta-feira, 07 de Mar\u00e7o de 2025, a Pol\u00edcia Militar de S\u00e3o Gotardo efetuou a pris\u00e3o de dois homens, envolvidos em um homic\u00eddio, registrado nesta \u00faltima quinta-feira, 06 de &#8230; <a class=\"readmore\" href=\"https:\/\/www.sgagora.com.br\/sg\/policia-militar-age-rapido-e-prende-autores-de-homicidio-registrado-nesta-quinta-feira-6-em-sao-gotardo-mg\/\">Leia Mais<\/a><\/p>\n","protected":false},"author":1,"featured_media":999989937,"comment_status":"open","ping_status":"open","sticky":false,"template":"","format":"standard","meta":{"_bbp_topic_count":0,"_bbp_reply_count":0,"_bbp_total_topic_count":0,"_bbp_total_reply_count":0,"_bbp_voice_count":0,"_bbp_anonymous_reply_count":0,"_bbp_topic_count_hidden":0,"_bbp_reply_count_hidden":0,"_bbp_forum_subforum_count":0},"categories":[77,81],"tags":[158,4538,1552,21722],"yoast_head":"<!-- This site is optimized with the Yoast SEO plugin v20.5 - https:\/\/yoast.com\/wordpress\/plugins\/seo\/ -->\n<title>Pol\u00edcia Militar age r\u00e1pido e prende autores de homic\u00eddio registrado nesta quinta-feira (6) em S\u00e3o Gotardo-MG<\/title>\n<meta name=\"description\" content=\"A v\u00edtima, tamb\u00e9m de sexo masculino foi assassinada com v\u00e1rios golpes efetuados por uma arma branca, no Centro de S\u00e3o Gotardo.\" \/>\n<meta name=\"robots\" content=\"index, follow, max-snippet:-1, max-image-preview:large, max-video-preview:-1\" \/>\n<link rel=\"canonical\" href=\"https:\/\/www.sgagora.com.br\/sg\/policia-militar-age-rapido-e-prende-autores-de-homicidio-registrado-nesta-quinta-feira-6-em-sao-gotardo-mg\/\" \/>\n<meta property=\"og:locale\" content=\"pt_BR\" \/>\n<meta property=\"og:type\" content=\"article\" \/>\n<meta property=\"og:title\" content=\"Pol\u00edcia Militar age r\u00e1pido e prende autores de homic\u00eddio registrado nesta quinta-feira (6) em S\u00e3o Gotardo-MG\" \/>\n<meta property=\"og:description\" content=\"A v\u00edtima, tamb\u00e9m de sexo masculino foi assassinada com v\u00e1rios golpes efetuados por uma arma branca, no Centro de S\u00e3o Gotardo.\" \/>\n<meta property=\"og:url\" content=\"https:\/\/www.sgagora.com.br\/sg\/policia-militar-age-rapido-e-prende-autores-de-homicidio-registrado-nesta-quinta-feira-6-em-sao-gotardo-mg\/\" \/>\n<meta property=\"og:site_name\" content=\"SGAgora\" \/>\n<meta property=\"article:publisher\" content=\"https:\/\/www.facebook.com\/sgagora\" \/>\n<meta property=\"article:published_time\" content=\"2025-03-07T16:22:33+00:00\" \/>\n<meta property=\"article:modified_time\" content=\"2025-03-26T15:52:22+00:00\" \/>\n<meta property=\"og:image\" content=\"https:\/\/www.sgagora.com.br\/sg\/wp-content\/uploads\/2021\/10\/Foto-reportagens-PM.jpg\" \/>\n\t<meta property=\"og:image:width\" content=\"600\" \/>\n\t<meta property=\"og:image:height\" content=\"450\" \/>\n\t<meta property=\"og:image:type\" content=\"image\/jpeg\" \/>\n<meta name=\"author\" content=\"SG Agora\" \/>\n<meta name=\"twitter:label1\" content=\"Escrito por\" \/>\n\t<meta name=\"twitter:data1\" content=\"SG Agora\" \/>\n\t<meta name=\"twitter:label2\" content=\"Est. tempo de leitura\" \/>\n\t<meta name=\"twitter:data2\" content=\"4 minutos\" \/>\n<script type=\"application\/ld+json\" class=\"yoast-schema-graph\">{\"@context\":\"https:\/\/schema.org\",\"@graph\":[{\"@type\":\"WebPage\",\"@id\":\"https:\/\/www.sgagora.com.br\/sg\/policia-militar-age-rapido-e-prende-autores-de-homicidio-registrado-nesta-quinta-feira-6-em-sao-gotardo-mg\/\",\"url\":\"https:\/\/www.sgagora.com.br\/sg\/policia-militar-age-rapido-e-prende-autores-de-homicidio-registrado-nesta-quinta-feira-6-em-sao-gotardo-mg\/\",\"name\":\"Pol\u00edcia Militar age r\u00e1pido e prende autores de homic\u00eddio registrado nesta quinta-feira (6) em S\u00e3o Gotardo-MG\",\"isPartOf\":{\"@id\":\"https:\/\/www.sgagora.com.br\/sg\/#website\"},\"datePublished\":\"2025-03-07T16:22:33+00:00\",\"dateModified\":\"2025-03-26T15:52:22+00:00\",\"author\":{\"@id\":\"https:\/\/www.sgagora.com.br\/sg\/#\/schema\/person\/2be62cfb47cee3e0b305e4f7a765ae41\"},\"description\":\"A v\u00edtima, tamb\u00e9m de sexo masculino foi assassinada com v\u00e1rios golpes efetuados por uma arma branca, no Centro de S\u00e3o Gotardo.\",\"breadcrumb\":{\"@id\":\"https:\/\/www.sgagora.com.br\/sg\/policia-militar-age-rapido-e-prende-autores-de-homicidio-registrado-nesta-quinta-feira-6-em-sao-gotardo-mg\/#breadcrumb\"},\"inLanguage\":\"pt-BR\",\"potentialAction\":[{\"@type\":\"ReadAction\",\"target\":[\"https:\/\/www.sgagora.com.br\/sg\/policia-militar-age-rapido-e-prende-autores-de-homicidio-registrado-nesta-quinta-feira-6-em-sao-gotardo-mg\/\"]}]},{\"@type\":\"BreadcrumbList\",\"@id\":\"https:\/\/www.sgagora.com.br\/sg\/policia-militar-age-rapido-e-prende-autores-de-homicidio-registrado-nesta-quinta-feira-6-em-sao-gotardo-mg\/#breadcrumb\",\"itemListElement\":[{\"@type\":\"ListItem\",\"position\":1,\"name\":\"In\u00edcio\",\"item\":\"https:\/\/www.sgagora.com.br\/sg\/\"},{\"@type\":\"ListItem\",\"position\":2,\"name\":\"Pol\u00edcia Militar age r\u00e1pido e prende autores de homic\u00eddio registrado nesta quinta-feira (6) em S\u00e3o Gotardo-MG\"}]},{\"@type\":\"WebSite\",\"@id\":\"https:\/\/www.sgagora.com.br\/sg\/#website\",\"url\":\"https:\/\/www.sgagora.com.br\/sg\/\",\"name\":\"SGAgora\",\"description\":\"Not\u00edcias de S\u00e3o Gotardo\",\"potentialAction\":[{\"@type\":\"SearchAction\",\"target\":{\"@type\":\"EntryPoint\",\"urlTemplate\":\"https:\/\/www.sgagora.com.br\/sg\/?s={search_term_string}\"},\"query-input\":\"required name=search_term_string\"}],\"inLanguage\":\"pt-BR\"},{\"@type\":\"Person\",\"@id\":\"https:\/\/www.sgagora.com.br\/sg\/#\/schema\/person\/2be62cfb47cee3e0b305e4f7a765ae41\",\"name\":\"SG Agora\",\"image\":{\"@type\":\"ImageObject\",\"inLanguage\":\"pt-BR\",\"@id\":\"https:\/\/www.sgagora.com.br\/sg\/#\/schema\/person\/image\/\",\"url\":\"https:\/\/secure.gravatar.com\/avatar\/a0c612a9a8c3e7419d6fd4f92e749d8d?s=96&d=mm&r=g\",\"contentUrl\":\"https:\/\/secure.gravatar.com\/avatar\/a0c612a9a8c3e7419d6fd4f92e749d8d?s=96&d=mm&r=g\",\"caption\":\"SG Agora\"},\"url\":\"https:\/\/www.sgagora.com.br\/sg\/author\/admin\/\"}]}<\/script>\n<!-- \/ Yoast SEO plugin. -->","yoast_head_json":{"title":"Pol\u00edcia Militar age r\u00e1pido e prende autores de homic\u00eddio registrado nesta quinta-feira (6) em S\u00e3o Gotardo-MG","description":"A v\u00edtima, tamb\u00e9m de sexo masculino foi assassinada com v\u00e1rios golpes efetuados por uma arma branca, no Centro de S\u00e3o Gotardo.","robots":{"index":"index","follow":"follow","max-snippet":"max-snippet:-1","max-image-preview":"max-image-preview:large","max-video-preview":"max-video-preview:-1"},"canonical":"https:\/\/www.sgagora.com.br\/sg\/policia-militar-age-rapido-e-prende-autores-de-homicidio-registrado-nesta-quinta-feira-6-em-sao-gotardo-mg\/","og_locale":"pt_BR","og_type":"article","og_title":"Pol\u00edcia Militar age r\u00e1pido e prende autores de homic\u00eddio registrado nesta quinta-feira (6) em S\u00e3o Gotardo-MG","og_description":"A v\u00edtima, tamb\u00e9m de sexo masculino foi assassinada com v\u00e1rios golpes efetuados por uma arma branca, no Centro de S\u00e3o Gotardo.","og_url":"https:\/\/www.sgagora.com.br\/sg\/policia-militar-age-rapido-e-prende-autores-de-homicidio-registrado-nesta-quinta-feira-6-em-sao-gotardo-mg\/","og_site_name":"SGAgora","article_publisher":"https:\/\/www.facebook.com\/sgagora","article_published_time":"2025-03-07T16:22:33+00:00","article_modified_time":"2025-03-26T15:52:22+00:00","og_image":[{"width":600,"height":450,"url":"https:\/\/www.sgagora.com.br\/sg\/wp-content\/uploads\/2021\/10\/Foto-reportagens-PM.jpg","type":"image\/jpeg"}],"author":"SG Agora","twitter_misc":{"Escrito por":"SG Agora","Est. tempo de leitura":"4 minutos"},"schema":{"@context":"https:\/\/schema.org","@graph":[{"@type":"WebPage","@id":"https:\/\/www.sgagora.com.br\/sg\/policia-militar-age-rapido-e-prende-autores-de-homicidio-registrado-nesta-quinta-feira-6-em-sao-gotardo-mg\/","url":"https:\/\/www.sgagora.com.br\/sg\/policia-militar-age-rapido-e-prende-autores-de-homicidio-registrado-nesta-quinta-feira-6-em-sao-gotardo-mg\/","name":"Pol\u00edcia Militar age r\u00e1pido e prende autores de homic\u00eddio registrado nesta quinta-feira (6) em S\u00e3o Gotardo-MG","isPartOf":{"@id":"https:\/\/www.sgagora.com.br\/sg\/#website"},"datePublished":"2025-03-07T16:22:33+00:00","dateModified":"2025-03-26T15:52:22+00:00","author":{"@id":"https:\/\/www.sgagora.com.br\/sg\/#\/schema\/person\/2be62cfb47cee3e0b305e4f7a765ae41"},"description":"A v\u00edtima, tamb\u00e9m de sexo masculino foi assassinada com v\u00e1rios golpes efetuados por uma arma branca, no Centro de S\u00e3o Gotardo.","breadcrumb":{"@id":"https:\/\/www.sgagora.com.br\/sg\/policia-militar-age-rapido-e-prende-autores-de-homicidio-registrado-nesta-quinta-feira-6-em-sao-gotardo-mg\/#breadcrumb"},"inLanguage":"pt-BR","potentialAction":[{"@type":"ReadAction","target":["https:\/\/www.sgagora.com.br\/sg\/policia-militar-age-rapido-e-prende-autores-de-homicidio-registrado-nesta-quinta-feira-6-em-sao-gotardo-mg\/"]}]},{"@type":"BreadcrumbList","@id":"https:\/\/www.sgagora.com.br\/sg\/policia-militar-age-rapido-e-prende-autores-de-homicidio-registrado-nesta-quinta-feira-6-em-sao-gotardo-mg\/#breadcrumb","itemListElement":[{"@type":"ListItem","position":1,"name":"In\u00edcio","item":"https:\/\/www.sgagora.com.br\/sg\/"},{"@type":"ListItem","position":2,"name":"Pol\u00edcia Militar age r\u00e1pido e prende autores de homic\u00eddio registrado nesta quinta-feira (6) em S\u00e3o Gotardo-MG"}]},{"@type":"WebSite","@id":"https:\/\/www.sgagora.com.br\/sg\/#website","url":"https:\/\/www.sgagora.com.br\/sg\/","name":"SGAgora","description":"Not\u00edcias de S\u00e3o Gotardo","potentialAction":[{"@type":"SearchAction","target":{"@type":"EntryPoint","urlTemplate":"https:\/\/www.sgagora.com.br\/sg\/?s={search_term_string}"},"query-input":"required name=search_term_string"}],"inLanguage":"pt-BR"},{"@type":"Person","@id":"https:\/\/www.sgagora.com.br\/sg\/#\/schema\/person\/2be62cfb47cee3e0b305e4f7a765ae41","name":"SG Agora","image":{"@type":"ImageObject","inLanguage":"pt-BR","@id":"https:\/\/www.sgagora.com.br\/sg\/#\/schema\/person\/image\/","url":"https:\/\/secure.gravatar.com\/avatar\/a0c612a9a8c3e7419d6fd4f92e749d8d?s=96&d=mm&r=g","contentUrl":"https:\/\/secure.gravatar.com\/avatar\/a0c612a9a8c3e7419d6fd4f92e749d8d?s=96&d=mm&r=g","caption":"SG Agora"},"url":"https:\/\/www.sgagora.com.br\/sg\/author\/admin\/"}]}},"_links":{"self":[{"href":"https:\/\/www.sgagora.com.br\/sg\/wp-json\/wp\/v2\/posts\/1000006556"}],"collection":[{"href":"https:\/\/www.sgagora.com.br\/sg\/wp-json\/wp\/v2\/posts"}],"about":[{"href":"https:\/\/www.sgagora.com.br\/sg\/wp-json\/wp\/v2\/types\/post"}],"author":[{"embeddable":true,"href":"https:\/\/www.sgagora.com.br\/sg\/wp-json\/wp\/v2\/users\/1"}],"replies":[{"embeddable":true,"href":"https:\/\/www.sgagora.com.br\/sg\/wp-json\/wp\/v2\/comments?post=1000006556"}],"version-history":[{"count":2,"href":"https:\/\/www.sgagora.com.br\/sg\/wp-json\/wp\/v2\/posts\/1000006556\/revisions"}],"predecessor-version":[{"id":1000006610,"href":"https:\/\/www.sgagora.com.br\/sg\/wp-json\/wp\/v2\/posts\/1000006556\/revisions\/1000006610"}],"wp:featuredmedia":[{"embeddable":true,"href":"https:\/\/www.sgagora.com.br\/sg\/wp-json\/wp\/v2\/media\/999989937"}],"wp:attachment":[{"href":"https:\/\/www.sgagora.com.br\/sg\/wp-json\/wp\/v2\/media?parent=1000006556"}],"wp:term":[{"taxonomy":"category","embeddable":true,"href":"https:\/\/www.sgagora.com.br\/sg\/wp-json\/wp\/v2\/categories?post=1000006556"},{"taxonomy":"post_tag","embeddable":true,"href":"https:\/\/www.sgagora.com.br\/sg\/wp-json\/wp\/v2\/tags?post=1000006556"}],"curies":[{"name":"wp","href":"https:\/\/api.w.org\/{rel}","templated":true}]}}