{"id":1000007014,"date":"2025-06-05T09:41:04","date_gmt":"2025-06-05T12:41:04","guid":{"rendered":"https:\/\/www.sgagora.com.br\/sg\/?p=1000007014"},"modified":"2025-06-24T11:40:13","modified_gmt":"2025-06-24T14:40:13","slug":"colisao-frontal-entre-dois-veiculos-causa-acidente-na-mg-235-em-sao-gotardo-mg","status":"publish","type":"post","link":"https:\/\/www.sgagora.com.br\/sg\/colisao-frontal-entre-dois-veiculos-causa-acidente-na-mg-235-em-sao-gotardo-mg\/","title":{"rendered":"Colis\u00e3o frontal entre dois ve\u00edculos causa acidente na MG-235 em S\u00e3o Gotardo-MG"},"content":{"rendered":"<p style=\"text-align: center;\"><span style=\"color: #ff0000;\"><strong>CONTINUA AP\u00d3S A PUBLICIDADE<\/strong><\/span><img decoding=\"async\" loading=\"lazy\" class=\"aligncenter wp-image-1000005472 size-full\" src=\"https:\/\/www.sgagora.com.br\/sg\/wp-content\/uploads\/2024\/08\/gif_260x260px_ssv.gif\" alt=\"\" width=\"260\" height=\"260\" \/><\/p>\n<p><img decoding=\"async\" loading=\"lazy\" class=\"aligncenter wp-image-1000006117 size-full\" src=\"https:\/\/www.sgagora.com.br\/sg\/wp-content\/uploads\/2025\/01\/Acesse-www.cesg_.edu-e-faca-sua-inscricao.gif\" alt=\"\" width=\"260\" height=\"260\" \/><\/p>\n<p style=\"text-align: justify;\">Na noite desta quarta-feira (04), por volta das 19h, a Pol\u00edcia Militar Rodovi\u00e1ria registrou um acidente de tr\u00e2nsito com v\u00edtima no km 89 da rodovia MG-235, no munic\u00edpio de S\u00e3o Gotardo. A ocorr\u00eancia envolveu dois ve\u00edculos: uma VW\/Saveiro e um Toyota Corolla Cross.<\/p>\n<p style=\"text-align: center;\"><span style=\"color: #ff0000;\"><strong>CONTINUA AP\u00d3S A PUBLICIDADE<\/strong><\/span><img decoding=\"async\" loading=\"lazy\" class=\"aligncenter wp-image-1000001976 size-full\" src=\"https:\/\/www.sgagora.com.br\/sg\/wp-content\/uploads\/2019\/12\/GIF-PRONTO-ODONTO-COMPANY.gif\" alt=\"\" width=\"600\" height=\"260\" \/><\/p>\n<p style=\"text-align: justify;\">Segundo informa\u00e7\u00f5es colhidas no local, os dois condutores alegaram que o outro transitava na contram\u00e3o de dire\u00e7\u00e3o. Ao tentarem desviar, ambos manobraram para o lado oposto, resultando na colis\u00e3o frontal.<\/p>\n<p style=\"text-align: justify;\">Uma pessoa sofreu ferimentos leves e foi encaminhada \u00e0 Unidade de Pronto Atendimento (UPA) de S\u00e3o Gotardo, sendo liberada ap\u00f3s o atendimento m\u00e9dico.<\/p>\n<p style=\"text-align: center;\"><strong><span style=\"color: #ff0000;\">CONTINUA AP\u00d3S A PUBLICIDADE<br \/>\n<img decoding=\"async\" loading=\"lazy\" class=\"aligncenter size-full wp-image-1000006671\" src=\"https:\/\/www.sgagora.com.br\/sg\/wp-content\/uploads\/2025\/04\/GIF-MAGNO-1.gif\" alt=\"\" width=\"600\" height=\"260\" \/><\/span><\/strong><\/p>\n<p style=\"text-align: justify;\">Os ve\u00edculos envolvidos estavam com a documenta\u00e7\u00e3o regular e foram liberados no local. A Pol\u00edcia Militar Rodovi\u00e1ria registrou a ocorr\u00eancia e orientou os motoristas sobre os procedimentos legais.<\/p>\n<p style=\"text-align: center;\"><strong><span style=\"color: #ff0000;\">CONTINUA AP\u00d3S A PUBLICIDADE<\/span><\/strong><img decoding=\"async\" loading=\"lazy\" class=\"aligncenter wp-image-1000004773 size-full\" src=\"https:\/\/www.sgagora.com.br\/sg\/wp-content\/uploads\/2024\/05\/GIF-SICREDI-SAO-GOTARDO.gif\" alt=\"\" width=\"260\" height=\"260\" \/><\/p>\n<p><img decoding=\"async\" loading=\"lazy\" class=\"aligncenter wp-image-1000006254 size-full\" src=\"https:\/\/www.sgagora.com.br\/sg\/wp-content\/uploads\/2025\/01\/Team.gif\" alt=\"\" width=\"260\" height=\"260\" \/><\/p>\n<p><span style=\"color: #ffffff;\">.<\/span><\/p>\n<p style=\"text-align: justify;\"><em><strong>Reportagem: Gilberto<\/strong> Martins\/Parana\u00edba Agora \/ <strong>Fonte da Reportagem:<\/strong> Assessoria de Imprensa Pol\u00edcia Militar Rodovi\u00e1ria \/ <strong>Foto Capa:<\/strong> Recebida Via WhatsApp<\/em><\/p>\n","protected":false},"excerpt":{"rendered":"<p>CONTINUA AP\u00d3S A PUBLICIDADE Na noite desta quarta-feira (04), por volta das 19h, a Pol\u00edcia Militar Rodovi\u00e1ria registrou um acidente de tr\u00e2nsito com v\u00edtima no km 89 da rodovia MG-235, no munic\u00edpio de S\u00e3o Gotardo. &#8230; <a class=\"readmore\" href=\"https:\/\/www.sgagora.com.br\/sg\/colisao-frontal-entre-dois-veiculos-causa-acidente-na-mg-235-em-sao-gotardo-mg\/\">Leia Mais<\/a><\/p>\n","protected":false},"author":1,"featured_media":1000007017,"comment_status":"open","ping_status":"open","sticky":false,"template":"","format":"standard","meta":{"_bbp_topic_count":0,"_bbp_reply_count":0,"_bbp_total_topic_count":0,"_bbp_total_reply_count":0,"_bbp_voice_count":0,"_bbp_anonymous_reply_count":0,"_bbp_topic_count_hidden":0,"_bbp_reply_count_hidden":0,"_bbp_forum_subforum_count":0},"categories":[77,81],"tags":[1308,306,1007,21722],"yoast_head":"<!-- This site is optimized with the Yoast SEO plugin v20.5 - https:\/\/yoast.com\/wordpress\/plugins\/seo\/ -->\n<title>Colis\u00e3o frontal entre dois ve\u00edculos causa acidente na MG-235 em S\u00e3o Gotardo-MG<\/title>\n<meta name=\"description\" content=\"Uma pessoa sofreu ferimentos leves e foi encaminhada \u00e0 Unidade de Pronto Atendimento (UPA) de S\u00e3o Gotardo, sendo liberada ap\u00f3s o atendimento m\u00e9dico.\" \/>\n<meta name=\"robots\" content=\"index, follow, max-snippet:-1, max-image-preview:large, max-video-preview:-1\" \/>\n<link rel=\"canonical\" href=\"https:\/\/www.sgagora.com.br\/sg\/colisao-frontal-entre-dois-veiculos-causa-acidente-na-mg-235-em-sao-gotardo-mg\/\" \/>\n<meta property=\"og:locale\" content=\"pt_BR\" \/>\n<meta property=\"og:type\" content=\"article\" \/>\n<meta property=\"og:title\" content=\"Colis\u00e3o frontal entre dois ve\u00edculos causa acidente na MG-235 em S\u00e3o Gotardo-MG\" \/>\n<meta property=\"og:description\" content=\"Uma pessoa sofreu ferimentos leves e foi encaminhada \u00e0 Unidade de Pronto Atendimento (UPA) de S\u00e3o Gotardo, sendo liberada ap\u00f3s o atendimento m\u00e9dico.\" \/>\n<meta property=\"og:url\" content=\"https:\/\/www.sgagora.com.br\/sg\/colisao-frontal-entre-dois-veiculos-causa-acidente-na-mg-235-em-sao-gotardo-mg\/\" \/>\n<meta property=\"og:site_name\" content=\"SGAgora\" \/>\n<meta property=\"article:publisher\" content=\"https:\/\/www.facebook.com\/sgagora\" \/>\n<meta property=\"article:published_time\" content=\"2025-06-05T12:41:04+00:00\" \/>\n<meta property=\"article:modified_time\" content=\"2025-06-24T14:40:13+00:00\" \/>\n<meta property=\"og:image\" content=\"https:\/\/www.sgagora.com.br\/sg\/wp-content\/uploads\/2025\/06\/IMG-20250605-WA0001-e1749127248371.jpg\" \/>\n\t<meta property=\"og:image:width\" content=\"600\" \/>\n\t<meta property=\"og:image:height\" content=\"437\" \/>\n\t<meta property=\"og:image:type\" content=\"image\/jpeg\" \/>\n<meta name=\"author\" content=\"SG Agora\" \/>\n<meta name=\"twitter:label1\" content=\"Escrito por\" \/>\n\t<meta name=\"twitter:data1\" content=\"SG Agora\" \/>\n\t<meta name=\"twitter:label2\" content=\"Est. tempo de leitura\" \/>\n\t<meta name=\"twitter:data2\" content=\"3 minutos\" \/>\n<script type=\"application\/ld+json\" class=\"yoast-schema-graph\">{\"@context\":\"https:\/\/schema.org\",\"@graph\":[{\"@type\":\"WebPage\",\"@id\":\"https:\/\/www.sgagora.com.br\/sg\/colisao-frontal-entre-dois-veiculos-causa-acidente-na-mg-235-em-sao-gotardo-mg\/\",\"url\":\"https:\/\/www.sgagora.com.br\/sg\/colisao-frontal-entre-dois-veiculos-causa-acidente-na-mg-235-em-sao-gotardo-mg\/\",\"name\":\"Colis\u00e3o frontal entre dois ve\u00edculos causa acidente na MG-235 em S\u00e3o Gotardo-MG\",\"isPartOf\":{\"@id\":\"https:\/\/www.sgagora.com.br\/sg\/#website\"},\"datePublished\":\"2025-06-05T12:41:04+00:00\",\"dateModified\":\"2025-06-24T14:40:13+00:00\",\"author\":{\"@id\":\"https:\/\/www.sgagora.com.br\/sg\/#\/schema\/person\/2be62cfb47cee3e0b305e4f7a765ae41\"},\"description\":\"Uma pessoa sofreu ferimentos leves e foi encaminhada \u00e0 Unidade de Pronto Atendimento (UPA) de S\u00e3o Gotardo, sendo liberada ap\u00f3s o atendimento m\u00e9dico.\",\"breadcrumb\":{\"@id\":\"https:\/\/www.sgagora.com.br\/sg\/colisao-frontal-entre-dois-veiculos-causa-acidente-na-mg-235-em-sao-gotardo-mg\/#breadcrumb\"},\"inLanguage\":\"pt-BR\",\"potentialAction\":[{\"@type\":\"ReadAction\",\"target\":[\"https:\/\/www.sgagora.com.br\/sg\/colisao-frontal-entre-dois-veiculos-causa-acidente-na-mg-235-em-sao-gotardo-mg\/\"]}]},{\"@type\":\"BreadcrumbList\",\"@id\":\"https:\/\/www.sgagora.com.br\/sg\/colisao-frontal-entre-dois-veiculos-causa-acidente-na-mg-235-em-sao-gotardo-mg\/#breadcrumb\",\"itemListElement\":[{\"@type\":\"ListItem\",\"position\":1,\"name\":\"In\u00edcio\",\"item\":\"https:\/\/www.sgagora.com.br\/sg\/\"},{\"@type\":\"ListItem\",\"position\":2,\"name\":\"Colis\u00e3o frontal entre dois ve\u00edculos causa acidente na MG-235 em S\u00e3o Gotardo-MG\"}]},{\"@type\":\"WebSite\",\"@id\":\"https:\/\/www.sgagora.com.br\/sg\/#website\",\"url\":\"https:\/\/www.sgagora.com.br\/sg\/\",\"name\":\"SGAgora\",\"description\":\"Not\u00edcias de S\u00e3o Gotardo\",\"potentialAction\":[{\"@type\":\"SearchAction\",\"target\":{\"@type\":\"EntryPoint\",\"urlTemplate\":\"https:\/\/www.sgagora.com.br\/sg\/?s={search_term_string}\"},\"query-input\":\"required name=search_term_string\"}],\"inLanguage\":\"pt-BR\"},{\"@type\":\"Person\",\"@id\":\"https:\/\/www.sgagora.com.br\/sg\/#\/schema\/person\/2be62cfb47cee3e0b305e4f7a765ae41\",\"name\":\"SG Agora\",\"image\":{\"@type\":\"ImageObject\",\"inLanguage\":\"pt-BR\",\"@id\":\"https:\/\/www.sgagora.com.br\/sg\/#\/schema\/person\/image\/\",\"url\":\"https:\/\/secure.gravatar.com\/avatar\/a0c612a9a8c3e7419d6fd4f92e749d8d?s=96&d=mm&r=g\",\"contentUrl\":\"https:\/\/secure.gravatar.com\/avatar\/a0c612a9a8c3e7419d6fd4f92e749d8d?s=96&d=mm&r=g\",\"caption\":\"SG Agora\"},\"url\":\"https:\/\/www.sgagora.com.br\/sg\/author\/admin\/\"}]}<\/script>\n<!-- \/ Yoast SEO plugin. -->","yoast_head_json":{"title":"Colis\u00e3o frontal entre dois ve\u00edculos causa acidente na MG-235 em S\u00e3o Gotardo-MG","description":"Uma pessoa sofreu ferimentos leves e foi encaminhada \u00e0 Unidade de Pronto Atendimento (UPA) de S\u00e3o Gotardo, sendo liberada ap\u00f3s o atendimento m\u00e9dico.","robots":{"index":"index","follow":"follow","max-snippet":"max-snippet:-1","max-image-preview":"max-image-preview:large","max-video-preview":"max-video-preview:-1"},"canonical":"https:\/\/www.sgagora.com.br\/sg\/colisao-frontal-entre-dois-veiculos-causa-acidente-na-mg-235-em-sao-gotardo-mg\/","og_locale":"pt_BR","og_type":"article","og_title":"Colis\u00e3o frontal entre dois ve\u00edculos causa acidente na MG-235 em S\u00e3o Gotardo-MG","og_description":"Uma pessoa sofreu ferimentos leves e foi encaminhada \u00e0 Unidade de Pronto Atendimento (UPA) de S\u00e3o Gotardo, sendo liberada ap\u00f3s o atendimento m\u00e9dico.","og_url":"https:\/\/www.sgagora.com.br\/sg\/colisao-frontal-entre-dois-veiculos-causa-acidente-na-mg-235-em-sao-gotardo-mg\/","og_site_name":"SGAgora","article_publisher":"https:\/\/www.facebook.com\/sgagora","article_published_time":"2025-06-05T12:41:04+00:00","article_modified_time":"2025-06-24T14:40:13+00:00","og_image":[{"width":600,"height":437,"url":"https:\/\/www.sgagora.com.br\/sg\/wp-content\/uploads\/2025\/06\/IMG-20250605-WA0001-e1749127248371.jpg","type":"image\/jpeg"}],"author":"SG Agora","twitter_misc":{"Escrito por":"SG Agora","Est. tempo de leitura":"3 minutos"},"schema":{"@context":"https:\/\/schema.org","@graph":[{"@type":"WebPage","@id":"https:\/\/www.sgagora.com.br\/sg\/colisao-frontal-entre-dois-veiculos-causa-acidente-na-mg-235-em-sao-gotardo-mg\/","url":"https:\/\/www.sgagora.com.br\/sg\/colisao-frontal-entre-dois-veiculos-causa-acidente-na-mg-235-em-sao-gotardo-mg\/","name":"Colis\u00e3o frontal entre dois ve\u00edculos causa acidente na MG-235 em S\u00e3o Gotardo-MG","isPartOf":{"@id":"https:\/\/www.sgagora.com.br\/sg\/#website"},"datePublished":"2025-06-05T12:41:04+00:00","dateModified":"2025-06-24T14:40:13+00:00","author":{"@id":"https:\/\/www.sgagora.com.br\/sg\/#\/schema\/person\/2be62cfb47cee3e0b305e4f7a765ae41"},"description":"Uma pessoa sofreu ferimentos leves e foi encaminhada \u00e0 Unidade de Pronto Atendimento (UPA) de S\u00e3o Gotardo, sendo liberada ap\u00f3s o atendimento m\u00e9dico.","breadcrumb":{"@id":"https:\/\/www.sgagora.com.br\/sg\/colisao-frontal-entre-dois-veiculos-causa-acidente-na-mg-235-em-sao-gotardo-mg\/#breadcrumb"},"inLanguage":"pt-BR","potentialAction":[{"@type":"ReadAction","target":["https:\/\/www.sgagora.com.br\/sg\/colisao-frontal-entre-dois-veiculos-causa-acidente-na-mg-235-em-sao-gotardo-mg\/"]}]},{"@type":"BreadcrumbList","@id":"https:\/\/www.sgagora.com.br\/sg\/colisao-frontal-entre-dois-veiculos-causa-acidente-na-mg-235-em-sao-gotardo-mg\/#breadcrumb","itemListElement":[{"@type":"ListItem","position":1,"name":"In\u00edcio","item":"https:\/\/www.sgagora.com.br\/sg\/"},{"@type":"ListItem","position":2,"name":"Colis\u00e3o frontal entre dois ve\u00edculos causa acidente na MG-235 em S\u00e3o Gotardo-MG"}]},{"@type":"WebSite","@id":"https:\/\/www.sgagora.com.br\/sg\/#website","url":"https:\/\/www.sgagora.com.br\/sg\/","name":"SGAgora","description":"Not\u00edcias de S\u00e3o Gotardo","potentialAction":[{"@type":"SearchAction","target":{"@type":"EntryPoint","urlTemplate":"https:\/\/www.sgagora.com.br\/sg\/?s={search_term_string}"},"query-input":"required name=search_term_string"}],"inLanguage":"pt-BR"},{"@type":"Person","@id":"https:\/\/www.sgagora.com.br\/sg\/#\/schema\/person\/2be62cfb47cee3e0b305e4f7a765ae41","name":"SG Agora","image":{"@type":"ImageObject","inLanguage":"pt-BR","@id":"https:\/\/www.sgagora.com.br\/sg\/#\/schema\/person\/image\/","url":"https:\/\/secure.gravatar.com\/avatar\/a0c612a9a8c3e7419d6fd4f92e749d8d?s=96&d=mm&r=g","contentUrl":"https:\/\/secure.gravatar.com\/avatar\/a0c612a9a8c3e7419d6fd4f92e749d8d?s=96&d=mm&r=g","caption":"SG Agora"},"url":"https:\/\/www.sgagora.com.br\/sg\/author\/admin\/"}]}},"_links":{"self":[{"href":"https:\/\/www.sgagora.com.br\/sg\/wp-json\/wp\/v2\/posts\/1000007014"}],"collection":[{"href":"https:\/\/www.sgagora.com.br\/sg\/wp-json\/wp\/v2\/posts"}],"about":[{"href":"https:\/\/www.sgagora.com.br\/sg\/wp-json\/wp\/v2\/types\/post"}],"author":[{"embeddable":true,"href":"https:\/\/www.sgagora.com.br\/sg\/wp-json\/wp\/v2\/users\/1"}],"replies":[{"embeddable":true,"href":"https:\/\/www.sgagora.com.br\/sg\/wp-json\/wp\/v2\/comments?post=1000007014"}],"version-history":[{"count":1,"href":"https:\/\/www.sgagora.com.br\/sg\/wp-json\/wp\/v2\/posts\/1000007014\/revisions"}],"predecessor-version":[{"id":1000007018,"href":"https:\/\/www.sgagora.com.br\/sg\/wp-json\/wp\/v2\/posts\/1000007014\/revisions\/1000007018"}],"wp:featuredmedia":[{"embeddable":true,"href":"https:\/\/www.sgagora.com.br\/sg\/wp-json\/wp\/v2\/media\/1000007017"}],"wp:attachment":[{"href":"https:\/\/www.sgagora.com.br\/sg\/wp-json\/wp\/v2\/media?parent=1000007014"}],"wp:term":[{"taxonomy":"category","embeddable":true,"href":"https:\/\/www.sgagora.com.br\/sg\/wp-json\/wp\/v2\/categories?post=1000007014"},{"taxonomy":"post_tag","embeddable":true,"href":"https:\/\/www.sgagora.com.br\/sg\/wp-json\/wp\/v2\/tags?post=1000007014"}],"curies":[{"name":"wp","href":"https:\/\/api.w.org\/{rel}","templated":true}]}}