{"id":1000007842,"date":"2025-07-28T11:54:44","date_gmt":"2025-07-28T14:54:44","guid":{"rendered":"https:\/\/www.sgagora.com.br\/sg\/?p=1000007842"},"modified":"2025-07-28T19:04:00","modified_gmt":"2025-07-28T22:04:00","slug":"sgt-vandec-morto-durante-assalto-em-sao-gotardo-no-ano-de-2007-recebe-memorial-em-homenagem-a-sua-bravura-e-honra-enquanto-pmr","status":"publish","type":"post","link":"https:\/\/www.sgagora.com.br\/sg\/sgt-vandec-morto-durante-assalto-em-sao-gotardo-no-ano-de-2007-recebe-memorial-em-homenagem-a-sua-bravura-e-honra-enquanto-pmr\/","title":{"rendered":"SGT Vandec, morto durante assalto em S\u00e3o Gotardo no ano de 2007, recebe memorial em homenagem a sua bravura e honra enquanto PMR"},"content":{"rendered":"<p style=\"text-align: center;\"><span style=\"color: #ff0000;\"><strong>CONTINUA AP\u00d3S A PUBLICIDADE<\/strong><\/span><img decoding=\"async\" loading=\"lazy\" class=\"aligncenter wp-image-1000005472 size-full\" src=\"https:\/\/www.sgagora.com.br\/sg\/wp-content\/uploads\/2024\/08\/gif_260x260px_ssv.gif\" alt=\"\" width=\"260\" height=\"260\" \/><\/p>\n<p><img decoding=\"async\" loading=\"lazy\" class=\"aligncenter wp-image-1000006117 size-full\" src=\"https:\/\/www.sgagora.com.br\/sg\/wp-content\/uploads\/2025\/01\/Acesse-www.cesg_.edu-e-faca-sua-inscricao.gif\" alt=\"\" width=\"260\" height=\"260\" \/><\/p>\n<p style=\"text-align: justify;\">BELO HORIZONTE \u2014 Na tarde da \u00faltima quinta-feira (24\/07\/2025), foi realizada a solenidade de inaugura\u00e7\u00e3o do Memorial do Policial Rodovi\u00e1rio, que passa a levar o nome do 3\u00ba Sgt Vandec Costa da Silva, homenageado in memoriam por sua bravura e dedica\u00e7\u00e3o \u00e0 miss\u00e3o de proteger as estradas de Minas Gerais.<\/p>\n<p style=\"text-align: justify;\">A cerim\u00f4nia, presidida pelo Comandante do Policiamento Especializado (CPE), Coronel F\u00e1bio Oliveira de Almeida, contou com a presen\u00e7a de veteranos da PMMG, militares da ativa, civis e convidados.<\/p>\n<p style=\"text-align: center;\"><span style=\"color: #ff0000;\"><strong>CONTINUA AP\u00d3S A PUBLICIDADE<\/strong><\/span><img decoding=\"async\" loading=\"lazy\" class=\"aligncenter wp-image-1000001976 size-full\" src=\"https:\/\/www.sgagora.com.br\/sg\/wp-content\/uploads\/2019\/12\/GIF-PRONTO-ODONTO-COMPANY.gif\" alt=\"\" width=\"600\" height=\"260\" \/><\/p>\n<p style=\"text-align: justify;\">Durante a cerim\u00f4nia, foi destacada a import\u00e2ncia hist\u00f3rica e simb\u00f3lica do Policiamento Rodovi\u00e1rio da PMMG, criado em 1971 por meio do Decreto Estadual n\u00ba 13.747, e que, desde ent\u00e3o, tem sido uma presen\u00e7a constante e protetora nas rodovias do Estado, patrulhando com coragem, disciplina e compromisso com a vida.<\/p>\n<p style=\"text-align: justify;\">O memorial \u00e9 uma homenagem eterna a todos os policiais rodovi\u00e1rios que dedicaram suas jornadas \u00e0 seguran\u00e7a vi\u00e1ria e ao combate ao crime, com destaque especial ao 3\u00ba Sargento Vandec, que perdeu a vida em servi\u00e7o no dia 9 de janeiro de 2007, ap\u00f3s confronto com criminosos durante patrulhamento em S\u00e3o Gotardo, demonstrando bravura at\u00e9 o \u00faltimo instante.<\/p>\n<p style=\"text-align: justify;\">Em momento \u00edmpar, foi realizado o descerramento da placa de inaugura\u00e7\u00e3o do memorial, ao som de m\u00fasica instrumental e sob aplausos dos presentes.\u00a0O Comando de Policiamento Especializado encerrou a solenidade com agradecimentos \u00e0s ilustres presen\u00e7as, convidando a todos a conhecerem o memorial e a refletirem sobre o valor de cada vida salva nas estradas de Minas.<\/p>\n<p style=\"text-align: center;\"><strong><span style=\"color: #ff0000;\">CONTINUA AP\u00d3S A PUBLICIDADE<br \/>\n<img decoding=\"async\" loading=\"lazy\" class=\"aligncenter size-full wp-image-1000006671\" src=\"https:\/\/www.sgagora.com.br\/sg\/wp-content\/uploads\/2025\/04\/GIF-MAGNO-1.gif\" alt=\"\" width=\"600\" height=\"260\" \/><\/span><\/strong><\/p>\n<p style=\"text-align: justify;\">O assalto ocorrido em S\u00e3o Gotardo no ano de 2007, aterrorizou a popula\u00e7\u00e3o S\u00e3o-Gotardense, devido a sua viol\u00eancia e maneira como os criminosos agiram. Municiados de armamentos altamente perigosos, eles fizeram ref\u00e9ns, balearam viaturas da Pol\u00edcia Militar que tentaram bravamente det\u00ea-los e que infelizmente, culminou na morte do SGT Vandec, que chegava na cidade para oferecer apoio, no momento da fuga dos bandidos, que o mataram de maneira cruel.<\/p>\n<p style=\"text-align: justify;\">Em novembro de 2024, foi morto pela pol\u00edcia no Par\u00e1, um criminoso ligado ao PCC e apontado como l\u00edder da quadrilha do assalto em S\u00e3o Gotardo em 2007, resultou na morte do SGT Vandec. Foragido, o criminoso estava sendo procurado pelas autoridades havia nove anos e, para escapar, ele sempre usava nomes falsos. Al\u00e9m do assalto em S\u00e3o Gotardo, ele tamb\u00e9m era apontado como l\u00edder de diversos outros crimes ligados a assalto em bancos e ag\u00eancias lot\u00e9ricas do Brasil.<\/p>\n<p style=\"text-align: center;\"><strong><span style=\"color: #ff0000;\">CONTINUA AP\u00d3S A PUBLICIDADE<\/span><\/strong><img decoding=\"async\" loading=\"lazy\" class=\"aligncenter wp-image-1000004773 size-full\" src=\"https:\/\/www.sgagora.com.br\/sg\/wp-content\/uploads\/2024\/05\/GIF-SICREDI-SAO-GOTARDO.gif\" alt=\"\" width=\"260\" height=\"260\" \/><\/p>\n<p><img decoding=\"async\" loading=\"lazy\" class=\"aligncenter wp-image-1000006254 size-full\" src=\"https:\/\/www.sgagora.com.br\/sg\/wp-content\/uploads\/2025\/01\/Team.gif\" alt=\"\" width=\"260\" height=\"260\" \/><\/p>\n<h1 style=\"text-align: justify;\">FOTOS DA INAUGURA\u00c7\u00c3O DO MEMORIAL:<br \/>\n<span style=\"color: #ffffff;\">&gt;<\/span><\/h1>\n\n\t\t<style type=\"text\/css\">\n\t\t\t#gallery-1 {\n\t\t\t\tmargin: auto;\n\t\t\t}\n\t\t\t#gallery-1 .gallery-item {\n\t\t\t\tfloat: left;\n\t\t\t\tmargin-top: 10px;\n\t\t\t\ttext-align: center;\n\t\t\t\twidth: 100%;\n\t\t\t}\n\t\t\t#gallery-1 img {\n\t\t\t\tborder: 2px solid #cfcfcf;\n\t\t\t}\n\t\t\t#gallery-1 .gallery-caption {\n\t\t\t\tmargin-left: 0;\n\t\t\t}\n\t\t\t\/* see gallery_shortcode() in wp-includes\/media.php *\/\n\t\t<\/style>\n\t\t<div id='gallery-1' class='gallery galleryid-1000007842 gallery-columns-1 gallery-size-full'><dl class='gallery-item'>\n\t\t\t<dt class='gallery-icon landscape'>\n\t\t\t\t<a class=\"prettyphoto\" rel=\"prettyPhoto[gallery]\" href='https:\/\/www.sgagora.com.br\/sg\/wp-content\/uploads\/2025\/07\/2-1.png'><img width=\"600\" height=\"400\" src=\"https:\/\/www.sgagora.com.br\/sg\/wp-content\/uploads\/2025\/07\/2-1.png\" class=\"attachment-full size-full\" alt=\"\" decoding=\"async\" loading=\"lazy\" srcset=\"https:\/\/www.sgagora.com.br\/sg\/wp-content\/uploads\/2025\/07\/2-1.png 600w, https:\/\/www.sgagora.com.br\/sg\/wp-content\/uploads\/2025\/07\/2-1-300x200.png 300w\" sizes=\"(max-width: 600px) 100vw, 600px\" \/><\/a>\n\t\t\t<\/dt><\/dl><br style=\"clear: both\" \/><dl class='gallery-item'>\n\t\t\t<dt class='gallery-icon landscape'>\n\t\t\t\t<a class=\"prettyphoto\" rel=\"prettyPhoto[gallery]\" href='https:\/\/www.sgagora.com.br\/sg\/wp-content\/uploads\/2025\/07\/3-1.png'><img width=\"600\" height=\"400\" src=\"https:\/\/www.sgagora.com.br\/sg\/wp-content\/uploads\/2025\/07\/3-1.png\" class=\"attachment-full size-full\" alt=\"\" decoding=\"async\" loading=\"lazy\" srcset=\"https:\/\/www.sgagora.com.br\/sg\/wp-content\/uploads\/2025\/07\/3-1.png 600w, https:\/\/www.sgagora.com.br\/sg\/wp-content\/uploads\/2025\/07\/3-1-300x200.png 300w\" sizes=\"(max-width: 600px) 100vw, 600px\" \/><\/a>\n\t\t\t<\/dt><\/dl><br style=\"clear: both\" \/><dl class='gallery-item'>\n\t\t\t<dt class='gallery-icon landscape'>\n\t\t\t\t<a class=\"prettyphoto\" rel=\"prettyPhoto[gallery]\" href='https:\/\/www.sgagora.com.br\/sg\/wp-content\/uploads\/2025\/07\/4-1.png'><img width=\"600\" height=\"400\" src=\"https:\/\/www.sgagora.com.br\/sg\/wp-content\/uploads\/2025\/07\/4-1.png\" class=\"attachment-full size-full\" alt=\"\" decoding=\"async\" loading=\"lazy\" srcset=\"https:\/\/www.sgagora.com.br\/sg\/wp-content\/uploads\/2025\/07\/4-1.png 600w, https:\/\/www.sgagora.com.br\/sg\/wp-content\/uploads\/2025\/07\/4-1-300x200.png 300w\" sizes=\"(max-width: 600px) 100vw, 600px\" \/><\/a>\n\t\t\t<\/dt><\/dl><br style=\"clear: both\" \/><dl class='gallery-item'>\n\t\t\t<dt class='gallery-icon landscape'>\n\t\t\t\t<a class=\"prettyphoto\" rel=\"prettyPhoto[gallery]\" href='https:\/\/www.sgagora.com.br\/sg\/wp-content\/uploads\/2025\/07\/5-1.png'><img width=\"600\" height=\"400\" src=\"https:\/\/www.sgagora.com.br\/sg\/wp-content\/uploads\/2025\/07\/5-1.png\" class=\"attachment-full size-full\" alt=\"\" decoding=\"async\" loading=\"lazy\" srcset=\"https:\/\/www.sgagora.com.br\/sg\/wp-content\/uploads\/2025\/07\/5-1.png 600w, https:\/\/www.sgagora.com.br\/sg\/wp-content\/uploads\/2025\/07\/5-1-300x200.png 300w\" sizes=\"(max-width: 600px) 100vw, 600px\" \/><\/a>\n\t\t\t<\/dt><\/dl><br style=\"clear: both\" \/><dl class='gallery-item'>\n\t\t\t<dt class='gallery-icon landscape'>\n\t\t\t\t<a class=\"prettyphoto\" rel=\"prettyPhoto[gallery]\" href='https:\/\/www.sgagora.com.br\/sg\/wp-content\/uploads\/2025\/07\/6-1.png'><img width=\"600\" height=\"400\" src=\"https:\/\/www.sgagora.com.br\/sg\/wp-content\/uploads\/2025\/07\/6-1.png\" class=\"attachment-full size-full\" alt=\"\" decoding=\"async\" loading=\"lazy\" srcset=\"https:\/\/www.sgagora.com.br\/sg\/wp-content\/uploads\/2025\/07\/6-1.png 600w, https:\/\/www.sgagora.com.br\/sg\/wp-content\/uploads\/2025\/07\/6-1-300x200.png 300w\" sizes=\"(max-width: 600px) 100vw, 600px\" \/><\/a>\n\t\t\t<\/dt><\/dl><br style=\"clear: both\" \/>\n\t\t<\/div>\n\n<p><span style=\"color: #ffffff;\">.<\/span><\/p>\n<p style=\"text-align: justify;\"><em><strong>Reportagem:<\/strong> Instagram\/Policiamento Especializado de Minas Gerais \/<strong> Acr\u00e9scimo de Informa\u00e7\u00f5es:<\/strong> Diego Oliveira\/Portal SG AGORA \/ <strong>Foto Capa:<\/strong> Reprodu\u00e7\u00e3o\/Divulga\u00e7\u00e3o\/Policiamento Especializado de Minas Gerais<\/em><\/p>\n","protected":false},"excerpt":{"rendered":"<p>CONTINUA AP\u00d3S A PUBLICIDADE BELO HORIZONTE \u2014 Na tarde da \u00faltima quinta-feira (24\/07\/2025), foi realizada a solenidade de inaugura\u00e7\u00e3o do Memorial do Policial Rodovi\u00e1rio, que passa a levar o nome do 3\u00ba Sgt Vandec Costa &#8230; <a class=\"readmore\" href=\"https:\/\/www.sgagora.com.br\/sg\/sgt-vandec-morto-durante-assalto-em-sao-gotardo-no-ano-de-2007-recebe-memorial-em-homenagem-a-sua-bravura-e-honra-enquanto-pmr\/\">Leia Mais<\/a><\/p>\n","protected":false},"author":1,"featured_media":1000007849,"comment_status":"open","ping_status":"open","sticky":false,"template":"","format":"standard","meta":{"_bbp_topic_count":0,"_bbp_reply_count":0,"_bbp_total_topic_count":0,"_bbp_total_reply_count":0,"_bbp_voice_count":0,"_bbp_anonymous_reply_count":0,"_bbp_topic_count_hidden":0,"_bbp_reply_count_hidden":0,"_bbp_forum_subforum_count":0},"categories":[84,77,81],"tags":[22085,3485,22083,133,22084,22082],"yoast_head":"<!-- This site is optimized with the Yoast SEO plugin v20.5 - https:\/\/yoast.com\/wordpress\/plugins\/seo\/ -->\n<title>SGT Vandec, morto durante assalto em S\u00e3o Gotardo no ano de 2007, recebe memorial em homenagem a sua bravura e honra enquanto PMR<\/title>\n<meta name=\"description\" content=\"A cerim\u00f4nia, presidida pelo Comandante do Policiamento Especializado (CPE), Coronel F\u00e1bio Oliveira de Almeida, contou com a presen\u00e7a de veteranos da PMMG, militares da ativa, civis e convidados.\" \/>\n<meta name=\"robots\" content=\"index, follow, max-snippet:-1, max-image-preview:large, max-video-preview:-1\" \/>\n<link rel=\"canonical\" href=\"https:\/\/www.sgagora.com.br\/sg\/sgt-vandec-morto-durante-assalto-em-sao-gotardo-no-ano-de-2007-recebe-memorial-em-homenagem-a-sua-bravura-e-honra-enquanto-pmr\/\" \/>\n<meta property=\"og:locale\" content=\"pt_BR\" \/>\n<meta property=\"og:type\" content=\"article\" \/>\n<meta property=\"og:title\" content=\"SGT Vandec, morto durante assalto em S\u00e3o Gotardo no ano de 2007, recebe memorial em homenagem a sua bravura e honra enquanto PMR\" \/>\n<meta property=\"og:description\" content=\"A cerim\u00f4nia, presidida pelo Comandante do Policiamento Especializado (CPE), Coronel F\u00e1bio Oliveira de Almeida, contou com a presen\u00e7a de veteranos da PMMG, militares da ativa, civis e convidados.\" \/>\n<meta property=\"og:url\" content=\"https:\/\/www.sgagora.com.br\/sg\/sgt-vandec-morto-durante-assalto-em-sao-gotardo-no-ano-de-2007-recebe-memorial-em-homenagem-a-sua-bravura-e-honra-enquanto-pmr\/\" \/>\n<meta property=\"og:site_name\" content=\"SGAgora\" \/>\n<meta property=\"article:publisher\" content=\"https:\/\/www.facebook.com\/sgagora\" \/>\n<meta property=\"article:published_time\" content=\"2025-07-28T14:54:44+00:00\" \/>\n<meta property=\"article:modified_time\" content=\"2025-07-28T22:04:00+00:00\" \/>\n<meta property=\"og:image\" content=\"https:\/\/www.sgagora.com.br\/sg\/wp-content\/uploads\/2025\/07\/4-2.png\" \/>\n\t<meta property=\"og:image:width\" content=\"600\" \/>\n\t<meta property=\"og:image:height\" content=\"400\" \/>\n\t<meta property=\"og:image:type\" content=\"image\/png\" \/>\n<meta name=\"author\" content=\"SG Agora\" \/>\n<meta name=\"twitter:label1\" content=\"Escrito por\" \/>\n\t<meta name=\"twitter:data1\" content=\"SG Agora\" \/>\n\t<meta name=\"twitter:label2\" content=\"Est. tempo de leitura\" \/>\n\t<meta name=\"twitter:data2\" content=\"4 minutos\" \/>\n<script type=\"application\/ld+json\" class=\"yoast-schema-graph\">{\"@context\":\"https:\/\/schema.org\",\"@graph\":[{\"@type\":\"WebPage\",\"@id\":\"https:\/\/www.sgagora.com.br\/sg\/sgt-vandec-morto-durante-assalto-em-sao-gotardo-no-ano-de-2007-recebe-memorial-em-homenagem-a-sua-bravura-e-honra-enquanto-pmr\/\",\"url\":\"https:\/\/www.sgagora.com.br\/sg\/sgt-vandec-morto-durante-assalto-em-sao-gotardo-no-ano-de-2007-recebe-memorial-em-homenagem-a-sua-bravura-e-honra-enquanto-pmr\/\",\"name\":\"SGT Vandec, morto durante assalto em S\u00e3o Gotardo no ano de 2007, recebe memorial em homenagem a sua bravura e honra enquanto PMR\",\"isPartOf\":{\"@id\":\"https:\/\/www.sgagora.com.br\/sg\/#website\"},\"datePublished\":\"2025-07-28T14:54:44+00:00\",\"dateModified\":\"2025-07-28T22:04:00+00:00\",\"author\":{\"@id\":\"https:\/\/www.sgagora.com.br\/sg\/#\/schema\/person\/2be62cfb47cee3e0b305e4f7a765ae41\"},\"description\":\"A cerim\u00f4nia, presidida pelo Comandante do Policiamento Especializado (CPE), Coronel F\u00e1bio Oliveira de Almeida, contou com a presen\u00e7a de veteranos da PMMG, militares da ativa, civis e convidados.\",\"breadcrumb\":{\"@id\":\"https:\/\/www.sgagora.com.br\/sg\/sgt-vandec-morto-durante-assalto-em-sao-gotardo-no-ano-de-2007-recebe-memorial-em-homenagem-a-sua-bravura-e-honra-enquanto-pmr\/#breadcrumb\"},\"inLanguage\":\"pt-BR\",\"potentialAction\":[{\"@type\":\"ReadAction\",\"target\":[\"https:\/\/www.sgagora.com.br\/sg\/sgt-vandec-morto-durante-assalto-em-sao-gotardo-no-ano-de-2007-recebe-memorial-em-homenagem-a-sua-bravura-e-honra-enquanto-pmr\/\"]}]},{\"@type\":\"BreadcrumbList\",\"@id\":\"https:\/\/www.sgagora.com.br\/sg\/sgt-vandec-morto-durante-assalto-em-sao-gotardo-no-ano-de-2007-recebe-memorial-em-homenagem-a-sua-bravura-e-honra-enquanto-pmr\/#breadcrumb\",\"itemListElement\":[{\"@type\":\"ListItem\",\"position\":1,\"name\":\"In\u00edcio\",\"item\":\"https:\/\/www.sgagora.com.br\/sg\/\"},{\"@type\":\"ListItem\",\"position\":2,\"name\":\"SGT Vandec, morto durante assalto em S\u00e3o Gotardo no ano de 2007, recebe memorial em homenagem a sua bravura e honra enquanto PMR\"}]},{\"@type\":\"WebSite\",\"@id\":\"https:\/\/www.sgagora.com.br\/sg\/#website\",\"url\":\"https:\/\/www.sgagora.com.br\/sg\/\",\"name\":\"SGAgora\",\"description\":\"Not\u00edcias de S\u00e3o Gotardo\",\"potentialAction\":[{\"@type\":\"SearchAction\",\"target\":{\"@type\":\"EntryPoint\",\"urlTemplate\":\"https:\/\/www.sgagora.com.br\/sg\/?s={search_term_string}\"},\"query-input\":\"required name=search_term_string\"}],\"inLanguage\":\"pt-BR\"},{\"@type\":\"Person\",\"@id\":\"https:\/\/www.sgagora.com.br\/sg\/#\/schema\/person\/2be62cfb47cee3e0b305e4f7a765ae41\",\"name\":\"SG Agora\",\"image\":{\"@type\":\"ImageObject\",\"inLanguage\":\"pt-BR\",\"@id\":\"https:\/\/www.sgagora.com.br\/sg\/#\/schema\/person\/image\/\",\"url\":\"https:\/\/secure.gravatar.com\/avatar\/a0c612a9a8c3e7419d6fd4f92e749d8d?s=96&d=mm&r=g\",\"contentUrl\":\"https:\/\/secure.gravatar.com\/avatar\/a0c612a9a8c3e7419d6fd4f92e749d8d?s=96&d=mm&r=g\",\"caption\":\"SG Agora\"},\"url\":\"https:\/\/www.sgagora.com.br\/sg\/author\/admin\/\"}]}<\/script>\n<!-- \/ Yoast SEO plugin. -->","yoast_head_json":{"title":"SGT Vandec, morto durante assalto em S\u00e3o Gotardo no ano de 2007, recebe memorial em homenagem a sua bravura e honra enquanto PMR","description":"A cerim\u00f4nia, presidida pelo Comandante do Policiamento Especializado (CPE), Coronel F\u00e1bio Oliveira de Almeida, contou com a presen\u00e7a de veteranos da PMMG, militares da ativa, civis e convidados.","robots":{"index":"index","follow":"follow","max-snippet":"max-snippet:-1","max-image-preview":"max-image-preview:large","max-video-preview":"max-video-preview:-1"},"canonical":"https:\/\/www.sgagora.com.br\/sg\/sgt-vandec-morto-durante-assalto-em-sao-gotardo-no-ano-de-2007-recebe-memorial-em-homenagem-a-sua-bravura-e-honra-enquanto-pmr\/","og_locale":"pt_BR","og_type":"article","og_title":"SGT Vandec, morto durante assalto em S\u00e3o Gotardo no ano de 2007, recebe memorial em homenagem a sua bravura e honra enquanto PMR","og_description":"A cerim\u00f4nia, presidida pelo Comandante do Policiamento Especializado (CPE), Coronel F\u00e1bio Oliveira de Almeida, contou com a presen\u00e7a de veteranos da PMMG, militares da ativa, civis e convidados.","og_url":"https:\/\/www.sgagora.com.br\/sg\/sgt-vandec-morto-durante-assalto-em-sao-gotardo-no-ano-de-2007-recebe-memorial-em-homenagem-a-sua-bravura-e-honra-enquanto-pmr\/","og_site_name":"SGAgora","article_publisher":"https:\/\/www.facebook.com\/sgagora","article_published_time":"2025-07-28T14:54:44+00:00","article_modified_time":"2025-07-28T22:04:00+00:00","og_image":[{"width":600,"height":400,"url":"https:\/\/www.sgagora.com.br\/sg\/wp-content\/uploads\/2025\/07\/4-2.png","type":"image\/png"}],"author":"SG Agora","twitter_misc":{"Escrito por":"SG Agora","Est. tempo de leitura":"4 minutos"},"schema":{"@context":"https:\/\/schema.org","@graph":[{"@type":"WebPage","@id":"https:\/\/www.sgagora.com.br\/sg\/sgt-vandec-morto-durante-assalto-em-sao-gotardo-no-ano-de-2007-recebe-memorial-em-homenagem-a-sua-bravura-e-honra-enquanto-pmr\/","url":"https:\/\/www.sgagora.com.br\/sg\/sgt-vandec-morto-durante-assalto-em-sao-gotardo-no-ano-de-2007-recebe-memorial-em-homenagem-a-sua-bravura-e-honra-enquanto-pmr\/","name":"SGT Vandec, morto durante assalto em S\u00e3o Gotardo no ano de 2007, recebe memorial em homenagem a sua bravura e honra enquanto PMR","isPartOf":{"@id":"https:\/\/www.sgagora.com.br\/sg\/#website"},"datePublished":"2025-07-28T14:54:44+00:00","dateModified":"2025-07-28T22:04:00+00:00","author":{"@id":"https:\/\/www.sgagora.com.br\/sg\/#\/schema\/person\/2be62cfb47cee3e0b305e4f7a765ae41"},"description":"A cerim\u00f4nia, presidida pelo Comandante do Policiamento Especializado (CPE), Coronel F\u00e1bio Oliveira de Almeida, contou com a presen\u00e7a de veteranos da PMMG, militares da ativa, civis e convidados.","breadcrumb":{"@id":"https:\/\/www.sgagora.com.br\/sg\/sgt-vandec-morto-durante-assalto-em-sao-gotardo-no-ano-de-2007-recebe-memorial-em-homenagem-a-sua-bravura-e-honra-enquanto-pmr\/#breadcrumb"},"inLanguage":"pt-BR","potentialAction":[{"@type":"ReadAction","target":["https:\/\/www.sgagora.com.br\/sg\/sgt-vandec-morto-durante-assalto-em-sao-gotardo-no-ano-de-2007-recebe-memorial-em-homenagem-a-sua-bravura-e-honra-enquanto-pmr\/"]}]},{"@type":"BreadcrumbList","@id":"https:\/\/www.sgagora.com.br\/sg\/sgt-vandec-morto-durante-assalto-em-sao-gotardo-no-ano-de-2007-recebe-memorial-em-homenagem-a-sua-bravura-e-honra-enquanto-pmr\/#breadcrumb","itemListElement":[{"@type":"ListItem","position":1,"name":"In\u00edcio","item":"https:\/\/www.sgagora.com.br\/sg\/"},{"@type":"ListItem","position":2,"name":"SGT Vandec, morto durante assalto em S\u00e3o Gotardo no ano de 2007, recebe memorial em homenagem a sua bravura e honra enquanto PMR"}]},{"@type":"WebSite","@id":"https:\/\/www.sgagora.com.br\/sg\/#website","url":"https:\/\/www.sgagora.com.br\/sg\/","name":"SGAgora","description":"Not\u00edcias de S\u00e3o Gotardo","potentialAction":[{"@type":"SearchAction","target":{"@type":"EntryPoint","urlTemplate":"https:\/\/www.sgagora.com.br\/sg\/?s={search_term_string}"},"query-input":"required name=search_term_string"}],"inLanguage":"pt-BR"},{"@type":"Person","@id":"https:\/\/www.sgagora.com.br\/sg\/#\/schema\/person\/2be62cfb47cee3e0b305e4f7a765ae41","name":"SG Agora","image":{"@type":"ImageObject","inLanguage":"pt-BR","@id":"https:\/\/www.sgagora.com.br\/sg\/#\/schema\/person\/image\/","url":"https:\/\/secure.gravatar.com\/avatar\/a0c612a9a8c3e7419d6fd4f92e749d8d?s=96&d=mm&r=g","contentUrl":"https:\/\/secure.gravatar.com\/avatar\/a0c612a9a8c3e7419d6fd4f92e749d8d?s=96&d=mm&r=g","caption":"SG Agora"},"url":"https:\/\/www.sgagora.com.br\/sg\/author\/admin\/"}]}},"_links":{"self":[{"href":"https:\/\/www.sgagora.com.br\/sg\/wp-json\/wp\/v2\/posts\/1000007842"}],"collection":[{"href":"https:\/\/www.sgagora.com.br\/sg\/wp-json\/wp\/v2\/posts"}],"about":[{"href":"https:\/\/www.sgagora.com.br\/sg\/wp-json\/wp\/v2\/types\/post"}],"author":[{"embeddable":true,"href":"https:\/\/www.sgagora.com.br\/sg\/wp-json\/wp\/v2\/users\/1"}],"replies":[{"embeddable":true,"href":"https:\/\/www.sgagora.com.br\/sg\/wp-json\/wp\/v2\/comments?post=1000007842"}],"version-history":[{"count":1,"href":"https:\/\/www.sgagora.com.br\/sg\/wp-json\/wp\/v2\/posts\/1000007842\/revisions"}],"predecessor-version":[{"id":1000007851,"href":"https:\/\/www.sgagora.com.br\/sg\/wp-json\/wp\/v2\/posts\/1000007842\/revisions\/1000007851"}],"wp:featuredmedia":[{"embeddable":true,"href":"https:\/\/www.sgagora.com.br\/sg\/wp-json\/wp\/v2\/media\/1000007849"}],"wp:attachment":[{"href":"https:\/\/www.sgagora.com.br\/sg\/wp-json\/wp\/v2\/media?parent=1000007842"}],"wp:term":[{"taxonomy":"category","embeddable":true,"href":"https:\/\/www.sgagora.com.br\/sg\/wp-json\/wp\/v2\/categories?post=1000007842"},{"taxonomy":"post_tag","embeddable":true,"href":"https:\/\/www.sgagora.com.br\/sg\/wp-json\/wp\/v2\/tags?post=1000007842"}],"curies":[{"name":"wp","href":"https:\/\/api.w.org\/{rel}","templated":true}]}}