{"id":1000007971,"date":"2025-08-20T16:15:59","date_gmt":"2025-08-20T19:15:59","guid":{"rendered":"https:\/\/www.sgagora.com.br\/sg\/?p=1000007971"},"modified":"2025-10-15T12:55:10","modified_gmt":"2025-10-15T15:55:10","slug":"fiscalizacao-do-crlv-2025-comeca-em-setembro-em-minas-gerais","status":"publish","type":"post","link":"https:\/\/www.sgagora.com.br\/sg\/fiscalizacao-do-crlv-2025-comeca-em-setembro-em-minas-gerais\/","title":{"rendered":"Fiscaliza\u00e7\u00e3o do CRLV 2025 come\u00e7a em Setembro em Minas Gerais"},"content":{"rendered":"<div>\n<p style=\"text-align: center;\"><span style=\"color: #ff0000;\"><strong>CONTINUA AP\u00d3S A PUBLICIDADE<\/strong><\/span><img decoding=\"async\" loading=\"lazy\" class=\"aligncenter wp-image-1000005472 size-full\" src=\"https:\/\/www.sgagora.com.br\/sg\/wp-content\/uploads\/2024\/08\/gif_260x260px_ssv.gif\" alt=\"\" width=\"260\" height=\"260\" \/><\/p>\n<p><img decoding=\"async\" loading=\"lazy\" class=\"aligncenter wp-image-1000008334 size-full\" src=\"https:\/\/www.sgagora.com.br\/sg\/wp-content\/uploads\/2025\/10\/Video-Post-para-Instagram-Animado-Novo-Post-Blog-Metaverso-Tecnologia.gif\" alt=\"\" width=\"260\" height=\"260\" \/><\/p>\n<\/div>\n<p style=\"text-align: justify;\">A partir de setembro, motoristas de Minas Gerais dever\u00e3o portar o Certificado de Registro e Licenciamento de Ve\u00edculo (CRLV) atualizado, referente a 2025. A exig\u00eancia, estabelecida pela Portaria n\u00ba 0999\/2025 da Coordenadoria Estadual de Gest\u00e3o de Tr\u00e2nsito (CET-MG), seguir\u00e1 um cronograma de fiscaliza\u00e7\u00e3o conforme o final da placa do ve\u00edculo.<\/p>\n<p style=\"text-align: center;\"><span style=\"color: #ff0000;\"><strong>CONTINUA AP\u00d3S A PUBLICIDADE<\/strong><\/span><img decoding=\"async\" loading=\"lazy\" class=\"aligncenter wp-image-1000001976 size-full\" src=\"https:\/\/www.sgagora.com.br\/sg\/wp-content\/uploads\/2019\/12\/GIF-PRONTO-ODONTO-COMPANY.gif\" alt=\"\" width=\"600\" height=\"260\" \/><\/p>\n<h1 style=\"text-align: justify;\">Confira as datas para cada final de placa veicular:<br \/>\n<span style=\"color: #ffffff;\">. <\/span><\/h1>\n<ul>\n<li style=\"text-align: justify;\"><span style=\"color: initial;\">Placas finais 1, 2 e 3: exig\u00eancia a partir de 1\u00ba de setembro;\u00a0<\/span><\/li>\n<li style=\"text-align: justify;\">Placas finais 4, 5 e 6: exig\u00eancia a partir de 1\u00ba de outubro;<\/li>\n<li style=\"text-align: justify;\">Placas finais 7, 8, 9 e 0: exig\u00eancia a partir de 1\u00ba de novembro.<br \/>\n<span style=\"color: #ffffff;\">.<\/span><\/li>\n<\/ul>\n<p style=\"text-align: justify;\">O documento, que pode ser apresentado em vers\u00e3o impressa ou digital, deve estar regularizado, assim como a CNH, ACC ou PPD. A vers\u00e3o digital tem a mesma validade do impresso e pode ser acessada pelo MG App, Carteira Digital de Tr\u00e2nsito (CDT) ou pelo portal da Senatran, mesmo offline.<\/p>\n<p style=\"text-align: center;\"><strong><span style=\"color: #ff0000;\">CONTINUA AP\u00d3S A PUBLICIDADE<br \/>\n<img decoding=\"async\" loading=\"lazy\" class=\"aligncenter size-full wp-image-1000006671\" src=\"https:\/\/www.sgagora.com.br\/sg\/wp-content\/uploads\/2025\/04\/GIF-MAGNO-1.gif\" alt=\"\" width=\"600\" height=\"260\" \/><\/span><\/strong><\/p>\n<p style=\"text-align: justify;\">Para emiss\u00e3o, \u00e9 necess\u00e1rio quitar o licenciamento de 2025 e informar a placa, o n\u00famero do Renavam, o CRV (antigo DUT) e o CPF ou CNPJ do propriet\u00e1rio. Quem optar pela impress\u00e3o deve utilizar papel sulfite branco A4, tinta preta e garantir a legibilidade do QR CODE.<\/p>\n<p style=\"text-align: center;\"><strong><span style=\"color: #ff0000;\">CONTINUA AP\u00d3S A PUBLICIDADE<\/span><\/strong><img decoding=\"async\" loading=\"lazy\" class=\"aligncenter wp-image-1000004773 size-full\" src=\"https:\/\/www.sgagora.com.br\/sg\/wp-content\/uploads\/2024\/05\/GIF-SICREDI-SAO-GOTARDO.gif\" alt=\"\" width=\"260\" height=\"260\" \/><\/p>\n<p><img decoding=\"async\" loading=\"lazy\" class=\"aligncenter wp-image-1000006254 size-full\" src=\"https:\/\/www.sgagora.com.br\/sg\/wp-content\/uploads\/2025\/01\/Team.gif\" alt=\"\" width=\"260\" height=\"260\" \/><\/p>\n<p data-start=\"690\" data-end=\"818\"><span style=\"color: #ffffff;\">.<\/span><\/p>\n<p><span style=\"color: #ffffff;\">.<\/span><\/p>\n<p style=\"text-align: justify;\"><em><strong>Reportagem:<\/strong> Divulga\u00e7\u00e3o\/Coordenadoria Estadual de Gest\u00e3o de Tr\u00e2nsito \/ <strong>Foto Capa:<\/strong> Divulga\u00e7\u00e3o\/Jornal SG AGORA<\/em><\/p>\n","protected":false},"excerpt":{"rendered":"<p>CONTINUA AP\u00d3S A PUBLICIDADE A partir de setembro, motoristas de Minas Gerais dever\u00e3o portar o Certificado de Registro e Licenciamento de Ve\u00edculo (CRLV) atualizado, referente a 2025. A exig\u00eancia, estabelecida pela Portaria n\u00ba 0999\/2025 da &#8230; <a class=\"readmore\" href=\"https:\/\/www.sgagora.com.br\/sg\/fiscalizacao-do-crlv-2025-comeca-em-setembro-em-minas-gerais\/\">Leia Mais<\/a><\/p>\n","protected":false},"author":1,"featured_media":1000007975,"comment_status":"open","ping_status":"open","sticky":false,"template":"","format":"standard","meta":{"_bbp_topic_count":0,"_bbp_reply_count":0,"_bbp_total_topic_count":0,"_bbp_total_reply_count":0,"_bbp_voice_count":0,"_bbp_anonymous_reply_count":0,"_bbp_topic_count_hidden":0,"_bbp_reply_count_hidden":0,"_bbp_forum_subforum_count":0},"categories":[84,77,81],"tags":[366,18718,417,832,269,4429],"yoast_head":"<!-- This site is optimized with the Yoast SEO plugin v20.5 - https:\/\/yoast.com\/wordpress\/plugins\/seo\/ -->\n<title>Fiscaliza\u00e7\u00e3o do CRLV 2025 come\u00e7a em Setembro em Minas Gerais<\/title>\n<meta name=\"description\" content=\"A exig\u00eancia, estabelecida pela Portaria n\u00ba 0999\/2025 da Coordenadoria Estadual de Gest\u00e3o de Tr\u00e2nsito (CET-MG), seguir\u00e1 um cronograma de fiscaliza\u00e7\u00e3o conforme o final da placa do ve\u00edculo.\u00a0\" \/>\n<meta name=\"robots\" content=\"index, follow, max-snippet:-1, max-image-preview:large, max-video-preview:-1\" \/>\n<link rel=\"canonical\" href=\"https:\/\/www.sgagora.com.br\/sg\/fiscalizacao-do-crlv-2025-comeca-em-setembro-em-minas-gerais\/\" \/>\n<meta property=\"og:locale\" content=\"pt_BR\" \/>\n<meta property=\"og:type\" content=\"article\" \/>\n<meta property=\"og:title\" content=\"Fiscaliza\u00e7\u00e3o do CRLV 2025 come\u00e7a em Setembro em Minas Gerais\" \/>\n<meta property=\"og:description\" content=\"A exig\u00eancia, estabelecida pela Portaria n\u00ba 0999\/2025 da Coordenadoria Estadual de Gest\u00e3o de Tr\u00e2nsito (CET-MG), seguir\u00e1 um cronograma de fiscaliza\u00e7\u00e3o conforme o final da placa do ve\u00edculo.\u00a0\" \/>\n<meta property=\"og:url\" content=\"https:\/\/www.sgagora.com.br\/sg\/fiscalizacao-do-crlv-2025-comeca-em-setembro-em-minas-gerais\/\" \/>\n<meta property=\"og:site_name\" content=\"SGAgora\" \/>\n<meta property=\"article:publisher\" content=\"https:\/\/www.facebook.com\/sgagora\" \/>\n<meta property=\"article:published_time\" content=\"2025-08-20T19:15:59+00:00\" \/>\n<meta property=\"article:modified_time\" content=\"2025-10-15T15:55:10+00:00\" \/>\n<meta property=\"og:image\" content=\"https:\/\/www.sgagora.com.br\/sg\/wp-content\/uploads\/2025\/08\/Design-sem-nome-1.png\" \/>\n\t<meta property=\"og:image:width\" content=\"600\" \/>\n\t<meta property=\"og:image:height\" content=\"400\" \/>\n\t<meta property=\"og:image:type\" content=\"image\/png\" \/>\n<meta name=\"author\" content=\"SG Agora\" \/>\n<meta name=\"twitter:label1\" content=\"Escrito por\" \/>\n\t<meta name=\"twitter:data1\" content=\"SG Agora\" \/>\n\t<meta name=\"twitter:label2\" content=\"Est. tempo de leitura\" \/>\n\t<meta name=\"twitter:data2\" content=\"3 minutos\" \/>\n<script type=\"application\/ld+json\" class=\"yoast-schema-graph\">{\"@context\":\"https:\/\/schema.org\",\"@graph\":[{\"@type\":\"WebPage\",\"@id\":\"https:\/\/www.sgagora.com.br\/sg\/fiscalizacao-do-crlv-2025-comeca-em-setembro-em-minas-gerais\/\",\"url\":\"https:\/\/www.sgagora.com.br\/sg\/fiscalizacao-do-crlv-2025-comeca-em-setembro-em-minas-gerais\/\",\"name\":\"Fiscaliza\u00e7\u00e3o do CRLV 2025 come\u00e7a em Setembro em Minas Gerais\",\"isPartOf\":{\"@id\":\"https:\/\/www.sgagora.com.br\/sg\/#website\"},\"datePublished\":\"2025-08-20T19:15:59+00:00\",\"dateModified\":\"2025-10-15T15:55:10+00:00\",\"author\":{\"@id\":\"https:\/\/www.sgagora.com.br\/sg\/#\/schema\/person\/2be62cfb47cee3e0b305e4f7a765ae41\"},\"description\":\"A exig\u00eancia, estabelecida pela Portaria n\u00ba 0999\/2025 da Coordenadoria Estadual de Gest\u00e3o de Tr\u00e2nsito (CET-MG), seguir\u00e1 um cronograma de fiscaliza\u00e7\u00e3o conforme o final da placa do ve\u00edculo.\u00a0\",\"breadcrumb\":{\"@id\":\"https:\/\/www.sgagora.com.br\/sg\/fiscalizacao-do-crlv-2025-comeca-em-setembro-em-minas-gerais\/#breadcrumb\"},\"inLanguage\":\"pt-BR\",\"potentialAction\":[{\"@type\":\"ReadAction\",\"target\":[\"https:\/\/www.sgagora.com.br\/sg\/fiscalizacao-do-crlv-2025-comeca-em-setembro-em-minas-gerais\/\"]}]},{\"@type\":\"BreadcrumbList\",\"@id\":\"https:\/\/www.sgagora.com.br\/sg\/fiscalizacao-do-crlv-2025-comeca-em-setembro-em-minas-gerais\/#breadcrumb\",\"itemListElement\":[{\"@type\":\"ListItem\",\"position\":1,\"name\":\"In\u00edcio\",\"item\":\"https:\/\/www.sgagora.com.br\/sg\/\"},{\"@type\":\"ListItem\",\"position\":2,\"name\":\"Fiscaliza\u00e7\u00e3o do CRLV 2025 come\u00e7a em Setembro em Minas Gerais\"}]},{\"@type\":\"WebSite\",\"@id\":\"https:\/\/www.sgagora.com.br\/sg\/#website\",\"url\":\"https:\/\/www.sgagora.com.br\/sg\/\",\"name\":\"SGAgora\",\"description\":\"Not\u00edcias de S\u00e3o Gotardo\",\"potentialAction\":[{\"@type\":\"SearchAction\",\"target\":{\"@type\":\"EntryPoint\",\"urlTemplate\":\"https:\/\/www.sgagora.com.br\/sg\/?s={search_term_string}\"},\"query-input\":\"required name=search_term_string\"}],\"inLanguage\":\"pt-BR\"},{\"@type\":\"Person\",\"@id\":\"https:\/\/www.sgagora.com.br\/sg\/#\/schema\/person\/2be62cfb47cee3e0b305e4f7a765ae41\",\"name\":\"SG Agora\",\"image\":{\"@type\":\"ImageObject\",\"inLanguage\":\"pt-BR\",\"@id\":\"https:\/\/www.sgagora.com.br\/sg\/#\/schema\/person\/image\/\",\"url\":\"https:\/\/secure.gravatar.com\/avatar\/a0c612a9a8c3e7419d6fd4f92e749d8d?s=96&d=mm&r=g\",\"contentUrl\":\"https:\/\/secure.gravatar.com\/avatar\/a0c612a9a8c3e7419d6fd4f92e749d8d?s=96&d=mm&r=g\",\"caption\":\"SG Agora\"},\"url\":\"https:\/\/www.sgagora.com.br\/sg\/author\/admin\/\"}]}<\/script>\n<!-- \/ Yoast SEO plugin. -->","yoast_head_json":{"title":"Fiscaliza\u00e7\u00e3o do CRLV 2025 come\u00e7a em Setembro em Minas Gerais","description":"A exig\u00eancia, estabelecida pela Portaria n\u00ba 0999\/2025 da Coordenadoria Estadual de Gest\u00e3o de Tr\u00e2nsito (CET-MG), seguir\u00e1 um cronograma de fiscaliza\u00e7\u00e3o conforme o final da placa do ve\u00edculo.\u00a0","robots":{"index":"index","follow":"follow","max-snippet":"max-snippet:-1","max-image-preview":"max-image-preview:large","max-video-preview":"max-video-preview:-1"},"canonical":"https:\/\/www.sgagora.com.br\/sg\/fiscalizacao-do-crlv-2025-comeca-em-setembro-em-minas-gerais\/","og_locale":"pt_BR","og_type":"article","og_title":"Fiscaliza\u00e7\u00e3o do CRLV 2025 come\u00e7a em Setembro em Minas Gerais","og_description":"A exig\u00eancia, estabelecida pela Portaria n\u00ba 0999\/2025 da Coordenadoria Estadual de Gest\u00e3o de Tr\u00e2nsito (CET-MG), seguir\u00e1 um cronograma de fiscaliza\u00e7\u00e3o conforme o final da placa do ve\u00edculo.\u00a0","og_url":"https:\/\/www.sgagora.com.br\/sg\/fiscalizacao-do-crlv-2025-comeca-em-setembro-em-minas-gerais\/","og_site_name":"SGAgora","article_publisher":"https:\/\/www.facebook.com\/sgagora","article_published_time":"2025-08-20T19:15:59+00:00","article_modified_time":"2025-10-15T15:55:10+00:00","og_image":[{"width":600,"height":400,"url":"https:\/\/www.sgagora.com.br\/sg\/wp-content\/uploads\/2025\/08\/Design-sem-nome-1.png","type":"image\/png"}],"author":"SG Agora","twitter_misc":{"Escrito por":"SG Agora","Est. tempo de leitura":"3 minutos"},"schema":{"@context":"https:\/\/schema.org","@graph":[{"@type":"WebPage","@id":"https:\/\/www.sgagora.com.br\/sg\/fiscalizacao-do-crlv-2025-comeca-em-setembro-em-minas-gerais\/","url":"https:\/\/www.sgagora.com.br\/sg\/fiscalizacao-do-crlv-2025-comeca-em-setembro-em-minas-gerais\/","name":"Fiscaliza\u00e7\u00e3o do CRLV 2025 come\u00e7a em Setembro em Minas Gerais","isPartOf":{"@id":"https:\/\/www.sgagora.com.br\/sg\/#website"},"datePublished":"2025-08-20T19:15:59+00:00","dateModified":"2025-10-15T15:55:10+00:00","author":{"@id":"https:\/\/www.sgagora.com.br\/sg\/#\/schema\/person\/2be62cfb47cee3e0b305e4f7a765ae41"},"description":"A exig\u00eancia, estabelecida pela Portaria n\u00ba 0999\/2025 da Coordenadoria Estadual de Gest\u00e3o de Tr\u00e2nsito (CET-MG), seguir\u00e1 um cronograma de fiscaliza\u00e7\u00e3o conforme o final da placa do ve\u00edculo.\u00a0","breadcrumb":{"@id":"https:\/\/www.sgagora.com.br\/sg\/fiscalizacao-do-crlv-2025-comeca-em-setembro-em-minas-gerais\/#breadcrumb"},"inLanguage":"pt-BR","potentialAction":[{"@type":"ReadAction","target":["https:\/\/www.sgagora.com.br\/sg\/fiscalizacao-do-crlv-2025-comeca-em-setembro-em-minas-gerais\/"]}]},{"@type":"BreadcrumbList","@id":"https:\/\/www.sgagora.com.br\/sg\/fiscalizacao-do-crlv-2025-comeca-em-setembro-em-minas-gerais\/#breadcrumb","itemListElement":[{"@type":"ListItem","position":1,"name":"In\u00edcio","item":"https:\/\/www.sgagora.com.br\/sg\/"},{"@type":"ListItem","position":2,"name":"Fiscaliza\u00e7\u00e3o do CRLV 2025 come\u00e7a em Setembro em Minas Gerais"}]},{"@type":"WebSite","@id":"https:\/\/www.sgagora.com.br\/sg\/#website","url":"https:\/\/www.sgagora.com.br\/sg\/","name":"SGAgora","description":"Not\u00edcias de S\u00e3o Gotardo","potentialAction":[{"@type":"SearchAction","target":{"@type":"EntryPoint","urlTemplate":"https:\/\/www.sgagora.com.br\/sg\/?s={search_term_string}"},"query-input":"required name=search_term_string"}],"inLanguage":"pt-BR"},{"@type":"Person","@id":"https:\/\/www.sgagora.com.br\/sg\/#\/schema\/person\/2be62cfb47cee3e0b305e4f7a765ae41","name":"SG Agora","image":{"@type":"ImageObject","inLanguage":"pt-BR","@id":"https:\/\/www.sgagora.com.br\/sg\/#\/schema\/person\/image\/","url":"https:\/\/secure.gravatar.com\/avatar\/a0c612a9a8c3e7419d6fd4f92e749d8d?s=96&d=mm&r=g","contentUrl":"https:\/\/secure.gravatar.com\/avatar\/a0c612a9a8c3e7419d6fd4f92e749d8d?s=96&d=mm&r=g","caption":"SG Agora"},"url":"https:\/\/www.sgagora.com.br\/sg\/author\/admin\/"}]}},"_links":{"self":[{"href":"https:\/\/www.sgagora.com.br\/sg\/wp-json\/wp\/v2\/posts\/1000007971"}],"collection":[{"href":"https:\/\/www.sgagora.com.br\/sg\/wp-json\/wp\/v2\/posts"}],"about":[{"href":"https:\/\/www.sgagora.com.br\/sg\/wp-json\/wp\/v2\/types\/post"}],"author":[{"embeddable":true,"href":"https:\/\/www.sgagora.com.br\/sg\/wp-json\/wp\/v2\/users\/1"}],"replies":[{"embeddable":true,"href":"https:\/\/www.sgagora.com.br\/sg\/wp-json\/wp\/v2\/comments?post=1000007971"}],"version-history":[{"count":4,"href":"https:\/\/www.sgagora.com.br\/sg\/wp-json\/wp\/v2\/posts\/1000007971\/revisions"}],"predecessor-version":[{"id":1000008406,"href":"https:\/\/www.sgagora.com.br\/sg\/wp-json\/wp\/v2\/posts\/1000007971\/revisions\/1000008406"}],"wp:featuredmedia":[{"embeddable":true,"href":"https:\/\/www.sgagora.com.br\/sg\/wp-json\/wp\/v2\/media\/1000007975"}],"wp:attachment":[{"href":"https:\/\/www.sgagora.com.br\/sg\/wp-json\/wp\/v2\/media?parent=1000007971"}],"wp:term":[{"taxonomy":"category","embeddable":true,"href":"https:\/\/www.sgagora.com.br\/sg\/wp-json\/wp\/v2\/categories?post=1000007971"},{"taxonomy":"post_tag","embeddable":true,"href":"https:\/\/www.sgagora.com.br\/sg\/wp-json\/wp\/v2\/tags?post=1000007971"}],"curies":[{"name":"wp","href":"https:\/\/api.w.org\/{rel}","templated":true}]}}