{"id":1000008245,"date":"2025-09-28T11:40:10","date_gmt":"2025-09-28T14:40:10","guid":{"rendered":"https:\/\/www.sgagora.com.br\/sg\/?p=1000008245"},"modified":"2025-10-15T12:32:50","modified_gmt":"2025-10-15T15:32:50","slug":"policia-civil-inquerito-revela-anos-de-abuso-contra-crianca-em-sao-gotardo-suspeito-e-indiciado","status":"publish","type":"post","link":"https:\/\/www.sgagora.com.br\/sg\/policia-civil-inquerito-revela-anos-de-abuso-contra-crianca-em-sao-gotardo-suspeito-e-indiciado\/","title":{"rendered":"POL\u00cdCIA CIVIL: Inqu\u00e9rito revela anos de abuso contra crian\u00e7a em S\u00e3o Gotardo. Suspeito \u00e9 indiciado"},"content":{"rendered":"<p style=\"text-align: center;\"><span style=\"color: #ff0000;\"><strong>CONTINUA AP\u00d3S A PUBLICIDADE<\/strong><\/span><img decoding=\"async\" loading=\"lazy\" class=\"aligncenter wp-image-1000005472 size-full\" src=\"https:\/\/www.sgagora.com.br\/sg\/wp-content\/uploads\/2024\/08\/gif_260x260px_ssv.gif\" alt=\"\" width=\"260\" height=\"260\" \/><\/p>\n<p><img decoding=\"async\" loading=\"lazy\" class=\"aligncenter wp-image-1000008334 size-full\" src=\"https:\/\/www.sgagora.com.br\/sg\/wp-content\/uploads\/2025\/10\/Video-Post-para-Instagram-Animado-Novo-Post-Blog-Metaverso-Tecnologia.gif\" alt=\"\" width=\"260\" height=\"260\" \/><\/p>\n<p style=\"text-align: justify;\"><strong><em>Assessoria de Imprensa Pol\u00edcia Civil de S\u00e3o Gotardo:<\/em><\/strong>\u00a0A Pol\u00edcia Civil de Minas Gerais (PCMG) concluiu, nessa quinta-feira (25\/9), o inqu\u00e9rito policial que apurou crimes de estupro de vulner\u00e1vel ocorridos em S\u00e3o Gotardo. Um homem de 38 anos foi indiciado por abusos cometidos contra uma crian\u00e7a ao longo de v\u00e1rios anos.<\/p>\n<p style=\"text-align: justify;\">O inqu\u00e9rito foi instaurado ap\u00f3s den\u00fancia de que uma crian\u00e7a, sob os cuidados de uma bab\u00e1, era v\u00edtima de viol\u00eancia sexual praticada pelo companheiro da cuidadora. Os fatos teriam ocorrido entre 2018 e 2022, per\u00edodo em que a v\u00edtima tinha entre 4 e 9 anos. De acordo com as investiga\u00e7\u00f5es, o suspeito se aproveitava da aus\u00eancia da bab\u00e1 para cometer os atos.<\/p>\n<p style=\"text-align: center;\"><span style=\"color: #ff0000;\"><strong>CONTINUA AP\u00d3S A PUBLICIDADE<\/strong><\/span><img decoding=\"async\" loading=\"lazy\" class=\"aligncenter wp-image-1000001976 size-full\" src=\"https:\/\/www.sgagora.com.br\/sg\/wp-content\/uploads\/2019\/12\/GIF-PRONTO-ODONTO-COMPANY.gif\" alt=\"\" width=\"600\" height=\"260\" \/><\/p>\n<h1 style=\"text-align: justify;\">Entenda o caso<br \/>\n<span style=\"color: #ffffff;\">.<\/span><\/h1>\n<p style=\"text-align: justify;\">A situa\u00e7\u00e3o veio \u00e0 tona quando os pais perceberam mudan\u00e7as significativas no comportamento da crian\u00e7a ap\u00f3s a dispensa da bab\u00e1. A v\u00edtima relatou inicialmente os abusos \u00e0 psic\u00f3loga da escola, que comunicou a situa\u00e7\u00e3o aos respons\u00e1veis. Em conversas posteriores com os pais e com uma assistente social, a crian\u00e7a confirmou os fatos.<\/p>\n<p style=\"text-align: center;\"><strong><span style=\"color: #ff0000;\">CONTINUA AP\u00d3S A PUBLICIDADE<br \/>\n<img decoding=\"async\" loading=\"lazy\" class=\"aligncenter size-full wp-image-1000006671\" src=\"https:\/\/www.sgagora.com.br\/sg\/wp-content\/uploads\/2025\/04\/GIF-MAGNO-1.gif\" alt=\"\" width=\"600\" height=\"260\" \/><\/span><\/strong><\/p>\n<p style=\"text-align: justify;\">A v\u00edtima manteve-se em sil\u00eancio durante anos por medo. \u201cA crian\u00e7a afirmou que era amea\u00e7ada pelo agressor para que n\u00e3o contasse a ningu\u00e9m, sob pena de que coisas ruins aconteceriam caso revelasse os abusos\u201d.<\/p>\n<p style=\"text-align: justify;\">Embora o investigado tenha negado os fatos, os demais elementos reunidos no curso das investiga\u00e7\u00f5es possibilitam a conclus\u00e3o do inqu\u00e9rito com o indiciamento do suspeito pelos diversos crimes de estupro de vulner\u00e1vel cometidos em continuidade delitiva.<\/p>\n<p style=\"text-align: center;\"><strong><span style=\"color: #ff0000;\">CONTINUA AP\u00d3S A PUBLICIDADE<\/span><\/strong><img decoding=\"async\" loading=\"lazy\" class=\"aligncenter wp-image-1000004773 size-full\" src=\"https:\/\/www.sgagora.com.br\/sg\/wp-content\/uploads\/2024\/05\/GIF-SICREDI-SAO-GOTARDO.gif\" alt=\"\" width=\"260\" height=\"260\" \/><\/p>\n<p><img decoding=\"async\" loading=\"lazy\" class=\"aligncenter wp-image-1000006254 size-full\" src=\"https:\/\/www.sgagora.com.br\/sg\/wp-content\/uploads\/2025\/01\/Team.gif\" alt=\"\" width=\"260\" height=\"260\" \/><\/p>\n<p><span style=\"color: #ffffff;\">.<\/span><\/p>\n<p style=\"text-align: justify;\"><em><strong>Reportagem e Foto Capa:<\/strong> Assessoria de Imprensa Pol\u00edcia Civil de S\u00e3o Gotardo<\/em><\/p>\n","protected":false},"excerpt":{"rendered":"<p>CONTINUA AP\u00d3S A PUBLICIDADE Assessoria de Imprensa Pol\u00edcia Civil de S\u00e3o Gotardo:\u00a0A Pol\u00edcia Civil de Minas Gerais (PCMG) concluiu, nessa quinta-feira (25\/9), o inqu\u00e9rito policial que apurou crimes de estupro de vulner\u00e1vel ocorridos em S\u00e3o &#8230; <a class=\"readmore\" href=\"https:\/\/www.sgagora.com.br\/sg\/policia-civil-inquerito-revela-anos-de-abuso-contra-crianca-em-sao-gotardo-suspeito-e-indiciado\/\">Leia Mais<\/a><\/p>\n","protected":false},"author":1,"featured_media":1000008247,"comment_status":"open","ping_status":"open","sticky":false,"template":"","format":"standard","meta":{"_bbp_topic_count":0,"_bbp_reply_count":0,"_bbp_total_topic_count":0,"_bbp_total_reply_count":0,"_bbp_voice_count":0,"_bbp_anonymous_reply_count":0,"_bbp_topic_count_hidden":0,"_bbp_reply_count_hidden":0,"_bbp_forum_subforum_count":0},"categories":[77,81],"tags":[6457,1428,798,233,1552,138],"yoast_head":"<!-- This site is optimized with the Yoast SEO plugin v20.5 - https:\/\/yoast.com\/wordpress\/plugins\/seo\/ -->\n<title>POL\u00cdCIA CIVIL: Inqu\u00e9rito revela anos de abuso contra crian\u00e7a em S\u00e3o Gotardo. Suspeito \u00e9 indiciado<\/title>\n<meta name=\"description\" content=\"O inqu\u00e9rito foi instaurado ap\u00f3s den\u00fancia de que uma crian\u00e7a, sob os cuidados de uma bab\u00e1, era v\u00edtima de viol\u00eancia sexual praticada pelo companheiro da cuidadora.\" \/>\n<meta name=\"robots\" content=\"index, follow, max-snippet:-1, max-image-preview:large, max-video-preview:-1\" \/>\n<link rel=\"canonical\" href=\"https:\/\/www.sgagora.com.br\/sg\/policia-civil-inquerito-revela-anos-de-abuso-contra-crianca-em-sao-gotardo-suspeito-e-indiciado\/\" \/>\n<meta property=\"og:locale\" content=\"pt_BR\" \/>\n<meta property=\"og:type\" content=\"article\" \/>\n<meta property=\"og:title\" content=\"POL\u00cdCIA CIVIL: Inqu\u00e9rito revela anos de abuso contra crian\u00e7a em S\u00e3o Gotardo. Suspeito \u00e9 indiciado\" \/>\n<meta property=\"og:description\" content=\"O inqu\u00e9rito foi instaurado ap\u00f3s den\u00fancia de que uma crian\u00e7a, sob os cuidados de uma bab\u00e1, era v\u00edtima de viol\u00eancia sexual praticada pelo companheiro da cuidadora.\" \/>\n<meta property=\"og:url\" content=\"https:\/\/www.sgagora.com.br\/sg\/policia-civil-inquerito-revela-anos-de-abuso-contra-crianca-em-sao-gotardo-suspeito-e-indiciado\/\" \/>\n<meta property=\"og:site_name\" content=\"SGAgora\" \/>\n<meta property=\"article:publisher\" content=\"https:\/\/www.facebook.com\/sgagora\" \/>\n<meta property=\"article:published_time\" content=\"2025-09-28T14:40:10+00:00\" \/>\n<meta property=\"article:modified_time\" content=\"2025-10-15T15:32:50+00:00\" \/>\n<meta property=\"og:image\" content=\"https:\/\/www.sgagora.com.br\/sg\/wp-content\/uploads\/2025\/09\/e0b8243f-6bf4-4a89-bf45-916984371f80-e1759070321175.jpeg\" \/>\n\t<meta property=\"og:image:width\" content=\"600\" \/>\n\t<meta property=\"og:image:height\" content=\"750\" \/>\n\t<meta property=\"og:image:type\" content=\"image\/jpeg\" \/>\n<meta name=\"author\" content=\"SG Agora\" \/>\n<meta name=\"twitter:label1\" content=\"Escrito por\" \/>\n\t<meta name=\"twitter:data1\" content=\"SG Agora\" \/>\n\t<meta name=\"twitter:label2\" content=\"Est. tempo de leitura\" \/>\n\t<meta name=\"twitter:data2\" content=\"3 minutos\" \/>\n<script type=\"application\/ld+json\" class=\"yoast-schema-graph\">{\"@context\":\"https:\/\/schema.org\",\"@graph\":[{\"@type\":\"WebPage\",\"@id\":\"https:\/\/www.sgagora.com.br\/sg\/policia-civil-inquerito-revela-anos-de-abuso-contra-crianca-em-sao-gotardo-suspeito-e-indiciado\/\",\"url\":\"https:\/\/www.sgagora.com.br\/sg\/policia-civil-inquerito-revela-anos-de-abuso-contra-crianca-em-sao-gotardo-suspeito-e-indiciado\/\",\"name\":\"POL\u00cdCIA CIVIL: Inqu\u00e9rito revela anos de abuso contra crian\u00e7a em S\u00e3o Gotardo. Suspeito \u00e9 indiciado\",\"isPartOf\":{\"@id\":\"https:\/\/www.sgagora.com.br\/sg\/#website\"},\"datePublished\":\"2025-09-28T14:40:10+00:00\",\"dateModified\":\"2025-10-15T15:32:50+00:00\",\"author\":{\"@id\":\"https:\/\/www.sgagora.com.br\/sg\/#\/schema\/person\/2be62cfb47cee3e0b305e4f7a765ae41\"},\"description\":\"O inqu\u00e9rito foi instaurado ap\u00f3s den\u00fancia de que uma crian\u00e7a, sob os cuidados de uma bab\u00e1, era v\u00edtima de viol\u00eancia sexual praticada pelo companheiro da cuidadora.\",\"breadcrumb\":{\"@id\":\"https:\/\/www.sgagora.com.br\/sg\/policia-civil-inquerito-revela-anos-de-abuso-contra-crianca-em-sao-gotardo-suspeito-e-indiciado\/#breadcrumb\"},\"inLanguage\":\"pt-BR\",\"potentialAction\":[{\"@type\":\"ReadAction\",\"target\":[\"https:\/\/www.sgagora.com.br\/sg\/policia-civil-inquerito-revela-anos-de-abuso-contra-crianca-em-sao-gotardo-suspeito-e-indiciado\/\"]}]},{\"@type\":\"BreadcrumbList\",\"@id\":\"https:\/\/www.sgagora.com.br\/sg\/policia-civil-inquerito-revela-anos-de-abuso-contra-crianca-em-sao-gotardo-suspeito-e-indiciado\/#breadcrumb\",\"itemListElement\":[{\"@type\":\"ListItem\",\"position\":1,\"name\":\"In\u00edcio\",\"item\":\"https:\/\/www.sgagora.com.br\/sg\/\"},{\"@type\":\"ListItem\",\"position\":2,\"name\":\"POL\u00cdCIA CIVIL: Inqu\u00e9rito revela anos de abuso contra crian\u00e7a em S\u00e3o Gotardo. Suspeito \u00e9 indiciado\"}]},{\"@type\":\"WebSite\",\"@id\":\"https:\/\/www.sgagora.com.br\/sg\/#website\",\"url\":\"https:\/\/www.sgagora.com.br\/sg\/\",\"name\":\"SGAgora\",\"description\":\"Not\u00edcias de S\u00e3o Gotardo\",\"potentialAction\":[{\"@type\":\"SearchAction\",\"target\":{\"@type\":\"EntryPoint\",\"urlTemplate\":\"https:\/\/www.sgagora.com.br\/sg\/?s={search_term_string}\"},\"query-input\":\"required name=search_term_string\"}],\"inLanguage\":\"pt-BR\"},{\"@type\":\"Person\",\"@id\":\"https:\/\/www.sgagora.com.br\/sg\/#\/schema\/person\/2be62cfb47cee3e0b305e4f7a765ae41\",\"name\":\"SG Agora\",\"image\":{\"@type\":\"ImageObject\",\"inLanguage\":\"pt-BR\",\"@id\":\"https:\/\/www.sgagora.com.br\/sg\/#\/schema\/person\/image\/\",\"url\":\"https:\/\/secure.gravatar.com\/avatar\/a0c612a9a8c3e7419d6fd4f92e749d8d?s=96&d=mm&r=g\",\"contentUrl\":\"https:\/\/secure.gravatar.com\/avatar\/a0c612a9a8c3e7419d6fd4f92e749d8d?s=96&d=mm&r=g\",\"caption\":\"SG Agora\"},\"url\":\"https:\/\/www.sgagora.com.br\/sg\/author\/admin\/\"}]}<\/script>\n<!-- \/ Yoast SEO plugin. -->","yoast_head_json":{"title":"POL\u00cdCIA CIVIL: Inqu\u00e9rito revela anos de abuso contra crian\u00e7a em S\u00e3o Gotardo. Suspeito \u00e9 indiciado","description":"O inqu\u00e9rito foi instaurado ap\u00f3s den\u00fancia de que uma crian\u00e7a, sob os cuidados de uma bab\u00e1, era v\u00edtima de viol\u00eancia sexual praticada pelo companheiro da cuidadora.","robots":{"index":"index","follow":"follow","max-snippet":"max-snippet:-1","max-image-preview":"max-image-preview:large","max-video-preview":"max-video-preview:-1"},"canonical":"https:\/\/www.sgagora.com.br\/sg\/policia-civil-inquerito-revela-anos-de-abuso-contra-crianca-em-sao-gotardo-suspeito-e-indiciado\/","og_locale":"pt_BR","og_type":"article","og_title":"POL\u00cdCIA CIVIL: Inqu\u00e9rito revela anos de abuso contra crian\u00e7a em S\u00e3o Gotardo. Suspeito \u00e9 indiciado","og_description":"O inqu\u00e9rito foi instaurado ap\u00f3s den\u00fancia de que uma crian\u00e7a, sob os cuidados de uma bab\u00e1, era v\u00edtima de viol\u00eancia sexual praticada pelo companheiro da cuidadora.","og_url":"https:\/\/www.sgagora.com.br\/sg\/policia-civil-inquerito-revela-anos-de-abuso-contra-crianca-em-sao-gotardo-suspeito-e-indiciado\/","og_site_name":"SGAgora","article_publisher":"https:\/\/www.facebook.com\/sgagora","article_published_time":"2025-09-28T14:40:10+00:00","article_modified_time":"2025-10-15T15:32:50+00:00","og_image":[{"width":600,"height":750,"url":"https:\/\/www.sgagora.com.br\/sg\/wp-content\/uploads\/2025\/09\/e0b8243f-6bf4-4a89-bf45-916984371f80-e1759070321175.jpeg","type":"image\/jpeg"}],"author":"SG Agora","twitter_misc":{"Escrito por":"SG Agora","Est. tempo de leitura":"3 minutos"},"schema":{"@context":"https:\/\/schema.org","@graph":[{"@type":"WebPage","@id":"https:\/\/www.sgagora.com.br\/sg\/policia-civil-inquerito-revela-anos-de-abuso-contra-crianca-em-sao-gotardo-suspeito-e-indiciado\/","url":"https:\/\/www.sgagora.com.br\/sg\/policia-civil-inquerito-revela-anos-de-abuso-contra-crianca-em-sao-gotardo-suspeito-e-indiciado\/","name":"POL\u00cdCIA CIVIL: Inqu\u00e9rito revela anos de abuso contra crian\u00e7a em S\u00e3o Gotardo. Suspeito \u00e9 indiciado","isPartOf":{"@id":"https:\/\/www.sgagora.com.br\/sg\/#website"},"datePublished":"2025-09-28T14:40:10+00:00","dateModified":"2025-10-15T15:32:50+00:00","author":{"@id":"https:\/\/www.sgagora.com.br\/sg\/#\/schema\/person\/2be62cfb47cee3e0b305e4f7a765ae41"},"description":"O inqu\u00e9rito foi instaurado ap\u00f3s den\u00fancia de que uma crian\u00e7a, sob os cuidados de uma bab\u00e1, era v\u00edtima de viol\u00eancia sexual praticada pelo companheiro da cuidadora.","breadcrumb":{"@id":"https:\/\/www.sgagora.com.br\/sg\/policia-civil-inquerito-revela-anos-de-abuso-contra-crianca-em-sao-gotardo-suspeito-e-indiciado\/#breadcrumb"},"inLanguage":"pt-BR","potentialAction":[{"@type":"ReadAction","target":["https:\/\/www.sgagora.com.br\/sg\/policia-civil-inquerito-revela-anos-de-abuso-contra-crianca-em-sao-gotardo-suspeito-e-indiciado\/"]}]},{"@type":"BreadcrumbList","@id":"https:\/\/www.sgagora.com.br\/sg\/policia-civil-inquerito-revela-anos-de-abuso-contra-crianca-em-sao-gotardo-suspeito-e-indiciado\/#breadcrumb","itemListElement":[{"@type":"ListItem","position":1,"name":"In\u00edcio","item":"https:\/\/www.sgagora.com.br\/sg\/"},{"@type":"ListItem","position":2,"name":"POL\u00cdCIA CIVIL: Inqu\u00e9rito revela anos de abuso contra crian\u00e7a em S\u00e3o Gotardo. Suspeito \u00e9 indiciado"}]},{"@type":"WebSite","@id":"https:\/\/www.sgagora.com.br\/sg\/#website","url":"https:\/\/www.sgagora.com.br\/sg\/","name":"SGAgora","description":"Not\u00edcias de S\u00e3o Gotardo","potentialAction":[{"@type":"SearchAction","target":{"@type":"EntryPoint","urlTemplate":"https:\/\/www.sgagora.com.br\/sg\/?s={search_term_string}"},"query-input":"required name=search_term_string"}],"inLanguage":"pt-BR"},{"@type":"Person","@id":"https:\/\/www.sgagora.com.br\/sg\/#\/schema\/person\/2be62cfb47cee3e0b305e4f7a765ae41","name":"SG Agora","image":{"@type":"ImageObject","inLanguage":"pt-BR","@id":"https:\/\/www.sgagora.com.br\/sg\/#\/schema\/person\/image\/","url":"https:\/\/secure.gravatar.com\/avatar\/a0c612a9a8c3e7419d6fd4f92e749d8d?s=96&d=mm&r=g","contentUrl":"https:\/\/secure.gravatar.com\/avatar\/a0c612a9a8c3e7419d6fd4f92e749d8d?s=96&d=mm&r=g","caption":"SG Agora"},"url":"https:\/\/www.sgagora.com.br\/sg\/author\/admin\/"}]}},"_links":{"self":[{"href":"https:\/\/www.sgagora.com.br\/sg\/wp-json\/wp\/v2\/posts\/1000008245"}],"collection":[{"href":"https:\/\/www.sgagora.com.br\/sg\/wp-json\/wp\/v2\/posts"}],"about":[{"href":"https:\/\/www.sgagora.com.br\/sg\/wp-json\/wp\/v2\/types\/post"}],"author":[{"embeddable":true,"href":"https:\/\/www.sgagora.com.br\/sg\/wp-json\/wp\/v2\/users\/1"}],"replies":[{"embeddable":true,"href":"https:\/\/www.sgagora.com.br\/sg\/wp-json\/wp\/v2\/comments?post=1000008245"}],"version-history":[{"count":2,"href":"https:\/\/www.sgagora.com.br\/sg\/wp-json\/wp\/v2\/posts\/1000008245\/revisions"}],"predecessor-version":[{"id":1000008355,"href":"https:\/\/www.sgagora.com.br\/sg\/wp-json\/wp\/v2\/posts\/1000008245\/revisions\/1000008355"}],"wp:featuredmedia":[{"embeddable":true,"href":"https:\/\/www.sgagora.com.br\/sg\/wp-json\/wp\/v2\/media\/1000008247"}],"wp:attachment":[{"href":"https:\/\/www.sgagora.com.br\/sg\/wp-json\/wp\/v2\/media?parent=1000008245"}],"wp:term":[{"taxonomy":"category","embeddable":true,"href":"https:\/\/www.sgagora.com.br\/sg\/wp-json\/wp\/v2\/categories?post=1000008245"},{"taxonomy":"post_tag","embeddable":true,"href":"https:\/\/www.sgagora.com.br\/sg\/wp-json\/wp\/v2\/tags?post=1000008245"}],"curies":[{"name":"wp","href":"https:\/\/api.w.org\/{rel}","templated":true}]}}