{"id":1000008258,"date":"2025-10-02T13:58:38","date_gmt":"2025-10-02T16:58:38","guid":{"rendered":"https:\/\/www.sgagora.com.br\/sg\/?p=1000008258"},"modified":"2025-11-11T15:40:13","modified_gmt":"2025-11-11T18:40:13","slug":"voce-viu-padaria-delicias-do-trigo-reinaugura-em-sao-gotardo","status":"publish","type":"post","link":"https:\/\/www.sgagora.com.br\/sg\/voce-viu-padaria-delicias-do-trigo-reinaugura-em-sao-gotardo\/","title":{"rendered":"VOCE VIU? Padaria Del\u00edcias do Trigo reinaugura em S\u00e3o Gotardo!"},"content":{"rendered":"<p style=\"text-align: center;\"><span style=\"color: #ff0000;\"><strong>CONTINUA AP\u00d3S A PUBLICIDADE<\/strong><\/span><img decoding=\"async\" loading=\"lazy\" class=\"aligncenter wp-image-1000005472 size-full\" src=\"https:\/\/www.sgagora.com.br\/sg\/wp-content\/uploads\/2024\/08\/gif_260x260px_ssv.gif\" alt=\"\" width=\"260\" height=\"260\" \/><\/p>\n<p><img decoding=\"async\" loading=\"lazy\" class=\"aligncenter wp-image-1000008334 size-full\" src=\"https:\/\/www.sgagora.com.br\/sg\/wp-content\/uploads\/2025\/10\/Video-Post-para-Instagram-Animado-Novo-Post-Blog-Metaverso-Tecnologia.gif\" alt=\"\" width=\"260\" height=\"260\" \/><\/p>\n<p style=\"text-align: justify;\">Na \u00faltima sexta-feira, 26 de Setembro de 2025, foi reinaugurada a Padaria Del\u00edcias do Trigo em S\u00e3o Gotardo. Localizada no Centro da cidade e considerada uma das Padarias mais tradicionais de todo o munic\u00edpio S\u00e3o-Gotardense, a reinaugura\u00e7\u00e3o era muito aguardada e foi um verdadeiro sucesso <strong><em>(VEJA AS FOTOS NO FINAL DESTA REPORTAGEM)<\/em><\/strong>.<\/p>\n<p style=\"text-align: justify;\">Completando 16 anos em S\u00e3o Gotardo, a Padaria Del\u00edcias do Trigo, sempre foi uma das principais respons\u00e1veis por levar um p\u00e3o de qualidade, fresquinho e quentinho para toda a popula\u00e7\u00e3o de nossa cidade. Al\u00e9m disso, a Padaria tamb\u00e9m \u00e9 especialista em confeitaria, produzindo bolos, tortas, entre outras del\u00edcias doces e tamb\u00e9m salgadas.<\/p>\n<p style=\"text-align: center;\"><span style=\"color: #ff0000;\"><strong>CONTINUA AP\u00d3S A PUBLICIDADE<\/strong><\/span><img decoding=\"async\" loading=\"lazy\" class=\"aligncenter wp-image-1000001976 size-full\" src=\"https:\/\/www.sgagora.com.br\/sg\/wp-content\/uploads\/2019\/12\/GIF-PRONTO-ODONTO-COMPANY.gif\" alt=\"\" width=\"600\" height=\"260\" \/><\/p>\n<p style=\"text-align: justify;\">Com a reforma do antigo espa\u00e7o, a Padaria Del\u00edcias do Trigo contar\u00e1 agora com ainda mais produtos aliment\u00edcios, bebidas e claro um espa\u00e7o ainda mais aconchegante para as pessoas poderem realizar seus lanches dentro da Padaria. A Del\u00edcias do Trigo agora conta tamb\u00e9m com banheiro masculino, feminino e para pessoas que necessitem de espa\u00e7o para maior mobilidade.<\/p>\n<p style=\"text-align: justify;\">Ao Portal SG AGORA, as propriet\u00e1rias da Padaria Del\u00edcias do Trigo de S\u00e3o Gotardo, Miriam Soares e Rose Braga, comentaram sobre a alegria, os desafios e a satisfa\u00e7\u00e3o de poder reinaugurar o espa\u00e7o gastron\u00f4mico que faz parte da hist\u00f3ria de S\u00e3o Gotardo:<\/p>\n<h6 style=\"text-align: center;\"><img decoding=\"async\" loading=\"lazy\" class=\"aligncenter size-full wp-image-1000008261\" src=\"https:\/\/www.sgagora.com.br\/sg\/wp-content\/uploads\/2025\/10\/batch_IMG_0703.jpg\" alt=\"\" width=\"600\" height=\"400\" srcset=\"https:\/\/www.sgagora.com.br\/sg\/wp-content\/uploads\/2025\/10\/batch_IMG_0703.jpg 600w, https:\/\/www.sgagora.com.br\/sg\/wp-content\/uploads\/2025\/10\/batch_IMG_0703-300x200.jpg 300w\" sizes=\"(max-width: 600px) 100vw, 600px\" \/>Reinaugura\u00e7\u00e3o foi um momento de celebra\u00e7\u00e3o para toda a equipe da Del\u00edcias do Trigo (FOTO: SG AGORA)<\/h6>\n<blockquote>\n<p style=\"text-align: justify;\">&#8220;\u00c9 com muita satisfa\u00e7\u00e3o, que hoje, reinauguramos a Del\u00edcias do Trigo, que faz parte de S\u00e3o Gotardo h\u00e1 16 anos. Trouxemos um Cheff de fora para trazer coisas diferentes e queremos convidar toda a popula\u00e7\u00e3o para conhecer nosso novo espa\u00e7o&#8221;, disse Miriam.<\/p>\n<p style=\"text-align: justify;\">&#8220;A felicidade nossa \u00e9 enorme. Ontem achamos que n\u00e3o conseguir\u00edamos abrir, mas deu tudo certo. E ver a alegria, a satisfa\u00e7\u00e3o do cliente, elogiando, parabenizando a gente pelo novo espa\u00e7o n\u00e3o tem pre\u00e7o e mostra que valeu muito a pena. Queria agradecer todos nossos clientes&#8221;, disse Rose.<\/p>\n<\/blockquote>\n<p style=\"text-align: center;\"><strong><span style=\"color: #ff0000;\">CONTINUA AP\u00d3S A PUBLICIDADE<br \/>\n<img decoding=\"async\" loading=\"lazy\" class=\"aligncenter wp-image-1000008585 size-full\" src=\"https:\/\/www.sgagora.com.br\/sg\/wp-content\/uploads\/2025\/11\/GIF-EMPORIUM.gif\" alt=\"\" width=\"600\" height=\"260\" \/><\/span><\/strong><\/p>\n<p style=\"text-align: justify;\">A reportagem em V\u00cdDEO voc\u00ea acompanha no Jornal SG AGORA, edi\u00e7\u00e3o de S\u00e1bado, 04 de Setembro de 2025, em nosso Canal do YouTube, a partir de meio dia <span style=\"color: #3366ff;\"><a style=\"color: #3366ff;\" href=\"https:\/\/www.youtube.com\/@SGAGORAOFICIAL\/videos\" target=\"_blank\" rel=\"noopener\"><em><strong>(CLIQUE AQUI E SE INSCREVA EM NOSSO CANAL DO YOUTUBE)<\/strong><\/em><\/a><\/span>.<\/p>\n<p style=\"text-align: justify;\">O Portal SG AGORA parabeniza toda a equipe da Padaria Del\u00edcias no Trigo, por reinaugurarem um espa\u00e7o t\u00e3o aconchegante, acolhedor e delicioso para a popula\u00e7\u00e3o S\u00e3o Gotardense!<\/p>\n<p style=\"text-align: center;\"><strong><span style=\"color: #ff0000;\">CONTINUA AP\u00d3S A PUBLICIDADE<\/span><\/strong><img decoding=\"async\" loading=\"lazy\" class=\"aligncenter wp-image-1000004773 size-full\" src=\"https:\/\/www.sgagora.com.br\/sg\/wp-content\/uploads\/2024\/05\/GIF-SICREDI-SAO-GOTARDO.gif\" alt=\"\" width=\"260\" height=\"260\" \/><\/p>\n<p><img decoding=\"async\" loading=\"lazy\" class=\"aligncenter wp-image-1000006254 size-full\" src=\"https:\/\/www.sgagora.com.br\/sg\/wp-content\/uploads\/2025\/01\/Team.gif\" alt=\"\" width=\"260\" height=\"260\" \/><span style=\"color: #ffffff;\">.<\/span><\/p>\n<h1 style=\"text-align: justify;\">FOTOS DA NOVA DEL\u00cdCIAS DO TRIGO EM S\u00c3O GOTARDO:<br \/>\n<span style=\"color: #ffffff;\">&gt;<\/span><\/h1>\n\n\t\t<style type=\"text\/css\">\n\t\t\t#gallery-1 {\n\t\t\t\tmargin: auto;\n\t\t\t}\n\t\t\t#gallery-1 .gallery-item {\n\t\t\t\tfloat: left;\n\t\t\t\tmargin-top: 10px;\n\t\t\t\ttext-align: center;\n\t\t\t\twidth: 50%;\n\t\t\t}\n\t\t\t#gallery-1 img {\n\t\t\t\tborder: 2px solid #cfcfcf;\n\t\t\t}\n\t\t\t#gallery-1 .gallery-caption {\n\t\t\t\tmargin-left: 0;\n\t\t\t}\n\t\t\t\/* see gallery_shortcode() in wp-includes\/media.php *\/\n\t\t<\/style>\n\t\t<div id='gallery-1' class='gallery galleryid-1000008258 gallery-columns-2 gallery-size-medium'><dl class='gallery-item'>\n\t\t\t<dt class='gallery-icon landscape'>\n\t\t\t\t<a class=\"prettyphoto\" rel=\"prettyPhoto[gallery]\" href='https:\/\/www.sgagora.com.br\/sg\/wp-content\/uploads\/2025\/10\/batch_IMG_0782-1.jpg'><img width=\"300\" height=\"200\" src=\"https:\/\/www.sgagora.com.br\/sg\/wp-content\/uploads\/2025\/10\/batch_IMG_0782-1-300x200.jpg\" class=\"attachment-medium size-medium\" alt=\"\" decoding=\"async\" loading=\"lazy\" srcset=\"https:\/\/www.sgagora.com.br\/sg\/wp-content\/uploads\/2025\/10\/batch_IMG_0782-1-300x200.jpg 300w, https:\/\/www.sgagora.com.br\/sg\/wp-content\/uploads\/2025\/10\/batch_IMG_0782-1.jpg 600w\" sizes=\"(max-width: 300px) 100vw, 300px\" \/><\/a>\n\t\t\t<\/dt><\/dl><dl class='gallery-item'>\n\t\t\t<dt class='gallery-icon landscape'>\n\t\t\t\t<a class=\"prettyphoto\" rel=\"prettyPhoto[gallery]\" href='https:\/\/www.sgagora.com.br\/sg\/wp-content\/uploads\/2025\/10\/batch_IMG_0793.jpg'><img width=\"300\" height=\"200\" src=\"https:\/\/www.sgagora.com.br\/sg\/wp-content\/uploads\/2025\/10\/batch_IMG_0793-300x200.jpg\" class=\"attachment-medium size-medium\" alt=\"\" decoding=\"async\" loading=\"lazy\" srcset=\"https:\/\/www.sgagora.com.br\/sg\/wp-content\/uploads\/2025\/10\/batch_IMG_0793-300x200.jpg 300w, https:\/\/www.sgagora.com.br\/sg\/wp-content\/uploads\/2025\/10\/batch_IMG_0793.jpg 600w\" sizes=\"(max-width: 300px) 100vw, 300px\" \/><\/a>\n\t\t\t<\/dt><\/dl><br style=\"clear: both\" \/><dl class='gallery-item'>\n\t\t\t<dt class='gallery-icon landscape'>\n\t\t\t\t<a class=\"prettyphoto\" rel=\"prettyPhoto[gallery]\" href='https:\/\/www.sgagora.com.br\/sg\/wp-content\/uploads\/2025\/10\/batch_IMG_0703.jpg'><img width=\"300\" height=\"200\" src=\"https:\/\/www.sgagora.com.br\/sg\/wp-content\/uploads\/2025\/10\/batch_IMG_0703-300x200.jpg\" class=\"attachment-medium size-medium\" alt=\"\" decoding=\"async\" loading=\"lazy\" srcset=\"https:\/\/www.sgagora.com.br\/sg\/wp-content\/uploads\/2025\/10\/batch_IMG_0703-300x200.jpg 300w, https:\/\/www.sgagora.com.br\/sg\/wp-content\/uploads\/2025\/10\/batch_IMG_0703.jpg 600w\" sizes=\"(max-width: 300px) 100vw, 300px\" \/><\/a>\n\t\t\t<\/dt><\/dl><dl class='gallery-item'>\n\t\t\t<dt class='gallery-icon landscape'>\n\t\t\t\t<a class=\"prettyphoto\" rel=\"prettyPhoto[gallery]\" href='https:\/\/www.sgagora.com.br\/sg\/wp-content\/uploads\/2025\/10\/batch_IMG_0807.jpg'><img width=\"300\" height=\"200\" src=\"https:\/\/www.sgagora.com.br\/sg\/wp-content\/uploads\/2025\/10\/batch_IMG_0807-300x200.jpg\" class=\"attachment-medium size-medium\" alt=\"\" decoding=\"async\" loading=\"lazy\" srcset=\"https:\/\/www.sgagora.com.br\/sg\/wp-content\/uploads\/2025\/10\/batch_IMG_0807-300x200.jpg 300w, https:\/\/www.sgagora.com.br\/sg\/wp-content\/uploads\/2025\/10\/batch_IMG_0807.jpg 600w\" sizes=\"(max-width: 300px) 100vw, 300px\" \/><\/a>\n\t\t\t<\/dt><\/dl><br style=\"clear: both\" \/><dl class='gallery-item'>\n\t\t\t<dt class='gallery-icon landscape'>\n\t\t\t\t<a class=\"prettyphoto\" rel=\"prettyPhoto[gallery]\" href='https:\/\/www.sgagora.com.br\/sg\/wp-content\/uploads\/2025\/10\/batch_IMG_0798.jpg'><img width=\"300\" height=\"200\" src=\"https:\/\/www.sgagora.com.br\/sg\/wp-content\/uploads\/2025\/10\/batch_IMG_0798-300x200.jpg\" class=\"attachment-medium size-medium\" alt=\"\" decoding=\"async\" loading=\"lazy\" srcset=\"https:\/\/www.sgagora.com.br\/sg\/wp-content\/uploads\/2025\/10\/batch_IMG_0798-300x200.jpg 300w, https:\/\/www.sgagora.com.br\/sg\/wp-content\/uploads\/2025\/10\/batch_IMG_0798.jpg 600w\" sizes=\"(max-width: 300px) 100vw, 300px\" \/><\/a>\n\t\t\t<\/dt><\/dl><dl class='gallery-item'>\n\t\t\t<dt class='gallery-icon landscape'>\n\t\t\t\t<a class=\"prettyphoto\" rel=\"prettyPhoto[gallery]\" href='https:\/\/www.sgagora.com.br\/sg\/wp-content\/uploads\/2025\/10\/batch_IMG_0772.jpg'><img width=\"300\" height=\"200\" src=\"https:\/\/www.sgagora.com.br\/sg\/wp-content\/uploads\/2025\/10\/batch_IMG_0772-300x200.jpg\" class=\"attachment-medium size-medium\" alt=\"\" decoding=\"async\" loading=\"lazy\" srcset=\"https:\/\/www.sgagora.com.br\/sg\/wp-content\/uploads\/2025\/10\/batch_IMG_0772-300x200.jpg 300w, https:\/\/www.sgagora.com.br\/sg\/wp-content\/uploads\/2025\/10\/batch_IMG_0772.jpg 600w\" sizes=\"(max-width: 300px) 100vw, 300px\" \/><\/a>\n\t\t\t<\/dt><\/dl><br style=\"clear: both\" \/>\n\t\t<\/div>\n\n<p><span style=\"color: #ffffff;\">.<\/span><\/p>\n<p style=\"text-align: justify;\"><em><strong>Reportagem:<\/strong> Diego Oliveira\/Portal SG AGORA \/ <strong>Fonte da Reportagem:<\/strong> Assessoria de Imprensa Padaria Del\u00edcias do Trigo \/ <strong>Fotos Utilizadas e Foto Capa:<\/strong> Divulga\u00e7\u00e3o\/Diego Oliveira\/Portal SG AGORA<\/em><\/p>\n","protected":false},"excerpt":{"rendered":"<p>CONTINUA AP\u00d3S A PUBLICIDADE Na \u00faltima sexta-feira, 26 de Setembro de 2025, foi reinaugurada a Padaria Del\u00edcias do Trigo em S\u00e3o Gotardo. Localizada no Centro da cidade e considerada uma das Padarias mais tradicionais de &#8230; <a class=\"readmore\" href=\"https:\/\/www.sgagora.com.br\/sg\/voce-viu-padaria-delicias-do-trigo-reinaugura-em-sao-gotardo\/\">Leia Mais<\/a><\/p>\n","protected":false},"author":1,"featured_media":1000008268,"comment_status":"open","ping_status":"open","sticky":false,"template":"","format":"standard","meta":{"_bbp_topic_count":0,"_bbp_reply_count":0,"_bbp_total_topic_count":0,"_bbp_total_reply_count":0,"_bbp_voice_count":0,"_bbp_anonymous_reply_count":0,"_bbp_topic_count_hidden":0,"_bbp_reply_count_hidden":0,"_bbp_forum_subforum_count":0},"categories":[84,77,81],"tags":[1382,22150,22149,4598,2079,2717,22151,4429],"yoast_head":"<!-- This site is optimized with the Yoast SEO plugin v20.5 - https:\/\/yoast.com\/wordpress\/plugins\/seo\/ -->\n<title>VOCE VIU? Padaria Del\u00edcias do Trigo reinaugura em S\u00e3o Gotardo!<\/title>\n<meta name=\"description\" content=\"Localizada no Centro da cidade e considerada uma das Padarias mais tradicionais de todo o munic\u00edpio, a reinaugura\u00e7\u00e3o era muito aguardada e foi um verdadeiro sucesso.\" \/>\n<meta name=\"robots\" content=\"index, follow, max-snippet:-1, max-image-preview:large, max-video-preview:-1\" \/>\n<link rel=\"canonical\" href=\"https:\/\/www.sgagora.com.br\/sg\/voce-viu-padaria-delicias-do-trigo-reinaugura-em-sao-gotardo\/\" \/>\n<meta property=\"og:locale\" content=\"pt_BR\" \/>\n<meta property=\"og:type\" content=\"article\" \/>\n<meta property=\"og:title\" content=\"VOCE VIU? Padaria Del\u00edcias do Trigo reinaugura em S\u00e3o Gotardo!\" \/>\n<meta property=\"og:description\" content=\"Localizada no Centro da cidade e considerada uma das Padarias mais tradicionais de todo o munic\u00edpio, a reinaugura\u00e7\u00e3o era muito aguardada e foi um verdadeiro sucesso.\" \/>\n<meta property=\"og:url\" content=\"https:\/\/www.sgagora.com.br\/sg\/voce-viu-padaria-delicias-do-trigo-reinaugura-em-sao-gotardo\/\" \/>\n<meta property=\"og:site_name\" content=\"SGAgora\" \/>\n<meta property=\"article:publisher\" content=\"https:\/\/www.facebook.com\/sgagora\" \/>\n<meta property=\"article:published_time\" content=\"2025-10-02T16:58:38+00:00\" \/>\n<meta property=\"article:modified_time\" content=\"2025-11-11T18:40:13+00:00\" \/>\n<meta property=\"og:image\" content=\"https:\/\/www.sgagora.com.br\/sg\/wp-content\/uploads\/2025\/10\/batch_IMG_0777.jpg\" \/>\n\t<meta property=\"og:image:width\" content=\"600\" \/>\n\t<meta property=\"og:image:height\" content=\"400\" \/>\n\t<meta property=\"og:image:type\" content=\"image\/jpeg\" \/>\n<meta name=\"author\" content=\"SG Agora\" \/>\n<meta name=\"twitter:label1\" content=\"Escrito por\" \/>\n\t<meta name=\"twitter:data1\" content=\"SG Agora\" \/>\n\t<meta name=\"twitter:label2\" content=\"Est. tempo de leitura\" \/>\n\t<meta name=\"twitter:data2\" content=\"4 minutos\" \/>\n<script type=\"application\/ld+json\" class=\"yoast-schema-graph\">{\"@context\":\"https:\/\/schema.org\",\"@graph\":[{\"@type\":\"WebPage\",\"@id\":\"https:\/\/www.sgagora.com.br\/sg\/voce-viu-padaria-delicias-do-trigo-reinaugura-em-sao-gotardo\/\",\"url\":\"https:\/\/www.sgagora.com.br\/sg\/voce-viu-padaria-delicias-do-trigo-reinaugura-em-sao-gotardo\/\",\"name\":\"VOCE VIU? Padaria Del\u00edcias do Trigo reinaugura em S\u00e3o Gotardo!\",\"isPartOf\":{\"@id\":\"https:\/\/www.sgagora.com.br\/sg\/#website\"},\"datePublished\":\"2025-10-02T16:58:38+00:00\",\"dateModified\":\"2025-11-11T18:40:13+00:00\",\"author\":{\"@id\":\"https:\/\/www.sgagora.com.br\/sg\/#\/schema\/person\/2be62cfb47cee3e0b305e4f7a765ae41\"},\"description\":\"Localizada no Centro da cidade e considerada uma das Padarias mais tradicionais de todo o munic\u00edpio, a reinaugura\u00e7\u00e3o era muito aguardada e foi um verdadeiro sucesso.\",\"breadcrumb\":{\"@id\":\"https:\/\/www.sgagora.com.br\/sg\/voce-viu-padaria-delicias-do-trigo-reinaugura-em-sao-gotardo\/#breadcrumb\"},\"inLanguage\":\"pt-BR\",\"potentialAction\":[{\"@type\":\"ReadAction\",\"target\":[\"https:\/\/www.sgagora.com.br\/sg\/voce-viu-padaria-delicias-do-trigo-reinaugura-em-sao-gotardo\/\"]}]},{\"@type\":\"BreadcrumbList\",\"@id\":\"https:\/\/www.sgagora.com.br\/sg\/voce-viu-padaria-delicias-do-trigo-reinaugura-em-sao-gotardo\/#breadcrumb\",\"itemListElement\":[{\"@type\":\"ListItem\",\"position\":1,\"name\":\"In\u00edcio\",\"item\":\"https:\/\/www.sgagora.com.br\/sg\/\"},{\"@type\":\"ListItem\",\"position\":2,\"name\":\"VOCE VIU? Padaria Del\u00edcias do Trigo reinaugura em S\u00e3o Gotardo!\"}]},{\"@type\":\"WebSite\",\"@id\":\"https:\/\/www.sgagora.com.br\/sg\/#website\",\"url\":\"https:\/\/www.sgagora.com.br\/sg\/\",\"name\":\"SGAgora\",\"description\":\"Not\u00edcias de S\u00e3o Gotardo\",\"potentialAction\":[{\"@type\":\"SearchAction\",\"target\":{\"@type\":\"EntryPoint\",\"urlTemplate\":\"https:\/\/www.sgagora.com.br\/sg\/?s={search_term_string}\"},\"query-input\":\"required name=search_term_string\"}],\"inLanguage\":\"pt-BR\"},{\"@type\":\"Person\",\"@id\":\"https:\/\/www.sgagora.com.br\/sg\/#\/schema\/person\/2be62cfb47cee3e0b305e4f7a765ae41\",\"name\":\"SG Agora\",\"image\":{\"@type\":\"ImageObject\",\"inLanguage\":\"pt-BR\",\"@id\":\"https:\/\/www.sgagora.com.br\/sg\/#\/schema\/person\/image\/\",\"url\":\"https:\/\/secure.gravatar.com\/avatar\/a0c612a9a8c3e7419d6fd4f92e749d8d?s=96&d=mm&r=g\",\"contentUrl\":\"https:\/\/secure.gravatar.com\/avatar\/a0c612a9a8c3e7419d6fd4f92e749d8d?s=96&d=mm&r=g\",\"caption\":\"SG Agora\"},\"url\":\"https:\/\/www.sgagora.com.br\/sg\/author\/admin\/\"}]}<\/script>\n<!-- \/ Yoast SEO plugin. -->","yoast_head_json":{"title":"VOCE VIU? Padaria Del\u00edcias do Trigo reinaugura em S\u00e3o Gotardo!","description":"Localizada no Centro da cidade e considerada uma das Padarias mais tradicionais de todo o munic\u00edpio, a reinaugura\u00e7\u00e3o era muito aguardada e foi um verdadeiro sucesso.","robots":{"index":"index","follow":"follow","max-snippet":"max-snippet:-1","max-image-preview":"max-image-preview:large","max-video-preview":"max-video-preview:-1"},"canonical":"https:\/\/www.sgagora.com.br\/sg\/voce-viu-padaria-delicias-do-trigo-reinaugura-em-sao-gotardo\/","og_locale":"pt_BR","og_type":"article","og_title":"VOCE VIU? Padaria Del\u00edcias do Trigo reinaugura em S\u00e3o Gotardo!","og_description":"Localizada no Centro da cidade e considerada uma das Padarias mais tradicionais de todo o munic\u00edpio, a reinaugura\u00e7\u00e3o era muito aguardada e foi um verdadeiro sucesso.","og_url":"https:\/\/www.sgagora.com.br\/sg\/voce-viu-padaria-delicias-do-trigo-reinaugura-em-sao-gotardo\/","og_site_name":"SGAgora","article_publisher":"https:\/\/www.facebook.com\/sgagora","article_published_time":"2025-10-02T16:58:38+00:00","article_modified_time":"2025-11-11T18:40:13+00:00","og_image":[{"width":600,"height":400,"url":"https:\/\/www.sgagora.com.br\/sg\/wp-content\/uploads\/2025\/10\/batch_IMG_0777.jpg","type":"image\/jpeg"}],"author":"SG Agora","twitter_misc":{"Escrito por":"SG Agora","Est. tempo de leitura":"4 minutos"},"schema":{"@context":"https:\/\/schema.org","@graph":[{"@type":"WebPage","@id":"https:\/\/www.sgagora.com.br\/sg\/voce-viu-padaria-delicias-do-trigo-reinaugura-em-sao-gotardo\/","url":"https:\/\/www.sgagora.com.br\/sg\/voce-viu-padaria-delicias-do-trigo-reinaugura-em-sao-gotardo\/","name":"VOCE VIU? Padaria Del\u00edcias do Trigo reinaugura em S\u00e3o Gotardo!","isPartOf":{"@id":"https:\/\/www.sgagora.com.br\/sg\/#website"},"datePublished":"2025-10-02T16:58:38+00:00","dateModified":"2025-11-11T18:40:13+00:00","author":{"@id":"https:\/\/www.sgagora.com.br\/sg\/#\/schema\/person\/2be62cfb47cee3e0b305e4f7a765ae41"},"description":"Localizada no Centro da cidade e considerada uma das Padarias mais tradicionais de todo o munic\u00edpio, a reinaugura\u00e7\u00e3o era muito aguardada e foi um verdadeiro sucesso.","breadcrumb":{"@id":"https:\/\/www.sgagora.com.br\/sg\/voce-viu-padaria-delicias-do-trigo-reinaugura-em-sao-gotardo\/#breadcrumb"},"inLanguage":"pt-BR","potentialAction":[{"@type":"ReadAction","target":["https:\/\/www.sgagora.com.br\/sg\/voce-viu-padaria-delicias-do-trigo-reinaugura-em-sao-gotardo\/"]}]},{"@type":"BreadcrumbList","@id":"https:\/\/www.sgagora.com.br\/sg\/voce-viu-padaria-delicias-do-trigo-reinaugura-em-sao-gotardo\/#breadcrumb","itemListElement":[{"@type":"ListItem","position":1,"name":"In\u00edcio","item":"https:\/\/www.sgagora.com.br\/sg\/"},{"@type":"ListItem","position":2,"name":"VOCE VIU? Padaria Del\u00edcias do Trigo reinaugura em S\u00e3o Gotardo!"}]},{"@type":"WebSite","@id":"https:\/\/www.sgagora.com.br\/sg\/#website","url":"https:\/\/www.sgagora.com.br\/sg\/","name":"SGAgora","description":"Not\u00edcias de S\u00e3o Gotardo","potentialAction":[{"@type":"SearchAction","target":{"@type":"EntryPoint","urlTemplate":"https:\/\/www.sgagora.com.br\/sg\/?s={search_term_string}"},"query-input":"required name=search_term_string"}],"inLanguage":"pt-BR"},{"@type":"Person","@id":"https:\/\/www.sgagora.com.br\/sg\/#\/schema\/person\/2be62cfb47cee3e0b305e4f7a765ae41","name":"SG Agora","image":{"@type":"ImageObject","inLanguage":"pt-BR","@id":"https:\/\/www.sgagora.com.br\/sg\/#\/schema\/person\/image\/","url":"https:\/\/secure.gravatar.com\/avatar\/a0c612a9a8c3e7419d6fd4f92e749d8d?s=96&d=mm&r=g","contentUrl":"https:\/\/secure.gravatar.com\/avatar\/a0c612a9a8c3e7419d6fd4f92e749d8d?s=96&d=mm&r=g","caption":"SG Agora"},"url":"https:\/\/www.sgagora.com.br\/sg\/author\/admin\/"}]}},"_links":{"self":[{"href":"https:\/\/www.sgagora.com.br\/sg\/wp-json\/wp\/v2\/posts\/1000008258"}],"collection":[{"href":"https:\/\/www.sgagora.com.br\/sg\/wp-json\/wp\/v2\/posts"}],"about":[{"href":"https:\/\/www.sgagora.com.br\/sg\/wp-json\/wp\/v2\/types\/post"}],"author":[{"embeddable":true,"href":"https:\/\/www.sgagora.com.br\/sg\/wp-json\/wp\/v2\/users\/1"}],"replies":[{"embeddable":true,"href":"https:\/\/www.sgagora.com.br\/sg\/wp-json\/wp\/v2\/comments?post=1000008258"}],"version-history":[{"count":4,"href":"https:\/\/www.sgagora.com.br\/sg\/wp-json\/wp\/v2\/posts\/1000008258\/revisions"}],"predecessor-version":[{"id":1000008625,"href":"https:\/\/www.sgagora.com.br\/sg\/wp-json\/wp\/v2\/posts\/1000008258\/revisions\/1000008625"}],"wp:featuredmedia":[{"embeddable":true,"href":"https:\/\/www.sgagora.com.br\/sg\/wp-json\/wp\/v2\/media\/1000008268"}],"wp:attachment":[{"href":"https:\/\/www.sgagora.com.br\/sg\/wp-json\/wp\/v2\/media?parent=1000008258"}],"wp:term":[{"taxonomy":"category","embeddable":true,"href":"https:\/\/www.sgagora.com.br\/sg\/wp-json\/wp\/v2\/categories?post=1000008258"},{"taxonomy":"post_tag","embeddable":true,"href":"https:\/\/www.sgagora.com.br\/sg\/wp-json\/wp\/v2\/tags?post=1000008258"}],"curies":[{"name":"wp","href":"https:\/\/api.w.org\/{rel}","templated":true}]}}