{"id":1000008271,"date":"2025-10-03T11:02:37","date_gmt":"2025-10-03T14:02:37","guid":{"rendered":"https:\/\/www.sgagora.com.br\/sg\/?p=1000008271"},"modified":"2025-12-15T10:15:15","modified_gmt":"2025-12-15T13:15:15","slug":"primeiro-caso-de-febre-amarela-e-registrado-em-patos-de-minas-prefeitura-de-sao-gotardo-faz-alerta-importante","status":"publish","type":"post","link":"https:\/\/www.sgagora.com.br\/sg\/primeiro-caso-de-febre-amarela-e-registrado-em-patos-de-minas-prefeitura-de-sao-gotardo-faz-alerta-importante\/","title":{"rendered":"Primeiro caso de Febre Amarela \u00e9 registrado em Patos de Minas. Prefeitura de S\u00e3o Gotardo faz alerta importante!"},"content":{"rendered":"<p style=\"text-align: center;\"><span style=\"color: #ff0000;\"><strong>CONTINUA AP\u00d3S A PUBLICIDADE<\/strong><\/span><img decoding=\"async\" loading=\"lazy\" class=\"aligncenter wp-image-1000005472 size-full\" src=\"https:\/\/www.sgagora.com.br\/sg\/wp-content\/uploads\/2024\/08\/gif_260x260px_ssv.gif\" alt=\"\" width=\"260\" height=\"260\" \/><\/p>\n<p><img decoding=\"async\" loading=\"lazy\" class=\"aligncenter wp-image-1000008334 size-full\" src=\"https:\/\/www.sgagora.com.br\/sg\/wp-content\/uploads\/2025\/10\/Video-Post-para-Instagram-Animado-Novo-Post-Blog-Metaverso-Tecnologia.gif\" alt=\"\" width=\"260\" height=\"260\" \/><\/p>\n<p style=\"text-align: justify;\" data-start=\"182\" data-end=\"576\">A Prefeitura de Patos de Minas, por meio da Secretaria Municipal de Sa\u00fade, confirmou nesta quinta-feira (25) um caso de febre amarela em humano. Trata-se de uma idosa que apresentou apenas sintomas leves, semelhantes aos de dengue, como mal-estar e desidrata\u00e7\u00e3o. A paciente foi atendida na UPA no dia 30 de agosto, n\u00e3o precisou de interna\u00e7\u00e3o e atualmente est\u00e1 em casa, em bom estado de sa\u00fade.<\/p>\n<p style=\"text-align: justify;\" data-start=\"578\" data-end=\"1040\">O primeiro teste para dengue foi negativo. Seguindo protocolo da Rede Sentinela, a amostra foi encaminhada \u00e0 Funed, em Belo Horizonte, para an\u00e1lises complementares, que confirmaram febre amarela em tr\u00eas exames consecutivos. A paciente tem registro de vacina\u00e7\u00e3o contra a doen\u00e7a, o que contribuiu para a forma branda dos sintomas. Ela possui resid\u00eancia tanto na zona urbana quanto na rural, e a investiga\u00e7\u00e3o epidemiol\u00f3gica busca identificar a origem da infec\u00e7\u00e3o.<\/p>\n<p style=\"text-align: center;\" data-start=\"578\" data-end=\"1040\"><span style=\"color: #ff0000;\"><strong>CONTINUA AP\u00d3S A PUBLICIDADE<\/strong><\/span><img decoding=\"async\" loading=\"lazy\" class=\"aligncenter wp-image-1000001976 size-full\" src=\"https:\/\/www.sgagora.com.br\/sg\/wp-content\/uploads\/2019\/12\/GIF-PRONTO-ODONTO-COMPANY.gif\" alt=\"\" width=\"600\" height=\"260\" \/><\/p>\n<p style=\"text-align: justify;\" data-start=\"578\" data-end=\"1040\">Com a confirma\u00e7\u00e3o, Patos de Minas passa a ser considerado munic\u00edpio de risco para a febre amarela. Entre as medidas imediatas est\u00e3o: intensifica\u00e7\u00e3o da vacina\u00e7\u00e3o, bloqueio vacinal em \u00e1reas pr\u00f3ximas \u00e0 resid\u00eancia da paciente, controle vetorial com Borrifa\u00e7\u00e3o Residual Intradomiciliar (BRI) e extradomiciliar e mutir\u00f5es de imuniza\u00e7\u00e3o em toda a rede de sa\u00fade.<\/p>\n<p style=\"text-align: center;\" data-start=\"578\" data-end=\"1040\"><span style=\"color: #ff0000;\"><strong>CONTINUA AP\u00d3S A PUBLICIDADE<\/strong><\/span><img decoding=\"async\" loading=\"lazy\" class=\"aligncenter size-full wp-image-1000008797\" src=\"https:\/\/www.sgagora.com.br\/sg\/wp-content\/uploads\/2025\/12\/banner-600x260-PNG.png\" sizes=\"(max-width: 600px) 100vw, 600px\" srcset=\"https:\/\/www.sgagora.com.br\/sg\/wp-content\/uploads\/2025\/12\/banner-600x260-PNG.png 600w, https:\/\/www.sgagora.com.br\/sg\/wp-content\/uploads\/2025\/12\/banner-600x260-PNG-300x130.png 300w\" alt=\"\" width=\"600\" height=\"260\" \/><\/p>\n<p style=\"text-align: justify;\" data-start=\"578\" data-end=\"1040\">Nesta \u00faltima quinta-feira, 02 de Outubro de 2025, a Prefeitura Municipal de S\u00e3o Gotardo, atrav\u00e9s de sua conta no Instagram, fez um alerta para toda a popula\u00e7\u00e3o S\u00e3o-Gotardense: Manter a vacina\u00e7\u00e3o em dia, a \u00fanica forma de preven\u00e7\u00e3o contra a febre amarela. E procurar a Unidade de Sa\u00fade mais pr\u00f3xima em caso de qualquer sintoma da doen\u00e7a.<\/p>\n<p style=\"text-align: center;\" data-start=\"578\" data-end=\"1040\"><strong><span style=\"color: #ff0000;\">CONTINUA AP\u00d3S A PUBLICIDADE<br \/>\n<img decoding=\"async\" loading=\"lazy\" class=\"aligncenter wp-image-1000008585 size-full\" src=\"https:\/\/www.sgagora.com.br\/sg\/wp-content\/uploads\/2025\/11\/GIF-EMPORIUM.gif\" alt=\"\" width=\"600\" height=\"260\" \/><\/span><\/strong><\/p>\n<p style=\"text-align: justify;\" data-start=\"578\" data-end=\"1040\"><span data-huuid=\"14360327774705388474\">Os sintomas da febre amarela inclue<\/span>m\u00a0febre s\u00fabita, dor de cabe\u00e7a, dor muscular, calafrios, n\u00e1useas, v\u00f4mitos e fraqueza.\u00a0A maioria dos casos melhora, mas cerca de 15% dos pacientes entram em uma segunda fase grave, caracterizada por\u00a0icter\u00edcia (pele e olhos amarelados),\u00a0insufici\u00eancia hep\u00e1tica e renal, e hemorragias.\u00a0Atingir a fase grave pode levar \u00e0 morte e exige atendimento m\u00e9dico<span data-huuid=\"14360327774705387628\"> urgente.<\/span><\/p>\n<p style=\"text-align: justify;\" data-start=\"578\" data-end=\"1040\">A <span data-huuid=\"4435697380007618784\">\u00a0febre amarela \u00e9 transmitida<\/span> atrav\u00e9s da picada do mosquito f\u00eamea Aedes Aegypti, infectado pelo v\u00edrus da febre amarela, que pica durante o dia em \u00e1reas de mata (febre amarela silvestre) ou em \u00e1reas urbanas.\u00a0O v\u00edrus n\u00e3o \u00e9 tra<span data-huuid=\"4435697380007618985\">nsmitido diretamente de pessoa para pessoa, nem por contato com animais como macacos, que apenas servem como hospedeiros do v\u00edrus na natureza.<\/span><\/p>\n<p style=\"text-align: center;\"><strong><span style=\"color: #ff0000;\">CONTINUA AP\u00d3S A PUBLICIDADE<\/span><\/strong><img decoding=\"async\" loading=\"lazy\" class=\"aligncenter wp-image-1000004773 size-full\" src=\"https:\/\/www.sgagora.com.br\/sg\/wp-content\/uploads\/2024\/05\/GIF-SICREDI-SAO-GOTARDO.gif\" alt=\"\" width=\"260\" height=\"260\" \/><\/p>\n<p><img decoding=\"async\" loading=\"lazy\" class=\"aligncenter wp-image-1000006254 size-full\" src=\"https:\/\/www.sgagora.com.br\/sg\/wp-content\/uploads\/2025\/01\/Team.gif\" alt=\"\" width=\"260\" height=\"260\" \/><\/p>\n<p data-start=\"578\" data-end=\"1040\"><span style=\"color: #ffffff;\">.<\/span><\/p>\n<p style=\"text-align: justify;\" data-start=\"578\" data-end=\"1040\"><em><strong>Reportagem:<\/strong> Diego Oliveira\/Portal SG AGORA \/ <strong>Fonte da Reportagem:<\/strong> Parana\u00edba Agora\/Prefeitura Municipal de S\u00e3o Gotardo\/Google \/<strong> Foto Capa:<\/strong> Montagem\/SG AGORA<\/em><\/p>\n<p data-start=\"578\" data-end=\"1040\">\n","protected":false},"excerpt":{"rendered":"<p>CONTINUA AP\u00d3S A PUBLICIDADE A Prefeitura de Patos de Minas, por meio da Secretaria Municipal de Sa\u00fade, confirmou nesta quinta-feira (25) um caso de febre amarela em humano. Trata-se de uma idosa que apresentou apenas &#8230; <a class=\"readmore\" href=\"https:\/\/www.sgagora.com.br\/sg\/primeiro-caso-de-febre-amarela-e-registrado-em-patos-de-minas-prefeitura-de-sao-gotardo-faz-alerta-importante\/\">Leia Mais<\/a><\/p>\n","protected":false},"author":1,"featured_media":1000008274,"comment_status":"open","ping_status":"open","sticky":false,"template":"","format":"standard","meta":{"_bbp_topic_count":0,"_bbp_reply_count":0,"_bbp_total_topic_count":0,"_bbp_total_reply_count":0,"_bbp_voice_count":0,"_bbp_anonymous_reply_count":0,"_bbp_topic_count_hidden":0,"_bbp_reply_count_hidden":0,"_bbp_forum_subforum_count":0},"categories":[9,77,4,81],"tags":[366,644,415,4429,384],"yoast_head":"<!-- This site is optimized with the Yoast SEO plugin v20.5 - https:\/\/yoast.com\/wordpress\/plugins\/seo\/ -->\n<title>Primeiro caso de Febre Amarela \u00e9 registrado em Patos de Minas. Prefeitura de S\u00e3o Gotardo faz alerta importante!<\/title>\n<meta name=\"description\" content=\"Os sintomas da febre amarela incluem\u00a0febre s\u00fabita, dor de cabe\u00e7a, dor muscular, calafrios, n\u00e1useas, v\u00f4mitos e fraqueza.\u00a0\" \/>\n<meta name=\"robots\" content=\"index, follow, max-snippet:-1, max-image-preview:large, max-video-preview:-1\" \/>\n<link rel=\"canonical\" href=\"https:\/\/www.sgagora.com.br\/sg\/primeiro-caso-de-febre-amarela-e-registrado-em-patos-de-minas-prefeitura-de-sao-gotardo-faz-alerta-importante\/\" \/>\n<meta property=\"og:locale\" content=\"pt_BR\" \/>\n<meta property=\"og:type\" content=\"article\" \/>\n<meta property=\"og:title\" content=\"Primeiro caso de Febre Amarela \u00e9 registrado em Patos de Minas. Prefeitura de S\u00e3o Gotardo faz alerta importante!\" \/>\n<meta property=\"og:description\" content=\"Os sintomas da febre amarela incluem\u00a0febre s\u00fabita, dor de cabe\u00e7a, dor muscular, calafrios, n\u00e1useas, v\u00f4mitos e fraqueza.\u00a0\" \/>\n<meta property=\"og:url\" content=\"https:\/\/www.sgagora.com.br\/sg\/primeiro-caso-de-febre-amarela-e-registrado-em-patos-de-minas-prefeitura-de-sao-gotardo-faz-alerta-importante\/\" \/>\n<meta property=\"og:site_name\" content=\"SGAgora\" \/>\n<meta property=\"article:publisher\" content=\"https:\/\/www.facebook.com\/sgagora\" \/>\n<meta property=\"article:published_time\" content=\"2025-10-03T14:02:37+00:00\" \/>\n<meta property=\"article:modified_time\" content=\"2025-12-15T13:15:15+00:00\" \/>\n<meta property=\"og:image\" content=\"https:\/\/www.sgagora.com.br\/sg\/wp-content\/uploads\/2025\/10\/Apos-forte-chuva-varios-locais-da-cidade-de-Sao-Gotardo-ficam-alagados-9.png\" \/>\n\t<meta property=\"og:image:width\" content=\"600\" \/>\n\t<meta property=\"og:image:height\" content=\"400\" \/>\n\t<meta property=\"og:image:type\" content=\"image\/png\" \/>\n<meta name=\"author\" content=\"SG Agora\" \/>\n<meta name=\"twitter:label1\" content=\"Escrito por\" \/>\n\t<meta name=\"twitter:data1\" content=\"SG Agora\" \/>\n\t<meta name=\"twitter:label2\" content=\"Est. tempo de leitura\" \/>\n\t<meta name=\"twitter:data2\" content=\"4 minutos\" \/>\n<script type=\"application\/ld+json\" class=\"yoast-schema-graph\">{\"@context\":\"https:\/\/schema.org\",\"@graph\":[{\"@type\":\"WebPage\",\"@id\":\"https:\/\/www.sgagora.com.br\/sg\/primeiro-caso-de-febre-amarela-e-registrado-em-patos-de-minas-prefeitura-de-sao-gotardo-faz-alerta-importante\/\",\"url\":\"https:\/\/www.sgagora.com.br\/sg\/primeiro-caso-de-febre-amarela-e-registrado-em-patos-de-minas-prefeitura-de-sao-gotardo-faz-alerta-importante\/\",\"name\":\"Primeiro caso de Febre Amarela \u00e9 registrado em Patos de Minas. Prefeitura de S\u00e3o Gotardo faz alerta importante!\",\"isPartOf\":{\"@id\":\"https:\/\/www.sgagora.com.br\/sg\/#website\"},\"datePublished\":\"2025-10-03T14:02:37+00:00\",\"dateModified\":\"2025-12-15T13:15:15+00:00\",\"author\":{\"@id\":\"https:\/\/www.sgagora.com.br\/sg\/#\/schema\/person\/2be62cfb47cee3e0b305e4f7a765ae41\"},\"description\":\"Os sintomas da febre amarela incluem\u00a0febre s\u00fabita, dor de cabe\u00e7a, dor muscular, calafrios, n\u00e1useas, v\u00f4mitos e fraqueza.\u00a0\",\"breadcrumb\":{\"@id\":\"https:\/\/www.sgagora.com.br\/sg\/primeiro-caso-de-febre-amarela-e-registrado-em-patos-de-minas-prefeitura-de-sao-gotardo-faz-alerta-importante\/#breadcrumb\"},\"inLanguage\":\"pt-BR\",\"potentialAction\":[{\"@type\":\"ReadAction\",\"target\":[\"https:\/\/www.sgagora.com.br\/sg\/primeiro-caso-de-febre-amarela-e-registrado-em-patos-de-minas-prefeitura-de-sao-gotardo-faz-alerta-importante\/\"]}]},{\"@type\":\"BreadcrumbList\",\"@id\":\"https:\/\/www.sgagora.com.br\/sg\/primeiro-caso-de-febre-amarela-e-registrado-em-patos-de-minas-prefeitura-de-sao-gotardo-faz-alerta-importante\/#breadcrumb\",\"itemListElement\":[{\"@type\":\"ListItem\",\"position\":1,\"name\":\"In\u00edcio\",\"item\":\"https:\/\/www.sgagora.com.br\/sg\/\"},{\"@type\":\"ListItem\",\"position\":2,\"name\":\"Primeiro caso de Febre Amarela \u00e9 registrado em Patos de Minas. Prefeitura de S\u00e3o Gotardo faz alerta importante!\"}]},{\"@type\":\"WebSite\",\"@id\":\"https:\/\/www.sgagora.com.br\/sg\/#website\",\"url\":\"https:\/\/www.sgagora.com.br\/sg\/\",\"name\":\"SGAgora\",\"description\":\"Not\u00edcias de S\u00e3o Gotardo\",\"potentialAction\":[{\"@type\":\"SearchAction\",\"target\":{\"@type\":\"EntryPoint\",\"urlTemplate\":\"https:\/\/www.sgagora.com.br\/sg\/?s={search_term_string}\"},\"query-input\":\"required name=search_term_string\"}],\"inLanguage\":\"pt-BR\"},{\"@type\":\"Person\",\"@id\":\"https:\/\/www.sgagora.com.br\/sg\/#\/schema\/person\/2be62cfb47cee3e0b305e4f7a765ae41\",\"name\":\"SG Agora\",\"image\":{\"@type\":\"ImageObject\",\"inLanguage\":\"pt-BR\",\"@id\":\"https:\/\/www.sgagora.com.br\/sg\/#\/schema\/person\/image\/\",\"url\":\"https:\/\/secure.gravatar.com\/avatar\/a0c612a9a8c3e7419d6fd4f92e749d8d?s=96&d=mm&r=g\",\"contentUrl\":\"https:\/\/secure.gravatar.com\/avatar\/a0c612a9a8c3e7419d6fd4f92e749d8d?s=96&d=mm&r=g\",\"caption\":\"SG Agora\"},\"url\":\"https:\/\/www.sgagora.com.br\/sg\/author\/admin\/\"}]}<\/script>\n<!-- \/ Yoast SEO plugin. -->","yoast_head_json":{"title":"Primeiro caso de Febre Amarela \u00e9 registrado em Patos de Minas. Prefeitura de S\u00e3o Gotardo faz alerta importante!","description":"Os sintomas da febre amarela incluem\u00a0febre s\u00fabita, dor de cabe\u00e7a, dor muscular, calafrios, n\u00e1useas, v\u00f4mitos e fraqueza.\u00a0","robots":{"index":"index","follow":"follow","max-snippet":"max-snippet:-1","max-image-preview":"max-image-preview:large","max-video-preview":"max-video-preview:-1"},"canonical":"https:\/\/www.sgagora.com.br\/sg\/primeiro-caso-de-febre-amarela-e-registrado-em-patos-de-minas-prefeitura-de-sao-gotardo-faz-alerta-importante\/","og_locale":"pt_BR","og_type":"article","og_title":"Primeiro caso de Febre Amarela \u00e9 registrado em Patos de Minas. Prefeitura de S\u00e3o Gotardo faz alerta importante!","og_description":"Os sintomas da febre amarela incluem\u00a0febre s\u00fabita, dor de cabe\u00e7a, dor muscular, calafrios, n\u00e1useas, v\u00f4mitos e fraqueza.\u00a0","og_url":"https:\/\/www.sgagora.com.br\/sg\/primeiro-caso-de-febre-amarela-e-registrado-em-patos-de-minas-prefeitura-de-sao-gotardo-faz-alerta-importante\/","og_site_name":"SGAgora","article_publisher":"https:\/\/www.facebook.com\/sgagora","article_published_time":"2025-10-03T14:02:37+00:00","article_modified_time":"2025-12-15T13:15:15+00:00","og_image":[{"width":600,"height":400,"url":"https:\/\/www.sgagora.com.br\/sg\/wp-content\/uploads\/2025\/10\/Apos-forte-chuva-varios-locais-da-cidade-de-Sao-Gotardo-ficam-alagados-9.png","type":"image\/png"}],"author":"SG Agora","twitter_misc":{"Escrito por":"SG Agora","Est. tempo de leitura":"4 minutos"},"schema":{"@context":"https:\/\/schema.org","@graph":[{"@type":"WebPage","@id":"https:\/\/www.sgagora.com.br\/sg\/primeiro-caso-de-febre-amarela-e-registrado-em-patos-de-minas-prefeitura-de-sao-gotardo-faz-alerta-importante\/","url":"https:\/\/www.sgagora.com.br\/sg\/primeiro-caso-de-febre-amarela-e-registrado-em-patos-de-minas-prefeitura-de-sao-gotardo-faz-alerta-importante\/","name":"Primeiro caso de Febre Amarela \u00e9 registrado em Patos de Minas. Prefeitura de S\u00e3o Gotardo faz alerta importante!","isPartOf":{"@id":"https:\/\/www.sgagora.com.br\/sg\/#website"},"datePublished":"2025-10-03T14:02:37+00:00","dateModified":"2025-12-15T13:15:15+00:00","author":{"@id":"https:\/\/www.sgagora.com.br\/sg\/#\/schema\/person\/2be62cfb47cee3e0b305e4f7a765ae41"},"description":"Os sintomas da febre amarela incluem\u00a0febre s\u00fabita, dor de cabe\u00e7a, dor muscular, calafrios, n\u00e1useas, v\u00f4mitos e fraqueza.\u00a0","breadcrumb":{"@id":"https:\/\/www.sgagora.com.br\/sg\/primeiro-caso-de-febre-amarela-e-registrado-em-patos-de-minas-prefeitura-de-sao-gotardo-faz-alerta-importante\/#breadcrumb"},"inLanguage":"pt-BR","potentialAction":[{"@type":"ReadAction","target":["https:\/\/www.sgagora.com.br\/sg\/primeiro-caso-de-febre-amarela-e-registrado-em-patos-de-minas-prefeitura-de-sao-gotardo-faz-alerta-importante\/"]}]},{"@type":"BreadcrumbList","@id":"https:\/\/www.sgagora.com.br\/sg\/primeiro-caso-de-febre-amarela-e-registrado-em-patos-de-minas-prefeitura-de-sao-gotardo-faz-alerta-importante\/#breadcrumb","itemListElement":[{"@type":"ListItem","position":1,"name":"In\u00edcio","item":"https:\/\/www.sgagora.com.br\/sg\/"},{"@type":"ListItem","position":2,"name":"Primeiro caso de Febre Amarela \u00e9 registrado em Patos de Minas. Prefeitura de S\u00e3o Gotardo faz alerta importante!"}]},{"@type":"WebSite","@id":"https:\/\/www.sgagora.com.br\/sg\/#website","url":"https:\/\/www.sgagora.com.br\/sg\/","name":"SGAgora","description":"Not\u00edcias de S\u00e3o Gotardo","potentialAction":[{"@type":"SearchAction","target":{"@type":"EntryPoint","urlTemplate":"https:\/\/www.sgagora.com.br\/sg\/?s={search_term_string}"},"query-input":"required name=search_term_string"}],"inLanguage":"pt-BR"},{"@type":"Person","@id":"https:\/\/www.sgagora.com.br\/sg\/#\/schema\/person\/2be62cfb47cee3e0b305e4f7a765ae41","name":"SG Agora","image":{"@type":"ImageObject","inLanguage":"pt-BR","@id":"https:\/\/www.sgagora.com.br\/sg\/#\/schema\/person\/image\/","url":"https:\/\/secure.gravatar.com\/avatar\/a0c612a9a8c3e7419d6fd4f92e749d8d?s=96&d=mm&r=g","contentUrl":"https:\/\/secure.gravatar.com\/avatar\/a0c612a9a8c3e7419d6fd4f92e749d8d?s=96&d=mm&r=g","caption":"SG Agora"},"url":"https:\/\/www.sgagora.com.br\/sg\/author\/admin\/"}]}},"_links":{"self":[{"href":"https:\/\/www.sgagora.com.br\/sg\/wp-json\/wp\/v2\/posts\/1000008271"}],"collection":[{"href":"https:\/\/www.sgagora.com.br\/sg\/wp-json\/wp\/v2\/posts"}],"about":[{"href":"https:\/\/www.sgagora.com.br\/sg\/wp-json\/wp\/v2\/types\/post"}],"author":[{"embeddable":true,"href":"https:\/\/www.sgagora.com.br\/sg\/wp-json\/wp\/v2\/users\/1"}],"replies":[{"embeddable":true,"href":"https:\/\/www.sgagora.com.br\/sg\/wp-json\/wp\/v2\/comments?post=1000008271"}],"version-history":[{"count":5,"href":"https:\/\/www.sgagora.com.br\/sg\/wp-json\/wp\/v2\/posts\/1000008271\/revisions"}],"predecessor-version":[{"id":1000008830,"href":"https:\/\/www.sgagora.com.br\/sg\/wp-json\/wp\/v2\/posts\/1000008271\/revisions\/1000008830"}],"wp:featuredmedia":[{"embeddable":true,"href":"https:\/\/www.sgagora.com.br\/sg\/wp-json\/wp\/v2\/media\/1000008274"}],"wp:attachment":[{"href":"https:\/\/www.sgagora.com.br\/sg\/wp-json\/wp\/v2\/media?parent=1000008271"}],"wp:term":[{"taxonomy":"category","embeddable":true,"href":"https:\/\/www.sgagora.com.br\/sg\/wp-json\/wp\/v2\/categories?post=1000008271"},{"taxonomy":"post_tag","embeddable":true,"href":"https:\/\/www.sgagora.com.br\/sg\/wp-json\/wp\/v2\/tags?post=1000008271"}],"curies":[{"name":"wp","href":"https:\/\/api.w.org\/{rel}","templated":true}]}}