{"id":1000008542,"date":"2025-10-29T20:36:19","date_gmt":"2025-10-29T23:36:19","guid":{"rendered":"https:\/\/www.sgagora.com.br\/sg\/?p=1000008542"},"modified":"2025-12-15T10:14:47","modified_gmt":"2025-12-15T13:14:47","slug":"cafe-filosofico-promove-reflexao-sobre-arte-educacao-e-combate-ao-bullying-em-sao-gotardo","status":"publish","type":"post","link":"https:\/\/www.sgagora.com.br\/sg\/cafe-filosofico-promove-reflexao-sobre-arte-educacao-e-combate-ao-bullying-em-sao-gotardo\/","title":{"rendered":"Caf\u00e9 Filos\u00f3fico promove reflex\u00e3o sobre arte, educa\u00e7\u00e3o e combate ao bullying em S\u00e3o Gotardo"},"content":{"rendered":"<p style=\"text-align: center;\"><span style=\"color: #ff0000;\"><strong>CONTINUA AP\u00d3S A PUBLICIDADE<\/strong><\/span><img decoding=\"async\" loading=\"lazy\" class=\"aligncenter wp-image-1000005472 size-full\" src=\"https:\/\/www.sgagora.com.br\/sg\/wp-content\/uploads\/2024\/08\/gif_260x260px_ssv.gif\" alt=\"\" width=\"260\" height=\"260\" \/><\/p>\n<p><img decoding=\"async\" loading=\"lazy\" class=\"aligncenter wp-image-1000008334 size-full\" src=\"https:\/\/www.sgagora.com.br\/sg\/wp-content\/uploads\/2025\/10\/Video-Post-para-Instagram-Animado-Novo-Post-Blog-Metaverso-Tecnologia.gif\" alt=\"\" width=\"260\" height=\"260\" \/><\/p>\n<p style=\"text-align: justify;\" data-start=\"321\" data-end=\"539\">Um momento de muito aprendizado, reflex\u00e3o e relev\u00e2ncia social marcou mais uma edi\u00e7\u00e3o do <strong data-start=\"409\" data-end=\"428\">Caf\u00e9 Filos\u00f3fico<\/strong>, promovido pelo <strong data-start=\"445\" data-end=\"496\">Centro de Ensino Superior de S\u00e3o Gotardo (CESG)<\/strong> nos dias <strong data-start=\"506\" data-end=\"536\">22 e 23 de outubro de 2025 <em>(VEJA AS FOTOS NO FINAL DESTA REPORTAGEM)<\/em><\/strong>.<\/p>\n<p style=\"text-align: justify;\" data-start=\"541\" data-end=\"1042\">Neste ano, o evento foi dividido em dois momentos especiais. No primeiro dia, ocorreu a <strong data-start=\"629\" data-end=\"674\">Outorga do T\u00edtulo de Doutor Honoris Causa<\/strong> ao s\u00e3o-gotardense <strong data-start=\"693\" data-end=\"714\">Le\u00f4nidas Oliveira<\/strong>, ex-secret\u00e1rio de Estado de Cultura e Turismo de Minas Gerais. Durante a solenidade, Le\u00f4nidas ministrou uma inspiradora palestra sobre <strong data-start=\"850\" data-end=\"932\">\u201cA Teoria da Arte Mineira: perspectivas, hist\u00f3rias e avan\u00e7os nos \u00faltimos anos\u201d<\/strong>, destacando o papel da cultura como ferramenta de transforma\u00e7\u00e3o social e valoriza\u00e7\u00e3o da identidade mineira.<\/p>\n<p style=\"text-align: center;\" data-start=\"541\" data-end=\"1042\"><span style=\"color: #ff0000;\"><strong>CONTINUA AP\u00d3S A PUBLICIDADE<\/strong><\/span><img decoding=\"async\" loading=\"lazy\" class=\"aligncenter wp-image-1000001976 size-full\" src=\"https:\/\/www.sgagora.com.br\/sg\/wp-content\/uploads\/2019\/12\/GIF-PRONTO-ODONTO-COMPANY.gif\" alt=\"\" width=\"600\" height=\"260\" \/><\/p>\n<p style=\"text-align: justify;\" data-start=\"541\" data-end=\"1042\">J\u00e1 o segundo dia foi dedicado a atividades culturais e discuss\u00f5es sobre temas contempor\u00e2neos da educa\u00e7\u00e3o. A programa\u00e7\u00e3o contou com uma bela <strong data-start=\"1558\" data-end=\"1635\">apresenta\u00e7\u00e3o art\u00edstica dos alunos da Escola Estadual Coronel Oscar Prados<\/strong>, al\u00e9m de <strong data-start=\"1645\" data-end=\"1691\">exposi\u00e7\u00e3o de trabalhos, oficinas tem\u00e1ticas<\/strong> e uma importante palestra com o tema <strong data-start=\"1729\" data-end=\"1795\">\u201cO bullying e a import\u00e2ncia da intersetorialidade na educa\u00e7\u00e3o\u201d<\/strong>, ministrada pela professora <strong data-start=\"1812\" data-end=\"1841\">Tatiane Filomeno da Silva<\/strong>.<\/p>\n<p style=\"text-align: center;\" data-start=\"541\" data-end=\"1042\"><span style=\"color: #ff0000;\"><strong>CONTINUA AP\u00d3S A PUBLICIDADE<\/strong><\/span><img decoding=\"async\" loading=\"lazy\" class=\"aligncenter size-full wp-image-1000008797\" src=\"https:\/\/www.sgagora.com.br\/sg\/wp-content\/uploads\/2025\/12\/banner-600x260-PNG.png\" sizes=\"(max-width: 600px) 100vw, 600px\" srcset=\"https:\/\/www.sgagora.com.br\/sg\/wp-content\/uploads\/2025\/12\/banner-600x260-PNG.png 600w, https:\/\/www.sgagora.com.br\/sg\/wp-content\/uploads\/2025\/12\/banner-600x260-PNG-300x130.png 300w\" alt=\"\" width=\"600\" height=\"260\" \/><\/p>\n<p style=\"text-align: justify;\" data-start=\"2613\" data-end=\"2868\">O bullying, tema central da palestra, \u00e9 uma <strong data-start=\"2203\" data-end=\"2271\">das principais preocupa\u00e7\u00f5es da educa\u00e7\u00e3o brasileira contempor\u00e2nea<\/strong>. De acordo com a <strong data-start=\"2289\" data-end=\"2338\">Pesquisa Nacional de Sa\u00fade do Escolar (PeNSE)<\/strong>, realizada pelo <strong data-start=\"2355\" data-end=\"2363\">IBGE<\/strong>, cerca de <strong data-start=\"2374\" data-end=\"2401\">1 em cada 10 estudantes<\/strong> afirma sofrer algum tipo de agress\u00e3o repetida na escola, seja f\u00edsica, verbal ou psicol\u00f3gica. Esses epis\u00f3dios podem causar <strong data-start=\"2524\" data-end=\"2554\">danos emocionais profundos<\/strong>, como depress\u00e3o, ansiedade e baixo rendimento escolar.<\/p>\n<p style=\"text-align: center;\"><strong><span style=\"color: #ff0000;\">CONTINUA AP\u00d3S A PUBLICIDADE<br \/>\n<img decoding=\"async\" loading=\"lazy\" class=\"aligncenter wp-image-1000008585 size-full\" src=\"https:\/\/www.sgagora.com.br\/sg\/wp-content\/uploads\/2025\/11\/GIF-EMPORIUM.gif\" alt=\"\" width=\"600\" height=\"260\" \/><\/span><\/strong><\/p>\n<blockquote>\n<p style=\"text-align: justify;\" data-start=\"2613\" data-end=\"2868\">\u201cO Caf\u00e9 Filos\u00f3fico \u00e9 um espa\u00e7o de encontro e reflex\u00e3o. A cada edi\u00e7\u00e3o, buscamos promover di\u00e1logos que ampliem a vis\u00e3o dos nossos alunos e da comunidade sobre temas que atravessam a cultura, a educa\u00e7\u00e3o e a cidadania e o bullying \u00e9 um tema de extrema import\u00e2ncia e relev\u00e2ncia\u201d, destacou <strong data-start=\"1366\" data-end=\"1394\">Daniela Lopes de Queiroz<\/strong>, coordenadora do evento.<\/p>\n<\/blockquote>\n<p style=\"text-align: justify;\" data-start=\"2613\" data-end=\"2868\">A abordagem da palestrante Tatiane Filomeno destacou a import\u00e2ncia da <strong data-start=\"2666\" data-end=\"2688\">intersetorialidade<\/strong> \u2014 ou seja, da atua\u00e7\u00e3o conjunta entre <strong data-start=\"2726\" data-end=\"2796\">educadores, profissionais da educa\u00e7\u00e3o, assistentes sociais e fam\u00edlias<\/strong> \u2014 como estrat\u00e9gia essencial para <strong data-start=\"2830\" data-end=\"2865\">prevenir e enfrentar o problema<\/strong>.<\/p>\n<p style=\"text-align: center;\"><strong><span style=\"color: #ff0000;\">CONTINUA AP\u00d3S A PUBLICIDADE<\/span><\/strong><img decoding=\"async\" loading=\"lazy\" class=\"aligncenter wp-image-1000004773 size-full\" src=\"https:\/\/www.sgagora.com.br\/sg\/wp-content\/uploads\/2024\/05\/GIF-SICREDI-SAO-GOTARDO.gif\" alt=\"\" width=\"260\" height=\"260\" \/><\/p>\n<p><img decoding=\"async\" loading=\"lazy\" class=\"aligncenter wp-image-1000006254 size-full\" src=\"https:\/\/www.sgagora.com.br\/sg\/wp-content\/uploads\/2025\/01\/Team.gif\" alt=\"\" width=\"260\" height=\"260\" \/><span style=\"color: #ffffff;\">.<\/span><\/p>\n<blockquote>\n<p style=\"text-align: justify;\" data-start=\"2613\" data-end=\"2868\">\u201cCombater o bullying \u00e9 responsabilidade de todos. \u00c9 essencial que escola, fam\u00edlia e sociedade atuem de forma conjunta para promover um ambiente seguro e acolhedor para nossos jovens\u201d, enfatizou <strong data-start=\"2127\" data-end=\"2156\">Tatiane Filomeno da Silva<\/strong>.<\/p>\n<\/blockquote>\n<p data-start=\"2870\" data-end=\"3095\">O <strong data-start=\"2872\" data-end=\"2899\">Caf\u00e9 Filos\u00f3fico do CESG<\/strong> reafirmou, mais uma vez, seu papel como um <strong data-start=\"2943\" data-end=\"2994\">espa\u00e7o de di\u00e1logo, cultura e consci\u00eancia social<\/strong>, conectando saberes e experi\u00eancias em prol de uma sociedade mais emp\u00e1tica, inclusiva e humanizada.<\/p>\n<h1 style=\"text-align: justify;\" data-start=\"2870\" data-end=\"3095\">Fotos do Caf\u00e9 Filos\u00f3fico, promovido pelo CESG:<br \/>\n<span style=\"color: #ffffff;\">&gt;<\/span><\/h1>\n\n\t\t<style type=\"text\/css\">\n\t\t\t#gallery-1 {\n\t\t\t\tmargin: auto;\n\t\t\t}\n\t\t\t#gallery-1 .gallery-item {\n\t\t\t\tfloat: left;\n\t\t\t\tmargin-top: 10px;\n\t\t\t\ttext-align: center;\n\t\t\t\twidth: 50%;\n\t\t\t}\n\t\t\t#gallery-1 img {\n\t\t\t\tborder: 2px solid #cfcfcf;\n\t\t\t}\n\t\t\t#gallery-1 .gallery-caption {\n\t\t\t\tmargin-left: 0;\n\t\t\t}\n\t\t\t\/* see gallery_shortcode() in wp-includes\/media.php *\/\n\t\t<\/style>\n\t\t<div id='gallery-1' class='gallery galleryid-1000008542 gallery-columns-2 gallery-size-medium'><dl class='gallery-item'>\n\t\t\t<dt class='gallery-icon landscape'>\n\t\t\t\t<a class=\"prettyphoto\" rel=\"prettyPhoto[gallery]\" href='https:\/\/www.sgagora.com.br\/sg\/wp-content\/uploads\/2025\/10\/batch_IMG_0767.jpg'><img width=\"300\" height=\"200\" src=\"https:\/\/www.sgagora.com.br\/sg\/wp-content\/uploads\/2025\/10\/batch_IMG_0767-300x200.jpg\" class=\"attachment-medium size-medium\" alt=\"\" decoding=\"async\" loading=\"lazy\" srcset=\"https:\/\/www.sgagora.com.br\/sg\/wp-content\/uploads\/2025\/10\/batch_IMG_0767-300x200.jpg 300w, https:\/\/www.sgagora.com.br\/sg\/wp-content\/uploads\/2025\/10\/batch_IMG_0767.jpg 600w\" sizes=\"(max-width: 300px) 100vw, 300px\" \/><\/a>\n\t\t\t<\/dt><\/dl><dl class='gallery-item'>\n\t\t\t<dt class='gallery-icon landscape'>\n\t\t\t\t<a class=\"prettyphoto\" rel=\"prettyPhoto[gallery]\" href='https:\/\/www.sgagora.com.br\/sg\/wp-content\/uploads\/2025\/10\/batch_IMG_0784.jpg'><img width=\"300\" height=\"200\" src=\"https:\/\/www.sgagora.com.br\/sg\/wp-content\/uploads\/2025\/10\/batch_IMG_0784-300x200.jpg\" class=\"attachment-medium size-medium\" alt=\"\" decoding=\"async\" loading=\"lazy\" srcset=\"https:\/\/www.sgagora.com.br\/sg\/wp-content\/uploads\/2025\/10\/batch_IMG_0784-300x200.jpg 300w, https:\/\/www.sgagora.com.br\/sg\/wp-content\/uploads\/2025\/10\/batch_IMG_0784.jpg 600w\" sizes=\"(max-width: 300px) 100vw, 300px\" \/><\/a>\n\t\t\t<\/dt><\/dl><br style=\"clear: both\" \/><dl class='gallery-item'>\n\t\t\t<dt class='gallery-icon landscape'>\n\t\t\t\t<a class=\"prettyphoto\" rel=\"prettyPhoto[gallery]\" href='https:\/\/www.sgagora.com.br\/sg\/wp-content\/uploads\/2025\/10\/batch_IMG_0727.jpg'><img width=\"300\" height=\"200\" src=\"https:\/\/www.sgagora.com.br\/sg\/wp-content\/uploads\/2025\/10\/batch_IMG_0727-300x200.jpg\" class=\"attachment-medium size-medium\" alt=\"\" decoding=\"async\" loading=\"lazy\" srcset=\"https:\/\/www.sgagora.com.br\/sg\/wp-content\/uploads\/2025\/10\/batch_IMG_0727-300x200.jpg 300w, https:\/\/www.sgagora.com.br\/sg\/wp-content\/uploads\/2025\/10\/batch_IMG_0727.jpg 600w\" sizes=\"(max-width: 300px) 100vw, 300px\" \/><\/a>\n\t\t\t<\/dt><\/dl><dl class='gallery-item'>\n\t\t\t<dt class='gallery-icon landscape'>\n\t\t\t\t<a class=\"prettyphoto\" rel=\"prettyPhoto[gallery]\" href='https:\/\/www.sgagora.com.br\/sg\/wp-content\/uploads\/2025\/10\/batch_IMG_0742.jpg'><img width=\"300\" height=\"200\" src=\"https:\/\/www.sgagora.com.br\/sg\/wp-content\/uploads\/2025\/10\/batch_IMG_0742-300x200.jpg\" class=\"attachment-medium size-medium\" alt=\"\" decoding=\"async\" loading=\"lazy\" srcset=\"https:\/\/www.sgagora.com.br\/sg\/wp-content\/uploads\/2025\/10\/batch_IMG_0742-300x200.jpg 300w, https:\/\/www.sgagora.com.br\/sg\/wp-content\/uploads\/2025\/10\/batch_IMG_0742.jpg 600w\" sizes=\"(max-width: 300px) 100vw, 300px\" \/><\/a>\n\t\t\t<\/dt><\/dl><br style=\"clear: both\" \/><dl class='gallery-item'>\n\t\t\t<dt class='gallery-icon landscape'>\n\t\t\t\t<a class=\"prettyphoto\" rel=\"prettyPhoto[gallery]\" href='https:\/\/www.sgagora.com.br\/sg\/wp-content\/uploads\/2025\/10\/batch_IMG_0745.jpg'><img width=\"300\" height=\"200\" src=\"https:\/\/www.sgagora.com.br\/sg\/wp-content\/uploads\/2025\/10\/batch_IMG_0745-300x200.jpg\" class=\"attachment-medium size-medium\" alt=\"\" decoding=\"async\" loading=\"lazy\" srcset=\"https:\/\/www.sgagora.com.br\/sg\/wp-content\/uploads\/2025\/10\/batch_IMG_0745-300x200.jpg 300w, https:\/\/www.sgagora.com.br\/sg\/wp-content\/uploads\/2025\/10\/batch_IMG_0745.jpg 600w\" sizes=\"(max-width: 300px) 100vw, 300px\" \/><\/a>\n\t\t\t<\/dt><\/dl><dl class='gallery-item'>\n\t\t\t<dt class='gallery-icon landscape'>\n\t\t\t\t<a class=\"prettyphoto\" rel=\"prettyPhoto[gallery]\" href='https:\/\/www.sgagora.com.br\/sg\/wp-content\/uploads\/2025\/10\/batch_IMG_0749.jpg'><img width=\"300\" height=\"200\" src=\"https:\/\/www.sgagora.com.br\/sg\/wp-content\/uploads\/2025\/10\/batch_IMG_0749-300x200.jpg\" class=\"attachment-medium size-medium\" alt=\"\" decoding=\"async\" loading=\"lazy\" srcset=\"https:\/\/www.sgagora.com.br\/sg\/wp-content\/uploads\/2025\/10\/batch_IMG_0749-300x200.jpg 300w, https:\/\/www.sgagora.com.br\/sg\/wp-content\/uploads\/2025\/10\/batch_IMG_0749.jpg 600w\" sizes=\"(max-width: 300px) 100vw, 300px\" \/><\/a>\n\t\t\t<\/dt><\/dl><br style=\"clear: both\" \/>\n\t\t<\/div>\n\n<p data-start=\"2870\" data-end=\"3095\"><span style=\"color: #ffffff;\">.<\/span><\/p>\n<p style=\"text-align: justify;\" data-start=\"2870\" data-end=\"3095\"><em><strong>Reportagem, Fotos Utilizadas e Foto Capa:<\/strong> Diego Oliveira\/Portal SG AGORA \/ <strong>Fonte da Reportagem:<\/strong> Assessoria de Imprensa CESG &#8211; Centro de Ensino Superior de S\u00e3o Gotardo<\/em><\/p>\n","protected":false},"excerpt":{"rendered":"<p>CONTINUA AP\u00d3S A PUBLICIDADE Um momento de muito aprendizado, reflex\u00e3o e relev\u00e2ncia social marcou mais uma edi\u00e7\u00e3o do Caf\u00e9 Filos\u00f3fico, promovido pelo Centro de Ensino Superior de S\u00e3o Gotardo (CESG) nos dias 22 e 23 &#8230; <a class=\"readmore\" href=\"https:\/\/www.sgagora.com.br\/sg\/cafe-filosofico-promove-reflexao-sobre-arte-educacao-e-combate-ao-bullying-em-sao-gotardo\/\">Leia Mais<\/a><\/p>\n","protected":false},"author":1,"featured_media":1000008552,"comment_status":"open","ping_status":"open","sticky":false,"template":"","format":"standard","meta":{"_bbp_topic_count":0,"_bbp_reply_count":0,"_bbp_total_topic_count":0,"_bbp_total_reply_count":0,"_bbp_voice_count":0,"_bbp_anonymous_reply_count":0,"_bbp_topic_count_hidden":0,"_bbp_reply_count_hidden":0,"_bbp_forum_subforum_count":0},"categories":[77,4,81],"tags":[2910,2341,393,4542,437,827,22180,4429],"yoast_head":"<!-- This site is optimized with the Yoast SEO plugin v20.5 - https:\/\/yoast.com\/wordpress\/plugins\/seo\/ -->\n<title>Caf\u00e9 Filos\u00f3fico promove reflex\u00e3o sobre arte, educa\u00e7\u00e3o e combate ao bullying em S\u00e3o Gotardo<\/title>\n<meta name=\"description\" content=\"Evento uniu cultura, conhecimento e conscientiza\u00e7\u00e3o social em dois dias de palestras, apresenta\u00e7\u00f5es e debates sobre temas atuais.\" \/>\n<meta name=\"robots\" content=\"index, follow, max-snippet:-1, max-image-preview:large, max-video-preview:-1\" \/>\n<link rel=\"canonical\" href=\"https:\/\/www.sgagora.com.br\/sg\/cafe-filosofico-promove-reflexao-sobre-arte-educacao-e-combate-ao-bullying-em-sao-gotardo\/\" \/>\n<meta property=\"og:locale\" content=\"pt_BR\" \/>\n<meta property=\"og:type\" content=\"article\" \/>\n<meta property=\"og:title\" content=\"Caf\u00e9 Filos\u00f3fico promove reflex\u00e3o sobre arte, educa\u00e7\u00e3o e combate ao bullying em S\u00e3o Gotardo\" \/>\n<meta property=\"og:description\" content=\"Evento uniu cultura, conhecimento e conscientiza\u00e7\u00e3o social em dois dias de palestras, apresenta\u00e7\u00f5es e debates sobre temas atuais.\" \/>\n<meta property=\"og:url\" content=\"https:\/\/www.sgagora.com.br\/sg\/cafe-filosofico-promove-reflexao-sobre-arte-educacao-e-combate-ao-bullying-em-sao-gotardo\/\" \/>\n<meta property=\"og:site_name\" content=\"SGAgora\" \/>\n<meta property=\"article:publisher\" content=\"https:\/\/www.facebook.com\/sgagora\" \/>\n<meta property=\"article:published_time\" content=\"2025-10-29T23:36:19+00:00\" \/>\n<meta property=\"article:modified_time\" content=\"2025-12-15T13:14:47+00:00\" \/>\n<meta property=\"og:image\" content=\"https:\/\/www.sgagora.com.br\/sg\/wp-content\/uploads\/2025\/10\/batch_IMG_0742-tile.jpg\" \/>\n\t<meta property=\"og:image:width\" content=\"600\" \/>\n\t<meta property=\"og:image:height\" content=\"266\" \/>\n\t<meta property=\"og:image:type\" content=\"image\/jpeg\" \/>\n<meta name=\"author\" content=\"SG Agora\" \/>\n<meta name=\"twitter:label1\" content=\"Escrito por\" \/>\n\t<meta name=\"twitter:data1\" content=\"SG Agora\" \/>\n\t<meta name=\"twitter:label2\" content=\"Est. tempo de leitura\" \/>\n\t<meta name=\"twitter:data2\" content=\"4 minutos\" \/>\n<script type=\"application\/ld+json\" class=\"yoast-schema-graph\">{\"@context\":\"https:\/\/schema.org\",\"@graph\":[{\"@type\":\"WebPage\",\"@id\":\"https:\/\/www.sgagora.com.br\/sg\/cafe-filosofico-promove-reflexao-sobre-arte-educacao-e-combate-ao-bullying-em-sao-gotardo\/\",\"url\":\"https:\/\/www.sgagora.com.br\/sg\/cafe-filosofico-promove-reflexao-sobre-arte-educacao-e-combate-ao-bullying-em-sao-gotardo\/\",\"name\":\"Caf\u00e9 Filos\u00f3fico promove reflex\u00e3o sobre arte, educa\u00e7\u00e3o e combate ao bullying em S\u00e3o Gotardo\",\"isPartOf\":{\"@id\":\"https:\/\/www.sgagora.com.br\/sg\/#website\"},\"datePublished\":\"2025-10-29T23:36:19+00:00\",\"dateModified\":\"2025-12-15T13:14:47+00:00\",\"author\":{\"@id\":\"https:\/\/www.sgagora.com.br\/sg\/#\/schema\/person\/2be62cfb47cee3e0b305e4f7a765ae41\"},\"description\":\"Evento uniu cultura, conhecimento e conscientiza\u00e7\u00e3o social em dois dias de palestras, apresenta\u00e7\u00f5es e debates sobre temas atuais.\",\"breadcrumb\":{\"@id\":\"https:\/\/www.sgagora.com.br\/sg\/cafe-filosofico-promove-reflexao-sobre-arte-educacao-e-combate-ao-bullying-em-sao-gotardo\/#breadcrumb\"},\"inLanguage\":\"pt-BR\",\"potentialAction\":[{\"@type\":\"ReadAction\",\"target\":[\"https:\/\/www.sgagora.com.br\/sg\/cafe-filosofico-promove-reflexao-sobre-arte-educacao-e-combate-ao-bullying-em-sao-gotardo\/\"]}]},{\"@type\":\"BreadcrumbList\",\"@id\":\"https:\/\/www.sgagora.com.br\/sg\/cafe-filosofico-promove-reflexao-sobre-arte-educacao-e-combate-ao-bullying-em-sao-gotardo\/#breadcrumb\",\"itemListElement\":[{\"@type\":\"ListItem\",\"position\":1,\"name\":\"In\u00edcio\",\"item\":\"https:\/\/www.sgagora.com.br\/sg\/\"},{\"@type\":\"ListItem\",\"position\":2,\"name\":\"Caf\u00e9 Filos\u00f3fico promove reflex\u00e3o sobre arte, educa\u00e7\u00e3o e combate ao bullying em S\u00e3o Gotardo\"}]},{\"@type\":\"WebSite\",\"@id\":\"https:\/\/www.sgagora.com.br\/sg\/#website\",\"url\":\"https:\/\/www.sgagora.com.br\/sg\/\",\"name\":\"SGAgora\",\"description\":\"Not\u00edcias de S\u00e3o Gotardo\",\"potentialAction\":[{\"@type\":\"SearchAction\",\"target\":{\"@type\":\"EntryPoint\",\"urlTemplate\":\"https:\/\/www.sgagora.com.br\/sg\/?s={search_term_string}\"},\"query-input\":\"required name=search_term_string\"}],\"inLanguage\":\"pt-BR\"},{\"@type\":\"Person\",\"@id\":\"https:\/\/www.sgagora.com.br\/sg\/#\/schema\/person\/2be62cfb47cee3e0b305e4f7a765ae41\",\"name\":\"SG Agora\",\"image\":{\"@type\":\"ImageObject\",\"inLanguage\":\"pt-BR\",\"@id\":\"https:\/\/www.sgagora.com.br\/sg\/#\/schema\/person\/image\/\",\"url\":\"https:\/\/secure.gravatar.com\/avatar\/a0c612a9a8c3e7419d6fd4f92e749d8d?s=96&d=mm&r=g\",\"contentUrl\":\"https:\/\/secure.gravatar.com\/avatar\/a0c612a9a8c3e7419d6fd4f92e749d8d?s=96&d=mm&r=g\",\"caption\":\"SG Agora\"},\"url\":\"https:\/\/www.sgagora.com.br\/sg\/author\/admin\/\"}]}<\/script>\n<!-- \/ Yoast SEO plugin. -->","yoast_head_json":{"title":"Caf\u00e9 Filos\u00f3fico promove reflex\u00e3o sobre arte, educa\u00e7\u00e3o e combate ao bullying em S\u00e3o Gotardo","description":"Evento uniu cultura, conhecimento e conscientiza\u00e7\u00e3o social em dois dias de palestras, apresenta\u00e7\u00f5es e debates sobre temas atuais.","robots":{"index":"index","follow":"follow","max-snippet":"max-snippet:-1","max-image-preview":"max-image-preview:large","max-video-preview":"max-video-preview:-1"},"canonical":"https:\/\/www.sgagora.com.br\/sg\/cafe-filosofico-promove-reflexao-sobre-arte-educacao-e-combate-ao-bullying-em-sao-gotardo\/","og_locale":"pt_BR","og_type":"article","og_title":"Caf\u00e9 Filos\u00f3fico promove reflex\u00e3o sobre arte, educa\u00e7\u00e3o e combate ao bullying em S\u00e3o Gotardo","og_description":"Evento uniu cultura, conhecimento e conscientiza\u00e7\u00e3o social em dois dias de palestras, apresenta\u00e7\u00f5es e debates sobre temas atuais.","og_url":"https:\/\/www.sgagora.com.br\/sg\/cafe-filosofico-promove-reflexao-sobre-arte-educacao-e-combate-ao-bullying-em-sao-gotardo\/","og_site_name":"SGAgora","article_publisher":"https:\/\/www.facebook.com\/sgagora","article_published_time":"2025-10-29T23:36:19+00:00","article_modified_time":"2025-12-15T13:14:47+00:00","og_image":[{"width":600,"height":266,"url":"https:\/\/www.sgagora.com.br\/sg\/wp-content\/uploads\/2025\/10\/batch_IMG_0742-tile.jpg","type":"image\/jpeg"}],"author":"SG Agora","twitter_misc":{"Escrito por":"SG Agora","Est. tempo de leitura":"4 minutos"},"schema":{"@context":"https:\/\/schema.org","@graph":[{"@type":"WebPage","@id":"https:\/\/www.sgagora.com.br\/sg\/cafe-filosofico-promove-reflexao-sobre-arte-educacao-e-combate-ao-bullying-em-sao-gotardo\/","url":"https:\/\/www.sgagora.com.br\/sg\/cafe-filosofico-promove-reflexao-sobre-arte-educacao-e-combate-ao-bullying-em-sao-gotardo\/","name":"Caf\u00e9 Filos\u00f3fico promove reflex\u00e3o sobre arte, educa\u00e7\u00e3o e combate ao bullying em S\u00e3o Gotardo","isPartOf":{"@id":"https:\/\/www.sgagora.com.br\/sg\/#website"},"datePublished":"2025-10-29T23:36:19+00:00","dateModified":"2025-12-15T13:14:47+00:00","author":{"@id":"https:\/\/www.sgagora.com.br\/sg\/#\/schema\/person\/2be62cfb47cee3e0b305e4f7a765ae41"},"description":"Evento uniu cultura, conhecimento e conscientiza\u00e7\u00e3o social em dois dias de palestras, apresenta\u00e7\u00f5es e debates sobre temas atuais.","breadcrumb":{"@id":"https:\/\/www.sgagora.com.br\/sg\/cafe-filosofico-promove-reflexao-sobre-arte-educacao-e-combate-ao-bullying-em-sao-gotardo\/#breadcrumb"},"inLanguage":"pt-BR","potentialAction":[{"@type":"ReadAction","target":["https:\/\/www.sgagora.com.br\/sg\/cafe-filosofico-promove-reflexao-sobre-arte-educacao-e-combate-ao-bullying-em-sao-gotardo\/"]}]},{"@type":"BreadcrumbList","@id":"https:\/\/www.sgagora.com.br\/sg\/cafe-filosofico-promove-reflexao-sobre-arte-educacao-e-combate-ao-bullying-em-sao-gotardo\/#breadcrumb","itemListElement":[{"@type":"ListItem","position":1,"name":"In\u00edcio","item":"https:\/\/www.sgagora.com.br\/sg\/"},{"@type":"ListItem","position":2,"name":"Caf\u00e9 Filos\u00f3fico promove reflex\u00e3o sobre arte, educa\u00e7\u00e3o e combate ao bullying em S\u00e3o Gotardo"}]},{"@type":"WebSite","@id":"https:\/\/www.sgagora.com.br\/sg\/#website","url":"https:\/\/www.sgagora.com.br\/sg\/","name":"SGAgora","description":"Not\u00edcias de S\u00e3o Gotardo","potentialAction":[{"@type":"SearchAction","target":{"@type":"EntryPoint","urlTemplate":"https:\/\/www.sgagora.com.br\/sg\/?s={search_term_string}"},"query-input":"required name=search_term_string"}],"inLanguage":"pt-BR"},{"@type":"Person","@id":"https:\/\/www.sgagora.com.br\/sg\/#\/schema\/person\/2be62cfb47cee3e0b305e4f7a765ae41","name":"SG Agora","image":{"@type":"ImageObject","inLanguage":"pt-BR","@id":"https:\/\/www.sgagora.com.br\/sg\/#\/schema\/person\/image\/","url":"https:\/\/secure.gravatar.com\/avatar\/a0c612a9a8c3e7419d6fd4f92e749d8d?s=96&d=mm&r=g","contentUrl":"https:\/\/secure.gravatar.com\/avatar\/a0c612a9a8c3e7419d6fd4f92e749d8d?s=96&d=mm&r=g","caption":"SG Agora"},"url":"https:\/\/www.sgagora.com.br\/sg\/author\/admin\/"}]}},"_links":{"self":[{"href":"https:\/\/www.sgagora.com.br\/sg\/wp-json\/wp\/v2\/posts\/1000008542"}],"collection":[{"href":"https:\/\/www.sgagora.com.br\/sg\/wp-json\/wp\/v2\/posts"}],"about":[{"href":"https:\/\/www.sgagora.com.br\/sg\/wp-json\/wp\/v2\/types\/post"}],"author":[{"embeddable":true,"href":"https:\/\/www.sgagora.com.br\/sg\/wp-json\/wp\/v2\/users\/1"}],"replies":[{"embeddable":true,"href":"https:\/\/www.sgagora.com.br\/sg\/wp-json\/wp\/v2\/comments?post=1000008542"}],"version-history":[{"count":6,"href":"https:\/\/www.sgagora.com.br\/sg\/wp-json\/wp\/v2\/posts\/1000008542\/revisions"}],"predecessor-version":[{"id":1000008827,"href":"https:\/\/www.sgagora.com.br\/sg\/wp-json\/wp\/v2\/posts\/1000008542\/revisions\/1000008827"}],"wp:featuredmedia":[{"embeddable":true,"href":"https:\/\/www.sgagora.com.br\/sg\/wp-json\/wp\/v2\/media\/1000008552"}],"wp:attachment":[{"href":"https:\/\/www.sgagora.com.br\/sg\/wp-json\/wp\/v2\/media?parent=1000008542"}],"wp:term":[{"taxonomy":"category","embeddable":true,"href":"https:\/\/www.sgagora.com.br\/sg\/wp-json\/wp\/v2\/categories?post=1000008542"},{"taxonomy":"post_tag","embeddable":true,"href":"https:\/\/www.sgagora.com.br\/sg\/wp-json\/wp\/v2\/tags?post=1000008542"}],"curies":[{"name":"wp","href":"https:\/\/api.w.org\/{rel}","templated":true}]}}