{"id":1000008908,"date":"2026-01-05T15:46:13","date_gmt":"2026-01-05T18:46:13","guid":{"rendered":"https:\/\/www.sgagora.com.br\/sg\/?p=1000008908"},"modified":"2026-01-27T09:20:26","modified_gmt":"2026-01-27T12:20:26","slug":"acao-rapida-da-policia-militar-salva-vitima-de-esfaqueamento-e-resulta-na-apreensao-de-adolescente-em-sao-gotardo","status":"publish","type":"post","link":"https:\/\/www.sgagora.com.br\/sg\/acao-rapida-da-policia-militar-salva-vitima-de-esfaqueamento-e-resulta-na-apreensao-de-adolescente-em-sao-gotardo\/","title":{"rendered":"A\u00e7\u00e3o r\u00e1pida da Pol\u00edcia Militar salva v\u00edtima de esfaqueamento e resulta na apreens\u00e3o de adolescente em S\u00e3o Gotardo"},"content":{"rendered":"<div class=\"relative basis-auto flex-col -mb-(--composer-overlap-px) [--composer-overlap-px:28px] grow flex\">\n<div class=\"flex flex-col text-sm pb-25\">\n<article class=\"text-token-text-primary w-full focus:outline-none [--shadow-height:45px] has-data-writing-block:pointer-events-none has-data-writing-block:-mt-(--shadow-height) has-data-writing-block:pt-(--shadow-height) [&amp;:has([data-writing-block])&gt;*]:pointer-events-auto [content-visibility:auto] supports-[content-visibility:auto]:[contain-intrinsic-size:auto_100lvh] scroll-mt-[calc(var(--header-height)+min(200px,max(70px,20svh)))]\" dir=\"auto\" tabindex=\"-1\" data-turn-id=\"99158f0e-1cce-476c-af6b-9a72ba7209ed\" data-testid=\"conversation-turn-2\" data-scroll-anchor=\"true\" data-turn=\"assistant\">\n<div class=\"text-base my-auto mx-auto pb-10 [--thread-content-margin:--spacing(4)] @w-sm\/main:[--thread-content-margin:--spacing(6)] @w-lg\/main:[--thread-content-margin:--spacing(16)] px-(--thread-content-margin)\">\n<div class=\"[--thread-content-max-width:40rem] @w-lg\/main:[--thread-content-max-width:48rem] mx-auto max-w-(--thread-content-max-width) flex-1 group\/turn-messages focus-visible:outline-hidden relative flex w-full min-w-0 flex-col agent-turn\" tabindex=\"-1\">\n<div class=\"flex max-w-full flex-col grow\">\n<div class=\"min-h-8 text-message relative flex w-full flex-col items-end gap-2 text-start break-words whitespace-normal [.text-message+&amp;]:mt-1\" dir=\"auto\" data-message-author-role=\"assistant\" data-message-id=\"9b6ae18f-da20-4630-b6b9-ebdb32834076\" data-message-model-slug=\"gpt-5-2\">\n<div class=\"flex w-full flex-col gap-1 empty:hidden first:pt-[1px]\">\n<div class=\"markdown prose dark:prose-invert w-full break-words light markdown-new-styling\">\n<p style=\"text-align: center;\"><span style=\"color: #ff0000;\"><strong>CONTINUA AP\u00d3S A PUBLICIDADE<\/strong><\/span><img decoding=\"async\" loading=\"lazy\" class=\"aligncenter wp-image-1000005472 size-full\" src=\"https:\/\/www.sgagora.com.br\/sg\/wp-content\/uploads\/2024\/08\/gif_260x260px_ssv.gif\" alt=\"\" width=\"260\" height=\"260\"><\/p>\n<p><img decoding=\"async\" loading=\"lazy\" class=\"aligncenter wp-image-1000008334 size-full\" src=\"https:\/\/www.sgagora.com.br\/sg\/wp-content\/uploads\/2025\/10\/Video-Post-para-Instagram-Animado-Novo-Post-Blog-Metaverso-Tecnologia.gif\" alt=\"\" width=\"260\" height=\"260\"><\/p>\n<p style=\"text-align: justify;\" data-start=\"119\" data-end=\"365\">Na madrugada do dia <strong data-start=\"139\" data-end=\"163\">4 de janeiro de 2026<\/strong>, uma a\u00e7\u00e3o decisiva da <strong data-start=\"186\" data-end=\"221\">Pol\u00edcia Militar de Minas Gerais<\/strong> foi fundamental para salvar a vida de um homem de aproximadamente 30 anos, v\u00edtima de esfaqueamento no bairro <strong data-start=\"331\" data-end=\"348\">Boa Esperan\u00e7a<\/strong>, em S\u00e3o Gotardo.<\/p>\n<p style=\"text-align: justify;\" data-start=\"367\" data-end=\"827\">Durante patrulhamento de rotina, os militares se depararam com a v\u00edtima sendo amparada por populares, apresentando <strong data-start=\"482\" data-end=\"516\">grave dificuldade respirat\u00f3ria<\/strong> ap\u00f3s sofrer um golpe de faca nas costas. Diante da situa\u00e7\u00e3o, os policiais identificaram sinais cl\u00ednicos compat\u00edveis com <strong data-start=\"637\" data-end=\"659\">pneumot\u00f3rax aberto<\/strong>, condi\u00e7\u00e3o extremamente grave, caracterizada pela entrada de ar no espa\u00e7o pleural, com risco iminente de colapso pulmonar, insufici\u00eancia respirat\u00f3ria aguda e at\u00e9 \u00f3bito.<\/p>\n<p style=\"text-align: center;\" data-start=\"367\" data-end=\"827\"><span style=\"color: #ff0000;\"><strong>CONTINUA AP\u00d3S A PUBLICIDADE<\/strong><\/span><img decoding=\"async\" loading=\"lazy\" class=\"aligncenter wp-image-1000001976 size-full\" src=\"https:\/\/www.sgagora.com.br\/sg\/wp-content\/uploads\/2019\/12\/GIF-PRONTO-ODONTO-COMPANY.gif\" alt=\"\" width=\"600\" height=\"260\"><\/p>\n<p style=\"text-align: justify;\" data-start=\"829\" data-end=\"1201\">Imediatamente, a equipe acionou o <strong data-start=\"863\" data-end=\"871\">SAMU<\/strong> e iniciou os <strong data-start=\"885\" data-end=\"907\">primeiros socorros<\/strong>, aplicando um <strong data-start=\"922\" data-end=\"939\">selo tor\u00e1cico<\/strong> no ferimento \u2014 material integrante do kit de atendimento emergencial dispon\u00edvel nas viaturas da Pol\u00edcia Militar de S\u00e3o Gotardo. A interven\u00e7\u00e3o proporcionou <strong data-start=\"1095\" data-end=\"1129\">melhora imediata na respira\u00e7\u00e3o<\/strong> da v\u00edtima, permitindo sua estabiliza\u00e7\u00e3o at\u00e9 a chegada da equipe m\u00e9dica.<\/p>\n<p style=\"text-align: center;\" data-start=\"829\" data-end=\"1201\"><strong><span style=\"color: #ff0000;\">CONTINUA AP\u00d3S A PUBLICIDADE<br \/>\n<img decoding=\"async\" loading=\"lazy\" class=\"aligncenter wp-image-1000008585 size-full\" src=\"https:\/\/www.sgagora.com.br\/sg\/wp-content\/uploads\/2025\/11\/GIF-EMPORIUM.gif\" alt=\"\" width=\"600\" height=\"260\"><\/span><\/strong><\/p>\n<p style=\"text-align: justify;\" data-start=\"1203\" data-end=\"1649\">A m\u00e9dica do SAMU destacou que a <strong data-start=\"1235\" data-end=\"1333\">a\u00e7\u00e3o r\u00e1pida e t\u00e9cnica dos policiais militares foi determinante para preservar a vida da v\u00edtima<\/strong>, ressaltando que o tempo de deslocamento da ambul\u00e2ncia poderia ter sido fatal sem o atendimento inicial prestado no local. Segundo ela, o caso evidencia o preparo e a capacita\u00e7\u00e3o dos militares para atuarem em situa\u00e7\u00f5es cr\u00edticas, indo al\u00e9m da seguran\u00e7a p\u00fablica e exercendo um papel essencial na <strong data-start=\"1628\" data-end=\"1648\">prote\u00e7\u00e3o da vida<\/strong>.<\/p>\n<p style=\"text-align: center;\" data-start=\"1203\" data-end=\"1649\"><span style=\"color: #ff0000;\"><strong>CONTINUA AP\u00d3S A PUBLICIDADE<\/strong><\/span><img decoding=\"async\" loading=\"lazy\" class=\"aligncenter size-full wp-image-1000008797\" src=\"https:\/\/www.sgagora.com.br\/sg\/wp-content\/uploads\/2025\/12\/banner-600x260-PNG.png\" alt=\"\" width=\"600\" height=\"260\" srcset=\"https:\/\/www.sgagora.com.br\/sg\/wp-content\/uploads\/2025\/12\/banner-600x260-PNG.png 600w, https:\/\/www.sgagora.com.br\/sg\/wp-content\/uploads\/2025\/12\/banner-600x260-PNG-300x130.png 300w\" sizes=\"(max-width: 600px) 100vw, 600px\" \/><\/p>\n<p style=\"text-align: justify;\" data-start=\"1651\" data-end=\"2003\">Dando continuidade \u00e0s dilig\u00eancias, j\u00e1 na manh\u00e3 seguinte, a Pol\u00edcia Militar <strong data-start=\"1726\" data-end=\"1779\">identificou e apreendeu um adolescente de 17 anos<\/strong>, que confessou a autoria do esfaqueamento. Durante a abordagem, o menor tamb\u00e9m foi flagrado com <strong data-start=\"1876\" data-end=\"1905\">subst\u00e2ncias entorpecentes<\/strong>, em circunst\u00e2ncias caracterizadas como <strong data-start=\"1945\" data-end=\"2002\">ato infracional an\u00e1logo ao crime de tr\u00e1fico de drogas<\/strong>.<\/p>\n<p style=\"text-align: justify;\" data-start=\"2005\" data-end=\"2300\">O adolescente foi encaminhado \u00e0 <strong data-start=\"2037\" data-end=\"2067\">Delegacia de Pol\u00edcia Civil<\/strong>, onde foram adotadas as provid\u00eancias legais cab\u00edveis, com o devido acionamento do <strong data-start=\"2150\" data-end=\"2170\">Conselho Tutelar<\/strong>. At\u00e9 o encerramento do registro policial, a v\u00edtima permanecia <strong data-start=\"2233\" data-end=\"2260\">internada em observa\u00e7\u00e3o<\/strong> em uma unidade de sa\u00fade de S\u00e3o Gotardo.<\/p>\n<p style=\"text-align: justify;\" data-start=\"2302\" data-end=\"2395\" data-is-last-node=\"\" data-is-only-node=\"\"><strong data-start=\"2302\" data-end=\"2395\" data-is-last-node=\"\">Pol\u00edcia Militar de Minas Gerais, 250 anos: a for\u00e7a do povo mineiro. Presen\u00e7a que protege!<\/strong><\/p>\n<p style=\"text-align: center;\"><strong><span style=\"color: #ff0000;\">CONTINUA AP\u00d3S A PUBLICIDADE<\/span><\/strong><img decoding=\"async\" loading=\"lazy\" class=\"aligncenter wp-image-1000004773 size-full\" src=\"https:\/\/www.sgagora.com.br\/sg\/wp-content\/uploads\/2024\/05\/GIF-SICREDI-SAO-GOTARDO.gif\" alt=\"\" width=\"260\" height=\"260\"><\/p>\n<p><img decoding=\"async\" loading=\"lazy\" class=\"aligncenter wp-image-1000006254 size-full\" src=\"https:\/\/www.sgagora.com.br\/sg\/wp-content\/uploads\/2025\/01\/Team.gif\" alt=\"\" width=\"260\" height=\"260\"><\/p>\n<p data-start=\"2302\" data-end=\"2395\" data-is-last-node=\"\" data-is-only-node=\"\"><span style=\"color: #ffffff;\">.<\/span><\/p>\n<p style=\"text-align: justify;\" data-start=\"2302\" data-end=\"2395\" data-is-last-node=\"\" data-is-only-node=\"\"><em><strong>Reportagem:<\/strong> Diego Oliveira\/Portal SG AGORA \/ <strong>Fonte da Reportagem e Foto Capa:<\/strong> Divulga\u00e7\u00e3o\/Assessoria de Imprensa Pol\u00edcia Militar de S\u00e3o Gotardo &#8211; 216\u00aa Cia. PM<\/em><\/p>\n<\/div>\n<\/div>\n<\/div>\n<\/div>\n<\/div>\n<\/div>\n<\/article>\n<\/div>\n<\/div>\n","protected":false},"excerpt":{"rendered":"<p>CONTINUA AP\u00d3S A PUBLICIDADE Na madrugada do dia 4 de janeiro de 2026, uma a\u00e7\u00e3o decisiva da Pol\u00edcia Militar de Minas Gerais foi fundamental para salvar a vida de um homem de aproximadamente 30 anos, &#8230; <a class=\"readmore\" href=\"https:\/\/www.sgagora.com.br\/sg\/acao-rapida-da-policia-militar-salva-vitima-de-esfaqueamento-e-resulta-na-apreensao-de-adolescente-em-sao-gotardo\/\">Leia Mais<\/a><\/p>\n","protected":false},"author":1,"featured_media":1000008910,"comment_status":"open","ping_status":"open","sticky":false,"template":"","format":"standard","meta":{"_bbp_topic_count":0,"_bbp_reply_count":0,"_bbp_total_topic_count":0,"_bbp_total_reply_count":0,"_bbp_voice_count":0,"_bbp_anonymous_reply_count":0,"_bbp_topic_count_hidden":0,"_bbp_reply_count_hidden":0,"_bbp_forum_subforum_count":0},"categories":[84,9,77,81],"tags":[22171,966,132,4538,4429,22248],"yoast_head":"<!-- This site is optimized with the Yoast SEO plugin v20.5 - https:\/\/yoast.com\/wordpress\/plugins\/seo\/ -->\n<title>A\u00e7\u00e3o r\u00e1pida da Pol\u00edcia Militar salva v\u00edtima de esfaqueamento e resulta na apreens\u00e3o de adolescente em S\u00e3o Gotardo<\/title>\n<meta name=\"description\" content=\"Atendimento emergencial r\u00e1pido evitou agravamento do quadro cl\u00ednico, e dilig\u00eancias levaram \u00e0 apreens\u00e3o do autor do crime no dia seguinte\" \/>\n<meta name=\"robots\" content=\"index, follow, max-snippet:-1, max-image-preview:large, max-video-preview:-1\" \/>\n<link rel=\"canonical\" href=\"https:\/\/www.sgagora.com.br\/sg\/acao-rapida-da-policia-militar-salva-vitima-de-esfaqueamento-e-resulta-na-apreensao-de-adolescente-em-sao-gotardo\/\" \/>\n<meta property=\"og:locale\" content=\"pt_BR\" \/>\n<meta property=\"og:type\" content=\"article\" \/>\n<meta property=\"og:title\" content=\"A\u00e7\u00e3o r\u00e1pida da Pol\u00edcia Militar salva v\u00edtima de esfaqueamento e resulta na apreens\u00e3o de adolescente em S\u00e3o Gotardo\" \/>\n<meta property=\"og:description\" content=\"Atendimento emergencial r\u00e1pido evitou agravamento do quadro cl\u00ednico, e dilig\u00eancias levaram \u00e0 apreens\u00e3o do autor do crime no dia seguinte\" \/>\n<meta property=\"og:url\" content=\"https:\/\/www.sgagora.com.br\/sg\/acao-rapida-da-policia-militar-salva-vitima-de-esfaqueamento-e-resulta-na-apreensao-de-adolescente-em-sao-gotardo\/\" \/>\n<meta property=\"og:site_name\" content=\"SGAgora\" \/>\n<meta property=\"article:publisher\" content=\"https:\/\/www.facebook.com\/sgagora\" \/>\n<meta property=\"article:published_time\" content=\"2026-01-05T18:46:13+00:00\" \/>\n<meta property=\"article:modified_time\" content=\"2026-01-27T12:20:26+00:00\" \/>\n<meta property=\"og:image\" content=\"https:\/\/www.sgagora.com.br\/sg\/wp-content\/uploads\/2026\/01\/6.jpg\" \/>\n\t<meta property=\"og:image:width\" content=\"600\" \/>\n\t<meta property=\"og:image:height\" content=\"400\" \/>\n\t<meta property=\"og:image:type\" content=\"image\/jpeg\" \/>\n<meta name=\"author\" content=\"SG Agora\" \/>\n<meta name=\"twitter:label1\" content=\"Escrito por\" \/>\n\t<meta name=\"twitter:data1\" content=\"SG Agora\" \/>\n\t<meta name=\"twitter:label2\" content=\"Est. tempo de leitura\" \/>\n\t<meta name=\"twitter:data2\" content=\"4 minutos\" \/>\n<script type=\"application\/ld+json\" class=\"yoast-schema-graph\">{\"@context\":\"https:\/\/schema.org\",\"@graph\":[{\"@type\":\"WebPage\",\"@id\":\"https:\/\/www.sgagora.com.br\/sg\/acao-rapida-da-policia-militar-salva-vitima-de-esfaqueamento-e-resulta-na-apreensao-de-adolescente-em-sao-gotardo\/\",\"url\":\"https:\/\/www.sgagora.com.br\/sg\/acao-rapida-da-policia-militar-salva-vitima-de-esfaqueamento-e-resulta-na-apreensao-de-adolescente-em-sao-gotardo\/\",\"name\":\"A\u00e7\u00e3o r\u00e1pida da Pol\u00edcia Militar salva v\u00edtima de esfaqueamento e resulta na apreens\u00e3o de adolescente em S\u00e3o Gotardo\",\"isPartOf\":{\"@id\":\"https:\/\/www.sgagora.com.br\/sg\/#website\"},\"datePublished\":\"2026-01-05T18:46:13+00:00\",\"dateModified\":\"2026-01-27T12:20:26+00:00\",\"author\":{\"@id\":\"https:\/\/www.sgagora.com.br\/sg\/#\/schema\/person\/2be62cfb47cee3e0b305e4f7a765ae41\"},\"description\":\"Atendimento emergencial r\u00e1pido evitou agravamento do quadro cl\u00ednico, e dilig\u00eancias levaram \u00e0 apreens\u00e3o do autor do crime no dia seguinte\",\"breadcrumb\":{\"@id\":\"https:\/\/www.sgagora.com.br\/sg\/acao-rapida-da-policia-militar-salva-vitima-de-esfaqueamento-e-resulta-na-apreensao-de-adolescente-em-sao-gotardo\/#breadcrumb\"},\"inLanguage\":\"pt-BR\",\"potentialAction\":[{\"@type\":\"ReadAction\",\"target\":[\"https:\/\/www.sgagora.com.br\/sg\/acao-rapida-da-policia-militar-salva-vitima-de-esfaqueamento-e-resulta-na-apreensao-de-adolescente-em-sao-gotardo\/\"]}]},{\"@type\":\"BreadcrumbList\",\"@id\":\"https:\/\/www.sgagora.com.br\/sg\/acao-rapida-da-policia-militar-salva-vitima-de-esfaqueamento-e-resulta-na-apreensao-de-adolescente-em-sao-gotardo\/#breadcrumb\",\"itemListElement\":[{\"@type\":\"ListItem\",\"position\":1,\"name\":\"In\u00edcio\",\"item\":\"https:\/\/www.sgagora.com.br\/sg\/\"},{\"@type\":\"ListItem\",\"position\":2,\"name\":\"A\u00e7\u00e3o r\u00e1pida da Pol\u00edcia Militar salva v\u00edtima de esfaqueamento e resulta na apreens\u00e3o de adolescente em S\u00e3o Gotardo\"}]},{\"@type\":\"WebSite\",\"@id\":\"https:\/\/www.sgagora.com.br\/sg\/#website\",\"url\":\"https:\/\/www.sgagora.com.br\/sg\/\",\"name\":\"SGAgora\",\"description\":\"Not\u00edcias de S\u00e3o Gotardo\",\"potentialAction\":[{\"@type\":\"SearchAction\",\"target\":{\"@type\":\"EntryPoint\",\"urlTemplate\":\"https:\/\/www.sgagora.com.br\/sg\/?s={search_term_string}\"},\"query-input\":\"required name=search_term_string\"}],\"inLanguage\":\"pt-BR\"},{\"@type\":\"Person\",\"@id\":\"https:\/\/www.sgagora.com.br\/sg\/#\/schema\/person\/2be62cfb47cee3e0b305e4f7a765ae41\",\"name\":\"SG Agora\",\"image\":{\"@type\":\"ImageObject\",\"inLanguage\":\"pt-BR\",\"@id\":\"https:\/\/www.sgagora.com.br\/sg\/#\/schema\/person\/image\/\",\"url\":\"https:\/\/secure.gravatar.com\/avatar\/a0c612a9a8c3e7419d6fd4f92e749d8d?s=96&d=mm&r=g\",\"contentUrl\":\"https:\/\/secure.gravatar.com\/avatar\/a0c612a9a8c3e7419d6fd4f92e749d8d?s=96&d=mm&r=g\",\"caption\":\"SG Agora\"},\"url\":\"https:\/\/www.sgagora.com.br\/sg\/author\/admin\/\"}]}<\/script>\n<!-- \/ Yoast SEO plugin. -->","yoast_head_json":{"title":"A\u00e7\u00e3o r\u00e1pida da Pol\u00edcia Militar salva v\u00edtima de esfaqueamento e resulta na apreens\u00e3o de adolescente em S\u00e3o Gotardo","description":"Atendimento emergencial r\u00e1pido evitou agravamento do quadro cl\u00ednico, e dilig\u00eancias levaram \u00e0 apreens\u00e3o do autor do crime no dia seguinte","robots":{"index":"index","follow":"follow","max-snippet":"max-snippet:-1","max-image-preview":"max-image-preview:large","max-video-preview":"max-video-preview:-1"},"canonical":"https:\/\/www.sgagora.com.br\/sg\/acao-rapida-da-policia-militar-salva-vitima-de-esfaqueamento-e-resulta-na-apreensao-de-adolescente-em-sao-gotardo\/","og_locale":"pt_BR","og_type":"article","og_title":"A\u00e7\u00e3o r\u00e1pida da Pol\u00edcia Militar salva v\u00edtima de esfaqueamento e resulta na apreens\u00e3o de adolescente em S\u00e3o Gotardo","og_description":"Atendimento emergencial r\u00e1pido evitou agravamento do quadro cl\u00ednico, e dilig\u00eancias levaram \u00e0 apreens\u00e3o do autor do crime no dia seguinte","og_url":"https:\/\/www.sgagora.com.br\/sg\/acao-rapida-da-policia-militar-salva-vitima-de-esfaqueamento-e-resulta-na-apreensao-de-adolescente-em-sao-gotardo\/","og_site_name":"SGAgora","article_publisher":"https:\/\/www.facebook.com\/sgagora","article_published_time":"2026-01-05T18:46:13+00:00","article_modified_time":"2026-01-27T12:20:26+00:00","og_image":[{"width":600,"height":400,"url":"https:\/\/www.sgagora.com.br\/sg\/wp-content\/uploads\/2026\/01\/6.jpg","type":"image\/jpeg"}],"author":"SG Agora","twitter_misc":{"Escrito por":"SG Agora","Est. tempo de leitura":"4 minutos"},"schema":{"@context":"https:\/\/schema.org","@graph":[{"@type":"WebPage","@id":"https:\/\/www.sgagora.com.br\/sg\/acao-rapida-da-policia-militar-salva-vitima-de-esfaqueamento-e-resulta-na-apreensao-de-adolescente-em-sao-gotardo\/","url":"https:\/\/www.sgagora.com.br\/sg\/acao-rapida-da-policia-militar-salva-vitima-de-esfaqueamento-e-resulta-na-apreensao-de-adolescente-em-sao-gotardo\/","name":"A\u00e7\u00e3o r\u00e1pida da Pol\u00edcia Militar salva v\u00edtima de esfaqueamento e resulta na apreens\u00e3o de adolescente em S\u00e3o Gotardo","isPartOf":{"@id":"https:\/\/www.sgagora.com.br\/sg\/#website"},"datePublished":"2026-01-05T18:46:13+00:00","dateModified":"2026-01-27T12:20:26+00:00","author":{"@id":"https:\/\/www.sgagora.com.br\/sg\/#\/schema\/person\/2be62cfb47cee3e0b305e4f7a765ae41"},"description":"Atendimento emergencial r\u00e1pido evitou agravamento do quadro cl\u00ednico, e dilig\u00eancias levaram \u00e0 apreens\u00e3o do autor do crime no dia seguinte","breadcrumb":{"@id":"https:\/\/www.sgagora.com.br\/sg\/acao-rapida-da-policia-militar-salva-vitima-de-esfaqueamento-e-resulta-na-apreensao-de-adolescente-em-sao-gotardo\/#breadcrumb"},"inLanguage":"pt-BR","potentialAction":[{"@type":"ReadAction","target":["https:\/\/www.sgagora.com.br\/sg\/acao-rapida-da-policia-militar-salva-vitima-de-esfaqueamento-e-resulta-na-apreensao-de-adolescente-em-sao-gotardo\/"]}]},{"@type":"BreadcrumbList","@id":"https:\/\/www.sgagora.com.br\/sg\/acao-rapida-da-policia-militar-salva-vitima-de-esfaqueamento-e-resulta-na-apreensao-de-adolescente-em-sao-gotardo\/#breadcrumb","itemListElement":[{"@type":"ListItem","position":1,"name":"In\u00edcio","item":"https:\/\/www.sgagora.com.br\/sg\/"},{"@type":"ListItem","position":2,"name":"A\u00e7\u00e3o r\u00e1pida da Pol\u00edcia Militar salva v\u00edtima de esfaqueamento e resulta na apreens\u00e3o de adolescente em S\u00e3o Gotardo"}]},{"@type":"WebSite","@id":"https:\/\/www.sgagora.com.br\/sg\/#website","url":"https:\/\/www.sgagora.com.br\/sg\/","name":"SGAgora","description":"Not\u00edcias de S\u00e3o Gotardo","potentialAction":[{"@type":"SearchAction","target":{"@type":"EntryPoint","urlTemplate":"https:\/\/www.sgagora.com.br\/sg\/?s={search_term_string}"},"query-input":"required name=search_term_string"}],"inLanguage":"pt-BR"},{"@type":"Person","@id":"https:\/\/www.sgagora.com.br\/sg\/#\/schema\/person\/2be62cfb47cee3e0b305e4f7a765ae41","name":"SG Agora","image":{"@type":"ImageObject","inLanguage":"pt-BR","@id":"https:\/\/www.sgagora.com.br\/sg\/#\/schema\/person\/image\/","url":"https:\/\/secure.gravatar.com\/avatar\/a0c612a9a8c3e7419d6fd4f92e749d8d?s=96&d=mm&r=g","contentUrl":"https:\/\/secure.gravatar.com\/avatar\/a0c612a9a8c3e7419d6fd4f92e749d8d?s=96&d=mm&r=g","caption":"SG Agora"},"url":"https:\/\/www.sgagora.com.br\/sg\/author\/admin\/"}]}},"_links":{"self":[{"href":"https:\/\/www.sgagora.com.br\/sg\/wp-json\/wp\/v2\/posts\/1000008908"}],"collection":[{"href":"https:\/\/www.sgagora.com.br\/sg\/wp-json\/wp\/v2\/posts"}],"about":[{"href":"https:\/\/www.sgagora.com.br\/sg\/wp-json\/wp\/v2\/types\/post"}],"author":[{"embeddable":true,"href":"https:\/\/www.sgagora.com.br\/sg\/wp-json\/wp\/v2\/users\/1"}],"replies":[{"embeddable":true,"href":"https:\/\/www.sgagora.com.br\/sg\/wp-json\/wp\/v2\/comments?post=1000008908"}],"version-history":[{"count":2,"href":"https:\/\/www.sgagora.com.br\/sg\/wp-json\/wp\/v2\/posts\/1000008908\/revisions"}],"predecessor-version":[{"id":1000008964,"href":"https:\/\/www.sgagora.com.br\/sg\/wp-json\/wp\/v2\/posts\/1000008908\/revisions\/1000008964"}],"wp:featuredmedia":[{"embeddable":true,"href":"https:\/\/www.sgagora.com.br\/sg\/wp-json\/wp\/v2\/media\/1000008910"}],"wp:attachment":[{"href":"https:\/\/www.sgagora.com.br\/sg\/wp-json\/wp\/v2\/media?parent=1000008908"}],"wp:term":[{"taxonomy":"category","embeddable":true,"href":"https:\/\/www.sgagora.com.br\/sg\/wp-json\/wp\/v2\/categories?post=1000008908"},{"taxonomy":"post_tag","embeddable":true,"href":"https:\/\/www.sgagora.com.br\/sg\/wp-json\/wp\/v2\/tags?post=1000008908"}],"curies":[{"name":"wp","href":"https:\/\/api.w.org\/{rel}","templated":true}]}}