{"id":1000008955,"date":"2026-01-26T09:19:08","date_gmt":"2026-01-26T12:19:08","guid":{"rendered":"https:\/\/www.sgagora.com.br\/sg\/?p=1000008955"},"modified":"2026-02-03T20:06:36","modified_gmt":"2026-02-03T23:06:36","slug":"pm-realiza-operacao-relampago-e-prende-tres-foragidos-da-justica-em-menos-de-24-horas-em-sao-gotardo","status":"publish","type":"post","link":"https:\/\/www.sgagora.com.br\/sg\/pm-realiza-operacao-relampago-e-prende-tres-foragidos-da-justica-em-menos-de-24-horas-em-sao-gotardo\/","title":{"rendered":"PM realiza opera\u00e7\u00e3o rel\u00e2mpago e prende tr\u00eas foragidos da justi\u00e7a em menos de 24 horas em S\u00e3o Gotardo"},"content":{"rendered":"<p style=\"text-align: center;\"><span style=\"color: #ff0000;\"><strong>CONTINUA AP\u00d3S A PUBLICIDADE<\/strong><\/span><img decoding=\"async\" loading=\"lazy\" class=\"aligncenter wp-image-1000005472 size-full\" src=\"https:\/\/www.sgagora.com.br\/sg\/wp-content\/uploads\/2024\/08\/gif_260x260px_ssv.gif\" alt=\"\" width=\"260\" height=\"260\" \/><\/p>\n<p><img decoding=\"async\" loading=\"lazy\" class=\"aligncenter wp-image-1000008334 size-full\" src=\"https:\/\/www.sgagora.com.br\/sg\/wp-content\/uploads\/2025\/10\/Video-Post-para-Instagram-Animado-Novo-Post-Blog-Metaverso-Tecnologia.gif\" alt=\"\" width=\"260\" height=\"260\" \/><\/p>\n<p style=\"text-align: justify;\" data-start=\"245\" data-end=\"494\">A <strong data-start=\"247\" data-end=\"289\">Pol\u00edcia Militar de Minas Gerais (PMMG)<\/strong>, por meio do efetivo de <strong data-start=\"314\" data-end=\"329\">S\u00e3o Gotardo<\/strong>, realizou uma <strong data-start=\"344\" data-end=\"366\">opera\u00e7\u00e3o rel\u00e2mpago<\/strong> nos dias <strong data-start=\"376\" data-end=\"406\">23 e 24 de janeiro de 2026<\/strong>, com foco no <strong data-start=\"420\" data-end=\"457\">cumprimento de mandados de pris\u00e3o<\/strong> expedidos pelo <strong data-start=\"473\" data-end=\"493\">Poder Judici\u00e1rio<\/strong>.<\/p>\n<p style=\"text-align: center;\" data-start=\"245\" data-end=\"494\"><span style=\"color: #ff0000;\"><strong>CONTINUA AP\u00d3S A PUBLICIDADE<\/strong><\/span><img decoding=\"async\" loading=\"lazy\" class=\"aligncenter wp-image-1000001976 size-full\" src=\"https:\/\/www.sgagora.com.br\/sg\/wp-content\/uploads\/2019\/12\/GIF-PRONTO-ODONTO-COMPANY.gif\" alt=\"\" width=\"600\" height=\"260\" \/><\/p>\n<p style=\"text-align: justify;\" data-start=\"496\" data-end=\"696\">Ap\u00f3s receber informa\u00e7\u00f5es sobre a exist\u00eancia de <strong data-start=\"543\" data-end=\"567\">foragidos da Justi\u00e7a<\/strong> residindo no munic\u00edpio, os militares iniciaram um trabalho de <strong data-start=\"630\" data-end=\"685\">levantamento de dados, monitoramento e rastreamento<\/strong> dos alvos.<\/p>\n<p style=\"text-align: justify;\" data-start=\"698\" data-end=\"908\">Como resultado da a\u00e7\u00e3o, a PM conseguiu <strong data-start=\"737\" data-end=\"776\">localizar e prender tr\u00eas indiv\u00edduos<\/strong> com mandados em aberto \u2014 <strong data-start=\"802\" data-end=\"833\">dois na sexta-feira (23\/01)<\/strong> e <strong data-start=\"836\" data-end=\"860\">um no s\u00e1bado (24\/01)<\/strong> \u2014 todos no per\u00edmetro urbano de <strong data-start=\"892\" data-end=\"907\">S\u00e3o Gotardo<\/strong>.<\/p>\n<p style=\"text-align: center;\" data-start=\"698\" data-end=\"908\"><strong><span style=\"color: #ff0000;\">CONTINUA AP\u00d3S A PUBLICIDADE<br \/>\n<img decoding=\"async\" loading=\"lazy\" class=\"aligncenter wp-image-1000008585 size-full\" src=\"https:\/\/www.sgagora.com.br\/sg\/wp-content\/uploads\/2025\/11\/GIF-EMPORIUM.gif\" alt=\"\" width=\"600\" height=\"260\" \/><\/span><\/strong><\/p>\n<p style=\"text-align: justify;\" data-start=\"910\" data-end=\"1121\">Os presos foram <strong data-start=\"926\" data-end=\"967\">conduzidos \u00e0s autoridades competentes<\/strong> para as provid\u00eancias legais. A opera\u00e7\u00e3o refor\u00e7a o <strong data-start=\"1018\" data-end=\"1052\">compromisso da Pol\u00edcia Militar<\/strong> com a <strong data-start=\"1059\" data-end=\"1080\">seguran\u00e7a p\u00fablica<\/strong>, a <strong data-start=\"1084\" data-end=\"1093\">ordem<\/strong> e o <strong data-start=\"1098\" data-end=\"1120\">cumprimento da lei<\/strong>.<\/p>\n<p style=\"text-align: justify;\" data-start=\"1123\" data-end=\"1223\">&#x1f53a; <strong data-start=\"1126\" data-end=\"1220\">Pol\u00edcia Militar de Minas Gerais \u2013 250 anos: A for\u00e7a do povo mineiro, presen\u00e7a que protege!<\/strong> &#x1f53a;<\/p>\n<p style=\"text-align: center;\"><strong><span style=\"color: #ff0000;\">CONTINUA AP\u00d3S A PUBLICIDADE<\/span><\/strong><img decoding=\"async\" loading=\"lazy\" class=\"aligncenter wp-image-1000004773 size-full\" src=\"https:\/\/www.sgagora.com.br\/sg\/wp-content\/uploads\/2024\/05\/GIF-SICREDI-SAO-GOTARDO.gif\" alt=\"\" width=\"260\" height=\"260\" \/><\/p>\n<p><img decoding=\"async\" loading=\"lazy\" class=\"aligncenter wp-image-1000006254 size-full\" src=\"https:\/\/www.sgagora.com.br\/sg\/wp-content\/uploads\/2025\/01\/Team.gif\" alt=\"\" width=\"260\" height=\"260\" \/><\/p>\n<p data-start=\"1123\" data-end=\"1223\"><span style=\"color: #ffffff;\">.<\/span><\/p>\n<p style=\"text-align: justify;\" data-start=\"1123\" data-end=\"1223\"><em><strong>Reportagem:<\/strong> Diego Oliveira\/Portal SG AGORA \/ <strong>Fonte da Reportagem e Foto Capa:<\/strong> Divulga\u00e7\u00e3o\/Assessoria de Imprensa Pol\u00edcia Militar de S\u00e3o Gotardo &#8211; 216\u00aa Cia. PM<\/em><\/p>\n","protected":false},"excerpt":{"rendered":"<p>CONTINUA AP\u00d3S A PUBLICIDADE A Pol\u00edcia Militar de Minas Gerais (PMMG), por meio do efetivo de S\u00e3o Gotardo, realizou uma opera\u00e7\u00e3o rel\u00e2mpago nos dias 23 e 24 de janeiro de 2026, com foco no cumprimento &#8230; <a class=\"readmore\" href=\"https:\/\/www.sgagora.com.br\/sg\/pm-realiza-operacao-relampago-e-prende-tres-foragidos-da-justica-em-menos-de-24-horas-em-sao-gotardo\/\">Leia Mais<\/a><\/p>\n","protected":false},"author":1,"featured_media":1000008958,"comment_status":"open","ping_status":"open","sticky":false,"template":"","format":"standard","meta":{"_bbp_topic_count":0,"_bbp_reply_count":0,"_bbp_total_topic_count":0,"_bbp_total_reply_count":0,"_bbp_voice_count":0,"_bbp_anonymous_reply_count":0,"_bbp_topic_count_hidden":0,"_bbp_reply_count_hidden":0,"_bbp_forum_subforum_count":0},"categories":[77,81],"tags":[2589,1256,132,4538,4429],"yoast_head":"<!-- This site is optimized with the Yoast SEO plugin v20.5 - https:\/\/yoast.com\/wordpress\/plugins\/seo\/ -->\n<title>PM realiza opera\u00e7\u00e3o rel\u00e2mpago e prende tr\u00eas foragidos da justi\u00e7a em menos de 24 horas em S\u00e3o Gotardo<\/title>\n<meta name=\"description\" content=\"Os presos foram conduzidos \u00e0s autoridades competentes para as provid\u00eancias legais. A opera\u00e7\u00e3o refor\u00e7a o compromisso da Pol\u00edcia Militar com a seguran\u00e7a p\u00fablica, a ordem e o cumprimento da lei.\" \/>\n<meta name=\"robots\" content=\"index, follow, max-snippet:-1, max-image-preview:large, max-video-preview:-1\" \/>\n<link rel=\"canonical\" href=\"https:\/\/www.sgagora.com.br\/sg\/pm-realiza-operacao-relampago-e-prende-tres-foragidos-da-justica-em-menos-de-24-horas-em-sao-gotardo\/\" \/>\n<meta property=\"og:locale\" content=\"pt_BR\" \/>\n<meta property=\"og:type\" content=\"article\" \/>\n<meta property=\"og:title\" content=\"PM realiza opera\u00e7\u00e3o rel\u00e2mpago e prende tr\u00eas foragidos da justi\u00e7a em menos de 24 horas em S\u00e3o Gotardo\" \/>\n<meta property=\"og:description\" content=\"Os presos foram conduzidos \u00e0s autoridades competentes para as provid\u00eancias legais. A opera\u00e7\u00e3o refor\u00e7a o compromisso da Pol\u00edcia Militar com a seguran\u00e7a p\u00fablica, a ordem e o cumprimento da lei.\" \/>\n<meta property=\"og:url\" content=\"https:\/\/www.sgagora.com.br\/sg\/pm-realiza-operacao-relampago-e-prende-tres-foragidos-da-justica-em-menos-de-24-horas-em-sao-gotardo\/\" \/>\n<meta property=\"og:site_name\" content=\"SGAgora\" \/>\n<meta property=\"article:publisher\" content=\"https:\/\/www.facebook.com\/sgagora\" \/>\n<meta property=\"article:published_time\" content=\"2026-01-26T12:19:08+00:00\" \/>\n<meta property=\"article:modified_time\" content=\"2026-02-03T23:06:36+00:00\" \/>\n<meta property=\"og:image\" content=\"https:\/\/www.sgagora.com.br\/sg\/wp-content\/uploads\/2026\/01\/WhatsApp-Image-2026-01-24-at-18.39.30-e1769429936573.jpeg\" \/>\n\t<meta property=\"og:image:width\" content=\"600\" \/>\n\t<meta property=\"og:image:height\" content=\"450\" \/>\n\t<meta property=\"og:image:type\" content=\"image\/jpeg\" \/>\n<meta name=\"author\" content=\"SG Agora\" \/>\n<meta name=\"twitter:label1\" content=\"Escrito por\" \/>\n\t<meta name=\"twitter:data1\" content=\"SG Agora\" \/>\n\t<meta name=\"twitter:label2\" content=\"Est. tempo de leitura\" \/>\n\t<meta name=\"twitter:data2\" content=\"3 minutos\" \/>\n<script type=\"application\/ld+json\" class=\"yoast-schema-graph\">{\"@context\":\"https:\/\/schema.org\",\"@graph\":[{\"@type\":\"WebPage\",\"@id\":\"https:\/\/www.sgagora.com.br\/sg\/pm-realiza-operacao-relampago-e-prende-tres-foragidos-da-justica-em-menos-de-24-horas-em-sao-gotardo\/\",\"url\":\"https:\/\/www.sgagora.com.br\/sg\/pm-realiza-operacao-relampago-e-prende-tres-foragidos-da-justica-em-menos-de-24-horas-em-sao-gotardo\/\",\"name\":\"PM realiza opera\u00e7\u00e3o rel\u00e2mpago e prende tr\u00eas foragidos da justi\u00e7a em menos de 24 horas em S\u00e3o Gotardo\",\"isPartOf\":{\"@id\":\"https:\/\/www.sgagora.com.br\/sg\/#website\"},\"datePublished\":\"2026-01-26T12:19:08+00:00\",\"dateModified\":\"2026-02-03T23:06:36+00:00\",\"author\":{\"@id\":\"https:\/\/www.sgagora.com.br\/sg\/#\/schema\/person\/2be62cfb47cee3e0b305e4f7a765ae41\"},\"description\":\"Os presos foram conduzidos \u00e0s autoridades competentes para as provid\u00eancias legais. A opera\u00e7\u00e3o refor\u00e7a o compromisso da Pol\u00edcia Militar com a seguran\u00e7a p\u00fablica, a ordem e o cumprimento da lei.\",\"breadcrumb\":{\"@id\":\"https:\/\/www.sgagora.com.br\/sg\/pm-realiza-operacao-relampago-e-prende-tres-foragidos-da-justica-em-menos-de-24-horas-em-sao-gotardo\/#breadcrumb\"},\"inLanguage\":\"pt-BR\",\"potentialAction\":[{\"@type\":\"ReadAction\",\"target\":[\"https:\/\/www.sgagora.com.br\/sg\/pm-realiza-operacao-relampago-e-prende-tres-foragidos-da-justica-em-menos-de-24-horas-em-sao-gotardo\/\"]}]},{\"@type\":\"BreadcrumbList\",\"@id\":\"https:\/\/www.sgagora.com.br\/sg\/pm-realiza-operacao-relampago-e-prende-tres-foragidos-da-justica-em-menos-de-24-horas-em-sao-gotardo\/#breadcrumb\",\"itemListElement\":[{\"@type\":\"ListItem\",\"position\":1,\"name\":\"In\u00edcio\",\"item\":\"https:\/\/www.sgagora.com.br\/sg\/\"},{\"@type\":\"ListItem\",\"position\":2,\"name\":\"PM realiza opera\u00e7\u00e3o rel\u00e2mpago e prende tr\u00eas foragidos da justi\u00e7a em menos de 24 horas em S\u00e3o Gotardo\"}]},{\"@type\":\"WebSite\",\"@id\":\"https:\/\/www.sgagora.com.br\/sg\/#website\",\"url\":\"https:\/\/www.sgagora.com.br\/sg\/\",\"name\":\"SGAgora\",\"description\":\"Not\u00edcias de S\u00e3o Gotardo\",\"potentialAction\":[{\"@type\":\"SearchAction\",\"target\":{\"@type\":\"EntryPoint\",\"urlTemplate\":\"https:\/\/www.sgagora.com.br\/sg\/?s={search_term_string}\"},\"query-input\":\"required name=search_term_string\"}],\"inLanguage\":\"pt-BR\"},{\"@type\":\"Person\",\"@id\":\"https:\/\/www.sgagora.com.br\/sg\/#\/schema\/person\/2be62cfb47cee3e0b305e4f7a765ae41\",\"name\":\"SG Agora\",\"image\":{\"@type\":\"ImageObject\",\"inLanguage\":\"pt-BR\",\"@id\":\"https:\/\/www.sgagora.com.br\/sg\/#\/schema\/person\/image\/\",\"url\":\"https:\/\/secure.gravatar.com\/avatar\/a0c612a9a8c3e7419d6fd4f92e749d8d?s=96&d=mm&r=g\",\"contentUrl\":\"https:\/\/secure.gravatar.com\/avatar\/a0c612a9a8c3e7419d6fd4f92e749d8d?s=96&d=mm&r=g\",\"caption\":\"SG Agora\"},\"url\":\"https:\/\/www.sgagora.com.br\/sg\/author\/admin\/\"}]}<\/script>\n<!-- \/ Yoast SEO plugin. -->","yoast_head_json":{"title":"PM realiza opera\u00e7\u00e3o rel\u00e2mpago e prende tr\u00eas foragidos da justi\u00e7a em menos de 24 horas em S\u00e3o Gotardo","description":"Os presos foram conduzidos \u00e0s autoridades competentes para as provid\u00eancias legais. A opera\u00e7\u00e3o refor\u00e7a o compromisso da Pol\u00edcia Militar com a seguran\u00e7a p\u00fablica, a ordem e o cumprimento da lei.","robots":{"index":"index","follow":"follow","max-snippet":"max-snippet:-1","max-image-preview":"max-image-preview:large","max-video-preview":"max-video-preview:-1"},"canonical":"https:\/\/www.sgagora.com.br\/sg\/pm-realiza-operacao-relampago-e-prende-tres-foragidos-da-justica-em-menos-de-24-horas-em-sao-gotardo\/","og_locale":"pt_BR","og_type":"article","og_title":"PM realiza opera\u00e7\u00e3o rel\u00e2mpago e prende tr\u00eas foragidos da justi\u00e7a em menos de 24 horas em S\u00e3o Gotardo","og_description":"Os presos foram conduzidos \u00e0s autoridades competentes para as provid\u00eancias legais. A opera\u00e7\u00e3o refor\u00e7a o compromisso da Pol\u00edcia Militar com a seguran\u00e7a p\u00fablica, a ordem e o cumprimento da lei.","og_url":"https:\/\/www.sgagora.com.br\/sg\/pm-realiza-operacao-relampago-e-prende-tres-foragidos-da-justica-em-menos-de-24-horas-em-sao-gotardo\/","og_site_name":"SGAgora","article_publisher":"https:\/\/www.facebook.com\/sgagora","article_published_time":"2026-01-26T12:19:08+00:00","article_modified_time":"2026-02-03T23:06:36+00:00","og_image":[{"width":600,"height":450,"url":"https:\/\/www.sgagora.com.br\/sg\/wp-content\/uploads\/2026\/01\/WhatsApp-Image-2026-01-24-at-18.39.30-e1769429936573.jpeg","type":"image\/jpeg"}],"author":"SG Agora","twitter_misc":{"Escrito por":"SG Agora","Est. tempo de leitura":"3 minutos"},"schema":{"@context":"https:\/\/schema.org","@graph":[{"@type":"WebPage","@id":"https:\/\/www.sgagora.com.br\/sg\/pm-realiza-operacao-relampago-e-prende-tres-foragidos-da-justica-em-menos-de-24-horas-em-sao-gotardo\/","url":"https:\/\/www.sgagora.com.br\/sg\/pm-realiza-operacao-relampago-e-prende-tres-foragidos-da-justica-em-menos-de-24-horas-em-sao-gotardo\/","name":"PM realiza opera\u00e7\u00e3o rel\u00e2mpago e prende tr\u00eas foragidos da justi\u00e7a em menos de 24 horas em S\u00e3o Gotardo","isPartOf":{"@id":"https:\/\/www.sgagora.com.br\/sg\/#website"},"datePublished":"2026-01-26T12:19:08+00:00","dateModified":"2026-02-03T23:06:36+00:00","author":{"@id":"https:\/\/www.sgagora.com.br\/sg\/#\/schema\/person\/2be62cfb47cee3e0b305e4f7a765ae41"},"description":"Os presos foram conduzidos \u00e0s autoridades competentes para as provid\u00eancias legais. A opera\u00e7\u00e3o refor\u00e7a o compromisso da Pol\u00edcia Militar com a seguran\u00e7a p\u00fablica, a ordem e o cumprimento da lei.","breadcrumb":{"@id":"https:\/\/www.sgagora.com.br\/sg\/pm-realiza-operacao-relampago-e-prende-tres-foragidos-da-justica-em-menos-de-24-horas-em-sao-gotardo\/#breadcrumb"},"inLanguage":"pt-BR","potentialAction":[{"@type":"ReadAction","target":["https:\/\/www.sgagora.com.br\/sg\/pm-realiza-operacao-relampago-e-prende-tres-foragidos-da-justica-em-menos-de-24-horas-em-sao-gotardo\/"]}]},{"@type":"BreadcrumbList","@id":"https:\/\/www.sgagora.com.br\/sg\/pm-realiza-operacao-relampago-e-prende-tres-foragidos-da-justica-em-menos-de-24-horas-em-sao-gotardo\/#breadcrumb","itemListElement":[{"@type":"ListItem","position":1,"name":"In\u00edcio","item":"https:\/\/www.sgagora.com.br\/sg\/"},{"@type":"ListItem","position":2,"name":"PM realiza opera\u00e7\u00e3o rel\u00e2mpago e prende tr\u00eas foragidos da justi\u00e7a em menos de 24 horas em S\u00e3o Gotardo"}]},{"@type":"WebSite","@id":"https:\/\/www.sgagora.com.br\/sg\/#website","url":"https:\/\/www.sgagora.com.br\/sg\/","name":"SGAgora","description":"Not\u00edcias de S\u00e3o Gotardo","potentialAction":[{"@type":"SearchAction","target":{"@type":"EntryPoint","urlTemplate":"https:\/\/www.sgagora.com.br\/sg\/?s={search_term_string}"},"query-input":"required name=search_term_string"}],"inLanguage":"pt-BR"},{"@type":"Person","@id":"https:\/\/www.sgagora.com.br\/sg\/#\/schema\/person\/2be62cfb47cee3e0b305e4f7a765ae41","name":"SG Agora","image":{"@type":"ImageObject","inLanguage":"pt-BR","@id":"https:\/\/www.sgagora.com.br\/sg\/#\/schema\/person\/image\/","url":"https:\/\/secure.gravatar.com\/avatar\/a0c612a9a8c3e7419d6fd4f92e749d8d?s=96&d=mm&r=g","contentUrl":"https:\/\/secure.gravatar.com\/avatar\/a0c612a9a8c3e7419d6fd4f92e749d8d?s=96&d=mm&r=g","caption":"SG Agora"},"url":"https:\/\/www.sgagora.com.br\/sg\/author\/admin\/"}]}},"_links":{"self":[{"href":"https:\/\/www.sgagora.com.br\/sg\/wp-json\/wp\/v2\/posts\/1000008955"}],"collection":[{"href":"https:\/\/www.sgagora.com.br\/sg\/wp-json\/wp\/v2\/posts"}],"about":[{"href":"https:\/\/www.sgagora.com.br\/sg\/wp-json\/wp\/v2\/types\/post"}],"author":[{"embeddable":true,"href":"https:\/\/www.sgagora.com.br\/sg\/wp-json\/wp\/v2\/users\/1"}],"replies":[{"embeddable":true,"href":"https:\/\/www.sgagora.com.br\/sg\/wp-json\/wp\/v2\/comments?post=1000008955"}],"version-history":[{"count":1,"href":"https:\/\/www.sgagora.com.br\/sg\/wp-json\/wp\/v2\/posts\/1000008955\/revisions"}],"predecessor-version":[{"id":1000008959,"href":"https:\/\/www.sgagora.com.br\/sg\/wp-json\/wp\/v2\/posts\/1000008955\/revisions\/1000008959"}],"wp:featuredmedia":[{"embeddable":true,"href":"https:\/\/www.sgagora.com.br\/sg\/wp-json\/wp\/v2\/media\/1000008958"}],"wp:attachment":[{"href":"https:\/\/www.sgagora.com.br\/sg\/wp-json\/wp\/v2\/media?parent=1000008955"}],"wp:term":[{"taxonomy":"category","embeddable":true,"href":"https:\/\/www.sgagora.com.br\/sg\/wp-json\/wp\/v2\/categories?post=1000008955"},{"taxonomy":"post_tag","embeddable":true,"href":"https:\/\/www.sgagora.com.br\/sg\/wp-json\/wp\/v2\/tags?post=1000008955"}],"curies":[{"name":"wp","href":"https:\/\/api.w.org\/{rel}","templated":true}]}}