{"id":1000009150,"date":"2026-03-06T16:47:15","date_gmt":"2026-03-06T19:47:15","guid":{"rendered":"https:\/\/www.sgagora.com.br\/sg\/?p=1000009150"},"modified":"2026-03-12T17:53:13","modified_gmt":"2026-03-12T20:53:13","slug":"caminhao-que-seguia-de-sao-gotardo-a-patos-de-minas-se-envolve-em-acidente-na-rodovia-br-352","status":"publish","type":"post","link":"https:\/\/www.sgagora.com.br\/sg\/caminhao-que-seguia-de-sao-gotardo-a-patos-de-minas-se-envolve-em-acidente-na-rodovia-br-352\/","title":{"rendered":"Caminh\u00e3o que seguia de S\u00e3o Gotardo \u00e0 Patos de Minas se envolve em acidente na rodovia BR-352"},"content":{"rendered":"<p style=\"text-align: center;\"><span style=\"color: #ff0000;\"><strong>CONTINUA AP\u00d3S A PUBLICIDADE<\/strong><\/span><img decoding=\"async\" loading=\"lazy\" class=\"aligncenter wp-image-1000005472 size-full\" src=\"https:\/\/www.sgagora.com.br\/sg\/wp-content\/uploads\/2024\/08\/gif_260x260px_ssv.gif\" alt=\"\" width=\"260\" height=\"260\" \/><\/p>\n<p><img decoding=\"async\" loading=\"lazy\" class=\"aligncenter wp-image-1000008334 size-full\" src=\"https:\/\/www.sgagora.com.br\/sg\/wp-content\/uploads\/2025\/10\/Video-Post-para-Instagram-Animado-Novo-Post-Blog-Metaverso-Tecnologia.gif\" alt=\"\" width=\"260\" height=\"260\" \/><\/p>\n<p style=\"text-align: justify;\" data-start=\"228\" data-end=\"484\">A <strong data-start=\"230\" data-end=\"260\">Pol\u00edcia Militar Rodovi\u00e1ria<\/strong> foi acionada pelo COPOM para atender uma ocorr\u00eancia de <strong data-start=\"316\" data-end=\"415\">acidente de tr\u00e2nsito no km 195 da BR-352, no munic\u00edpio de <span class=\"hover:entity-accent entity-underline inline cursor-pointer align-baseline\"><span class=\"whitespace-normal\">Lagoa Formosa<\/span><\/span><\/strong>. No local, foi constatada uma <strong data-start=\"446\" data-end=\"483\">colis\u00e3o envolvendo dois caminh\u00f5es &#8211; VEJA AS FOTOS NO FINAL DESTA REPORTAGEM<\/strong>.<\/p>\n<p style=\"text-align: center;\" data-start=\"1654\" data-end=\"1903\"><span style=\"color: #ff0000;\"><strong>CONTINUA AP\u00d3S A PUBLICIDADE<\/strong><\/span><img decoding=\"async\" loading=\"lazy\" class=\"aligncenter wp-image-1000001976 size-full\" src=\"https:\/\/www.sgagora.com.br\/sg\/wp-content\/uploads\/2019\/12\/GIF-PRONTO-ODONTO-COMPANY.gif\" alt=\"\" width=\"600\" height=\"260\" \/><\/p>\n<p style=\"text-align: justify;\" data-start=\"486\" data-end=\"853\">De acordo com as informa\u00e7\u00f5es levantadas, um <strong data-start=\"530\" data-end=\"555\">caminh\u00e3o M. Benz\/1113<\/strong>, que <strong data-start=\"561\" data-end=\"664\">seguia de <span class=\"hover:entity-accent entity-underline inline cursor-pointer align-baseline\"><span class=\"whitespace-normal\">S\u00e3o Gotardo<\/span><\/span> com destino a <span class=\"hover:entity-accent entity-underline inline cursor-pointer align-baseline\"><span class=\"whitespace-normal\">Patos de Minas<\/span><\/span><\/strong>, <strong data-start=\"666\" data-end=\"755\">perdeu o controle direcional ao passar pelo trevo de acesso \u00e0 cidade de Lagoa Formosa<\/strong>. O ve\u00edculo acabou <strong data-start=\"774\" data-end=\"817\">colidindo na lateral de um semi-reboque<\/strong> que trafegava no sentido contr\u00e1rio.<\/p>\n<h3 style=\"text-align: center;\" data-start=\"1915\" data-end=\"1953\"><strong><span style=\"color: #ff0000;\">CONTINUA AP\u00d3S A PUBLICIDADE<br \/>\n<img decoding=\"async\" loading=\"lazy\" class=\"aligncenter wp-image-1000008585 size-full\" src=\"https:\/\/www.sgagora.com.br\/sg\/wp-content\/uploads\/2025\/11\/GIF-EMPORIUM.gif\" alt=\"\" width=\"600\" height=\"260\" \/><\/span><\/strong><\/h3>\n<p style=\"text-align: justify;\" data-start=\"855\" data-end=\"1179\">O segundo ve\u00edculo, uma carreta que <strong data-start=\"890\" data-end=\"984\">seguia de <span class=\"hover:entity-accent entity-underline inline cursor-pointer align-baseline\"><span class=\"whitespace-normal\">Taiobeiras<\/span><\/span> para <span class=\"hover:entity-accent entity-underline inline cursor-pointer align-baseline\"><span class=\"whitespace-normal\">Varginha<\/span><\/span><\/strong>, estava <strong data-start=\"993\" data-end=\"1036\">carregado com caf\u00e9 beneficiado em gr\u00e3os<\/strong>. Com o impacto da batida, <strong data-start=\"1063\" data-end=\"1111\">parte da carga ficou espalhada sobre a pista<\/strong>, exigindo aten\u00e7\u00e3o redobrada dos motoristas que passavam pelo local.<\/p>\n<p style=\"text-align: justify;\" data-start=\"1181\" data-end=\"1399\">Segundo a Pol\u00edcia Militar Rodovi\u00e1ria, <strong data-start=\"1219\" data-end=\"1308\">tanto os ve\u00edculos quanto os condutores estavam com a documenta\u00e7\u00e3o em situa\u00e7\u00e3o regular<\/strong>. Ap\u00f3s os procedimentos de praxe e a sinaliza\u00e7\u00e3o da via, <strong data-start=\"1365\" data-end=\"1398\">os envolvidos foram liberados<\/strong>.<\/p>\n<p style=\"text-align: center;\" data-start=\"1181\" data-end=\"1399\"><strong><span style=\"color: #ff0000;\">CONTINUA AP\u00d3S A PUBLICIDADE<br \/>\n<img decoding=\"async\" loading=\"lazy\" class=\"aligncenter wp-image-1000009016 size-full\" src=\"https:\/\/www.sgagora.com.br\/sg\/wp-content\/uploads\/2026\/02\/download.gif\" alt=\"\" width=\"600\" height=\"260\" \/><\/span><\/strong><\/p>\n<p style=\"text-align: justify;\" data-start=\"1401\" data-end=\"1616\" data-is-last-node=\"\" data-is-only-node=\"\">A <strong data-start=\"1403\" data-end=\"1502\">Pol\u00edcia Militar Rodovi\u00e1ria refor\u00e7a a import\u00e2ncia da aten\u00e7\u00e3o e do respeito \u00e0s normas de tr\u00e2nsito<\/strong>, especialmente em trechos de acesso e entroncamentos rodovi\u00e1rios, para evitar acidentes nas estradas mineiras.<\/p>\n<p style=\"text-align: center;\"><strong><span style=\"color: #ff0000;\">CONTINUA AP\u00d3S A PUBLICIDADE<\/span><\/strong><img decoding=\"async\" loading=\"lazy\" class=\"aligncenter wp-image-1000004773 size-full\" src=\"https:\/\/www.sgagora.com.br\/sg\/wp-content\/uploads\/2024\/05\/GIF-SICREDI-SAO-GOTARDO.gif\" alt=\"\" width=\"260\" height=\"260\" \/><\/p>\n<p><img decoding=\"async\" loading=\"lazy\" class=\"aligncenter wp-image-1000006254 size-full\" src=\"https:\/\/www.sgagora.com.br\/sg\/wp-content\/uploads\/2025\/01\/Team.gif\" alt=\"\" width=\"260\" height=\"260\" \/><\/p>\n<p><span style=\"color: #ffffff;\">.<\/span><\/p>\n<h2 style=\"text-align: justify;\" data-start=\"1401\" data-end=\"1616\">Fotos do acidente:<br \/>\n<span style=\"color: #ffffff;\">&gt;<\/span><\/h2>\n\n\t\t<style type=\"text\/css\">\n\t\t\t#gallery-1 {\n\t\t\t\tmargin: auto;\n\t\t\t}\n\t\t\t#gallery-1 .gallery-item {\n\t\t\t\tfloat: left;\n\t\t\t\tmargin-top: 10px;\n\t\t\t\ttext-align: center;\n\t\t\t\twidth: 100%;\n\t\t\t}\n\t\t\t#gallery-1 img {\n\t\t\t\tborder: 2px solid #cfcfcf;\n\t\t\t}\n\t\t\t#gallery-1 .gallery-caption {\n\t\t\t\tmargin-left: 0;\n\t\t\t}\n\t\t\t\/* see gallery_shortcode() in wp-includes\/media.php *\/\n\t\t<\/style>\n\t\t<div id='gallery-1' class='gallery galleryid-1000009150 gallery-columns-1 gallery-size-full'><dl class='gallery-item'>\n\t\t\t<dt class='gallery-icon landscape'>\n\t\t\t\t<a class=\"prettyphoto\" rel=\"prettyPhoto[gallery]\" href='https:\/\/www.sgagora.com.br\/sg\/wp-content\/uploads\/2026\/03\/5.jpg'><img width=\"600\" height=\"400\" src=\"https:\/\/www.sgagora.com.br\/sg\/wp-content\/uploads\/2026\/03\/5.jpg\" class=\"attachment-full size-full\" alt=\"\" decoding=\"async\" loading=\"lazy\" srcset=\"https:\/\/www.sgagora.com.br\/sg\/wp-content\/uploads\/2026\/03\/5.jpg 600w, https:\/\/www.sgagora.com.br\/sg\/wp-content\/uploads\/2026\/03\/5-300x200.jpg 300w\" sizes=\"(max-width: 600px) 100vw, 600px\" \/><\/a>\n\t\t\t<\/dt><\/dl><br style=\"clear: both\" \/><dl class='gallery-item'>\n\t\t\t<dt class='gallery-icon landscape'>\n\t\t\t\t<a class=\"prettyphoto\" rel=\"prettyPhoto[gallery]\" href='https:\/\/www.sgagora.com.br\/sg\/wp-content\/uploads\/2026\/03\/6.jpg'><img width=\"600\" height=\"400\" src=\"https:\/\/www.sgagora.com.br\/sg\/wp-content\/uploads\/2026\/03\/6.jpg\" class=\"attachment-full size-full\" alt=\"\" decoding=\"async\" loading=\"lazy\" srcset=\"https:\/\/www.sgagora.com.br\/sg\/wp-content\/uploads\/2026\/03\/6.jpg 600w, https:\/\/www.sgagora.com.br\/sg\/wp-content\/uploads\/2026\/03\/6-300x200.jpg 300w\" sizes=\"(max-width: 600px) 100vw, 600px\" \/><\/a>\n\t\t\t<\/dt><\/dl><br style=\"clear: both\" \/><dl class='gallery-item'>\n\t\t\t<dt class='gallery-icon landscape'>\n\t\t\t\t<a class=\"prettyphoto\" rel=\"prettyPhoto[gallery]\" href='https:\/\/www.sgagora.com.br\/sg\/wp-content\/uploads\/2026\/03\/7.jpg'><img width=\"600\" height=\"400\" src=\"https:\/\/www.sgagora.com.br\/sg\/wp-content\/uploads\/2026\/03\/7.jpg\" class=\"attachment-full size-full\" alt=\"\" decoding=\"async\" loading=\"lazy\" srcset=\"https:\/\/www.sgagora.com.br\/sg\/wp-content\/uploads\/2026\/03\/7.jpg 600w, https:\/\/www.sgagora.com.br\/sg\/wp-content\/uploads\/2026\/03\/7-300x200.jpg 300w\" sizes=\"(max-width: 600px) 100vw, 600px\" \/><\/a>\n\t\t\t<\/dt><\/dl><br style=\"clear: both\" \/><dl class='gallery-item'>\n\t\t\t<dt class='gallery-icon landscape'>\n\t\t\t\t<a class=\"prettyphoto\" rel=\"prettyPhoto[gallery]\" href='https:\/\/www.sgagora.com.br\/sg\/wp-content\/uploads\/2026\/03\/8.jpg'><img width=\"600\" height=\"400\" src=\"https:\/\/www.sgagora.com.br\/sg\/wp-content\/uploads\/2026\/03\/8.jpg\" class=\"attachment-full size-full\" alt=\"\" decoding=\"async\" loading=\"lazy\" srcset=\"https:\/\/www.sgagora.com.br\/sg\/wp-content\/uploads\/2026\/03\/8.jpg 600w, https:\/\/www.sgagora.com.br\/sg\/wp-content\/uploads\/2026\/03\/8-300x200.jpg 300w\" sizes=\"(max-width: 600px) 100vw, 600px\" \/><\/a>\n\t\t\t<\/dt><\/dl><br style=\"clear: both\" \/><dl class='gallery-item'>\n\t\t\t<dt class='gallery-icon landscape'>\n\t\t\t\t<a class=\"prettyphoto\" rel=\"prettyPhoto[gallery]\" href='https:\/\/www.sgagora.com.br\/sg\/wp-content\/uploads\/2026\/03\/9.jpg'><img width=\"600\" height=\"400\" src=\"https:\/\/www.sgagora.com.br\/sg\/wp-content\/uploads\/2026\/03\/9.jpg\" class=\"attachment-full size-full\" alt=\"\" decoding=\"async\" loading=\"lazy\" srcset=\"https:\/\/www.sgagora.com.br\/sg\/wp-content\/uploads\/2026\/03\/9.jpg 600w, https:\/\/www.sgagora.com.br\/sg\/wp-content\/uploads\/2026\/03\/9-300x200.jpg 300w\" sizes=\"(max-width: 600px) 100vw, 600px\" \/><\/a>\n\t\t\t<\/dt><\/dl><br style=\"clear: both\" \/>\n\t\t<\/div>\n\n<p data-start=\"1401\" data-end=\"1616\" data-is-last-node=\"\" data-is-only-node=\"\"><span style=\"color: #ffffff;\">.<\/span><\/p>\n<p style=\"text-align: justify;\" data-start=\"1401\" data-end=\"1616\" data-is-last-node=\"\" data-is-only-node=\"\"><em><strong>Reportagem:<\/strong> Diego Oliveira\/Portal SG AGORA \/ <strong>Fonte da Reportagem, Fotos Utilizadas e Foto Capa:<\/strong> Divulga\u00e7\u00e3o\/Assessoria de Imprensa Pol\u00edcia Militar Rodovi\u00e1ria de Minas Gerais<\/em><\/p>\n","protected":false},"excerpt":{"rendered":"<p>CONTINUA AP\u00d3S A PUBLICIDADE A Pol\u00edcia Militar Rodovi\u00e1ria foi acionada pelo COPOM para atender uma ocorr\u00eancia de acidente de tr\u00e2nsito no km 195 da BR-352, no munic\u00edpio de Lagoa Formosa. No local, foi constatada uma &#8230; <a class=\"readmore\" href=\"https:\/\/www.sgagora.com.br\/sg\/caminhao-que-seguia-de-sao-gotardo-a-patos-de-minas-se-envolve-em-acidente-na-rodovia-br-352\/\">Leia Mais<\/a><\/p>\n","protected":false},"author":1,"featured_media":1000009158,"comment_status":"open","ping_status":"open","sticky":false,"template":"","format":"standard","meta":{"_bbp_topic_count":0,"_bbp_reply_count":0,"_bbp_total_topic_count":0,"_bbp_total_reply_count":0,"_bbp_voice_count":0,"_bbp_anonymous_reply_count":0,"_bbp_topic_count_hidden":0,"_bbp_reply_count_hidden":0,"_bbp_forum_subforum_count":0},"categories":[84,77,81],"tags":[137,858,4721,121,1007,4429],"yoast_head":"<!-- This site is optimized with the Yoast SEO plugin v20.5 - https:\/\/yoast.com\/wordpress\/plugins\/seo\/ -->\n<title>Caminh\u00e3o que seguia de S\u00e3o Gotardo \u00e0 Patos de Minas se envolve em acidente na rodovia BR-352<\/title>\n<meta name=\"description\" content=\"Acidente ocorreu pr\u00f3ximo ao trevo de acesso \u00e0 cidade e mobilizou a Pol\u00edcia Militar Rodovi\u00e1ria; apesar do impacto, ningu\u00e9m ficou ferido.\" \/>\n<meta name=\"robots\" content=\"index, follow, max-snippet:-1, max-image-preview:large, max-video-preview:-1\" \/>\n<link rel=\"canonical\" href=\"https:\/\/www.sgagora.com.br\/sg\/caminhao-que-seguia-de-sao-gotardo-a-patos-de-minas-se-envolve-em-acidente-na-rodovia-br-352\/\" \/>\n<meta property=\"og:locale\" content=\"pt_BR\" \/>\n<meta property=\"og:type\" content=\"article\" \/>\n<meta property=\"og:title\" content=\"Caminh\u00e3o que seguia de S\u00e3o Gotardo \u00e0 Patos de Minas se envolve em acidente na rodovia BR-352\" \/>\n<meta property=\"og:description\" content=\"Acidente ocorreu pr\u00f3ximo ao trevo de acesso \u00e0 cidade e mobilizou a Pol\u00edcia Militar Rodovi\u00e1ria; apesar do impacto, ningu\u00e9m ficou ferido.\" \/>\n<meta property=\"og:url\" content=\"https:\/\/www.sgagora.com.br\/sg\/caminhao-que-seguia-de-sao-gotardo-a-patos-de-minas-se-envolve-em-acidente-na-rodovia-br-352\/\" \/>\n<meta property=\"og:site_name\" content=\"SGAgora\" \/>\n<meta property=\"article:publisher\" content=\"https:\/\/www.facebook.com\/sgagora\" \/>\n<meta property=\"article:published_time\" content=\"2026-03-06T19:47:15+00:00\" \/>\n<meta property=\"article:modified_time\" content=\"2026-03-12T20:53:13+00:00\" \/>\n<meta property=\"og:image\" content=\"https:\/\/www.sgagora.com.br\/sg\/wp-content\/uploads\/2026\/03\/5-1.jpg\" \/>\n\t<meta property=\"og:image:width\" content=\"600\" \/>\n\t<meta property=\"og:image:height\" content=\"400\" \/>\n\t<meta property=\"og:image:type\" content=\"image\/jpeg\" \/>\n<meta name=\"author\" content=\"SG Agora\" \/>\n<meta name=\"twitter:label1\" content=\"Escrito por\" \/>\n\t<meta name=\"twitter:data1\" content=\"SG Agora\" \/>\n\t<meta name=\"twitter:label2\" content=\"Est. tempo de leitura\" \/>\n\t<meta name=\"twitter:data2\" content=\"3 minutos\" \/>\n<script type=\"application\/ld+json\" class=\"yoast-schema-graph\">{\"@context\":\"https:\/\/schema.org\",\"@graph\":[{\"@type\":\"WebPage\",\"@id\":\"https:\/\/www.sgagora.com.br\/sg\/caminhao-que-seguia-de-sao-gotardo-a-patos-de-minas-se-envolve-em-acidente-na-rodovia-br-352\/\",\"url\":\"https:\/\/www.sgagora.com.br\/sg\/caminhao-que-seguia-de-sao-gotardo-a-patos-de-minas-se-envolve-em-acidente-na-rodovia-br-352\/\",\"name\":\"Caminh\u00e3o que seguia de S\u00e3o Gotardo \u00e0 Patos de Minas se envolve em acidente na rodovia BR-352\",\"isPartOf\":{\"@id\":\"https:\/\/www.sgagora.com.br\/sg\/#website\"},\"datePublished\":\"2026-03-06T19:47:15+00:00\",\"dateModified\":\"2026-03-12T20:53:13+00:00\",\"author\":{\"@id\":\"https:\/\/www.sgagora.com.br\/sg\/#\/schema\/person\/2be62cfb47cee3e0b305e4f7a765ae41\"},\"description\":\"Acidente ocorreu pr\u00f3ximo ao trevo de acesso \u00e0 cidade e mobilizou a Pol\u00edcia Militar Rodovi\u00e1ria; apesar do impacto, ningu\u00e9m ficou ferido.\",\"breadcrumb\":{\"@id\":\"https:\/\/www.sgagora.com.br\/sg\/caminhao-que-seguia-de-sao-gotardo-a-patos-de-minas-se-envolve-em-acidente-na-rodovia-br-352\/#breadcrumb\"},\"inLanguage\":\"pt-BR\",\"potentialAction\":[{\"@type\":\"ReadAction\",\"target\":[\"https:\/\/www.sgagora.com.br\/sg\/caminhao-que-seguia-de-sao-gotardo-a-patos-de-minas-se-envolve-em-acidente-na-rodovia-br-352\/\"]}]},{\"@type\":\"BreadcrumbList\",\"@id\":\"https:\/\/www.sgagora.com.br\/sg\/caminhao-que-seguia-de-sao-gotardo-a-patos-de-minas-se-envolve-em-acidente-na-rodovia-br-352\/#breadcrumb\",\"itemListElement\":[{\"@type\":\"ListItem\",\"position\":1,\"name\":\"In\u00edcio\",\"item\":\"https:\/\/www.sgagora.com.br\/sg\/\"},{\"@type\":\"ListItem\",\"position\":2,\"name\":\"Caminh\u00e3o que seguia de S\u00e3o Gotardo \u00e0 Patos de Minas se envolve em acidente na rodovia BR-352\"}]},{\"@type\":\"WebSite\",\"@id\":\"https:\/\/www.sgagora.com.br\/sg\/#website\",\"url\":\"https:\/\/www.sgagora.com.br\/sg\/\",\"name\":\"SGAgora\",\"description\":\"Not\u00edcias de S\u00e3o Gotardo\",\"potentialAction\":[{\"@type\":\"SearchAction\",\"target\":{\"@type\":\"EntryPoint\",\"urlTemplate\":\"https:\/\/www.sgagora.com.br\/sg\/?s={search_term_string}\"},\"query-input\":\"required name=search_term_string\"}],\"inLanguage\":\"pt-BR\"},{\"@type\":\"Person\",\"@id\":\"https:\/\/www.sgagora.com.br\/sg\/#\/schema\/person\/2be62cfb47cee3e0b305e4f7a765ae41\",\"name\":\"SG Agora\",\"image\":{\"@type\":\"ImageObject\",\"inLanguage\":\"pt-BR\",\"@id\":\"https:\/\/www.sgagora.com.br\/sg\/#\/schema\/person\/image\/\",\"url\":\"https:\/\/secure.gravatar.com\/avatar\/a0c612a9a8c3e7419d6fd4f92e749d8d?s=96&d=mm&r=g\",\"contentUrl\":\"https:\/\/secure.gravatar.com\/avatar\/a0c612a9a8c3e7419d6fd4f92e749d8d?s=96&d=mm&r=g\",\"caption\":\"SG Agora\"},\"url\":\"https:\/\/www.sgagora.com.br\/sg\/author\/admin\/\"}]}<\/script>\n<!-- \/ Yoast SEO plugin. -->","yoast_head_json":{"title":"Caminh\u00e3o que seguia de S\u00e3o Gotardo \u00e0 Patos de Minas se envolve em acidente na rodovia BR-352","description":"Acidente ocorreu pr\u00f3ximo ao trevo de acesso \u00e0 cidade e mobilizou a Pol\u00edcia Militar Rodovi\u00e1ria; apesar do impacto, ningu\u00e9m ficou ferido.","robots":{"index":"index","follow":"follow","max-snippet":"max-snippet:-1","max-image-preview":"max-image-preview:large","max-video-preview":"max-video-preview:-1"},"canonical":"https:\/\/www.sgagora.com.br\/sg\/caminhao-que-seguia-de-sao-gotardo-a-patos-de-minas-se-envolve-em-acidente-na-rodovia-br-352\/","og_locale":"pt_BR","og_type":"article","og_title":"Caminh\u00e3o que seguia de S\u00e3o Gotardo \u00e0 Patos de Minas se envolve em acidente na rodovia BR-352","og_description":"Acidente ocorreu pr\u00f3ximo ao trevo de acesso \u00e0 cidade e mobilizou a Pol\u00edcia Militar Rodovi\u00e1ria; apesar do impacto, ningu\u00e9m ficou ferido.","og_url":"https:\/\/www.sgagora.com.br\/sg\/caminhao-que-seguia-de-sao-gotardo-a-patos-de-minas-se-envolve-em-acidente-na-rodovia-br-352\/","og_site_name":"SGAgora","article_publisher":"https:\/\/www.facebook.com\/sgagora","article_published_time":"2026-03-06T19:47:15+00:00","article_modified_time":"2026-03-12T20:53:13+00:00","og_image":[{"width":600,"height":400,"url":"https:\/\/www.sgagora.com.br\/sg\/wp-content\/uploads\/2026\/03\/5-1.jpg","type":"image\/jpeg"}],"author":"SG Agora","twitter_misc":{"Escrito por":"SG Agora","Est. tempo de leitura":"3 minutos"},"schema":{"@context":"https:\/\/schema.org","@graph":[{"@type":"WebPage","@id":"https:\/\/www.sgagora.com.br\/sg\/caminhao-que-seguia-de-sao-gotardo-a-patos-de-minas-se-envolve-em-acidente-na-rodovia-br-352\/","url":"https:\/\/www.sgagora.com.br\/sg\/caminhao-que-seguia-de-sao-gotardo-a-patos-de-minas-se-envolve-em-acidente-na-rodovia-br-352\/","name":"Caminh\u00e3o que seguia de S\u00e3o Gotardo \u00e0 Patos de Minas se envolve em acidente na rodovia BR-352","isPartOf":{"@id":"https:\/\/www.sgagora.com.br\/sg\/#website"},"datePublished":"2026-03-06T19:47:15+00:00","dateModified":"2026-03-12T20:53:13+00:00","author":{"@id":"https:\/\/www.sgagora.com.br\/sg\/#\/schema\/person\/2be62cfb47cee3e0b305e4f7a765ae41"},"description":"Acidente ocorreu pr\u00f3ximo ao trevo de acesso \u00e0 cidade e mobilizou a Pol\u00edcia Militar Rodovi\u00e1ria; apesar do impacto, ningu\u00e9m ficou ferido.","breadcrumb":{"@id":"https:\/\/www.sgagora.com.br\/sg\/caminhao-que-seguia-de-sao-gotardo-a-patos-de-minas-se-envolve-em-acidente-na-rodovia-br-352\/#breadcrumb"},"inLanguage":"pt-BR","potentialAction":[{"@type":"ReadAction","target":["https:\/\/www.sgagora.com.br\/sg\/caminhao-que-seguia-de-sao-gotardo-a-patos-de-minas-se-envolve-em-acidente-na-rodovia-br-352\/"]}]},{"@type":"BreadcrumbList","@id":"https:\/\/www.sgagora.com.br\/sg\/caminhao-que-seguia-de-sao-gotardo-a-patos-de-minas-se-envolve-em-acidente-na-rodovia-br-352\/#breadcrumb","itemListElement":[{"@type":"ListItem","position":1,"name":"In\u00edcio","item":"https:\/\/www.sgagora.com.br\/sg\/"},{"@type":"ListItem","position":2,"name":"Caminh\u00e3o que seguia de S\u00e3o Gotardo \u00e0 Patos de Minas se envolve em acidente na rodovia BR-352"}]},{"@type":"WebSite","@id":"https:\/\/www.sgagora.com.br\/sg\/#website","url":"https:\/\/www.sgagora.com.br\/sg\/","name":"SGAgora","description":"Not\u00edcias de S\u00e3o Gotardo","potentialAction":[{"@type":"SearchAction","target":{"@type":"EntryPoint","urlTemplate":"https:\/\/www.sgagora.com.br\/sg\/?s={search_term_string}"},"query-input":"required name=search_term_string"}],"inLanguage":"pt-BR"},{"@type":"Person","@id":"https:\/\/www.sgagora.com.br\/sg\/#\/schema\/person\/2be62cfb47cee3e0b305e4f7a765ae41","name":"SG Agora","image":{"@type":"ImageObject","inLanguage":"pt-BR","@id":"https:\/\/www.sgagora.com.br\/sg\/#\/schema\/person\/image\/","url":"https:\/\/secure.gravatar.com\/avatar\/a0c612a9a8c3e7419d6fd4f92e749d8d?s=96&d=mm&r=g","contentUrl":"https:\/\/secure.gravatar.com\/avatar\/a0c612a9a8c3e7419d6fd4f92e749d8d?s=96&d=mm&r=g","caption":"SG Agora"},"url":"https:\/\/www.sgagora.com.br\/sg\/author\/admin\/"}]}},"_links":{"self":[{"href":"https:\/\/www.sgagora.com.br\/sg\/wp-json\/wp\/v2\/posts\/1000009150"}],"collection":[{"href":"https:\/\/www.sgagora.com.br\/sg\/wp-json\/wp\/v2\/posts"}],"about":[{"href":"https:\/\/www.sgagora.com.br\/sg\/wp-json\/wp\/v2\/types\/post"}],"author":[{"embeddable":true,"href":"https:\/\/www.sgagora.com.br\/sg\/wp-json\/wp\/v2\/users\/1"}],"replies":[{"embeddable":true,"href":"https:\/\/www.sgagora.com.br\/sg\/wp-json\/wp\/v2\/comments?post=1000009150"}],"version-history":[{"count":2,"href":"https:\/\/www.sgagora.com.br\/sg\/wp-json\/wp\/v2\/posts\/1000009150\/revisions"}],"predecessor-version":[{"id":1000009176,"href":"https:\/\/www.sgagora.com.br\/sg\/wp-json\/wp\/v2\/posts\/1000009150\/revisions\/1000009176"}],"wp:featuredmedia":[{"embeddable":true,"href":"https:\/\/www.sgagora.com.br\/sg\/wp-json\/wp\/v2\/media\/1000009158"}],"wp:attachment":[{"href":"https:\/\/www.sgagora.com.br\/sg\/wp-json\/wp\/v2\/media?parent=1000009150"}],"wp:term":[{"taxonomy":"category","embeddable":true,"href":"https:\/\/www.sgagora.com.br\/sg\/wp-json\/wp\/v2\/categories?post=1000009150"},{"taxonomy":"post_tag","embeddable":true,"href":"https:\/\/www.sgagora.com.br\/sg\/wp-json\/wp\/v2\/tags?post=1000009150"}],"curies":[{"name":"wp","href":"https:\/\/api.w.org\/{rel}","templated":true}]}}