{"id":1000009160,"date":"2026-03-12T10:56:52","date_gmt":"2026-03-12T13:56:52","guid":{"rendered":"https:\/\/www.sgagora.com.br\/sg\/?p=1000009160"},"modified":"2026-03-17T17:13:26","modified_gmt":"2026-03-17T20:13:26","slug":"suspeito-de-efetuar-disparos-em-frente-a-residencia-e-preso-pela-policia-militar-em-guarda-dos-ferreiros","status":"publish","type":"post","link":"https:\/\/www.sgagora.com.br\/sg\/suspeito-de-efetuar-disparos-em-frente-a-residencia-e-preso-pela-policia-militar-em-guarda-dos-ferreiros\/","title":{"rendered":"Suspeito de efetuar disparos em frente a resid\u00eancia \u00e9 preso pela Pol\u00edcia Militar em Guarda dos Ferreiros"},"content":{"rendered":"<p style=\"text-align: center;\"><span style=\"color: #ff0000;\"><strong>CONTINUA AP\u00d3S A PUBLICIDADE<\/strong><\/span><img decoding=\"async\" loading=\"lazy\" class=\"aligncenter wp-image-1000005472 size-full\" src=\"https:\/\/www.sgagora.com.br\/sg\/wp-content\/uploads\/2024\/08\/gif_260x260px_ssv.gif\" alt=\"\" width=\"260\" height=\"260\" \/><\/p>\n<p><img decoding=\"async\" loading=\"lazy\" class=\"aligncenter wp-image-1000008334 size-full\" src=\"https:\/\/www.sgagora.com.br\/sg\/wp-content\/uploads\/2025\/10\/Video-Post-para-Instagram-Animado-Novo-Post-Blog-Metaverso-Tecnologia.gif\" alt=\"\" width=\"260\" height=\"260\" \/><\/p>\n<p style=\"text-align: justify;\" data-start=\"257\" data-end=\"524\">A <strong data-start=\"259\" data-end=\"301\">Pol\u00edcia Militar de Minas Gerais (PMMG)<\/strong> prendeu <strong data-start=\"310\" data-end=\"333\">um homem de 23 anos<\/strong>, natural do estado do Maranh\u00e3o, suspeito de <strong data-start=\"378\" data-end=\"441\">efetuar disparos de arma de fogo em frente a uma resid\u00eancia<\/strong> no <strong data-start=\"445\" data-end=\"481\">Distrito de Guarda dos Ferreiros<\/strong>, em <span class=\"hover:entity-accent entity-underline inline cursor-pointer align-baseline\"><span class=\"whitespace-normal\">S\u00e3o Gotardo<\/span><\/span>.<\/p>\n<p style=\"text-align: justify;\" data-start=\"526\" data-end=\"755\">De acordo com as informa\u00e7\u00f5es da ocorr\u00eancia, <strong data-start=\"570\" data-end=\"614\">a Pol\u00edcia Militar foi acionada via COPOM<\/strong>, ap\u00f3s uma den\u00fancia relatar que <strong data-start=\"646\" data-end=\"742\">dois indiv\u00edduos haviam realizado disparos de arma de fogo nas proximidades de uma resid\u00eancia<\/strong> no distrito.<\/p>\n<p style=\"text-align: center;\" data-start=\"526\" data-end=\"755\"><span style=\"color: #ff0000;\"><strong>CONTINUA AP\u00d3S A PUBLICIDADE<\/strong><\/span><img decoding=\"async\" loading=\"lazy\" class=\"aligncenter wp-image-1000001976 size-full\" src=\"https:\/\/www.sgagora.com.br\/sg\/wp-content\/uploads\/2019\/12\/GIF-PRONTO-ODONTO-COMPANY.gif\" alt=\"\" width=\"600\" height=\"260\" \/><\/p>\n<p style=\"text-align: justify;\" data-start=\"757\" data-end=\"997\">Ap\u00f3s o chamado, <strong data-start=\"773\" data-end=\"826\">equipes policiais iniciaram dilig\u00eancias na regi\u00e3o<\/strong>, realizando buscas para identificar e localizar os suspeitos envolvidos no fato. Durante a a\u00e7\u00e3o, <strong data-start=\"924\" data-end=\"996\">os militares conseguiram localizar e prender um dos autores do crime<\/strong>.<\/p>\n<p style=\"text-align: justify;\" data-start=\"999\" data-end=\"1208\">Com o suspeito, os policiais <strong data-start=\"1028\" data-end=\"1067\">apreenderam um rev\u00f3lver calibre .38<\/strong>, que estava <strong data-start=\"1080\" data-end=\"1151\">municiado com tr\u00eas cartuchos intactos e dois estojos j\u00e1 deflagrados<\/strong>, indicando que a arma havia sido utilizada recentemente.<\/p>\n<h3 style=\"text-align: center;\" data-start=\"1915\" data-end=\"1953\"><strong><span style=\"color: #ff0000;\">CONTINUA AP\u00d3S A PUBLICIDADE<br \/>\n<img decoding=\"async\" loading=\"lazy\" class=\"aligncenter wp-image-1000008585 size-full\" src=\"https:\/\/www.sgagora.com.br\/sg\/wp-content\/uploads\/2025\/11\/GIF-EMPORIUM.gif\" alt=\"\" width=\"600\" height=\"260\" \/><\/span><\/strong><\/h3>\n<p style=\"text-align: justify;\" data-start=\"1210\" data-end=\"1373\">O homem foi <strong data-start=\"1222\" data-end=\"1285\">preso em flagrante e encaminhado \u00e0s autoridades competentes<\/strong>, juntamente com a arma e as muni\u00e7\u00f5es apreendidas, para as provid\u00eancias legais cab\u00edveis.<\/p>\n<p style=\"text-align: justify;\" data-start=\"1375\" data-end=\"1476\">A ocorr\u00eancia foi registrada e <strong data-start=\"1405\" data-end=\"1475\">as investiga\u00e7\u00f5es seguem para localizar o segundo envolvido no caso<\/strong>.<\/p>\n<p style=\"text-align: center;\" data-start=\"1375\" data-end=\"1476\"><strong><span style=\"color: #ff0000;\">CONTINUA AP\u00d3S A PUBLICIDADE<br \/>\n<img decoding=\"async\" loading=\"lazy\" class=\"aligncenter wp-image-1000009016 size-full\" src=\"https:\/\/www.sgagora.com.br\/sg\/wp-content\/uploads\/2026\/02\/download.gif\" alt=\"\" width=\"600\" height=\"260\" \/><\/span><\/strong><\/p>\n<p style=\"text-align: justify;\" data-start=\"1478\" data-end=\"1717\">A <strong data-start=\"1480\" data-end=\"1515\">Pol\u00edcia Militar de Minas Gerais<\/strong> refor\u00e7a seu compromisso com a seguran\u00e7a da popula\u00e7\u00e3o, destacando que <strong data-start=\"1585\" data-end=\"1716\">a participa\u00e7\u00e3o da comunidade, por meio de den\u00fancias e acionamento das autoridades, \u00e9 fundamental para o combate \u00e0 criminalidade<\/strong>.<\/p>\n<p style=\"text-align: justify;\" data-start=\"1719\" data-end=\"1807\" data-is-last-node=\"\" data-is-only-node=\"\"><strong data-start=\"1719\" data-end=\"1804\">\u201cPol\u00edcia Militar de Minas Gerais: a for\u00e7a do povo mineiro, presen\u00e7a que protege.\u201d<\/strong><\/p>\n<p style=\"text-align: center;\"><strong><span style=\"color: #ff0000;\">CONTINUA AP\u00d3S A PUBLICIDADE<\/span><\/strong><img decoding=\"async\" loading=\"lazy\" class=\"aligncenter wp-image-1000004773 size-full\" src=\"https:\/\/www.sgagora.com.br\/sg\/wp-content\/uploads\/2024\/05\/GIF-SICREDI-SAO-GOTARDO.gif\" alt=\"\" width=\"260\" height=\"260\" \/><\/p>\n<p><img decoding=\"async\" loading=\"lazy\" class=\"aligncenter wp-image-1000006254 size-full\" src=\"https:\/\/www.sgagora.com.br\/sg\/wp-content\/uploads\/2025\/01\/Team.gif\" alt=\"\" width=\"260\" height=\"260\" \/><\/p>\n<p data-start=\"1947\" data-end=\"2080\"><span style=\"color: #ffffff;\">.<\/span><\/p>\n<p data-start=\"1719\" data-end=\"1807\" data-is-last-node=\"\" data-is-only-node=\"\"><span style=\"color: #ffffff;\">.<\/span><\/p>\n<p style=\"text-align: justify;\" data-start=\"1719\" data-end=\"1807\" data-is-last-node=\"\" data-is-only-node=\"\"><em><strong>Reportagem:<\/strong> Diego Oliveira\/Portal SG AGORA \/ <strong>Fonte da Reportagem e Foto Capa:<\/strong> Divulga\u00e7\u00e3o\/Assessoria de Imprensa Pol\u00edcia Militar de S\u00e3o Gotardo &#8211; 216\u00aa Cia. PM<\/em><\/p>\n","protected":false},"excerpt":{"rendered":"<p>CONTINUA AP\u00d3S A PUBLICIDADE A Pol\u00edcia Militar de Minas Gerais (PMMG) prendeu um homem de 23 anos, natural do estado do Maranh\u00e3o, suspeito de efetuar disparos de arma de fogo em frente a uma resid\u00eancia &#8230; <a class=\"readmore\" href=\"https:\/\/www.sgagora.com.br\/sg\/suspeito-de-efetuar-disparos-em-frente-a-residencia-e-preso-pela-policia-militar-em-guarda-dos-ferreiros\/\">Leia Mais<\/a><\/p>\n","protected":false},"author":1,"featured_media":1000009163,"comment_status":"open","ping_status":"open","sticky":false,"template":"","format":"standard","meta":{"_bbp_topic_count":0,"_bbp_reply_count":0,"_bbp_total_topic_count":0,"_bbp_total_reply_count":0,"_bbp_voice_count":0,"_bbp_anonymous_reply_count":0,"_bbp_topic_count_hidden":0,"_bbp_reply_count_hidden":0,"_bbp_forum_subforum_count":0},"categories":[84,77,81],"tags":[2592,22305,2845,1007,2791,5631,1733],"yoast_head":"<!-- This site is optimized with the Yoast SEO plugin v20.5 - https:\/\/yoast.com\/wordpress\/plugins\/seo\/ -->\n<title>Suspeito de efetuar disparos em frente a resid\u00eancia \u00e9 preso pela Pol\u00edcia Militar em Guarda dos Ferreiros<\/title>\n<meta name=\"description\" content=\"Homem de 23 anos, natural do Maranh\u00e3o, foi localizado ap\u00f3s dilig\u00eancias policiais; com ele foi apreendido um rev\u00f3lver calibre .38 com muni\u00e7\u00f5es.\" \/>\n<meta name=\"robots\" content=\"index, follow, max-snippet:-1, max-image-preview:large, max-video-preview:-1\" \/>\n<link rel=\"canonical\" href=\"https:\/\/www.sgagora.com.br\/sg\/suspeito-de-efetuar-disparos-em-frente-a-residencia-e-preso-pela-policia-militar-em-guarda-dos-ferreiros\/\" \/>\n<meta property=\"og:locale\" content=\"pt_BR\" \/>\n<meta property=\"og:type\" content=\"article\" \/>\n<meta property=\"og:title\" content=\"Suspeito de efetuar disparos em frente a resid\u00eancia \u00e9 preso pela Pol\u00edcia Militar em Guarda dos Ferreiros\" \/>\n<meta property=\"og:description\" content=\"Homem de 23 anos, natural do Maranh\u00e3o, foi localizado ap\u00f3s dilig\u00eancias policiais; com ele foi apreendido um rev\u00f3lver calibre .38 com muni\u00e7\u00f5es.\" \/>\n<meta property=\"og:url\" content=\"https:\/\/www.sgagora.com.br\/sg\/suspeito-de-efetuar-disparos-em-frente-a-residencia-e-preso-pela-policia-militar-em-guarda-dos-ferreiros\/\" \/>\n<meta property=\"og:site_name\" content=\"SGAgora\" \/>\n<meta property=\"article:publisher\" content=\"https:\/\/www.facebook.com\/sgagora\" \/>\n<meta property=\"article:published_time\" content=\"2026-03-12T13:56:52+00:00\" \/>\n<meta property=\"article:modified_time\" content=\"2026-03-17T20:13:26+00:00\" \/>\n<meta property=\"og:image\" content=\"https:\/\/www.sgagora.com.br\/sg\/wp-content\/uploads\/2026\/03\/WhatsApp-Image-2026-03-12-at-06.31.32-e1773323794412.jpeg\" \/>\n\t<meta property=\"og:image:width\" content=\"600\" \/>\n\t<meta property=\"og:image:height\" content=\"450\" \/>\n\t<meta property=\"og:image:type\" content=\"image\/jpeg\" \/>\n<meta name=\"author\" content=\"SG Agora\" \/>\n<meta name=\"twitter:label1\" content=\"Escrito por\" \/>\n\t<meta name=\"twitter:data1\" content=\"SG Agora\" \/>\n\t<meta name=\"twitter:label2\" content=\"Est. tempo de leitura\" \/>\n\t<meta name=\"twitter:data2\" content=\"3 minutos\" \/>\n<script type=\"application\/ld+json\" class=\"yoast-schema-graph\">{\"@context\":\"https:\/\/schema.org\",\"@graph\":[{\"@type\":\"WebPage\",\"@id\":\"https:\/\/www.sgagora.com.br\/sg\/suspeito-de-efetuar-disparos-em-frente-a-residencia-e-preso-pela-policia-militar-em-guarda-dos-ferreiros\/\",\"url\":\"https:\/\/www.sgagora.com.br\/sg\/suspeito-de-efetuar-disparos-em-frente-a-residencia-e-preso-pela-policia-militar-em-guarda-dos-ferreiros\/\",\"name\":\"Suspeito de efetuar disparos em frente a resid\u00eancia \u00e9 preso pela Pol\u00edcia Militar em Guarda dos Ferreiros\",\"isPartOf\":{\"@id\":\"https:\/\/www.sgagora.com.br\/sg\/#website\"},\"datePublished\":\"2026-03-12T13:56:52+00:00\",\"dateModified\":\"2026-03-17T20:13:26+00:00\",\"author\":{\"@id\":\"https:\/\/www.sgagora.com.br\/sg\/#\/schema\/person\/2be62cfb47cee3e0b305e4f7a765ae41\"},\"description\":\"Homem de 23 anos, natural do Maranh\u00e3o, foi localizado ap\u00f3s dilig\u00eancias policiais; com ele foi apreendido um rev\u00f3lver calibre .38 com muni\u00e7\u00f5es.\",\"breadcrumb\":{\"@id\":\"https:\/\/www.sgagora.com.br\/sg\/suspeito-de-efetuar-disparos-em-frente-a-residencia-e-preso-pela-policia-militar-em-guarda-dos-ferreiros\/#breadcrumb\"},\"inLanguage\":\"pt-BR\",\"potentialAction\":[{\"@type\":\"ReadAction\",\"target\":[\"https:\/\/www.sgagora.com.br\/sg\/suspeito-de-efetuar-disparos-em-frente-a-residencia-e-preso-pela-policia-militar-em-guarda-dos-ferreiros\/\"]}]},{\"@type\":\"BreadcrumbList\",\"@id\":\"https:\/\/www.sgagora.com.br\/sg\/suspeito-de-efetuar-disparos-em-frente-a-residencia-e-preso-pela-policia-militar-em-guarda-dos-ferreiros\/#breadcrumb\",\"itemListElement\":[{\"@type\":\"ListItem\",\"position\":1,\"name\":\"In\u00edcio\",\"item\":\"https:\/\/www.sgagora.com.br\/sg\/\"},{\"@type\":\"ListItem\",\"position\":2,\"name\":\"Suspeito de efetuar disparos em frente a resid\u00eancia \u00e9 preso pela Pol\u00edcia Militar em Guarda dos Ferreiros\"}]},{\"@type\":\"WebSite\",\"@id\":\"https:\/\/www.sgagora.com.br\/sg\/#website\",\"url\":\"https:\/\/www.sgagora.com.br\/sg\/\",\"name\":\"SGAgora\",\"description\":\"Not\u00edcias de S\u00e3o Gotardo\",\"potentialAction\":[{\"@type\":\"SearchAction\",\"target\":{\"@type\":\"EntryPoint\",\"urlTemplate\":\"https:\/\/www.sgagora.com.br\/sg\/?s={search_term_string}\"},\"query-input\":\"required name=search_term_string\"}],\"inLanguage\":\"pt-BR\"},{\"@type\":\"Person\",\"@id\":\"https:\/\/www.sgagora.com.br\/sg\/#\/schema\/person\/2be62cfb47cee3e0b305e4f7a765ae41\",\"name\":\"SG Agora\",\"image\":{\"@type\":\"ImageObject\",\"inLanguage\":\"pt-BR\",\"@id\":\"https:\/\/www.sgagora.com.br\/sg\/#\/schema\/person\/image\/\",\"url\":\"https:\/\/secure.gravatar.com\/avatar\/a0c612a9a8c3e7419d6fd4f92e749d8d?s=96&d=mm&r=g\",\"contentUrl\":\"https:\/\/secure.gravatar.com\/avatar\/a0c612a9a8c3e7419d6fd4f92e749d8d?s=96&d=mm&r=g\",\"caption\":\"SG Agora\"},\"url\":\"https:\/\/www.sgagora.com.br\/sg\/author\/admin\/\"}]}<\/script>\n<!-- \/ Yoast SEO plugin. -->","yoast_head_json":{"title":"Suspeito de efetuar disparos em frente a resid\u00eancia \u00e9 preso pela Pol\u00edcia Militar em Guarda dos Ferreiros","description":"Homem de 23 anos, natural do Maranh\u00e3o, foi localizado ap\u00f3s dilig\u00eancias policiais; com ele foi apreendido um rev\u00f3lver calibre .38 com muni\u00e7\u00f5es.","robots":{"index":"index","follow":"follow","max-snippet":"max-snippet:-1","max-image-preview":"max-image-preview:large","max-video-preview":"max-video-preview:-1"},"canonical":"https:\/\/www.sgagora.com.br\/sg\/suspeito-de-efetuar-disparos-em-frente-a-residencia-e-preso-pela-policia-militar-em-guarda-dos-ferreiros\/","og_locale":"pt_BR","og_type":"article","og_title":"Suspeito de efetuar disparos em frente a resid\u00eancia \u00e9 preso pela Pol\u00edcia Militar em Guarda dos Ferreiros","og_description":"Homem de 23 anos, natural do Maranh\u00e3o, foi localizado ap\u00f3s dilig\u00eancias policiais; com ele foi apreendido um rev\u00f3lver calibre .38 com muni\u00e7\u00f5es.","og_url":"https:\/\/www.sgagora.com.br\/sg\/suspeito-de-efetuar-disparos-em-frente-a-residencia-e-preso-pela-policia-militar-em-guarda-dos-ferreiros\/","og_site_name":"SGAgora","article_publisher":"https:\/\/www.facebook.com\/sgagora","article_published_time":"2026-03-12T13:56:52+00:00","article_modified_time":"2026-03-17T20:13:26+00:00","og_image":[{"width":600,"height":450,"url":"https:\/\/www.sgagora.com.br\/sg\/wp-content\/uploads\/2026\/03\/WhatsApp-Image-2026-03-12-at-06.31.32-e1773323794412.jpeg","type":"image\/jpeg"}],"author":"SG Agora","twitter_misc":{"Escrito por":"SG Agora","Est. tempo de leitura":"3 minutos"},"schema":{"@context":"https:\/\/schema.org","@graph":[{"@type":"WebPage","@id":"https:\/\/www.sgagora.com.br\/sg\/suspeito-de-efetuar-disparos-em-frente-a-residencia-e-preso-pela-policia-militar-em-guarda-dos-ferreiros\/","url":"https:\/\/www.sgagora.com.br\/sg\/suspeito-de-efetuar-disparos-em-frente-a-residencia-e-preso-pela-policia-militar-em-guarda-dos-ferreiros\/","name":"Suspeito de efetuar disparos em frente a resid\u00eancia \u00e9 preso pela Pol\u00edcia Militar em Guarda dos Ferreiros","isPartOf":{"@id":"https:\/\/www.sgagora.com.br\/sg\/#website"},"datePublished":"2026-03-12T13:56:52+00:00","dateModified":"2026-03-17T20:13:26+00:00","author":{"@id":"https:\/\/www.sgagora.com.br\/sg\/#\/schema\/person\/2be62cfb47cee3e0b305e4f7a765ae41"},"description":"Homem de 23 anos, natural do Maranh\u00e3o, foi localizado ap\u00f3s dilig\u00eancias policiais; com ele foi apreendido um rev\u00f3lver calibre .38 com muni\u00e7\u00f5es.","breadcrumb":{"@id":"https:\/\/www.sgagora.com.br\/sg\/suspeito-de-efetuar-disparos-em-frente-a-residencia-e-preso-pela-policia-militar-em-guarda-dos-ferreiros\/#breadcrumb"},"inLanguage":"pt-BR","potentialAction":[{"@type":"ReadAction","target":["https:\/\/www.sgagora.com.br\/sg\/suspeito-de-efetuar-disparos-em-frente-a-residencia-e-preso-pela-policia-militar-em-guarda-dos-ferreiros\/"]}]},{"@type":"BreadcrumbList","@id":"https:\/\/www.sgagora.com.br\/sg\/suspeito-de-efetuar-disparos-em-frente-a-residencia-e-preso-pela-policia-militar-em-guarda-dos-ferreiros\/#breadcrumb","itemListElement":[{"@type":"ListItem","position":1,"name":"In\u00edcio","item":"https:\/\/www.sgagora.com.br\/sg\/"},{"@type":"ListItem","position":2,"name":"Suspeito de efetuar disparos em frente a resid\u00eancia \u00e9 preso pela Pol\u00edcia Militar em Guarda dos Ferreiros"}]},{"@type":"WebSite","@id":"https:\/\/www.sgagora.com.br\/sg\/#website","url":"https:\/\/www.sgagora.com.br\/sg\/","name":"SGAgora","description":"Not\u00edcias de S\u00e3o Gotardo","potentialAction":[{"@type":"SearchAction","target":{"@type":"EntryPoint","urlTemplate":"https:\/\/www.sgagora.com.br\/sg\/?s={search_term_string}"},"query-input":"required name=search_term_string"}],"inLanguage":"pt-BR"},{"@type":"Person","@id":"https:\/\/www.sgagora.com.br\/sg\/#\/schema\/person\/2be62cfb47cee3e0b305e4f7a765ae41","name":"SG Agora","image":{"@type":"ImageObject","inLanguage":"pt-BR","@id":"https:\/\/www.sgagora.com.br\/sg\/#\/schema\/person\/image\/","url":"https:\/\/secure.gravatar.com\/avatar\/a0c612a9a8c3e7419d6fd4f92e749d8d?s=96&d=mm&r=g","contentUrl":"https:\/\/secure.gravatar.com\/avatar\/a0c612a9a8c3e7419d6fd4f92e749d8d?s=96&d=mm&r=g","caption":"SG Agora"},"url":"https:\/\/www.sgagora.com.br\/sg\/author\/admin\/"}]}},"_links":{"self":[{"href":"https:\/\/www.sgagora.com.br\/sg\/wp-json\/wp\/v2\/posts\/1000009160"}],"collection":[{"href":"https:\/\/www.sgagora.com.br\/sg\/wp-json\/wp\/v2\/posts"}],"about":[{"href":"https:\/\/www.sgagora.com.br\/sg\/wp-json\/wp\/v2\/types\/post"}],"author":[{"embeddable":true,"href":"https:\/\/www.sgagora.com.br\/sg\/wp-json\/wp\/v2\/users\/1"}],"replies":[{"embeddable":true,"href":"https:\/\/www.sgagora.com.br\/sg\/wp-json\/wp\/v2\/comments?post=1000009160"}],"version-history":[{"count":1,"href":"https:\/\/www.sgagora.com.br\/sg\/wp-json\/wp\/v2\/posts\/1000009160\/revisions"}],"predecessor-version":[{"id":1000009164,"href":"https:\/\/www.sgagora.com.br\/sg\/wp-json\/wp\/v2\/posts\/1000009160\/revisions\/1000009164"}],"wp:featuredmedia":[{"embeddable":true,"href":"https:\/\/www.sgagora.com.br\/sg\/wp-json\/wp\/v2\/media\/1000009163"}],"wp:attachment":[{"href":"https:\/\/www.sgagora.com.br\/sg\/wp-json\/wp\/v2\/media?parent=1000009160"}],"wp:term":[{"taxonomy":"category","embeddable":true,"href":"https:\/\/www.sgagora.com.br\/sg\/wp-json\/wp\/v2\/categories?post=1000009160"},{"taxonomy":"post_tag","embeddable":true,"href":"https:\/\/www.sgagora.com.br\/sg\/wp-json\/wp\/v2\/tags?post=1000009160"}],"curies":[{"name":"wp","href":"https:\/\/api.w.org\/{rel}","templated":true}]}}