{"id":1000009173,"date":"2026-03-12T17:55:45","date_gmt":"2026-03-12T20:55:45","guid":{"rendered":"https:\/\/www.sgagora.com.br\/sg\/?p=1000009173"},"modified":"2026-03-26T10:23:24","modified_gmt":"2026-03-26T13:23:24","slug":"menor-e-apreendido-apos-perseguicao-policial-com-motocicleta-irregular-em-distrito-de-guarda-dos-ferreiros","status":"publish","type":"post","link":"https:\/\/www.sgagora.com.br\/sg\/menor-e-apreendido-apos-perseguicao-policial-com-motocicleta-irregular-em-distrito-de-guarda-dos-ferreiros\/","title":{"rendered":"Menor \u00e9 apreendido ap\u00f3s persegui\u00e7\u00e3o policial com motocicleta irregular em Guarda dos Ferreiros"},"content":{"rendered":"<p style=\"text-align: center;\"><span style=\"color: #ff0000;\"><strong>CONTINUA AP\u00d3S A PUBLICIDADE<\/strong><\/span><img decoding=\"async\" loading=\"lazy\" class=\"aligncenter wp-image-1000005472 size-full\" src=\"https:\/\/www.sgagora.com.br\/sg\/wp-content\/uploads\/2024\/08\/gif_260x260px_ssv.gif\" alt=\"\" width=\"260\" height=\"260\" \/><\/p>\n<p><img decoding=\"async\" loading=\"lazy\" class=\"aligncenter wp-image-1000008334 size-full\" src=\"https:\/\/www.sgagora.com.br\/sg\/wp-content\/uploads\/2025\/10\/Video-Post-para-Instagram-Animado-Novo-Post-Blog-Metaverso-Tecnologia.gif\" alt=\"\" width=\"260\" height=\"260\" \/><\/p>\n<p style=\"text-align: justify;\" data-start=\"302\" data-end=\"603\">Na noite da <strong data-start=\"314\" data-end=\"360\">\u00faltima ter\u00e7a-feira (11), por volta das 20h<\/strong>, no distrito de <strong data-start=\"377\" data-end=\"401\">Guarda dos Ferreiros<\/strong>, em <span class=\"hover:entity-accent entity-underline inline cursor-pointer align-baseline\"><span class=\"whitespace-normal\">S\u00e3o Gotardo<\/span><\/span>, <strong data-start=\"445\" data-end=\"602\">um menor de idade foi apreendido ap\u00f3s protagonizar uma fuga da Pol\u00edcia Militar enquanto conduzia uma motocicleta de forma perigosa pelas ruas do distrito<\/strong>.<\/p>\n<p style=\"text-align: justify;\" data-start=\"605\" data-end=\"863\">De acordo com a ocorr\u00eancia, durante patrulhamento, a guarni\u00e7\u00e3o policial <strong data-start=\"677\" data-end=\"763\">visualizou uma motocicleta Honda CB 300, de cor preta, ocupada por dois indiv\u00edduos<\/strong>, sendo constatado que <strong data-start=\"786\" data-end=\"822\">o passageiro estava sem capacete<\/strong>, em desacordo com as normas de tr\u00e2nsito.<\/p>\n<p style=\"text-align: center;\" data-start=\"605\" data-end=\"863\"><span style=\"color: #ff0000;\"><strong>CONTINUA AP\u00d3S A PUBLICIDADE<\/strong><\/span><img decoding=\"async\" loading=\"lazy\" class=\"aligncenter wp-image-1000001976 size-full\" src=\"https:\/\/www.sgagora.com.br\/sg\/wp-content\/uploads\/2019\/12\/GIF-PRONTO-ODONTO-COMPANY.gif\" alt=\"\" width=\"600\" height=\"260\" \/><\/p>\n<p style=\"text-align: justify;\" data-start=\"865\" data-end=\"1173\">Al\u00e9m da irregularidade, os militares observaram que <strong data-start=\"917\" data-end=\"1020\">a motocicleta trafegava emitindo ru\u00eddo excessivo do motor, com cortes de giro e acelera\u00e7\u00f5es bruscas<\/strong>, sendo conduzida <strong data-start=\"1038\" data-end=\"1096\">de forma imprudente entre ve\u00edculos, \u00f4nibus e pedestres<\/strong>, situa\u00e7\u00e3o que <strong data-start=\"1111\" data-end=\"1172\">colocava em risco a seguran\u00e7a dos usu\u00e1rios da via p\u00fablica<\/strong>.<\/p>\n<p style=\"text-align: justify;\" data-start=\"1175\" data-end=\"1414\">Diante do comportamento perigoso, <strong data-start=\"1209\" data-end=\"1255\">os policiais tentaram realizar a abordagem<\/strong>, por\u00e9m <strong data-start=\"1263\" data-end=\"1343\">o intenso fluxo de tr\u00e2nsito no local impossibilitou a intercepta\u00e7\u00e3o imediata<\/strong>, uma vez que a a\u00e7\u00e3o poderia comprometer a seguran\u00e7a de outras pessoas.<\/p>\n<p style=\"text-align: justify;\" data-start=\"1416\" data-end=\"1656\">Durante o deslocamento, <strong data-start=\"1440\" data-end=\"1519\">o condutor chegou a realizar uma manobra de retorno trafegando na contram\u00e3o<\/strong>, aumentando ainda mais o risco de acidente. Em seguida, <strong data-start=\"1576\" data-end=\"1655\">a viatura foi posicionada em um ponto estrat\u00e9gico para realizar a abordagem<\/strong>.<\/p>\n<h3 style=\"text-align: center;\" data-start=\"1915\" data-end=\"1953\"><strong><span style=\"color: #ff0000;\">CONTINUA AP\u00d3S A PUBLICIDADE<br \/>\n<img decoding=\"async\" loading=\"lazy\" class=\"aligncenter wp-image-1000008585 size-full\" src=\"https:\/\/www.sgagora.com.br\/sg\/wp-content\/uploads\/2025\/11\/GIF-EMPORIUM.gif\" alt=\"\" width=\"600\" height=\"260\" \/><\/span><\/strong><\/h3>\n<p style=\"text-align: justify;\" data-start=\"1658\" data-end=\"1869\">No momento em que um dos militares <strong data-start=\"1693\" data-end=\"1722\">sinalizou ordem de parada<\/strong>, o passageiro <strong data-start=\"1737\" data-end=\"1762\">desceu da motocicleta<\/strong>, e o condutor, ao perceber que seria abordado, <strong data-start=\"1810\" data-end=\"1868\">perdeu o equil\u00edbrio e caiu ao solo junto com o ve\u00edculo<\/strong>.<\/p>\n<p style=\"text-align: justify;\" data-start=\"1871\" data-end=\"2035\">Mesmo ap\u00f3s a queda, <strong data-start=\"1891\" data-end=\"1985\">o suspeito se levantou rapidamente e fugiu a p\u00e9 pela Avenida Hermenegildo Jos\u00e9 de Oliveira<\/strong>, desobedecendo \u00e0s ordens para interromper a fuga.<\/p>\n<p style=\"text-align: justify;\" data-start=\"2037\" data-end=\"2225\">Um dos policiais iniciou <strong data-start=\"2062\" data-end=\"2085\">acompanhamento a p\u00e9<\/strong>, por\u00e9m <strong data-start=\"2093\" data-end=\"2135\">sofreu uma queda durante a persegui\u00e7\u00e3o<\/strong>, o que resultou <strong data-start=\"2152\" data-end=\"2187\">em les\u00f5es e danos no fardamento<\/strong>, dificultando a continuidade da a\u00e7\u00e3o.<\/p>\n<p style=\"text-align: justify;\" data-start=\"2227\" data-end=\"2471\">Para dar sequ\u00eancia \u00e0 interven\u00e7\u00e3o, <strong data-start=\"2261\" data-end=\"2340\">o militar recebeu apoio moment\u00e2neo de uma motocicleta cedida por um popular<\/strong>, o que possibilitou <strong data-start=\"2361\" data-end=\"2417\">alcan\u00e7ar o infrator a poucos metros da via principal<\/strong>, onde ele foi <strong data-start=\"2432\" data-end=\"2470\">abordado e contido pelos policiais<\/strong>.<\/p>\n<p style=\"text-align: center;\" data-start=\"2227\" data-end=\"2471\"><strong><span style=\"color: #ff0000;\">CONTINUA AP\u00d3S A PUBLICIDADE<br \/>\n<img decoding=\"async\" loading=\"lazy\" class=\"aligncenter wp-image-1000009016 size-full\" src=\"https:\/\/www.sgagora.com.br\/sg\/wp-content\/uploads\/2026\/02\/download.gif\" alt=\"\" width=\"600\" height=\"260\" \/><\/span><\/strong><\/p>\n<p style=\"text-align: justify;\" data-start=\"2473\" data-end=\"2671\">Segundo a pol\u00edcia, <strong data-start=\"2492\" data-end=\"2575\">o condutor \u00e9 menor de idade e n\u00e3o possui Carteira Nacional de Habilita\u00e7\u00e3o (CNH)<\/strong>. Tamb\u00e9m foi constatado que <strong data-start=\"2603\" data-end=\"2670\">a motocicleta Honda CB 300 estava com o licenciamento irregular<\/strong>.<\/p>\n<p style=\"text-align: justify;\" data-start=\"2673\" data-end=\"2835\">Diante das infra\u00e7\u00f5es constatadas, <strong data-start=\"2707\" data-end=\"2783\">foram lavrados os autos de infra\u00e7\u00e3o de tr\u00e2nsito e o ve\u00edculo foi removido<\/strong>, ficando <strong data-start=\"2793\" data-end=\"2834\">\u00e0 disposi\u00e7\u00e3o da autoridade competente<\/strong>.<\/p>\n<p style=\"text-align: justify;\" data-start=\"2837\" data-end=\"3048\">O <strong data-start=\"2839\" data-end=\"2951\">menor apreendido e o policial militar que sofreu a queda foram encaminhados ao Pronto Socorro de S\u00e3o Gotardo<\/strong>, onde <strong data-start=\"2958\" data-end=\"3047\">receberam atendimento m\u00e9dico e posteriormente foram liberados pelo m\u00e9dico plantonista<\/strong>.<\/p>\n<p style=\"text-align: justify;\" data-start=\"3050\" data-end=\"3159\" data-is-last-node=\"\" data-is-only-node=\"\">O <strong data-start=\"3052\" data-end=\"3127\">respons\u00e1vel legal pelo menor acompanhou todo o desenrolar da ocorr\u00eancia<\/strong> junto \u00e0s autoridades policiais.<\/p>\n<p style=\"text-align: center;\"><strong><span style=\"color: #ff0000;\">CONTINUA AP\u00d3S A PUBLICIDADE<\/span><\/strong><img decoding=\"async\" loading=\"lazy\" class=\"aligncenter wp-image-1000004773 size-full\" src=\"https:\/\/www.sgagora.com.br\/sg\/wp-content\/uploads\/2024\/05\/GIF-SICREDI-SAO-GOTARDO.gif\" alt=\"\" width=\"260\" height=\"260\" \/><\/p>\n<p><img decoding=\"async\" loading=\"lazy\" class=\"aligncenter wp-image-1000006254 size-full\" src=\"https:\/\/www.sgagora.com.br\/sg\/wp-content\/uploads\/2025\/01\/Team.gif\" alt=\"\" width=\"260\" height=\"260\" \/><\/p>\n<p><span style=\"color: #ffffff;\">.<\/span><\/p>\n<p data-start=\"3050\" data-end=\"3159\" data-is-last-node=\"\" data-is-only-node=\"\"><span style=\"color: #ffffff;\">.<\/span><\/p>\n<p style=\"text-align: justify;\" data-start=\"3050\" data-end=\"3159\" data-is-last-node=\"\" data-is-only-node=\"\"><em><strong>Reportagem:<\/strong> Diego Oliveira\/Portal SG AGORA \/ <strong>Fonte da Reportagem:<\/strong> Assessoria de Imprensa Pol\u00edcia Militar de S\u00e3o Gotardo &#8211; 216\u00aa Cia. PM \/ <strong>Foto Capa:<\/strong> Reprodu\u00e7\u00e3o\/V\u00eddeo Recebido Via WhatsApp\/Parana\u00edba Agora<\/em><\/p>\n","protected":false},"excerpt":{"rendered":"<p>CONTINUA AP\u00d3S A PUBLICIDADE Na noite da \u00faltima ter\u00e7a-feira (11), por volta das 20h, no distrito de Guarda dos Ferreiros, em S\u00e3o Gotardo, um menor de idade foi apreendido ap\u00f3s protagonizar uma fuga da Pol\u00edcia &#8230; <a class=\"readmore\" href=\"https:\/\/www.sgagora.com.br\/sg\/menor-e-apreendido-apos-perseguicao-policial-com-motocicleta-irregular-em-distrito-de-guarda-dos-ferreiros\/\">Leia Mais<\/a><\/p>\n","protected":false},"author":1,"featured_media":1000009179,"comment_status":"open","ping_status":"open","sticky":false,"template":"","format":"standard","meta":{"_bbp_topic_count":0,"_bbp_reply_count":0,"_bbp_total_topic_count":0,"_bbp_total_reply_count":0,"_bbp_voice_count":0,"_bbp_anonymous_reply_count":0,"_bbp_topic_count_hidden":0,"_bbp_reply_count_hidden":0,"_bbp_forum_subforum_count":0},"categories":[84,77,81],"tags":[833,135,2308,132,4538],"yoast_head":"<!-- This site is optimized with the Yoast SEO plugin v20.5 - https:\/\/yoast.com\/wordpress\/plugins\/seo\/ -->\n<title>Menor \u00e9 apreendido ap\u00f3s persegui\u00e7\u00e3o policial com motocicleta irregular em Guarda dos Ferreiros<\/title>\n<meta name=\"description\" content=\"Condutor sem habilita\u00e7\u00e3o realizou manobras perigosas, tentou fugir da pol\u00edcia e acabou detido ap\u00f3s acompanhamento a p\u00e9 e com apoio de motocicleta de um popular.\" \/>\n<meta name=\"robots\" content=\"index, follow, max-snippet:-1, max-image-preview:large, max-video-preview:-1\" \/>\n<link rel=\"canonical\" href=\"https:\/\/www.sgagora.com.br\/sg\/menor-e-apreendido-apos-perseguicao-policial-com-motocicleta-irregular-em-distrito-de-guarda-dos-ferreiros\/\" \/>\n<meta property=\"og:locale\" content=\"pt_BR\" \/>\n<meta property=\"og:type\" content=\"article\" \/>\n<meta property=\"og:title\" content=\"Menor \u00e9 apreendido ap\u00f3s persegui\u00e7\u00e3o policial com motocicleta irregular em Guarda dos Ferreiros\" \/>\n<meta property=\"og:description\" content=\"Condutor sem habilita\u00e7\u00e3o realizou manobras perigosas, tentou fugir da pol\u00edcia e acabou detido ap\u00f3s acompanhamento a p\u00e9 e com apoio de motocicleta de um popular.\" \/>\n<meta property=\"og:url\" content=\"https:\/\/www.sgagora.com.br\/sg\/menor-e-apreendido-apos-perseguicao-policial-com-motocicleta-irregular-em-distrito-de-guarda-dos-ferreiros\/\" \/>\n<meta property=\"og:site_name\" content=\"SGAgora\" \/>\n<meta property=\"article:publisher\" content=\"https:\/\/www.facebook.com\/sgagora\" \/>\n<meta property=\"article:published_time\" content=\"2026-03-12T20:55:45+00:00\" \/>\n<meta property=\"article:modified_time\" content=\"2026-03-26T13:23:24+00:00\" \/>\n<meta property=\"og:image\" content=\"https:\/\/www.sgagora.com.br\/sg\/wp-content\/uploads\/2026\/03\/Apos-forte-chuva-varios-locais-da-cidade-de-Sao-Gotardo-ficam-alagados-16.jpg\" \/>\n\t<meta property=\"og:image:width\" content=\"600\" \/>\n\t<meta property=\"og:image:height\" content=\"400\" \/>\n\t<meta property=\"og:image:type\" content=\"image\/jpeg\" \/>\n<meta name=\"author\" content=\"SG Agora\" \/>\n<meta name=\"twitter:label1\" content=\"Escrito por\" \/>\n\t<meta name=\"twitter:data1\" content=\"SG Agora\" \/>\n\t<meta name=\"twitter:label2\" content=\"Est. tempo de leitura\" \/>\n\t<meta name=\"twitter:data2\" content=\"4 minutos\" \/>\n<script type=\"application\/ld+json\" class=\"yoast-schema-graph\">{\"@context\":\"https:\/\/schema.org\",\"@graph\":[{\"@type\":\"WebPage\",\"@id\":\"https:\/\/www.sgagora.com.br\/sg\/menor-e-apreendido-apos-perseguicao-policial-com-motocicleta-irregular-em-distrito-de-guarda-dos-ferreiros\/\",\"url\":\"https:\/\/www.sgagora.com.br\/sg\/menor-e-apreendido-apos-perseguicao-policial-com-motocicleta-irregular-em-distrito-de-guarda-dos-ferreiros\/\",\"name\":\"Menor \u00e9 apreendido ap\u00f3s persegui\u00e7\u00e3o policial com motocicleta irregular em Guarda dos Ferreiros\",\"isPartOf\":{\"@id\":\"https:\/\/www.sgagora.com.br\/sg\/#website\"},\"datePublished\":\"2026-03-12T20:55:45+00:00\",\"dateModified\":\"2026-03-26T13:23:24+00:00\",\"author\":{\"@id\":\"https:\/\/www.sgagora.com.br\/sg\/#\/schema\/person\/2be62cfb47cee3e0b305e4f7a765ae41\"},\"description\":\"Condutor sem habilita\u00e7\u00e3o realizou manobras perigosas, tentou fugir da pol\u00edcia e acabou detido ap\u00f3s acompanhamento a p\u00e9 e com apoio de motocicleta de um popular.\",\"breadcrumb\":{\"@id\":\"https:\/\/www.sgagora.com.br\/sg\/menor-e-apreendido-apos-perseguicao-policial-com-motocicleta-irregular-em-distrito-de-guarda-dos-ferreiros\/#breadcrumb\"},\"inLanguage\":\"pt-BR\",\"potentialAction\":[{\"@type\":\"ReadAction\",\"target\":[\"https:\/\/www.sgagora.com.br\/sg\/menor-e-apreendido-apos-perseguicao-policial-com-motocicleta-irregular-em-distrito-de-guarda-dos-ferreiros\/\"]}]},{\"@type\":\"BreadcrumbList\",\"@id\":\"https:\/\/www.sgagora.com.br\/sg\/menor-e-apreendido-apos-perseguicao-policial-com-motocicleta-irregular-em-distrito-de-guarda-dos-ferreiros\/#breadcrumb\",\"itemListElement\":[{\"@type\":\"ListItem\",\"position\":1,\"name\":\"In\u00edcio\",\"item\":\"https:\/\/www.sgagora.com.br\/sg\/\"},{\"@type\":\"ListItem\",\"position\":2,\"name\":\"Menor \u00e9 apreendido ap\u00f3s persegui\u00e7\u00e3o policial com motocicleta irregular em Guarda dos Ferreiros\"}]},{\"@type\":\"WebSite\",\"@id\":\"https:\/\/www.sgagora.com.br\/sg\/#website\",\"url\":\"https:\/\/www.sgagora.com.br\/sg\/\",\"name\":\"SGAgora\",\"description\":\"Not\u00edcias de S\u00e3o Gotardo\",\"potentialAction\":[{\"@type\":\"SearchAction\",\"target\":{\"@type\":\"EntryPoint\",\"urlTemplate\":\"https:\/\/www.sgagora.com.br\/sg\/?s={search_term_string}\"},\"query-input\":\"required name=search_term_string\"}],\"inLanguage\":\"pt-BR\"},{\"@type\":\"Person\",\"@id\":\"https:\/\/www.sgagora.com.br\/sg\/#\/schema\/person\/2be62cfb47cee3e0b305e4f7a765ae41\",\"name\":\"SG Agora\",\"image\":{\"@type\":\"ImageObject\",\"inLanguage\":\"pt-BR\",\"@id\":\"https:\/\/www.sgagora.com.br\/sg\/#\/schema\/person\/image\/\",\"url\":\"https:\/\/secure.gravatar.com\/avatar\/a0c612a9a8c3e7419d6fd4f92e749d8d?s=96&d=mm&r=g\",\"contentUrl\":\"https:\/\/secure.gravatar.com\/avatar\/a0c612a9a8c3e7419d6fd4f92e749d8d?s=96&d=mm&r=g\",\"caption\":\"SG Agora\"},\"url\":\"https:\/\/www.sgagora.com.br\/sg\/author\/admin\/\"}]}<\/script>\n<!-- \/ Yoast SEO plugin. -->","yoast_head_json":{"title":"Menor \u00e9 apreendido ap\u00f3s persegui\u00e7\u00e3o policial com motocicleta irregular em Guarda dos Ferreiros","description":"Condutor sem habilita\u00e7\u00e3o realizou manobras perigosas, tentou fugir da pol\u00edcia e acabou detido ap\u00f3s acompanhamento a p\u00e9 e com apoio de motocicleta de um popular.","robots":{"index":"index","follow":"follow","max-snippet":"max-snippet:-1","max-image-preview":"max-image-preview:large","max-video-preview":"max-video-preview:-1"},"canonical":"https:\/\/www.sgagora.com.br\/sg\/menor-e-apreendido-apos-perseguicao-policial-com-motocicleta-irregular-em-distrito-de-guarda-dos-ferreiros\/","og_locale":"pt_BR","og_type":"article","og_title":"Menor \u00e9 apreendido ap\u00f3s persegui\u00e7\u00e3o policial com motocicleta irregular em Guarda dos Ferreiros","og_description":"Condutor sem habilita\u00e7\u00e3o realizou manobras perigosas, tentou fugir da pol\u00edcia e acabou detido ap\u00f3s acompanhamento a p\u00e9 e com apoio de motocicleta de um popular.","og_url":"https:\/\/www.sgagora.com.br\/sg\/menor-e-apreendido-apos-perseguicao-policial-com-motocicleta-irregular-em-distrito-de-guarda-dos-ferreiros\/","og_site_name":"SGAgora","article_publisher":"https:\/\/www.facebook.com\/sgagora","article_published_time":"2026-03-12T20:55:45+00:00","article_modified_time":"2026-03-26T13:23:24+00:00","og_image":[{"width":600,"height":400,"url":"https:\/\/www.sgagora.com.br\/sg\/wp-content\/uploads\/2026\/03\/Apos-forte-chuva-varios-locais-da-cidade-de-Sao-Gotardo-ficam-alagados-16.jpg","type":"image\/jpeg"}],"author":"SG Agora","twitter_misc":{"Escrito por":"SG Agora","Est. tempo de leitura":"4 minutos"},"schema":{"@context":"https:\/\/schema.org","@graph":[{"@type":"WebPage","@id":"https:\/\/www.sgagora.com.br\/sg\/menor-e-apreendido-apos-perseguicao-policial-com-motocicleta-irregular-em-distrito-de-guarda-dos-ferreiros\/","url":"https:\/\/www.sgagora.com.br\/sg\/menor-e-apreendido-apos-perseguicao-policial-com-motocicleta-irregular-em-distrito-de-guarda-dos-ferreiros\/","name":"Menor \u00e9 apreendido ap\u00f3s persegui\u00e7\u00e3o policial com motocicleta irregular em Guarda dos Ferreiros","isPartOf":{"@id":"https:\/\/www.sgagora.com.br\/sg\/#website"},"datePublished":"2026-03-12T20:55:45+00:00","dateModified":"2026-03-26T13:23:24+00:00","author":{"@id":"https:\/\/www.sgagora.com.br\/sg\/#\/schema\/person\/2be62cfb47cee3e0b305e4f7a765ae41"},"description":"Condutor sem habilita\u00e7\u00e3o realizou manobras perigosas, tentou fugir da pol\u00edcia e acabou detido ap\u00f3s acompanhamento a p\u00e9 e com apoio de motocicleta de um popular.","breadcrumb":{"@id":"https:\/\/www.sgagora.com.br\/sg\/menor-e-apreendido-apos-perseguicao-policial-com-motocicleta-irregular-em-distrito-de-guarda-dos-ferreiros\/#breadcrumb"},"inLanguage":"pt-BR","potentialAction":[{"@type":"ReadAction","target":["https:\/\/www.sgagora.com.br\/sg\/menor-e-apreendido-apos-perseguicao-policial-com-motocicleta-irregular-em-distrito-de-guarda-dos-ferreiros\/"]}]},{"@type":"BreadcrumbList","@id":"https:\/\/www.sgagora.com.br\/sg\/menor-e-apreendido-apos-perseguicao-policial-com-motocicleta-irregular-em-distrito-de-guarda-dos-ferreiros\/#breadcrumb","itemListElement":[{"@type":"ListItem","position":1,"name":"In\u00edcio","item":"https:\/\/www.sgagora.com.br\/sg\/"},{"@type":"ListItem","position":2,"name":"Menor \u00e9 apreendido ap\u00f3s persegui\u00e7\u00e3o policial com motocicleta irregular em Guarda dos Ferreiros"}]},{"@type":"WebSite","@id":"https:\/\/www.sgagora.com.br\/sg\/#website","url":"https:\/\/www.sgagora.com.br\/sg\/","name":"SGAgora","description":"Not\u00edcias de S\u00e3o Gotardo","potentialAction":[{"@type":"SearchAction","target":{"@type":"EntryPoint","urlTemplate":"https:\/\/www.sgagora.com.br\/sg\/?s={search_term_string}"},"query-input":"required name=search_term_string"}],"inLanguage":"pt-BR"},{"@type":"Person","@id":"https:\/\/www.sgagora.com.br\/sg\/#\/schema\/person\/2be62cfb47cee3e0b305e4f7a765ae41","name":"SG Agora","image":{"@type":"ImageObject","inLanguage":"pt-BR","@id":"https:\/\/www.sgagora.com.br\/sg\/#\/schema\/person\/image\/","url":"https:\/\/secure.gravatar.com\/avatar\/a0c612a9a8c3e7419d6fd4f92e749d8d?s=96&d=mm&r=g","contentUrl":"https:\/\/secure.gravatar.com\/avatar\/a0c612a9a8c3e7419d6fd4f92e749d8d?s=96&d=mm&r=g","caption":"SG Agora"},"url":"https:\/\/www.sgagora.com.br\/sg\/author\/admin\/"}]}},"_links":{"self":[{"href":"https:\/\/www.sgagora.com.br\/sg\/wp-json\/wp\/v2\/posts\/1000009173"}],"collection":[{"href":"https:\/\/www.sgagora.com.br\/sg\/wp-json\/wp\/v2\/posts"}],"about":[{"href":"https:\/\/www.sgagora.com.br\/sg\/wp-json\/wp\/v2\/types\/post"}],"author":[{"embeddable":true,"href":"https:\/\/www.sgagora.com.br\/sg\/wp-json\/wp\/v2\/users\/1"}],"replies":[{"embeddable":true,"href":"https:\/\/www.sgagora.com.br\/sg\/wp-json\/wp\/v2\/comments?post=1000009173"}],"version-history":[{"count":3,"href":"https:\/\/www.sgagora.com.br\/sg\/wp-json\/wp\/v2\/posts\/1000009173\/revisions"}],"predecessor-version":[{"id":1000009269,"href":"https:\/\/www.sgagora.com.br\/sg\/wp-json\/wp\/v2\/posts\/1000009173\/revisions\/1000009269"}],"wp:featuredmedia":[{"embeddable":true,"href":"https:\/\/www.sgagora.com.br\/sg\/wp-json\/wp\/v2\/media\/1000009179"}],"wp:attachment":[{"href":"https:\/\/www.sgagora.com.br\/sg\/wp-json\/wp\/v2\/media?parent=1000009173"}],"wp:term":[{"taxonomy":"category","embeddable":true,"href":"https:\/\/www.sgagora.com.br\/sg\/wp-json\/wp\/v2\/categories?post=1000009173"},{"taxonomy":"post_tag","embeddable":true,"href":"https:\/\/www.sgagora.com.br\/sg\/wp-json\/wp\/v2\/tags?post=1000009173"}],"curies":[{"name":"wp","href":"https:\/\/api.w.org\/{rel}","templated":true}]}}