{"id":1000009181,"date":"2026-03-13T14:08:29","date_gmt":"2026-03-13T17:08:29","guid":{"rendered":"https:\/\/www.sgagora.com.br\/sg\/?p=1000009181"},"modified":"2026-03-13T14:09:01","modified_gmt":"2026-03-13T17:09:01","slug":"operacao-da-pm-contra-o-trafico-termina-com-dois-presos-e-tres-adolescentes-apreendidos-em-sao-gotardo-um-dos-menores-havia-sido-detido-pelo-mesmo-crime-dois-dias-antes","status":"publish","type":"post","link":"https:\/\/www.sgagora.com.br\/sg\/operacao-da-pm-contra-o-trafico-termina-com-dois-presos-e-tres-adolescentes-apreendidos-em-sao-gotardo-um-dos-menores-havia-sido-detido-pelo-mesmo-crime-dois-dias-antes\/","title":{"rendered":"Opera\u00e7\u00e3o da PM contra o tr\u00e1fico termina com dois presos e tr\u00eas adolescentes apreendidos em S\u00e3o Gotardo; um dos menores havia sido detido pelo mesmo crime dois dias antes"},"content":{"rendered":"<p style=\"text-align: center;\"><span style=\"color: #ff0000;\"><strong>CONTINUA AP\u00d3S A PUBLICIDADE<\/strong><\/span><img decoding=\"async\" loading=\"lazy\" class=\"aligncenter wp-image-1000005472 size-full\" src=\"https:\/\/www.sgagora.com.br\/sg\/wp-content\/uploads\/2024\/08\/gif_260x260px_ssv.gif\" alt=\"\" width=\"260\" height=\"260\" \/><\/p>\n<p><img decoding=\"async\" loading=\"lazy\" class=\"aligncenter wp-image-1000008334 size-full\" src=\"https:\/\/www.sgagora.com.br\/sg\/wp-content\/uploads\/2025\/10\/Video-Post-para-Instagram-Animado-Novo-Post-Blog-Metaverso-Tecnologia.gif\" alt=\"\" width=\"260\" height=\"260\" \/><\/p>\n<p style=\"text-align: justify;\" data-start=\"315\" data-end=\"639\">No <strong data-start=\"318\" data-end=\"345\">dia 12 de mar\u00e7o de 2026<\/strong>, a <strong data-start=\"349\" data-end=\"390\"><span class=\"hover:entity-accent entity-underline inline cursor-pointer align-baseline\"><span class=\"whitespace-normal\">Pol\u00edcia Militar de Minas Gerais<\/span><\/span><\/strong> realizou <strong data-start=\"400\" data-end=\"494\">mais uma opera\u00e7\u00e3o de combate ao tr\u00e1fico de drogas em <span class=\"hover:entity-accent entity-underline inline cursor-pointer align-baseline\"><span class=\"whitespace-normal\">S\u00e3o Gotardo<\/span><\/span><\/strong>, que resultou na <strong data-start=\"512\" data-end=\"573\">pris\u00e3o de dois homens e na apreens\u00e3o de tr\u00eas adolescentes<\/strong> suspeitos de envolvimento com o com\u00e9rcio ilegal de entorpecentes.<\/p>\n<p style=\"text-align: center;\" data-start=\"315\" data-end=\"639\"><span style=\"color: #ff0000;\"><strong>CONTINUA AP\u00d3S A PUBLICIDADE<\/strong><\/span><img decoding=\"async\" loading=\"lazy\" class=\"aligncenter wp-image-1000001976 size-full\" src=\"https:\/\/www.sgagora.com.br\/sg\/wp-content\/uploads\/2019\/12\/GIF-PRONTO-ODONTO-COMPANY.gif\" alt=\"\" width=\"600\" height=\"260\" \/><\/p>\n<p style=\"text-align: justify;\" data-start=\"641\" data-end=\"873\">A a\u00e7\u00e3o policial ocorreu <strong data-start=\"665\" data-end=\"744\">nas proximidades da divisa entre os bairros Boa Esperan\u00e7a e L\u00edrios do Campo<\/strong>, local que j\u00e1 vinha sendo <strong data-start=\"771\" data-end=\"872\">monitorado pelas equipes militares devido a den\u00fancias e registros anteriores de tr\u00e1fico de drogas<\/strong>.<\/p>\n<p style=\"text-align: justify;\" data-start=\"875\" data-end=\"1186\">Durante a opera\u00e7\u00e3o, os policiais <strong data-start=\"908\" data-end=\"980\">abordaram indiv\u00edduos que estavam nas imedia\u00e7\u00f5es do ponto investigado<\/strong>. Ap\u00f3s buscas e dilig\u00eancias, os militares <strong data-start=\"1022\" data-end=\"1067\">localizaram subst\u00e2ncias an\u00e1logas ao crack<\/strong>, al\u00e9m de <strong data-start=\"1077\" data-end=\"1123\">materiais utilizados na pr\u00e1tica do tr\u00e1fico<\/strong>, refor\u00e7ando as suspeitas sobre a atividade criminosa no local.<\/p>\n<h3 style=\"text-align: center;\" data-start=\"1915\" data-end=\"1953\"><strong><span style=\"color: #ff0000;\">CONTINUA AP\u00d3S A PUBLICIDADE<br \/>\n<img decoding=\"async\" loading=\"lazy\" class=\"aligncenter wp-image-1000008585 size-full\" src=\"https:\/\/www.sgagora.com.br\/sg\/wp-content\/uploads\/2025\/11\/GIF-EMPORIUM.gif\" alt=\"\" width=\"600\" height=\"260\" \/><\/span><\/strong><\/h3>\n<p style=\"text-align: justify;\" data-start=\"1188\" data-end=\"1578\">Entre os envolvidos est\u00e1 <strong data-start=\"1213\" data-end=\"1242\">um adolescente de 17 anos<\/strong>, que <strong data-start=\"1248\" data-end=\"1351\">j\u00e1 havia sido apreendido recentemente pela Pol\u00edcia Militar por envolvimento com o tr\u00e1fico de drogas<\/strong>. A ocorr\u00eancia anterior havia sido registrada <strong data-start=\"1397\" data-end=\"1478\">dois dias antes, em um im\u00f3vel pr\u00f3ximo \u00e0 <span class=\"hover:entity-accent entity-underline inline cursor-pointer align-baseline\"><span class=\"whitespace-normal\">Escola Estadual S\u00e3o Pio X<\/span><\/span><\/strong>, o que, segundo a pol\u00edcia, <strong data-start=\"1506\" data-end=\"1577\">evidencia a continuidade de sua participa\u00e7\u00e3o em atividades il\u00edcitas<\/strong>.<\/p>\n<p style=\"text-align: justify;\" data-start=\"1580\" data-end=\"1768\">Todos os envolvidos <strong data-start=\"1600\" data-end=\"1657\">foram encaminhados \u00e0 autoridade de Pol\u00edcia Judici\u00e1ria<\/strong>, juntamente com o <strong data-start=\"1676\" data-end=\"1699\">material apreendido<\/strong>, para que fossem tomadas <strong data-start=\"1725\" data-end=\"1767\">as demais provid\u00eancias legais cab\u00edveis<\/strong>.<\/p>\n<p style=\"text-align: center;\" data-start=\"1580\" data-end=\"1768\"><strong><span style=\"color: #ff0000;\">CONTINUA AP\u00d3S A PUBLICIDADE<br \/>\n<img decoding=\"async\" loading=\"lazy\" class=\"aligncenter wp-image-1000009016 size-full\" src=\"https:\/\/www.sgagora.com.br\/sg\/wp-content\/uploads\/2026\/02\/download.gif\" alt=\"\" width=\"600\" height=\"260\" \/><\/span><\/strong><\/p>\n<p style=\"text-align: justify;\" data-start=\"1770\" data-end=\"2004\">A <strong data-start=\"1772\" data-end=\"1791\">Pol\u00edcia Militar<\/strong> destacou que <strong data-start=\"1805\" data-end=\"2003\">o monitoramento constante de locais considerados sens\u00edveis e a atua\u00e7\u00e3o r\u00e1pida das equipes s\u00e3o fundamentais para o enfrentamento ao tr\u00e1fico de drogas e para a manuten\u00e7\u00e3o da seguran\u00e7a da popula\u00e7\u00e3o<\/strong>.<\/p>\n<p style=\"text-align: justify;\" data-start=\"2006\" data-end=\"2093\" data-is-last-node=\"\" data-is-only-node=\"\"><strong data-start=\"2006\" data-end=\"2090\">POL\u00cdCIA MILITAR DE MINAS GERAIS \u2014 A for\u00e7a do povo mineiro, presen\u00e7a que protege.<\/strong><\/p>\n<p style=\"text-align: center;\"><strong><span style=\"color: #ff0000;\">CONTINUA AP\u00d3S A PUBLICIDADE<\/span><\/strong><img decoding=\"async\" loading=\"lazy\" class=\"aligncenter wp-image-1000004773 size-full\" src=\"https:\/\/www.sgagora.com.br\/sg\/wp-content\/uploads\/2024\/05\/GIF-SICREDI-SAO-GOTARDO.gif\" alt=\"\" width=\"260\" height=\"260\" \/><\/p>\n<p><img decoding=\"async\" loading=\"lazy\" class=\"aligncenter wp-image-1000006254 size-full\" src=\"https:\/\/www.sgagora.com.br\/sg\/wp-content\/uploads\/2025\/01\/Team.gif\" alt=\"\" width=\"260\" height=\"260\" \/><\/p>\n<p data-start=\"1947\" data-end=\"2080\"><span style=\"color: #ffffff;\">.<\/span><\/p>\n<p data-start=\"2006\" data-end=\"2093\" data-is-last-node=\"\" data-is-only-node=\"\"><span style=\"color: #ffffff;\">.<\/span><\/p>\n<p style=\"text-align: justify;\" data-start=\"2006\" data-end=\"2093\" data-is-last-node=\"\" data-is-only-node=\"\"><em><strong>Reportagem: Diego<\/strong> Oliveira\/Portal SG AGORA \/ <strong>Fonte da Reportagem e Foto Capa:<\/strong> Divulga\u00e7\u00e3o\/Assessoria de Imprensa Pol\u00edcia Militar de S\u00e3o Gotardo &#8211; 216\u00aa Cia. PM<\/em><\/p>\n","protected":false},"excerpt":{"rendered":"<p>CONTINUA AP\u00d3S A PUBLICIDADE No dia 12 de mar\u00e7o de 2026, a Pol\u00edcia Militar de Minas Gerais realizou mais uma opera\u00e7\u00e3o de combate ao tr\u00e1fico de drogas em S\u00e3o Gotardo, que resultou na pris\u00e3o de &#8230; <a class=\"readmore\" href=\"https:\/\/www.sgagora.com.br\/sg\/operacao-da-pm-contra-o-trafico-termina-com-dois-presos-e-tres-adolescentes-apreendidos-em-sao-gotardo-um-dos-menores-havia-sido-detido-pelo-mesmo-crime-dois-dias-antes\/\">Leia Mais<\/a><\/p>\n","protected":false},"author":1,"featured_media":1000009184,"comment_status":"open","ping_status":"open","sticky":false,"template":"","format":"standard","meta":{"_bbp_topic_count":0,"_bbp_reply_count":0,"_bbp_total_topic_count":0,"_bbp_total_reply_count":0,"_bbp_voice_count":0,"_bbp_anonymous_reply_count":0,"_bbp_topic_count_hidden":0,"_bbp_reply_count_hidden":0,"_bbp_forum_subforum_count":0},"categories":[77,81],"tags":[132,4538,22308,407],"yoast_head":"<!-- This site is optimized with the Yoast SEO plugin v20.5 - https:\/\/yoast.com\/wordpress\/plugins\/seo\/ -->\n<title>Opera\u00e7\u00e3o da PM contra o tr\u00e1fico termina com dois presos e tr\u00eas adolescentes apreendidos em S\u00e3o Gotardo; um dos menores havia sido detido pelo mesmo crime dois dias antes<\/title>\n<meta name=\"description\" content=\"A\u00e7\u00e3o ocorreu em ponto j\u00e1 conhecido pelo com\u00e9rcio de drogas, na divisa dos bairros Boa Esperan\u00e7a e L\u00edrios do Campo, ap\u00f3s monitoramento e den\u00fancias.\" \/>\n<meta name=\"robots\" content=\"index, follow, max-snippet:-1, max-image-preview:large, max-video-preview:-1\" \/>\n<link rel=\"canonical\" href=\"https:\/\/www.sgagora.com.br\/sg\/operacao-da-pm-contra-o-trafico-termina-com-dois-presos-e-tres-adolescentes-apreendidos-em-sao-gotardo-um-dos-menores-havia-sido-detido-pelo-mesmo-crime-dois-dias-antes\/\" \/>\n<meta property=\"og:locale\" content=\"pt_BR\" \/>\n<meta property=\"og:type\" content=\"article\" \/>\n<meta property=\"og:title\" content=\"Opera\u00e7\u00e3o da PM contra o tr\u00e1fico termina com dois presos e tr\u00eas adolescentes apreendidos em S\u00e3o Gotardo; um dos menores havia sido detido pelo mesmo crime dois dias antes\" \/>\n<meta property=\"og:description\" content=\"A\u00e7\u00e3o ocorreu em ponto j\u00e1 conhecido pelo com\u00e9rcio de drogas, na divisa dos bairros Boa Esperan\u00e7a e L\u00edrios do Campo, ap\u00f3s monitoramento e den\u00fancias.\" \/>\n<meta property=\"og:url\" content=\"https:\/\/www.sgagora.com.br\/sg\/operacao-da-pm-contra-o-trafico-termina-com-dois-presos-e-tres-adolescentes-apreendidos-em-sao-gotardo-um-dos-menores-havia-sido-detido-pelo-mesmo-crime-dois-dias-antes\/\" \/>\n<meta property=\"og:site_name\" content=\"SGAgora\" \/>\n<meta property=\"article:publisher\" content=\"https:\/\/www.facebook.com\/sgagora\" \/>\n<meta property=\"article:published_time\" content=\"2026-03-13T17:08:29+00:00\" \/>\n<meta property=\"article:modified_time\" content=\"2026-03-13T17:09:01+00:00\" \/>\n<meta property=\"og:image\" content=\"https:\/\/www.sgagora.com.br\/sg\/wp-content\/uploads\/2026\/03\/Apos-forte-chuva-varios-locais-da-cidade-de-Sao-Gotardo-ficam-alagados-17.jpg\" \/>\n\t<meta property=\"og:image:width\" content=\"600\" \/>\n\t<meta property=\"og:image:height\" content=\"400\" \/>\n\t<meta property=\"og:image:type\" content=\"image\/jpeg\" \/>\n<meta name=\"author\" content=\"SG Agora\" \/>\n<meta name=\"twitter:label1\" content=\"Escrito por\" \/>\n\t<meta name=\"twitter:data1\" content=\"SG Agora\" \/>\n\t<meta name=\"twitter:label2\" content=\"Est. tempo de leitura\" \/>\n\t<meta name=\"twitter:data2\" content=\"4 minutos\" \/>\n<script type=\"application\/ld+json\" class=\"yoast-schema-graph\">{\"@context\":\"https:\/\/schema.org\",\"@graph\":[{\"@type\":\"WebPage\",\"@id\":\"https:\/\/www.sgagora.com.br\/sg\/operacao-da-pm-contra-o-trafico-termina-com-dois-presos-e-tres-adolescentes-apreendidos-em-sao-gotardo-um-dos-menores-havia-sido-detido-pelo-mesmo-crime-dois-dias-antes\/\",\"url\":\"https:\/\/www.sgagora.com.br\/sg\/operacao-da-pm-contra-o-trafico-termina-com-dois-presos-e-tres-adolescentes-apreendidos-em-sao-gotardo-um-dos-menores-havia-sido-detido-pelo-mesmo-crime-dois-dias-antes\/\",\"name\":\"Opera\u00e7\u00e3o da PM contra o tr\u00e1fico termina com dois presos e tr\u00eas adolescentes apreendidos em S\u00e3o Gotardo; um dos menores havia sido detido pelo mesmo crime dois dias antes\",\"isPartOf\":{\"@id\":\"https:\/\/www.sgagora.com.br\/sg\/#website\"},\"datePublished\":\"2026-03-13T17:08:29+00:00\",\"dateModified\":\"2026-03-13T17:09:01+00:00\",\"author\":{\"@id\":\"https:\/\/www.sgagora.com.br\/sg\/#\/schema\/person\/2be62cfb47cee3e0b305e4f7a765ae41\"},\"description\":\"A\u00e7\u00e3o ocorreu em ponto j\u00e1 conhecido pelo com\u00e9rcio de drogas, na divisa dos bairros Boa Esperan\u00e7a e L\u00edrios do Campo, ap\u00f3s monitoramento e den\u00fancias.\",\"breadcrumb\":{\"@id\":\"https:\/\/www.sgagora.com.br\/sg\/operacao-da-pm-contra-o-trafico-termina-com-dois-presos-e-tres-adolescentes-apreendidos-em-sao-gotardo-um-dos-menores-havia-sido-detido-pelo-mesmo-crime-dois-dias-antes\/#breadcrumb\"},\"inLanguage\":\"pt-BR\",\"potentialAction\":[{\"@type\":\"ReadAction\",\"target\":[\"https:\/\/www.sgagora.com.br\/sg\/operacao-da-pm-contra-o-trafico-termina-com-dois-presos-e-tres-adolescentes-apreendidos-em-sao-gotardo-um-dos-menores-havia-sido-detido-pelo-mesmo-crime-dois-dias-antes\/\"]}]},{\"@type\":\"BreadcrumbList\",\"@id\":\"https:\/\/www.sgagora.com.br\/sg\/operacao-da-pm-contra-o-trafico-termina-com-dois-presos-e-tres-adolescentes-apreendidos-em-sao-gotardo-um-dos-menores-havia-sido-detido-pelo-mesmo-crime-dois-dias-antes\/#breadcrumb\",\"itemListElement\":[{\"@type\":\"ListItem\",\"position\":1,\"name\":\"In\u00edcio\",\"item\":\"https:\/\/www.sgagora.com.br\/sg\/\"},{\"@type\":\"ListItem\",\"position\":2,\"name\":\"Opera\u00e7\u00e3o da PM contra o tr\u00e1fico termina com dois presos e tr\u00eas adolescentes apreendidos em S\u00e3o Gotardo; um dos menores havia sido detido pelo mesmo crime dois dias antes\"}]},{\"@type\":\"WebSite\",\"@id\":\"https:\/\/www.sgagora.com.br\/sg\/#website\",\"url\":\"https:\/\/www.sgagora.com.br\/sg\/\",\"name\":\"SGAgora\",\"description\":\"Not\u00edcias de S\u00e3o Gotardo\",\"potentialAction\":[{\"@type\":\"SearchAction\",\"target\":{\"@type\":\"EntryPoint\",\"urlTemplate\":\"https:\/\/www.sgagora.com.br\/sg\/?s={search_term_string}\"},\"query-input\":\"required name=search_term_string\"}],\"inLanguage\":\"pt-BR\"},{\"@type\":\"Person\",\"@id\":\"https:\/\/www.sgagora.com.br\/sg\/#\/schema\/person\/2be62cfb47cee3e0b305e4f7a765ae41\",\"name\":\"SG Agora\",\"image\":{\"@type\":\"ImageObject\",\"inLanguage\":\"pt-BR\",\"@id\":\"https:\/\/www.sgagora.com.br\/sg\/#\/schema\/person\/image\/\",\"url\":\"https:\/\/secure.gravatar.com\/avatar\/a0c612a9a8c3e7419d6fd4f92e749d8d?s=96&d=mm&r=g\",\"contentUrl\":\"https:\/\/secure.gravatar.com\/avatar\/a0c612a9a8c3e7419d6fd4f92e749d8d?s=96&d=mm&r=g\",\"caption\":\"SG Agora\"},\"url\":\"https:\/\/www.sgagora.com.br\/sg\/author\/admin\/\"}]}<\/script>\n<!-- \/ Yoast SEO plugin. -->","yoast_head_json":{"title":"Opera\u00e7\u00e3o da PM contra o tr\u00e1fico termina com dois presos e tr\u00eas adolescentes apreendidos em S\u00e3o Gotardo; um dos menores havia sido detido pelo mesmo crime dois dias antes","description":"A\u00e7\u00e3o ocorreu em ponto j\u00e1 conhecido pelo com\u00e9rcio de drogas, na divisa dos bairros Boa Esperan\u00e7a e L\u00edrios do Campo, ap\u00f3s monitoramento e den\u00fancias.","robots":{"index":"index","follow":"follow","max-snippet":"max-snippet:-1","max-image-preview":"max-image-preview:large","max-video-preview":"max-video-preview:-1"},"canonical":"https:\/\/www.sgagora.com.br\/sg\/operacao-da-pm-contra-o-trafico-termina-com-dois-presos-e-tres-adolescentes-apreendidos-em-sao-gotardo-um-dos-menores-havia-sido-detido-pelo-mesmo-crime-dois-dias-antes\/","og_locale":"pt_BR","og_type":"article","og_title":"Opera\u00e7\u00e3o da PM contra o tr\u00e1fico termina com dois presos e tr\u00eas adolescentes apreendidos em S\u00e3o Gotardo; um dos menores havia sido detido pelo mesmo crime dois dias antes","og_description":"A\u00e7\u00e3o ocorreu em ponto j\u00e1 conhecido pelo com\u00e9rcio de drogas, na divisa dos bairros Boa Esperan\u00e7a e L\u00edrios do Campo, ap\u00f3s monitoramento e den\u00fancias.","og_url":"https:\/\/www.sgagora.com.br\/sg\/operacao-da-pm-contra-o-trafico-termina-com-dois-presos-e-tres-adolescentes-apreendidos-em-sao-gotardo-um-dos-menores-havia-sido-detido-pelo-mesmo-crime-dois-dias-antes\/","og_site_name":"SGAgora","article_publisher":"https:\/\/www.facebook.com\/sgagora","article_published_time":"2026-03-13T17:08:29+00:00","article_modified_time":"2026-03-13T17:09:01+00:00","og_image":[{"width":600,"height":400,"url":"https:\/\/www.sgagora.com.br\/sg\/wp-content\/uploads\/2026\/03\/Apos-forte-chuva-varios-locais-da-cidade-de-Sao-Gotardo-ficam-alagados-17.jpg","type":"image\/jpeg"}],"author":"SG Agora","twitter_misc":{"Escrito por":"SG Agora","Est. tempo de leitura":"4 minutos"},"schema":{"@context":"https:\/\/schema.org","@graph":[{"@type":"WebPage","@id":"https:\/\/www.sgagora.com.br\/sg\/operacao-da-pm-contra-o-trafico-termina-com-dois-presos-e-tres-adolescentes-apreendidos-em-sao-gotardo-um-dos-menores-havia-sido-detido-pelo-mesmo-crime-dois-dias-antes\/","url":"https:\/\/www.sgagora.com.br\/sg\/operacao-da-pm-contra-o-trafico-termina-com-dois-presos-e-tres-adolescentes-apreendidos-em-sao-gotardo-um-dos-menores-havia-sido-detido-pelo-mesmo-crime-dois-dias-antes\/","name":"Opera\u00e7\u00e3o da PM contra o tr\u00e1fico termina com dois presos e tr\u00eas adolescentes apreendidos em S\u00e3o Gotardo; um dos menores havia sido detido pelo mesmo crime dois dias antes","isPartOf":{"@id":"https:\/\/www.sgagora.com.br\/sg\/#website"},"datePublished":"2026-03-13T17:08:29+00:00","dateModified":"2026-03-13T17:09:01+00:00","author":{"@id":"https:\/\/www.sgagora.com.br\/sg\/#\/schema\/person\/2be62cfb47cee3e0b305e4f7a765ae41"},"description":"A\u00e7\u00e3o ocorreu em ponto j\u00e1 conhecido pelo com\u00e9rcio de drogas, na divisa dos bairros Boa Esperan\u00e7a e L\u00edrios do Campo, ap\u00f3s monitoramento e den\u00fancias.","breadcrumb":{"@id":"https:\/\/www.sgagora.com.br\/sg\/operacao-da-pm-contra-o-trafico-termina-com-dois-presos-e-tres-adolescentes-apreendidos-em-sao-gotardo-um-dos-menores-havia-sido-detido-pelo-mesmo-crime-dois-dias-antes\/#breadcrumb"},"inLanguage":"pt-BR","potentialAction":[{"@type":"ReadAction","target":["https:\/\/www.sgagora.com.br\/sg\/operacao-da-pm-contra-o-trafico-termina-com-dois-presos-e-tres-adolescentes-apreendidos-em-sao-gotardo-um-dos-menores-havia-sido-detido-pelo-mesmo-crime-dois-dias-antes\/"]}]},{"@type":"BreadcrumbList","@id":"https:\/\/www.sgagora.com.br\/sg\/operacao-da-pm-contra-o-trafico-termina-com-dois-presos-e-tres-adolescentes-apreendidos-em-sao-gotardo-um-dos-menores-havia-sido-detido-pelo-mesmo-crime-dois-dias-antes\/#breadcrumb","itemListElement":[{"@type":"ListItem","position":1,"name":"In\u00edcio","item":"https:\/\/www.sgagora.com.br\/sg\/"},{"@type":"ListItem","position":2,"name":"Opera\u00e7\u00e3o da PM contra o tr\u00e1fico termina com dois presos e tr\u00eas adolescentes apreendidos em S\u00e3o Gotardo; um dos menores havia sido detido pelo mesmo crime dois dias antes"}]},{"@type":"WebSite","@id":"https:\/\/www.sgagora.com.br\/sg\/#website","url":"https:\/\/www.sgagora.com.br\/sg\/","name":"SGAgora","description":"Not\u00edcias de S\u00e3o Gotardo","potentialAction":[{"@type":"SearchAction","target":{"@type":"EntryPoint","urlTemplate":"https:\/\/www.sgagora.com.br\/sg\/?s={search_term_string}"},"query-input":"required name=search_term_string"}],"inLanguage":"pt-BR"},{"@type":"Person","@id":"https:\/\/www.sgagora.com.br\/sg\/#\/schema\/person\/2be62cfb47cee3e0b305e4f7a765ae41","name":"SG Agora","image":{"@type":"ImageObject","inLanguage":"pt-BR","@id":"https:\/\/www.sgagora.com.br\/sg\/#\/schema\/person\/image\/","url":"https:\/\/secure.gravatar.com\/avatar\/a0c612a9a8c3e7419d6fd4f92e749d8d?s=96&d=mm&r=g","contentUrl":"https:\/\/secure.gravatar.com\/avatar\/a0c612a9a8c3e7419d6fd4f92e749d8d?s=96&d=mm&r=g","caption":"SG Agora"},"url":"https:\/\/www.sgagora.com.br\/sg\/author\/admin\/"}]}},"_links":{"self":[{"href":"https:\/\/www.sgagora.com.br\/sg\/wp-json\/wp\/v2\/posts\/1000009181"}],"collection":[{"href":"https:\/\/www.sgagora.com.br\/sg\/wp-json\/wp\/v2\/posts"}],"about":[{"href":"https:\/\/www.sgagora.com.br\/sg\/wp-json\/wp\/v2\/types\/post"}],"author":[{"embeddable":true,"href":"https:\/\/www.sgagora.com.br\/sg\/wp-json\/wp\/v2\/users\/1"}],"replies":[{"embeddable":true,"href":"https:\/\/www.sgagora.com.br\/sg\/wp-json\/wp\/v2\/comments?post=1000009181"}],"version-history":[{"count":1,"href":"https:\/\/www.sgagora.com.br\/sg\/wp-json\/wp\/v2\/posts\/1000009181\/revisions"}],"predecessor-version":[{"id":1000009185,"href":"https:\/\/www.sgagora.com.br\/sg\/wp-json\/wp\/v2\/posts\/1000009181\/revisions\/1000009185"}],"wp:featuredmedia":[{"embeddable":true,"href":"https:\/\/www.sgagora.com.br\/sg\/wp-json\/wp\/v2\/media\/1000009184"}],"wp:attachment":[{"href":"https:\/\/www.sgagora.com.br\/sg\/wp-json\/wp\/v2\/media?parent=1000009181"}],"wp:term":[{"taxonomy":"category","embeddable":true,"href":"https:\/\/www.sgagora.com.br\/sg\/wp-json\/wp\/v2\/categories?post=1000009181"},{"taxonomy":"post_tag","embeddable":true,"href":"https:\/\/www.sgagora.com.br\/sg\/wp-json\/wp\/v2\/tags?post=1000009181"}],"curies":[{"name":"wp","href":"https:\/\/api.w.org\/{rel}","templated":true}]}}