{"id":1000009186,"date":"2026-03-13T14:50:07","date_gmt":"2026-03-13T17:50:07","guid":{"rendered":"https:\/\/www.sgagora.com.br\/sg\/?p=1000009186"},"modified":"2026-03-13T14:50:14","modified_gmt":"2026-03-13T17:50:14","slug":"homem-tenta-fugir-pelo-telhado-mas-acaba-preso-com-drogas-e-arma-pela-policia-civil-em-guarda-dos-ferreiros","status":"publish","type":"post","link":"https:\/\/www.sgagora.com.br\/sg\/homem-tenta-fugir-pelo-telhado-mas-acaba-preso-com-drogas-e-arma-pela-policia-civil-em-guarda-dos-ferreiros\/","title":{"rendered":"Homem tenta fugir pelo telhado, mas acaba preso com drogas e arma pela Pol\u00edcia Civil em Guarda dos Ferreiros"},"content":{"rendered":"<p style=\"text-align: center;\"><span style=\"color: #ff0000;\"><strong>CONTINUA AP\u00d3S A PUBLICIDADE<\/strong><\/span><img decoding=\"async\" loading=\"lazy\" class=\"aligncenter wp-image-1000005472 size-full\" src=\"https:\/\/www.sgagora.com.br\/sg\/wp-content\/uploads\/2024\/08\/gif_260x260px_ssv.gif\" alt=\"\" width=\"260\" height=\"260\" \/><\/p>\n<p><img decoding=\"async\" loading=\"lazy\" class=\"aligncenter wp-image-1000008334 size-full\" src=\"https:\/\/www.sgagora.com.br\/sg\/wp-content\/uploads\/2025\/10\/Video-Post-para-Instagram-Animado-Novo-Post-Blog-Metaverso-Tecnologia.gif\" alt=\"\" width=\"260\" height=\"260\" \/><\/p>\n<p style=\"text-align: justify;\" data-start=\"311\" data-end=\"623\">Uma a\u00e7\u00e3o da <strong data-start=\"323\" data-end=\"363\">Pol\u00edcia Civil de Minas Gerais (PCMG)<\/strong> resultou na <strong data-start=\"376\" data-end=\"462\">pris\u00e3o de um homem de 30 anos por tr\u00e1fico de drogas e posse ilegal de arma de fogo<\/strong>, durante opera\u00e7\u00e3o realizada <strong data-start=\"491\" data-end=\"622\">na quarta-feira (11\/3), no distrito de Guarda dos Ferreiros, em <span class=\"hover:entity-accent entity-underline inline cursor-pointer align-baseline\"><span class=\"whitespace-normal\">S\u00e3o Gotardo<\/span><\/span>, regi\u00e3o do Alto Parana\u00edba<\/strong>.<\/p>\n<p style=\"text-align: justify;\" data-start=\"625\" data-end=\"856\">De acordo com a Assessoria de Imprensa da Pol\u00edcia Civil, os policiais realizavam <strong data-start=\"677\" data-end=\"735\">trabalho investigativo de combate ao tr\u00e1fico de drogas<\/strong> e estavam na <strong data-start=\"749\" data-end=\"804\">rua Oscar Sato para cumprir um mandado de intima\u00e7\u00e3o<\/strong> quando entraram em contato com o morador do im\u00f3vel.<\/p>\n<p style=\"text-align: center;\" data-start=\"526\" data-end=\"755\"><span style=\"color: #ff0000;\"><strong>CONTINUA AP\u00d3S A PUBLICIDADE<\/strong><\/span><img decoding=\"async\" loading=\"lazy\" class=\"aligncenter wp-image-1000001976 size-full\" src=\"https:\/\/www.sgagora.com.br\/sg\/wp-content\/uploads\/2019\/12\/GIF-PRONTO-ODONTO-COMPANY.gif\" alt=\"\" width=\"600\" height=\"260\" \/><\/p>\n<p style=\"text-align: justify;\" data-start=\"858\" data-end=\"1048\">Durante a abordagem, o suspeito <strong data-start=\"890\" data-end=\"1011\">demonstrou comportamento extremamente nervoso e apresentou informa\u00e7\u00f5es contradit\u00f3rias sobre sua pr\u00f3pria identifica\u00e7\u00e3o<\/strong>, o que levantou suspeitas da equipe.<\/p>\n<p style=\"text-align: justify;\" data-start=\"1050\" data-end=\"1387\">Ao ser solicitado que buscasse um documento dentro da resid\u00eancia, <strong data-start=\"1116\" data-end=\"1192\">o homem entrou no im\u00f3vel e tentou fugir pelos telhados de casas vizinhas<\/strong>. Diante da tentativa de evas\u00e3o, <strong data-start=\"1225\" data-end=\"1366\">os policiais civis iniciaram acompanhamento e conseguiram localizar o suspeito escondido na divisa entre telhados de resid\u00eancias pr\u00f3ximas<\/strong>, efetuando a pris\u00e3o.<\/p>\n<p style=\"text-align: justify;\" data-start=\"1389\" data-end=\"1633\">Questionado sobre a fuga, <strong data-start=\"1415\" data-end=\"1477\">o homem confessou que possu\u00eda mandados de pris\u00e3o em aberto<\/strong>. Com autoriza\u00e7\u00e3o para entrar na resid\u00eancia, os policiais realizaram buscas no local e <strong data-start=\"1564\" data-end=\"1632\">encontraram diversos materiais relacionados ao tr\u00e1fico de drogas<\/strong>.<\/p>\n<h3 style=\"text-align: center;\" data-start=\"1915\" data-end=\"1953\"><strong><span style=\"color: #ff0000;\">CONTINUA AP\u00d3S A PUBLICIDADE<br \/>\n<img decoding=\"async\" loading=\"lazy\" class=\"aligncenter wp-image-1000008585 size-full\" src=\"https:\/\/www.sgagora.com.br\/sg\/wp-content\/uploads\/2025\/11\/GIF-EMPORIUM.gif\" alt=\"\" width=\"600\" height=\"260\" \/><\/span><\/strong><\/h3>\n<h2 style=\"text-align: justify;\" data-start=\"1635\" data-end=\"1674\">Durante a opera\u00e7\u00e3o foram apreendidos:<br \/>\n<span style=\"color: #ffffff;\">:<\/span><\/h2>\n<ul data-start=\"1676\" data-end=\"2034\">\n<li data-section-id=\"1rw4a8w\" data-start=\"1676\" data-end=\"1704\">\n<p style=\"text-align: justify;\" data-start=\"1678\" data-end=\"1704\"><strong data-start=\"1678\" data-end=\"1702\">Papelotes de coca\u00edna<\/strong><\/p>\n<\/li>\n<li data-section-id=\"twsmm8\" data-start=\"1705\" data-end=\"1728\">\n<p style=\"text-align: justify;\" data-start=\"1707\" data-end=\"1728\"><strong data-start=\"1707\" data-end=\"1726\">Pedras de crack<\/strong><\/p>\n<\/li>\n<li data-section-id=\"43jvxe\" data-start=\"1729\" data-end=\"1772\">\n<p style=\"text-align: justify;\" data-start=\"1731\" data-end=\"1772\"><strong data-start=\"1731\" data-end=\"1770\">Buchas e por\u00e7\u00f5es maiores de maconha<\/strong><\/p>\n<\/li>\n<li data-section-id=\"ksf792\" data-start=\"1773\" data-end=\"1811\">\n<p style=\"text-align: justify;\" data-start=\"1775\" data-end=\"1811\"><strong data-start=\"1775\" data-end=\"1809\">Comprimidos de droga sint\u00e9tica<\/strong><\/p>\n<\/li>\n<li data-section-id=\"ujixyp\" data-start=\"1812\" data-end=\"1845\">\n<p style=\"text-align: justify;\" data-start=\"1814\" data-end=\"1845\"><strong data-start=\"1814\" data-end=\"1843\">Tr\u00eas balan\u00e7as de precis\u00e3o<\/strong><\/p>\n<\/li>\n<li data-section-id=\"1jnefe3\" data-start=\"1846\" data-end=\"1922\">\n<p style=\"text-align: justify;\" data-start=\"1848\" data-end=\"1922\"><strong data-start=\"1848\" data-end=\"1920\">Materiais utilizados para fracionamento e embalagem de entorpecentes<\/strong><\/p>\n<\/li>\n<li data-section-id=\"fh9pjg\" data-start=\"1923\" data-end=\"2001\">\n<p style=\"text-align: justify;\" data-start=\"1925\" data-end=\"2001\"><strong data-start=\"1925\" data-end=\"1999\">Um rev\u00f3lver calibre .38 sem numera\u00e7\u00e3o aparente, carregado com muni\u00e7\u00f5es<\/strong><\/p>\n<\/li>\n<li data-section-id=\"d0pzvy\" data-start=\"2002\" data-end=\"2034\">\n<p style=\"text-align: justify;\" data-start=\"2004\" data-end=\"2034\"><strong data-start=\"2004\" data-end=\"2034\">Cartuchos do mesmo calibre<\/strong><\/p>\n<\/li>\n<\/ul>\n<p style=\"text-align: justify;\" data-start=\"2036\" data-end=\"2333\">Segundo o pr\u00f3prio suspeito, <strong data-start=\"2064\" data-end=\"2137\">ele estaria comercializando drogas no endere\u00e7o h\u00e1 cerca de tr\u00eas meses<\/strong>. Informa\u00e7\u00f5es levantadas pela Pol\u00edcia Civil junto a moradores da regi\u00e3o tamb\u00e9m indicavam <strong data-start=\"2226\" data-end=\"2289\">intensa movimenta\u00e7\u00e3o de usu\u00e1rios nas proximidades do im\u00f3vel<\/strong>, caracter\u00edstica t\u00edpica de ponto de tr\u00e1fico.<\/p>\n<p style=\"text-align: center;\" data-start=\"1375\" data-end=\"1476\"><strong><span style=\"color: #ff0000;\">CONTINUA AP\u00d3S A PUBLICIDADE<br \/>\n<img decoding=\"async\" loading=\"lazy\" class=\"aligncenter wp-image-1000009016 size-full\" src=\"https:\/\/www.sgagora.com.br\/sg\/wp-content\/uploads\/2026\/02\/download.gif\" alt=\"\" width=\"600\" height=\"260\" \/><\/span><\/strong><\/p>\n<p style=\"text-align: justify;\" data-start=\"2335\" data-end=\"2564\">Durante consulta aos sistemas policiais, foi confirmado que <strong data-start=\"2395\" data-end=\"2448\">o homem possu\u00eda dois mandados de pris\u00e3o em aberto<\/strong>, expedidos pelas comarcas de <strong data-start=\"2478\" data-end=\"2519\"><span class=\"hover:entity-accent entity-underline inline cursor-pointer align-baseline\"><span class=\"whitespace-normal\">Uberl\u00e2ndia<\/span><\/span><\/strong> e <strong data-start=\"2522\" data-end=\"2563\"><span class=\"hover:entity-accent entity-underline inline cursor-pointer align-baseline\"><span class=\"whitespace-normal\">Carmo do Parana\u00edba<\/span><\/span><\/strong>.<\/p>\n<p style=\"text-align: justify;\" data-start=\"2566\" data-end=\"2730\">Diante dos fatos, <strong data-start=\"2584\" data-end=\"2669\">ele foi autuado em flagrante por tr\u00e1fico de drogas e posse ilegal de arma de fogo<\/strong>, al\u00e9m do <strong data-start=\"2679\" data-end=\"2729\">cumprimento das ordens judiciais j\u00e1 existentes<\/strong>.<\/p>\n<p style=\"text-align: justify;\" data-start=\"2732\" data-end=\"2863\" data-is-last-node=\"\" data-is-only-node=\"\">Ap\u00f3s os procedimentos na delegacia, <strong data-start=\"2768\" data-end=\"2862\">o investigado foi encaminhado ao sistema prisional, onde permanece \u00e0 disposi\u00e7\u00e3o da Justi\u00e7a<\/strong>.<\/p>\n<p style=\"text-align: center;\"><strong><span style=\"color: #ff0000;\">CONTINUA AP\u00d3S A PUBLICIDADE<\/span><\/strong><img decoding=\"async\" loading=\"lazy\" class=\"aligncenter wp-image-1000004773 size-full\" src=\"https:\/\/www.sgagora.com.br\/sg\/wp-content\/uploads\/2024\/05\/GIF-SICREDI-SAO-GOTARDO.gif\" alt=\"\" width=\"260\" height=\"260\" \/><\/p>\n<p><img decoding=\"async\" loading=\"lazy\" class=\"aligncenter wp-image-1000006254 size-full\" src=\"https:\/\/www.sgagora.com.br\/sg\/wp-content\/uploads\/2025\/01\/Team.gif\" alt=\"\" width=\"260\" height=\"260\" \/><\/p>\n<p data-start=\"1947\" data-end=\"2080\"><span style=\"color: #ffffff;\">.<\/span><\/p>\n<p data-start=\"2732\" data-end=\"2863\" data-is-last-node=\"\" data-is-only-node=\"\"><span style=\"color: #ffffff;\">.<\/span><\/p>\n<p style=\"text-align: justify;\" data-start=\"2732\" data-end=\"2863\" data-is-last-node=\"\" data-is-only-node=\"\"><em><strong>Reportagem:<\/strong> Diego Oliveira\/Portal SG AGORA \/ <strong>Fonte da Reportagem e Foto Capa:<\/strong> Divulga\u00e7\u00e3o\/Assessoria de Imprensa Pol\u00edcia Civil de Minas Gerais<\/em><\/p>\n","protected":false},"excerpt":{"rendered":"<p>CONTINUA AP\u00d3S A PUBLICIDADE Uma a\u00e7\u00e3o da Pol\u00edcia Civil de Minas Gerais (PCMG) resultou na pris\u00e3o de um homem de 30 anos por tr\u00e1fico de drogas e posse ilegal de arma de fogo, durante opera\u00e7\u00e3o &#8230; <a class=\"readmore\" href=\"https:\/\/www.sgagora.com.br\/sg\/homem-tenta-fugir-pelo-telhado-mas-acaba-preso-com-drogas-e-arma-pela-policia-civil-em-guarda-dos-ferreiros\/\">Leia Mais<\/a><\/p>\n","protected":false},"author":1,"featured_media":1000009188,"comment_status":"open","ping_status":"open","sticky":false,"template":"","format":"standard","meta":{"_bbp_topic_count":0,"_bbp_reply_count":0,"_bbp_total_topic_count":0,"_bbp_total_reply_count":0,"_bbp_voice_count":0,"_bbp_anonymous_reply_count":0,"_bbp_topic_count_hidden":0,"_bbp_reply_count_hidden":0,"_bbp_forum_subforum_count":0},"categories":[84,77,81],"tags":[1155,135,777,798,233,1552,407],"yoast_head":"<!-- This site is optimized with the Yoast SEO plugin v20.5 - https:\/\/yoast.com\/wordpress\/plugins\/seo\/ -->\n<title>Homem tenta fugir pelo telhado, mas acaba preso com drogas e arma pela Pol\u00edcia Civil em Guarda dos Ferreiros<\/title>\n<meta name=\"description\" content=\"Suspeito de 30 anos possu\u00eda dois mandados de pris\u00e3o em aberto e mantinha ponto de venda de drogas no distrito de Guarda dos Ferreiros, em S\u00e3o Gotardo.\" \/>\n<meta name=\"robots\" content=\"index, follow, max-snippet:-1, max-image-preview:large, max-video-preview:-1\" \/>\n<link rel=\"canonical\" href=\"https:\/\/www.sgagora.com.br\/sg\/homem-tenta-fugir-pelo-telhado-mas-acaba-preso-com-drogas-e-arma-pela-policia-civil-em-guarda-dos-ferreiros\/\" \/>\n<meta property=\"og:locale\" content=\"pt_BR\" \/>\n<meta property=\"og:type\" content=\"article\" \/>\n<meta property=\"og:title\" content=\"Homem tenta fugir pelo telhado, mas acaba preso com drogas e arma pela Pol\u00edcia Civil em Guarda dos Ferreiros\" \/>\n<meta property=\"og:description\" content=\"Suspeito de 30 anos possu\u00eda dois mandados de pris\u00e3o em aberto e mantinha ponto de venda de drogas no distrito de Guarda dos Ferreiros, em S\u00e3o Gotardo.\" \/>\n<meta property=\"og:url\" content=\"https:\/\/www.sgagora.com.br\/sg\/homem-tenta-fugir-pelo-telhado-mas-acaba-preso-com-drogas-e-arma-pela-policia-civil-em-guarda-dos-ferreiros\/\" \/>\n<meta property=\"og:site_name\" content=\"SGAgora\" \/>\n<meta property=\"article:publisher\" content=\"https:\/\/www.facebook.com\/sgagora\" \/>\n<meta property=\"article:published_time\" content=\"2026-03-13T17:50:07+00:00\" \/>\n<meta property=\"article:modified_time\" content=\"2026-03-13T17:50:14+00:00\" \/>\n<meta property=\"og:image\" content=\"https:\/\/www.sgagora.com.br\/sg\/wp-content\/uploads\/2026\/03\/Apos-forte-chuva-varios-locais-da-cidade-de-Sao-Gotardo-ficam-alagados-18.jpg\" \/>\n\t<meta property=\"og:image:width\" content=\"600\" \/>\n\t<meta property=\"og:image:height\" content=\"400\" \/>\n\t<meta property=\"og:image:type\" content=\"image\/jpeg\" \/>\n<meta name=\"author\" content=\"SG Agora\" \/>\n<meta name=\"twitter:label1\" content=\"Escrito por\" \/>\n\t<meta name=\"twitter:data1\" content=\"SG Agora\" \/>\n\t<meta name=\"twitter:label2\" content=\"Est. tempo de leitura\" \/>\n\t<meta name=\"twitter:data2\" content=\"4 minutos\" \/>\n<script type=\"application\/ld+json\" class=\"yoast-schema-graph\">{\"@context\":\"https:\/\/schema.org\",\"@graph\":[{\"@type\":\"WebPage\",\"@id\":\"https:\/\/www.sgagora.com.br\/sg\/homem-tenta-fugir-pelo-telhado-mas-acaba-preso-com-drogas-e-arma-pela-policia-civil-em-guarda-dos-ferreiros\/\",\"url\":\"https:\/\/www.sgagora.com.br\/sg\/homem-tenta-fugir-pelo-telhado-mas-acaba-preso-com-drogas-e-arma-pela-policia-civil-em-guarda-dos-ferreiros\/\",\"name\":\"Homem tenta fugir pelo telhado, mas acaba preso com drogas e arma pela Pol\u00edcia Civil em Guarda dos Ferreiros\",\"isPartOf\":{\"@id\":\"https:\/\/www.sgagora.com.br\/sg\/#website\"},\"datePublished\":\"2026-03-13T17:50:07+00:00\",\"dateModified\":\"2026-03-13T17:50:14+00:00\",\"author\":{\"@id\":\"https:\/\/www.sgagora.com.br\/sg\/#\/schema\/person\/2be62cfb47cee3e0b305e4f7a765ae41\"},\"description\":\"Suspeito de 30 anos possu\u00eda dois mandados de pris\u00e3o em aberto e mantinha ponto de venda de drogas no distrito de Guarda dos Ferreiros, em S\u00e3o Gotardo.\",\"breadcrumb\":{\"@id\":\"https:\/\/www.sgagora.com.br\/sg\/homem-tenta-fugir-pelo-telhado-mas-acaba-preso-com-drogas-e-arma-pela-policia-civil-em-guarda-dos-ferreiros\/#breadcrumb\"},\"inLanguage\":\"pt-BR\",\"potentialAction\":[{\"@type\":\"ReadAction\",\"target\":[\"https:\/\/www.sgagora.com.br\/sg\/homem-tenta-fugir-pelo-telhado-mas-acaba-preso-com-drogas-e-arma-pela-policia-civil-em-guarda-dos-ferreiros\/\"]}]},{\"@type\":\"BreadcrumbList\",\"@id\":\"https:\/\/www.sgagora.com.br\/sg\/homem-tenta-fugir-pelo-telhado-mas-acaba-preso-com-drogas-e-arma-pela-policia-civil-em-guarda-dos-ferreiros\/#breadcrumb\",\"itemListElement\":[{\"@type\":\"ListItem\",\"position\":1,\"name\":\"In\u00edcio\",\"item\":\"https:\/\/www.sgagora.com.br\/sg\/\"},{\"@type\":\"ListItem\",\"position\":2,\"name\":\"Homem tenta fugir pelo telhado, mas acaba preso com drogas e arma pela Pol\u00edcia Civil em Guarda dos Ferreiros\"}]},{\"@type\":\"WebSite\",\"@id\":\"https:\/\/www.sgagora.com.br\/sg\/#website\",\"url\":\"https:\/\/www.sgagora.com.br\/sg\/\",\"name\":\"SGAgora\",\"description\":\"Not\u00edcias de S\u00e3o Gotardo\",\"potentialAction\":[{\"@type\":\"SearchAction\",\"target\":{\"@type\":\"EntryPoint\",\"urlTemplate\":\"https:\/\/www.sgagora.com.br\/sg\/?s={search_term_string}\"},\"query-input\":\"required name=search_term_string\"}],\"inLanguage\":\"pt-BR\"},{\"@type\":\"Person\",\"@id\":\"https:\/\/www.sgagora.com.br\/sg\/#\/schema\/person\/2be62cfb47cee3e0b305e4f7a765ae41\",\"name\":\"SG Agora\",\"image\":{\"@type\":\"ImageObject\",\"inLanguage\":\"pt-BR\",\"@id\":\"https:\/\/www.sgagora.com.br\/sg\/#\/schema\/person\/image\/\",\"url\":\"https:\/\/secure.gravatar.com\/avatar\/a0c612a9a8c3e7419d6fd4f92e749d8d?s=96&d=mm&r=g\",\"contentUrl\":\"https:\/\/secure.gravatar.com\/avatar\/a0c612a9a8c3e7419d6fd4f92e749d8d?s=96&d=mm&r=g\",\"caption\":\"SG Agora\"},\"url\":\"https:\/\/www.sgagora.com.br\/sg\/author\/admin\/\"}]}<\/script>\n<!-- \/ Yoast SEO plugin. -->","yoast_head_json":{"title":"Homem tenta fugir pelo telhado, mas acaba preso com drogas e arma pela Pol\u00edcia Civil em Guarda dos Ferreiros","description":"Suspeito de 30 anos possu\u00eda dois mandados de pris\u00e3o em aberto e mantinha ponto de venda de drogas no distrito de Guarda dos Ferreiros, em S\u00e3o Gotardo.","robots":{"index":"index","follow":"follow","max-snippet":"max-snippet:-1","max-image-preview":"max-image-preview:large","max-video-preview":"max-video-preview:-1"},"canonical":"https:\/\/www.sgagora.com.br\/sg\/homem-tenta-fugir-pelo-telhado-mas-acaba-preso-com-drogas-e-arma-pela-policia-civil-em-guarda-dos-ferreiros\/","og_locale":"pt_BR","og_type":"article","og_title":"Homem tenta fugir pelo telhado, mas acaba preso com drogas e arma pela Pol\u00edcia Civil em Guarda dos Ferreiros","og_description":"Suspeito de 30 anos possu\u00eda dois mandados de pris\u00e3o em aberto e mantinha ponto de venda de drogas no distrito de Guarda dos Ferreiros, em S\u00e3o Gotardo.","og_url":"https:\/\/www.sgagora.com.br\/sg\/homem-tenta-fugir-pelo-telhado-mas-acaba-preso-com-drogas-e-arma-pela-policia-civil-em-guarda-dos-ferreiros\/","og_site_name":"SGAgora","article_publisher":"https:\/\/www.facebook.com\/sgagora","article_published_time":"2026-03-13T17:50:07+00:00","article_modified_time":"2026-03-13T17:50:14+00:00","og_image":[{"width":600,"height":400,"url":"https:\/\/www.sgagora.com.br\/sg\/wp-content\/uploads\/2026\/03\/Apos-forte-chuva-varios-locais-da-cidade-de-Sao-Gotardo-ficam-alagados-18.jpg","type":"image\/jpeg"}],"author":"SG Agora","twitter_misc":{"Escrito por":"SG Agora","Est. tempo de leitura":"4 minutos"},"schema":{"@context":"https:\/\/schema.org","@graph":[{"@type":"WebPage","@id":"https:\/\/www.sgagora.com.br\/sg\/homem-tenta-fugir-pelo-telhado-mas-acaba-preso-com-drogas-e-arma-pela-policia-civil-em-guarda-dos-ferreiros\/","url":"https:\/\/www.sgagora.com.br\/sg\/homem-tenta-fugir-pelo-telhado-mas-acaba-preso-com-drogas-e-arma-pela-policia-civil-em-guarda-dos-ferreiros\/","name":"Homem tenta fugir pelo telhado, mas acaba preso com drogas e arma pela Pol\u00edcia Civil em Guarda dos Ferreiros","isPartOf":{"@id":"https:\/\/www.sgagora.com.br\/sg\/#website"},"datePublished":"2026-03-13T17:50:07+00:00","dateModified":"2026-03-13T17:50:14+00:00","author":{"@id":"https:\/\/www.sgagora.com.br\/sg\/#\/schema\/person\/2be62cfb47cee3e0b305e4f7a765ae41"},"description":"Suspeito de 30 anos possu\u00eda dois mandados de pris\u00e3o em aberto e mantinha ponto de venda de drogas no distrito de Guarda dos Ferreiros, em S\u00e3o Gotardo.","breadcrumb":{"@id":"https:\/\/www.sgagora.com.br\/sg\/homem-tenta-fugir-pelo-telhado-mas-acaba-preso-com-drogas-e-arma-pela-policia-civil-em-guarda-dos-ferreiros\/#breadcrumb"},"inLanguage":"pt-BR","potentialAction":[{"@type":"ReadAction","target":["https:\/\/www.sgagora.com.br\/sg\/homem-tenta-fugir-pelo-telhado-mas-acaba-preso-com-drogas-e-arma-pela-policia-civil-em-guarda-dos-ferreiros\/"]}]},{"@type":"BreadcrumbList","@id":"https:\/\/www.sgagora.com.br\/sg\/homem-tenta-fugir-pelo-telhado-mas-acaba-preso-com-drogas-e-arma-pela-policia-civil-em-guarda-dos-ferreiros\/#breadcrumb","itemListElement":[{"@type":"ListItem","position":1,"name":"In\u00edcio","item":"https:\/\/www.sgagora.com.br\/sg\/"},{"@type":"ListItem","position":2,"name":"Homem tenta fugir pelo telhado, mas acaba preso com drogas e arma pela Pol\u00edcia Civil em Guarda dos Ferreiros"}]},{"@type":"WebSite","@id":"https:\/\/www.sgagora.com.br\/sg\/#website","url":"https:\/\/www.sgagora.com.br\/sg\/","name":"SGAgora","description":"Not\u00edcias de S\u00e3o Gotardo","potentialAction":[{"@type":"SearchAction","target":{"@type":"EntryPoint","urlTemplate":"https:\/\/www.sgagora.com.br\/sg\/?s={search_term_string}"},"query-input":"required name=search_term_string"}],"inLanguage":"pt-BR"},{"@type":"Person","@id":"https:\/\/www.sgagora.com.br\/sg\/#\/schema\/person\/2be62cfb47cee3e0b305e4f7a765ae41","name":"SG Agora","image":{"@type":"ImageObject","inLanguage":"pt-BR","@id":"https:\/\/www.sgagora.com.br\/sg\/#\/schema\/person\/image\/","url":"https:\/\/secure.gravatar.com\/avatar\/a0c612a9a8c3e7419d6fd4f92e749d8d?s=96&d=mm&r=g","contentUrl":"https:\/\/secure.gravatar.com\/avatar\/a0c612a9a8c3e7419d6fd4f92e749d8d?s=96&d=mm&r=g","caption":"SG Agora"},"url":"https:\/\/www.sgagora.com.br\/sg\/author\/admin\/"}]}},"_links":{"self":[{"href":"https:\/\/www.sgagora.com.br\/sg\/wp-json\/wp\/v2\/posts\/1000009186"}],"collection":[{"href":"https:\/\/www.sgagora.com.br\/sg\/wp-json\/wp\/v2\/posts"}],"about":[{"href":"https:\/\/www.sgagora.com.br\/sg\/wp-json\/wp\/v2\/types\/post"}],"author":[{"embeddable":true,"href":"https:\/\/www.sgagora.com.br\/sg\/wp-json\/wp\/v2\/users\/1"}],"replies":[{"embeddable":true,"href":"https:\/\/www.sgagora.com.br\/sg\/wp-json\/wp\/v2\/comments?post=1000009186"}],"version-history":[{"count":1,"href":"https:\/\/www.sgagora.com.br\/sg\/wp-json\/wp\/v2\/posts\/1000009186\/revisions"}],"predecessor-version":[{"id":1000009189,"href":"https:\/\/www.sgagora.com.br\/sg\/wp-json\/wp\/v2\/posts\/1000009186\/revisions\/1000009189"}],"wp:featuredmedia":[{"embeddable":true,"href":"https:\/\/www.sgagora.com.br\/sg\/wp-json\/wp\/v2\/media\/1000009188"}],"wp:attachment":[{"href":"https:\/\/www.sgagora.com.br\/sg\/wp-json\/wp\/v2\/media?parent=1000009186"}],"wp:term":[{"taxonomy":"category","embeddable":true,"href":"https:\/\/www.sgagora.com.br\/sg\/wp-json\/wp\/v2\/categories?post=1000009186"},{"taxonomy":"post_tag","embeddable":true,"href":"https:\/\/www.sgagora.com.br\/sg\/wp-json\/wp\/v2\/tags?post=1000009186"}],"curies":[{"name":"wp","href":"https:\/\/api.w.org\/{rel}","templated":true}]}}