{"id":1000009190,"date":"2026-03-15T16:15:04","date_gmt":"2026-03-15T19:15:04","guid":{"rendered":"https:\/\/www.sgagora.com.br\/sg\/?p=1000009190"},"modified":"2026-03-23T11:52:49","modified_gmt":"2026-03-23T14:52:49","slug":"suspeito-de-furtos-em-residencias-e-preso-pela-policia-militar-no-distrito-da-agrovila-em-sao-gotardo-material-foi-recuperado","status":"publish","type":"post","link":"https:\/\/www.sgagora.com.br\/sg\/suspeito-de-furtos-em-residencias-e-preso-pela-policia-militar-no-distrito-da-agrovila-em-sao-gotardo-material-foi-recuperado\/","title":{"rendered":"Suspeito de furtos em resid\u00eancias \u00e9 preso pela Pol\u00edcia Militar no distrito da Agrovila, em S\u00e3o Gotardo; Material foi recuperado"},"content":{"rendered":"<p style=\"text-align: center;\"><span style=\"color: #ff0000;\"><strong>CONTINUA AP\u00d3S A PUBLICIDADE<\/strong><\/span><img decoding=\"async\" loading=\"lazy\" class=\"aligncenter wp-image-1000005472 size-full\" src=\"https:\/\/www.sgagora.com.br\/sg\/wp-content\/uploads\/2024\/08\/gif_260x260px_ssv.gif\" alt=\"\" width=\"260\" height=\"260\"><\/p>\n<p><img decoding=\"async\" loading=\"lazy\" class=\"aligncenter wp-image-1000008334 size-full\" src=\"https:\/\/www.sgagora.com.br\/sg\/wp-content\/uploads\/2025\/10\/Video-Post-para-Instagram-Animado-Novo-Post-Blog-Metaverso-Tecnologia.gif\" alt=\"\" width=\"260\" height=\"260\"><\/p>\n<p style=\"text-align: justify;\" data-start=\"266\" data-end=\"477\">A <strong data-start=\"268\" data-end=\"310\">Pol\u00edcia Militar de Minas Gerais (PMMG)<\/strong> realizou, no \u00faltimo <strong data-start=\"331\" data-end=\"363\">s\u00e1bado (14 de mar\u00e7o de 2026)<\/strong>, a <strong data-start=\"367\" data-end=\"476\">pris\u00e3o de um homem suspeito de cometer furtos em resid\u00eancias na regi\u00e3o do bairro Agrovila, em S\u00e3o Gotardo<\/strong>.<\/p>\n<p style=\"text-align: justify;\" data-start=\"479\" data-end=\"893\">De acordo com a corpora\u00e7\u00e3o, o <strong data-start=\"509\" data-end=\"555\">autor, um homem de aproximadamente 30 anos<\/strong>, agia principalmente <strong data-start=\"577\" data-end=\"606\">durante o per\u00edodo noturno<\/strong>, quando aproveitava a aus\u00eancia ou o descanso dos moradores para cometer os crimes. Conforme apurado pelos militares, <strong data-start=\"724\" data-end=\"810\">ele escalava muros de resid\u00eancias para acessar os im\u00f3veis e subtrair diversos bens<\/strong>, al\u00e9m de <strong data-start=\"820\" data-end=\"892\">tentar evitar c\u00e2meras de seguran\u00e7a para dificultar sua identifica\u00e7\u00e3o<\/strong>.<\/p>\n<p style=\"text-align: center;\" data-start=\"479\" data-end=\"893\"><span style=\"color: #ff0000;\"><strong>CONTINUA AP\u00d3S A PUBLICIDADE<\/strong><\/span><img decoding=\"async\" loading=\"lazy\" class=\"aligncenter wp-image-1000001976 size-full\" src=\"https:\/\/www.sgagora.com.br\/sg\/wp-content\/uploads\/2019\/12\/GIF-PRONTO-ODONTO-COMPANY.gif\" alt=\"\" width=\"600\" height=\"260\"><\/p>\n<p style=\"text-align: justify;\" data-start=\"895\" data-end=\"1069\">Ap\u00f3s <strong data-start=\"900\" data-end=\"963\">dilig\u00eancias e levantamentos realizados pela equipe policial<\/strong>, os militares conseguiram <strong data-start=\"990\" data-end=\"1042\">identificar o suspeito e localizar seu paradeiro<\/strong>, culminando em sua pris\u00e3o.<\/p>\n<p style=\"text-align: justify;\" data-start=\"1071\" data-end=\"1244\">Durante a a\u00e7\u00e3o, <strong data-start=\"1087\" data-end=\"1127\">materiais furtados foram recuperados<\/strong> e apreendidos pela pol\u00edcia. O suspeito foi <strong data-start=\"1171\" data-end=\"1243\">encaminhado \u00e0s autoridades competentes para as provid\u00eancias cab\u00edveis<\/strong>.<\/p>\n<h3 style=\"text-align: center;\" data-start=\"1915\" data-end=\"1953\"><strong><span style=\"color: #ff0000;\">CONTINUA AP\u00d3S A PUBLICIDADE<br \/>\n<img decoding=\"async\" loading=\"lazy\" class=\"aligncenter wp-image-1000008585 size-full\" src=\"https:\/\/www.sgagora.com.br\/sg\/wp-content\/uploads\/2025\/11\/GIF-EMPORIUM.gif\" alt=\"\" width=\"600\" height=\"260\"><\/span><\/strong><\/h3>\n<p style=\"text-align: justify;\" data-start=\"1246\" data-end=\"1420\">Segundo a <strong data-start=\"1256\" data-end=\"1322\">comandante da 216\u00aa Companhia da Pol\u00edcia Militar, Tenente Nanci<\/strong>, a atua\u00e7\u00e3o r\u00e1pida dos militares foi fundamental para interromper a sequ\u00eancia de crimes na regi\u00e3o.<\/p>\n<h6 style=\"text-align: center;\" data-start=\"1246\" data-end=\"1420\"><img decoding=\"async\" loading=\"lazy\" class=\"aligncenter size-full wp-image-1000009194\" src=\"https:\/\/www.sgagora.com.br\/sg\/wp-content\/uploads\/2026\/03\/5-2.jpg\" alt=\"\" width=\"600\" height=\"400\" srcset=\"https:\/\/www.sgagora.com.br\/sg\/wp-content\/uploads\/2026\/03\/5-2.jpg 600w, https:\/\/www.sgagora.com.br\/sg\/wp-content\/uploads\/2026\/03\/5-2-300x200.jpg 300w\" sizes=\"(max-width: 600px) 100vw, 600px\" \/>Foto: Assessoria de Imprensa Pol\u00edcia Militar de S\u00e3o Gotardo &#8211; 216\u00aa Cia. PM<\/h6>\n<blockquote data-start=\"1422\" data-end=\"1714\">\n<p style=\"text-align: justify;\" data-start=\"1424\" data-end=\"1714\">\u201c<strong data-start=\"1425\" data-end=\"1689\">A Pol\u00edcia Militar realizou um trabalho de levantamento de informa\u00e7\u00f5es e dilig\u00eancias que possibilitou identificar e localizar o suspeito desses furtos. Com a pris\u00e3o, conseguimos recuperar materiais e trazer mais tranquilidade aos moradores da regi\u00e3o da Agrovila<\/strong>\u201d, destacou a comandante.<\/p>\n<\/blockquote>\n<p style=\"text-align: center;\" data-start=\"1371\" data-end=\"1565\"><strong><span style=\"color: #ff0000;\">CONTINUA AP\u00d3S A PUBLICIDADE<br \/>\n<img decoding=\"async\" loading=\"lazy\" class=\"aligncenter wp-image-1000009016 size-full\" src=\"https:\/\/www.sgagora.com.br\/sg\/wp-content\/uploads\/2026\/02\/download.gif\" alt=\"\" width=\"600\" height=\"260\"><\/span><\/strong><\/p>\n<p style=\"text-align: justify;\" data-start=\"1716\" data-end=\"1813\">A oficial tamb\u00e9m refor\u00e7ou a import\u00e2ncia da participa\u00e7\u00e3o da comunidade no combate \u00e0 criminalidade.<\/p>\n<blockquote data-start=\"1815\" data-end=\"2044\">\n<p style=\"text-align: justify;\" data-start=\"1817\" data-end=\"2044\">\u201cGostaria de ressaltar, nessa ocorr\u00eancia de furto, o empenho dos militares que n\u00e3o descansaram at\u00e9 que fosse dada uma resposta ao crime de furto.&nbsp;O autor foi preso e todo o material furtado foi recuperado\u201d, completou a Tenente Nanci.<\/p>\n<\/blockquote>\n<p style=\"text-align: justify;\" data-start=\"2046\" data-end=\"2196\">A <strong data-start=\"2048\" data-end=\"2083\">Pol\u00edcia Militar de Minas Gerais<\/strong> refor\u00e7a que den\u00fancias podem ser feitas de forma an\u00f4nima e ressalta seu compromisso com a seguran\u00e7a da popula\u00e7\u00e3o.<\/p>\n<p style=\"text-align: justify;\" data-start=\"2198\" data-end=\"2292\" data-is-last-node=\"\" data-is-only-node=\"\"><strong data-start=\"2198\" data-end=\"2292\" data-is-last-node=\"\">Pol\u00edcia Militar de Minas Gerais \u2013 250 anos: a for\u00e7a do povo mineiro, presen\u00e7a que protege.<\/strong><\/p>\n<p style=\"text-align: center;\"><strong><span style=\"color: #ff0000;\">CONTINUA AP\u00d3S A PUBLICIDADE<\/span><\/strong><img decoding=\"async\" loading=\"lazy\" class=\"aligncenter wp-image-1000004773 size-full\" src=\"https:\/\/www.sgagora.com.br\/sg\/wp-content\/uploads\/2024\/05\/GIF-SICREDI-SAO-GOTARDO.gif\" alt=\"\" width=\"260\" height=\"260\"><\/p>\n<p><img decoding=\"async\" loading=\"lazy\" class=\"aligncenter wp-image-1000006254 size-full\" src=\"https:\/\/www.sgagora.com.br\/sg\/wp-content\/uploads\/2025\/01\/Team.gif\" alt=\"\" width=\"260\" height=\"260\"><\/p>\n<p><span style=\"color: #ffffff;\">.<\/span><\/p>\n<p data-start=\"2198\" data-end=\"2292\" data-is-last-node=\"\" data-is-only-node=\"\"><span style=\"color: #ffffff;\">.<\/span><\/p>\n<p style=\"text-align: justify;\" data-start=\"2198\" data-end=\"2292\" data-is-last-node=\"\" data-is-only-node=\"\"><em><strong>Reportagem:<\/strong> Diego Oliveira\/Portal SG AGORA \/ <strong>Fonte da Reportagem, Fotos Utilizadas e Foto Capa:<\/strong> Divulga\u00e7\u00e3o\/Assessoria de Imprensa Pol\u00edcia Militar de S\u00e3o Gotardo &#8211; 216\u00aa Cia. PM<\/em><\/p>\n","protected":false},"excerpt":{"rendered":"<p>CONTINUA AP\u00d3S A PUBLICIDADE A Pol\u00edcia Militar de Minas Gerais (PMMG) realizou, no \u00faltimo s\u00e1bado (14 de mar\u00e7o de 2026), a pris\u00e3o de um homem suspeito de cometer furtos em resid\u00eancias na regi\u00e3o do bairro &#8230; <a class=\"readmore\" href=\"https:\/\/www.sgagora.com.br\/sg\/suspeito-de-furtos-em-residencias-e-preso-pela-policia-militar-no-distrito-da-agrovila-em-sao-gotardo-material-foi-recuperado\/\">Leia Mais<\/a><\/p>\n","protected":false},"author":1,"featured_media":1000009192,"comment_status":"open","ping_status":"open","sticky":false,"template":"","format":"standard","meta":{"_bbp_topic_count":0,"_bbp_reply_count":0,"_bbp_total_topic_count":0,"_bbp_total_reply_count":0,"_bbp_voice_count":0,"_bbp_anonymous_reply_count":0,"_bbp_topic_count_hidden":0,"_bbp_reply_count_hidden":0,"_bbp_forum_subforum_count":0},"categories":[77,81],"tags":[1008,1574,599,132,133,1552,1716,4429],"yoast_head":"<!-- This site is optimized with the Yoast SEO plugin v20.5 - https:\/\/yoast.com\/wordpress\/plugins\/seo\/ -->\n<title>Suspeito de furtos em resid\u00eancias \u00e9 preso pela Pol\u00edcia Militar no distrito da Agrovila, em S\u00e3o Gotardo; Material foir ecuperado<\/title>\n<meta name=\"description\" content=\"Ap\u00f3s levantamentos e dilig\u00eancias, militares da 216\u00aa Companhia identificaram e prenderam o homem, al\u00e9m de recuperar materiais furtados.\" \/>\n<meta name=\"robots\" content=\"index, follow, max-snippet:-1, max-image-preview:large, max-video-preview:-1\" \/>\n<link rel=\"canonical\" href=\"https:\/\/www.sgagora.com.br\/sg\/suspeito-de-furtos-em-residencias-e-preso-pela-policia-militar-no-distrito-da-agrovila-em-sao-gotardo-material-foi-recuperado\/\" \/>\n<meta property=\"og:locale\" content=\"pt_BR\" \/>\n<meta property=\"og:type\" content=\"article\" \/>\n<meta property=\"og:title\" content=\"Suspeito de furtos em resid\u00eancias \u00e9 preso pela Pol\u00edcia Militar no distrito da Agrovila, em S\u00e3o Gotardo; Material foir ecuperado\" \/>\n<meta property=\"og:description\" content=\"Ap\u00f3s levantamentos e dilig\u00eancias, militares da 216\u00aa Companhia identificaram e prenderam o homem, al\u00e9m de recuperar materiais furtados.\" \/>\n<meta property=\"og:url\" content=\"https:\/\/www.sgagora.com.br\/sg\/suspeito-de-furtos-em-residencias-e-preso-pela-policia-militar-no-distrito-da-agrovila-em-sao-gotardo-material-foi-recuperado\/\" \/>\n<meta property=\"og:site_name\" content=\"SGAgora\" \/>\n<meta property=\"article:publisher\" content=\"https:\/\/www.facebook.com\/sgagora\" \/>\n<meta property=\"article:published_time\" content=\"2026-03-15T19:15:04+00:00\" \/>\n<meta property=\"article:modified_time\" content=\"2026-03-23T14:52:49+00:00\" \/>\n<meta property=\"og:image\" content=\"https:\/\/www.sgagora.com.br\/sg\/wp-content\/uploads\/2026\/03\/6-1.jpg\" \/>\n\t<meta property=\"og:image:width\" content=\"600\" \/>\n\t<meta property=\"og:image:height\" content=\"400\" \/>\n\t<meta property=\"og:image:type\" content=\"image\/jpeg\" \/>\n<meta name=\"author\" content=\"SG Agora\" \/>\n<meta name=\"twitter:label1\" content=\"Escrito por\" \/>\n\t<meta name=\"twitter:data1\" content=\"SG Agora\" \/>\n\t<meta name=\"twitter:label2\" content=\"Est. tempo de leitura\" \/>\n\t<meta name=\"twitter:data2\" content=\"4 minutos\" \/>\n<script type=\"application\/ld+json\" class=\"yoast-schema-graph\">{\"@context\":\"https:\/\/schema.org\",\"@graph\":[{\"@type\":\"WebPage\",\"@id\":\"https:\/\/www.sgagora.com.br\/sg\/suspeito-de-furtos-em-residencias-e-preso-pela-policia-militar-no-distrito-da-agrovila-em-sao-gotardo-material-foi-recuperado\/\",\"url\":\"https:\/\/www.sgagora.com.br\/sg\/suspeito-de-furtos-em-residencias-e-preso-pela-policia-militar-no-distrito-da-agrovila-em-sao-gotardo-material-foi-recuperado\/\",\"name\":\"Suspeito de furtos em resid\u00eancias \u00e9 preso pela Pol\u00edcia Militar no distrito da Agrovila, em S\u00e3o Gotardo; Material foir ecuperado\",\"isPartOf\":{\"@id\":\"https:\/\/www.sgagora.com.br\/sg\/#website\"},\"datePublished\":\"2026-03-15T19:15:04+00:00\",\"dateModified\":\"2026-03-23T14:52:49+00:00\",\"author\":{\"@id\":\"https:\/\/www.sgagora.com.br\/sg\/#\/schema\/person\/2be62cfb47cee3e0b305e4f7a765ae41\"},\"description\":\"Ap\u00f3s levantamentos e dilig\u00eancias, militares da 216\u00aa Companhia identificaram e prenderam o homem, al\u00e9m de recuperar materiais furtados.\",\"breadcrumb\":{\"@id\":\"https:\/\/www.sgagora.com.br\/sg\/suspeito-de-furtos-em-residencias-e-preso-pela-policia-militar-no-distrito-da-agrovila-em-sao-gotardo-material-foi-recuperado\/#breadcrumb\"},\"inLanguage\":\"pt-BR\",\"potentialAction\":[{\"@type\":\"ReadAction\",\"target\":[\"https:\/\/www.sgagora.com.br\/sg\/suspeito-de-furtos-em-residencias-e-preso-pela-policia-militar-no-distrito-da-agrovila-em-sao-gotardo-material-foi-recuperado\/\"]}]},{\"@type\":\"BreadcrumbList\",\"@id\":\"https:\/\/www.sgagora.com.br\/sg\/suspeito-de-furtos-em-residencias-e-preso-pela-policia-militar-no-distrito-da-agrovila-em-sao-gotardo-material-foi-recuperado\/#breadcrumb\",\"itemListElement\":[{\"@type\":\"ListItem\",\"position\":1,\"name\":\"In\u00edcio\",\"item\":\"https:\/\/www.sgagora.com.br\/sg\/\"},{\"@type\":\"ListItem\",\"position\":2,\"name\":\"Suspeito de furtos em resid\u00eancias \u00e9 preso pela Pol\u00edcia Militar no distrito da Agrovila, em S\u00e3o Gotardo; Material foi recuperado\"}]},{\"@type\":\"WebSite\",\"@id\":\"https:\/\/www.sgagora.com.br\/sg\/#website\",\"url\":\"https:\/\/www.sgagora.com.br\/sg\/\",\"name\":\"SGAgora\",\"description\":\"Not\u00edcias de S\u00e3o Gotardo\",\"potentialAction\":[{\"@type\":\"SearchAction\",\"target\":{\"@type\":\"EntryPoint\",\"urlTemplate\":\"https:\/\/www.sgagora.com.br\/sg\/?s={search_term_string}\"},\"query-input\":\"required name=search_term_string\"}],\"inLanguage\":\"pt-BR\"},{\"@type\":\"Person\",\"@id\":\"https:\/\/www.sgagora.com.br\/sg\/#\/schema\/person\/2be62cfb47cee3e0b305e4f7a765ae41\",\"name\":\"SG Agora\",\"image\":{\"@type\":\"ImageObject\",\"inLanguage\":\"pt-BR\",\"@id\":\"https:\/\/www.sgagora.com.br\/sg\/#\/schema\/person\/image\/\",\"url\":\"https:\/\/secure.gravatar.com\/avatar\/a0c612a9a8c3e7419d6fd4f92e749d8d?s=96&d=mm&r=g\",\"contentUrl\":\"https:\/\/secure.gravatar.com\/avatar\/a0c612a9a8c3e7419d6fd4f92e749d8d?s=96&d=mm&r=g\",\"caption\":\"SG Agora\"},\"url\":\"https:\/\/www.sgagora.com.br\/sg\/author\/admin\/\"}]}<\/script>\n<!-- \/ Yoast SEO plugin. -->","yoast_head_json":{"title":"Suspeito de furtos em resid\u00eancias \u00e9 preso pela Pol\u00edcia Militar no distrito da Agrovila, em S\u00e3o Gotardo; Material foir ecuperado","description":"Ap\u00f3s levantamentos e dilig\u00eancias, militares da 216\u00aa Companhia identificaram e prenderam o homem, al\u00e9m de recuperar materiais furtados.","robots":{"index":"index","follow":"follow","max-snippet":"max-snippet:-1","max-image-preview":"max-image-preview:large","max-video-preview":"max-video-preview:-1"},"canonical":"https:\/\/www.sgagora.com.br\/sg\/suspeito-de-furtos-em-residencias-e-preso-pela-policia-militar-no-distrito-da-agrovila-em-sao-gotardo-material-foi-recuperado\/","og_locale":"pt_BR","og_type":"article","og_title":"Suspeito de furtos em resid\u00eancias \u00e9 preso pela Pol\u00edcia Militar no distrito da Agrovila, em S\u00e3o Gotardo; Material foir ecuperado","og_description":"Ap\u00f3s levantamentos e dilig\u00eancias, militares da 216\u00aa Companhia identificaram e prenderam o homem, al\u00e9m de recuperar materiais furtados.","og_url":"https:\/\/www.sgagora.com.br\/sg\/suspeito-de-furtos-em-residencias-e-preso-pela-policia-militar-no-distrito-da-agrovila-em-sao-gotardo-material-foi-recuperado\/","og_site_name":"SGAgora","article_publisher":"https:\/\/www.facebook.com\/sgagora","article_published_time":"2026-03-15T19:15:04+00:00","article_modified_time":"2026-03-23T14:52:49+00:00","og_image":[{"width":600,"height":400,"url":"https:\/\/www.sgagora.com.br\/sg\/wp-content\/uploads\/2026\/03\/6-1.jpg","type":"image\/jpeg"}],"author":"SG Agora","twitter_misc":{"Escrito por":"SG Agora","Est. tempo de leitura":"4 minutos"},"schema":{"@context":"https:\/\/schema.org","@graph":[{"@type":"WebPage","@id":"https:\/\/www.sgagora.com.br\/sg\/suspeito-de-furtos-em-residencias-e-preso-pela-policia-militar-no-distrito-da-agrovila-em-sao-gotardo-material-foi-recuperado\/","url":"https:\/\/www.sgagora.com.br\/sg\/suspeito-de-furtos-em-residencias-e-preso-pela-policia-militar-no-distrito-da-agrovila-em-sao-gotardo-material-foi-recuperado\/","name":"Suspeito de furtos em resid\u00eancias \u00e9 preso pela Pol\u00edcia Militar no distrito da Agrovila, em S\u00e3o Gotardo; Material foir ecuperado","isPartOf":{"@id":"https:\/\/www.sgagora.com.br\/sg\/#website"},"datePublished":"2026-03-15T19:15:04+00:00","dateModified":"2026-03-23T14:52:49+00:00","author":{"@id":"https:\/\/www.sgagora.com.br\/sg\/#\/schema\/person\/2be62cfb47cee3e0b305e4f7a765ae41"},"description":"Ap\u00f3s levantamentos e dilig\u00eancias, militares da 216\u00aa Companhia identificaram e prenderam o homem, al\u00e9m de recuperar materiais furtados.","breadcrumb":{"@id":"https:\/\/www.sgagora.com.br\/sg\/suspeito-de-furtos-em-residencias-e-preso-pela-policia-militar-no-distrito-da-agrovila-em-sao-gotardo-material-foi-recuperado\/#breadcrumb"},"inLanguage":"pt-BR","potentialAction":[{"@type":"ReadAction","target":["https:\/\/www.sgagora.com.br\/sg\/suspeito-de-furtos-em-residencias-e-preso-pela-policia-militar-no-distrito-da-agrovila-em-sao-gotardo-material-foi-recuperado\/"]}]},{"@type":"BreadcrumbList","@id":"https:\/\/www.sgagora.com.br\/sg\/suspeito-de-furtos-em-residencias-e-preso-pela-policia-militar-no-distrito-da-agrovila-em-sao-gotardo-material-foi-recuperado\/#breadcrumb","itemListElement":[{"@type":"ListItem","position":1,"name":"In\u00edcio","item":"https:\/\/www.sgagora.com.br\/sg\/"},{"@type":"ListItem","position":2,"name":"Suspeito de furtos em resid\u00eancias \u00e9 preso pela Pol\u00edcia Militar no distrito da Agrovila, em S\u00e3o Gotardo; Material foi recuperado"}]},{"@type":"WebSite","@id":"https:\/\/www.sgagora.com.br\/sg\/#website","url":"https:\/\/www.sgagora.com.br\/sg\/","name":"SGAgora","description":"Not\u00edcias de S\u00e3o Gotardo","potentialAction":[{"@type":"SearchAction","target":{"@type":"EntryPoint","urlTemplate":"https:\/\/www.sgagora.com.br\/sg\/?s={search_term_string}"},"query-input":"required name=search_term_string"}],"inLanguage":"pt-BR"},{"@type":"Person","@id":"https:\/\/www.sgagora.com.br\/sg\/#\/schema\/person\/2be62cfb47cee3e0b305e4f7a765ae41","name":"SG Agora","image":{"@type":"ImageObject","inLanguage":"pt-BR","@id":"https:\/\/www.sgagora.com.br\/sg\/#\/schema\/person\/image\/","url":"https:\/\/secure.gravatar.com\/avatar\/a0c612a9a8c3e7419d6fd4f92e749d8d?s=96&d=mm&r=g","contentUrl":"https:\/\/secure.gravatar.com\/avatar\/a0c612a9a8c3e7419d6fd4f92e749d8d?s=96&d=mm&r=g","caption":"SG Agora"},"url":"https:\/\/www.sgagora.com.br\/sg\/author\/admin\/"}]}},"_links":{"self":[{"href":"https:\/\/www.sgagora.com.br\/sg\/wp-json\/wp\/v2\/posts\/1000009190"}],"collection":[{"href":"https:\/\/www.sgagora.com.br\/sg\/wp-json\/wp\/v2\/posts"}],"about":[{"href":"https:\/\/www.sgagora.com.br\/sg\/wp-json\/wp\/v2\/types\/post"}],"author":[{"embeddable":true,"href":"https:\/\/www.sgagora.com.br\/sg\/wp-json\/wp\/v2\/users\/1"}],"replies":[{"embeddable":true,"href":"https:\/\/www.sgagora.com.br\/sg\/wp-json\/wp\/v2\/comments?post=1000009190"}],"version-history":[{"count":2,"href":"https:\/\/www.sgagora.com.br\/sg\/wp-json\/wp\/v2\/posts\/1000009190\/revisions"}],"predecessor-version":[{"id":1000009261,"href":"https:\/\/www.sgagora.com.br\/sg\/wp-json\/wp\/v2\/posts\/1000009190\/revisions\/1000009261"}],"wp:featuredmedia":[{"embeddable":true,"href":"https:\/\/www.sgagora.com.br\/sg\/wp-json\/wp\/v2\/media\/1000009192"}],"wp:attachment":[{"href":"https:\/\/www.sgagora.com.br\/sg\/wp-json\/wp\/v2\/media?parent=1000009190"}],"wp:term":[{"taxonomy":"category","embeddable":true,"href":"https:\/\/www.sgagora.com.br\/sg\/wp-json\/wp\/v2\/categories?post=1000009190"},{"taxonomy":"post_tag","embeddable":true,"href":"https:\/\/www.sgagora.com.br\/sg\/wp-json\/wp\/v2\/tags?post=1000009190"}],"curies":[{"name":"wp","href":"https:\/\/api.w.org\/{rel}","templated":true}]}}