{"id":10300,"date":"2015-06-27T12:24:11","date_gmt":"2015-06-27T12:24:11","guid":{"rendered":"http:\/\/www.sgagora.com.br\/sg\/?p=10300"},"modified":"2015-06-27T12:24:11","modified_gmt":"2015-06-27T12:24:11","slug":"segundo-irmao-do-motorista-de-cristiano-araujo-falha-mecanica-foi-a-causa-do-acidente-que-matou-o-cantor-e-sua-namorada","status":"publish","type":"post","link":"https:\/\/www.sgagora.com.br\/sg\/segundo-irmao-do-motorista-de-cristiano-araujo-falha-mecanica-foi-a-causa-do-acidente-que-matou-o-cantor-e-sua-namorada\/","title":{"rendered":"Segundo irm\u00e3o do motorista de Cristiano Ara\u00fajo, falha mec\u00e2nica foi a causa do acidente que matou o cantor e sua namorada"},"content":{"rendered":"<p>Irm\u00e3o do motorista de Cristiano Ara\u00fajo, Roberto Miranda afirmou que o acidente que matou o m\u00fasico e a namorada Allana Moraes, na BR-153, em Goi\u00e1s, foi causado por um problema no carro, um Range Rover Sport, ano 2015. Segundo ele, Ronaldo Miranda, que dirigia o ve\u00edculo, est\u00e1 chocado com a morte do casal.<\/p>\n<p>&#8220;Ele mesmo vai esclarecer o que houve, porque ele ainda est\u00e1 abalado. Para mim, ele contou, mas eu vou deixar ele explicar os detalhes. A gente sabe que foi falha do carro, foi falha mec\u00e2nica, a gente sabe disso\u201d, disse.<\/p>\n<p>A Pol\u00edcia Civil ainda est\u00e1 investigando as poss\u00edveis causas do acidente e tamb\u00e9m trabalha com as hip\u00f3teses de alta velocidade ou mesmo que o motorista tenha dormido ao volante.<\/p>\n<p>O motorista e o empres\u00e1rio do cantor, Victor Leonardo, estavam nos bancos da frente. Eles receberam o primeiro atendimento no Hospital Municipal de Morrinhos. Em seguida, foram transferidos para o Instituto Ortop\u00e9dico de Goi\u00e2nia (IOG), de onde receberam alta na noite de quinta-feira (25).<\/p>\n<p>Roberto disse que o irm\u00e3o ainda est\u00e1 muito abalado com a morte de Cristiano. &#8220;Quando a gente toca nesse assunto, ele come\u00e7a a chorar, a ficar emocionado, transtornado, o que \u00e9 natural. Ele est\u00e1 muito abalado mesmo&#8221;, informa.<\/p>\n<p><a href=\"https:\/\/www.sgagora.com.br\/sg\/wp-content\/uploads\/2015\/06\/cristiano_5-e1435407725749.jpg\"><img decoding=\"async\" loading=\"lazy\" class=\"aligncenter size-full wp-image-10301\" src=\"https:\/\/www.sgagora.com.br\/sg\/wp-content\/uploads\/2015\/06\/cristiano_5-e1435407725749.jpg\" alt=\"cristiano_5\" width=\"600\" height=\"387\" \/><\/a><\/p>\n<p><em>Reportagem: http:\/\/g1.globo.com\/goias\/musica\/noticia\/2015\/06\/motorista-de-cristiano-araujo-aponta-falha-mecanica-em-carro-diz-irmao.html<\/em><\/p>\n","protected":false},"excerpt":{"rendered":"<p>Irm\u00e3o do motorista de Cristiano Ara\u00fajo, Roberto Miranda afirmou que o acidente que matou o m\u00fasico e a namorada Allana Moraes, na BR-153, em Goi\u00e1s, foi causado por um problema no carro, um Range Rover &#8230; <a class=\"readmore\" href=\"https:\/\/www.sgagora.com.br\/sg\/segundo-irmao-do-motorista-de-cristiano-araujo-falha-mecanica-foi-a-causa-do-acidente-que-matou-o-cantor-e-sua-namorada\/\">Leia Mais<\/a><\/p>\n","protected":false},"author":1,"featured_media":10302,"comment_status":"open","ping_status":"open","sticky":false,"template":"","format":"standard","meta":{"_bbp_topic_count":0,"_bbp_reply_count":0,"_bbp_total_topic_count":0,"_bbp_total_reply_count":0,"_bbp_voice_count":0,"_bbp_anonymous_reply_count":0,"_bbp_topic_count_hidden":0,"_bbp_reply_count_hidden":0,"_bbp_forum_subforum_count":0},"categories":[77,81],"tags":[],"yoast_head":"<!-- This site is optimized with the Yoast SEO plugin v20.5 - https:\/\/yoast.com\/wordpress\/plugins\/seo\/ -->\n<title>Segundo irm\u00e3o do motorista de Cristiano Ara\u00fajo, falha mec\u00e2nica foi a causa do acidente que matou o cantor e sua namorada<\/title>\n<meta name=\"description\" content=\"Cristiano Ara\u00fajo morreu nesta quarta-feira 24 de junho, ap\u00f3s se envolver em grave acidente de tr\u00e2nsito.\" \/>\n<meta name=\"robots\" content=\"index, follow, max-snippet:-1, max-image-preview:large, max-video-preview:-1\" \/>\n<link rel=\"canonical\" href=\"https:\/\/www.sgagora.com.br\/sg\/segundo-irmao-do-motorista-de-cristiano-araujo-falha-mecanica-foi-a-causa-do-acidente-que-matou-o-cantor-e-sua-namorada\/\" \/>\n<meta property=\"og:locale\" content=\"pt_BR\" \/>\n<meta property=\"og:type\" content=\"article\" \/>\n<meta property=\"og:title\" content=\"Segundo irm\u00e3o do motorista de Cristiano Ara\u00fajo, falha mec\u00e2nica foi a causa do acidente que matou o cantor e sua namorada\" \/>\n<meta property=\"og:description\" content=\"Cristiano Ara\u00fajo morreu nesta quarta-feira 24 de junho, ap\u00f3s se envolver em grave acidente de tr\u00e2nsito.\" \/>\n<meta property=\"og:url\" content=\"https:\/\/www.sgagora.com.br\/sg\/segundo-irmao-do-motorista-de-cristiano-araujo-falha-mecanica-foi-a-causa-do-acidente-que-matou-o-cantor-e-sua-namorada\/\" \/>\n<meta property=\"og:site_name\" content=\"SGAgora\" \/>\n<meta property=\"article:publisher\" content=\"https:\/\/www.facebook.com\/sgagora\" \/>\n<meta property=\"article:published_time\" content=\"2015-06-27T12:24:11+00:00\" \/>\n<meta property=\"og:image\" content=\"https:\/\/www.sgagora.com.br\/sg\/wp-content\/uploads\/2015\/06\/ronaldo_miranda-e1435407772868.png\" \/>\n\t<meta property=\"og:image:width\" content=\"600\" \/>\n\t<meta property=\"og:image:height\" content=\"387\" \/>\n\t<meta property=\"og:image:type\" content=\"image\/png\" \/>\n<meta name=\"author\" content=\"SG Agora\" \/>\n<meta name=\"twitter:label1\" content=\"Escrito por\" \/>\n\t<meta name=\"twitter:data1\" content=\"SG Agora\" \/>\n\t<meta name=\"twitter:label2\" content=\"Est. tempo de leitura\" \/>\n\t<meta name=\"twitter:data2\" content=\"1 minuto\" \/>\n<script type=\"application\/ld+json\" class=\"yoast-schema-graph\">{\"@context\":\"https:\/\/schema.org\",\"@graph\":[{\"@type\":\"WebPage\",\"@id\":\"https:\/\/www.sgagora.com.br\/sg\/segundo-irmao-do-motorista-de-cristiano-araujo-falha-mecanica-foi-a-causa-do-acidente-que-matou-o-cantor-e-sua-namorada\/\",\"url\":\"https:\/\/www.sgagora.com.br\/sg\/segundo-irmao-do-motorista-de-cristiano-araujo-falha-mecanica-foi-a-causa-do-acidente-que-matou-o-cantor-e-sua-namorada\/\",\"name\":\"Segundo irm\u00e3o do motorista de Cristiano Ara\u00fajo, falha mec\u00e2nica foi a causa do acidente que matou o cantor e sua namorada\",\"isPartOf\":{\"@id\":\"https:\/\/www.sgagora.com.br\/sg\/#website\"},\"datePublished\":\"2015-06-27T12:24:11+00:00\",\"dateModified\":\"2015-06-27T12:24:11+00:00\",\"author\":{\"@id\":\"https:\/\/www.sgagora.com.br\/sg\/#\/schema\/person\/2be62cfb47cee3e0b305e4f7a765ae41\"},\"description\":\"Cristiano Ara\u00fajo morreu nesta quarta-feira 24 de junho, ap\u00f3s se envolver em grave acidente de tr\u00e2nsito.\",\"breadcrumb\":{\"@id\":\"https:\/\/www.sgagora.com.br\/sg\/segundo-irmao-do-motorista-de-cristiano-araujo-falha-mecanica-foi-a-causa-do-acidente-que-matou-o-cantor-e-sua-namorada\/#breadcrumb\"},\"inLanguage\":\"pt-BR\",\"potentialAction\":[{\"@type\":\"ReadAction\",\"target\":[\"https:\/\/www.sgagora.com.br\/sg\/segundo-irmao-do-motorista-de-cristiano-araujo-falha-mecanica-foi-a-causa-do-acidente-que-matou-o-cantor-e-sua-namorada\/\"]}]},{\"@type\":\"BreadcrumbList\",\"@id\":\"https:\/\/www.sgagora.com.br\/sg\/segundo-irmao-do-motorista-de-cristiano-araujo-falha-mecanica-foi-a-causa-do-acidente-que-matou-o-cantor-e-sua-namorada\/#breadcrumb\",\"itemListElement\":[{\"@type\":\"ListItem\",\"position\":1,\"name\":\"In\u00edcio\",\"item\":\"https:\/\/www.sgagora.com.br\/sg\/\"},{\"@type\":\"ListItem\",\"position\":2,\"name\":\"Segundo irm\u00e3o do motorista de Cristiano Ara\u00fajo, falha mec\u00e2nica foi a causa do acidente que matou o cantor e sua namorada\"}]},{\"@type\":\"WebSite\",\"@id\":\"https:\/\/www.sgagora.com.br\/sg\/#website\",\"url\":\"https:\/\/www.sgagora.com.br\/sg\/\",\"name\":\"SGAgora\",\"description\":\"Not\u00edcias de S\u00e3o Gotardo\",\"potentialAction\":[{\"@type\":\"SearchAction\",\"target\":{\"@type\":\"EntryPoint\",\"urlTemplate\":\"https:\/\/www.sgagora.com.br\/sg\/?s={search_term_string}\"},\"query-input\":\"required name=search_term_string\"}],\"inLanguage\":\"pt-BR\"},{\"@type\":\"Person\",\"@id\":\"https:\/\/www.sgagora.com.br\/sg\/#\/schema\/person\/2be62cfb47cee3e0b305e4f7a765ae41\",\"name\":\"SG Agora\",\"image\":{\"@type\":\"ImageObject\",\"inLanguage\":\"pt-BR\",\"@id\":\"https:\/\/www.sgagora.com.br\/sg\/#\/schema\/person\/image\/\",\"url\":\"https:\/\/secure.gravatar.com\/avatar\/a0c612a9a8c3e7419d6fd4f92e749d8d?s=96&d=mm&r=g\",\"contentUrl\":\"https:\/\/secure.gravatar.com\/avatar\/a0c612a9a8c3e7419d6fd4f92e749d8d?s=96&d=mm&r=g\",\"caption\":\"SG Agora\"},\"url\":\"https:\/\/www.sgagora.com.br\/sg\/author\/admin\/\"}]}<\/script>\n<!-- \/ Yoast SEO plugin. -->","yoast_head_json":{"title":"Segundo irm\u00e3o do motorista de Cristiano Ara\u00fajo, falha mec\u00e2nica foi a causa do acidente que matou o cantor e sua namorada","description":"Cristiano Ara\u00fajo morreu nesta quarta-feira 24 de junho, ap\u00f3s se envolver em grave acidente de tr\u00e2nsito.","robots":{"index":"index","follow":"follow","max-snippet":"max-snippet:-1","max-image-preview":"max-image-preview:large","max-video-preview":"max-video-preview:-1"},"canonical":"https:\/\/www.sgagora.com.br\/sg\/segundo-irmao-do-motorista-de-cristiano-araujo-falha-mecanica-foi-a-causa-do-acidente-que-matou-o-cantor-e-sua-namorada\/","og_locale":"pt_BR","og_type":"article","og_title":"Segundo irm\u00e3o do motorista de Cristiano Ara\u00fajo, falha mec\u00e2nica foi a causa do acidente que matou o cantor e sua namorada","og_description":"Cristiano Ara\u00fajo morreu nesta quarta-feira 24 de junho, ap\u00f3s se envolver em grave acidente de tr\u00e2nsito.","og_url":"https:\/\/www.sgagora.com.br\/sg\/segundo-irmao-do-motorista-de-cristiano-araujo-falha-mecanica-foi-a-causa-do-acidente-que-matou-o-cantor-e-sua-namorada\/","og_site_name":"SGAgora","article_publisher":"https:\/\/www.facebook.com\/sgagora","article_published_time":"2015-06-27T12:24:11+00:00","og_image":[{"width":600,"height":387,"url":"https:\/\/www.sgagora.com.br\/sg\/wp-content\/uploads\/2015\/06\/ronaldo_miranda-e1435407772868.png","type":"image\/png"}],"author":"SG Agora","twitter_misc":{"Escrito por":"SG Agora","Est. tempo de leitura":"1 minuto"},"schema":{"@context":"https:\/\/schema.org","@graph":[{"@type":"WebPage","@id":"https:\/\/www.sgagora.com.br\/sg\/segundo-irmao-do-motorista-de-cristiano-araujo-falha-mecanica-foi-a-causa-do-acidente-que-matou-o-cantor-e-sua-namorada\/","url":"https:\/\/www.sgagora.com.br\/sg\/segundo-irmao-do-motorista-de-cristiano-araujo-falha-mecanica-foi-a-causa-do-acidente-que-matou-o-cantor-e-sua-namorada\/","name":"Segundo irm\u00e3o do motorista de Cristiano Ara\u00fajo, falha mec\u00e2nica foi a causa do acidente que matou o cantor e sua namorada","isPartOf":{"@id":"https:\/\/www.sgagora.com.br\/sg\/#website"},"datePublished":"2015-06-27T12:24:11+00:00","dateModified":"2015-06-27T12:24:11+00:00","author":{"@id":"https:\/\/www.sgagora.com.br\/sg\/#\/schema\/person\/2be62cfb47cee3e0b305e4f7a765ae41"},"description":"Cristiano Ara\u00fajo morreu nesta quarta-feira 24 de junho, ap\u00f3s se envolver em grave acidente de tr\u00e2nsito.","breadcrumb":{"@id":"https:\/\/www.sgagora.com.br\/sg\/segundo-irmao-do-motorista-de-cristiano-araujo-falha-mecanica-foi-a-causa-do-acidente-que-matou-o-cantor-e-sua-namorada\/#breadcrumb"},"inLanguage":"pt-BR","potentialAction":[{"@type":"ReadAction","target":["https:\/\/www.sgagora.com.br\/sg\/segundo-irmao-do-motorista-de-cristiano-araujo-falha-mecanica-foi-a-causa-do-acidente-que-matou-o-cantor-e-sua-namorada\/"]}]},{"@type":"BreadcrumbList","@id":"https:\/\/www.sgagora.com.br\/sg\/segundo-irmao-do-motorista-de-cristiano-araujo-falha-mecanica-foi-a-causa-do-acidente-que-matou-o-cantor-e-sua-namorada\/#breadcrumb","itemListElement":[{"@type":"ListItem","position":1,"name":"In\u00edcio","item":"https:\/\/www.sgagora.com.br\/sg\/"},{"@type":"ListItem","position":2,"name":"Segundo irm\u00e3o do motorista de Cristiano Ara\u00fajo, falha mec\u00e2nica foi a causa do acidente que matou o cantor e sua namorada"}]},{"@type":"WebSite","@id":"https:\/\/www.sgagora.com.br\/sg\/#website","url":"https:\/\/www.sgagora.com.br\/sg\/","name":"SGAgora","description":"Not\u00edcias de S\u00e3o Gotardo","potentialAction":[{"@type":"SearchAction","target":{"@type":"EntryPoint","urlTemplate":"https:\/\/www.sgagora.com.br\/sg\/?s={search_term_string}"},"query-input":"required name=search_term_string"}],"inLanguage":"pt-BR"},{"@type":"Person","@id":"https:\/\/www.sgagora.com.br\/sg\/#\/schema\/person\/2be62cfb47cee3e0b305e4f7a765ae41","name":"SG Agora","image":{"@type":"ImageObject","inLanguage":"pt-BR","@id":"https:\/\/www.sgagora.com.br\/sg\/#\/schema\/person\/image\/","url":"https:\/\/secure.gravatar.com\/avatar\/a0c612a9a8c3e7419d6fd4f92e749d8d?s=96&d=mm&r=g","contentUrl":"https:\/\/secure.gravatar.com\/avatar\/a0c612a9a8c3e7419d6fd4f92e749d8d?s=96&d=mm&r=g","caption":"SG Agora"},"url":"https:\/\/www.sgagora.com.br\/sg\/author\/admin\/"}]}},"_links":{"self":[{"href":"https:\/\/www.sgagora.com.br\/sg\/wp-json\/wp\/v2\/posts\/10300"}],"collection":[{"href":"https:\/\/www.sgagora.com.br\/sg\/wp-json\/wp\/v2\/posts"}],"about":[{"href":"https:\/\/www.sgagora.com.br\/sg\/wp-json\/wp\/v2\/types\/post"}],"author":[{"embeddable":true,"href":"https:\/\/www.sgagora.com.br\/sg\/wp-json\/wp\/v2\/users\/1"}],"replies":[{"embeddable":true,"href":"https:\/\/www.sgagora.com.br\/sg\/wp-json\/wp\/v2\/comments?post=10300"}],"version-history":[{"count":1,"href":"https:\/\/www.sgagora.com.br\/sg\/wp-json\/wp\/v2\/posts\/10300\/revisions"}],"predecessor-version":[{"id":10303,"href":"https:\/\/www.sgagora.com.br\/sg\/wp-json\/wp\/v2\/posts\/10300\/revisions\/10303"}],"wp:featuredmedia":[{"embeddable":true,"href":"https:\/\/www.sgagora.com.br\/sg\/wp-json\/wp\/v2\/media\/10302"}],"wp:attachment":[{"href":"https:\/\/www.sgagora.com.br\/sg\/wp-json\/wp\/v2\/media?parent=10300"}],"wp:term":[{"taxonomy":"category","embeddable":true,"href":"https:\/\/www.sgagora.com.br\/sg\/wp-json\/wp\/v2\/categories?post=10300"},{"taxonomy":"post_tag","embeddable":true,"href":"https:\/\/www.sgagora.com.br\/sg\/wp-json\/wp\/v2\/tags?post=10300"}],"curies":[{"name":"wp","href":"https:\/\/api.w.org\/{rel}","templated":true}]}}