{"id":10863,"date":"2015-07-06T16:31:14","date_gmt":"2015-07-06T16:31:14","guid":{"rendered":"http:\/\/www.sgagora.com.br\/sg\/?p=10863"},"modified":"2015-07-06T16:31:14","modified_gmt":"2015-07-06T16:31:14","slug":"votacao-esta-aberta-para-aninha-melo-como-a-nova-bailarina-do-faustao","status":"publish","type":"post","link":"https:\/\/www.sgagora.com.br\/sg\/votacao-esta-aberta-para-aninha-melo-como-a-nova-bailarina-do-faustao\/","title":{"rendered":"Vota\u00e7\u00e3o est\u00e1 aberta para Aninha Melo como a nova Bailarina do Faust\u00e3o"},"content":{"rendered":"<p>Ap\u00f3s exibir simpatia e lembrar suas origens em uma breve conversa com o apresentador Fausto Silva ao vivo durante o Doming\u00e3o, Aninha Melo dan\u00e7ou e representou bem nossa cidade para todo o Brasil. A candidata a Bailarina do Faust\u00e3o demonstrou desenvoltura e elasticidade ao se apresentar no palco e arrancou aplausos da plat\u00e9ia do Programa.<\/p>\n<p>Porem, ap\u00f3s todas as candidatas se apresentarem, a participa\u00e7\u00e3o de todos os internautas de S\u00e3o Gotardo ser\u00e1 fundamental para que Aninha Melo passe para a pr\u00f3xima fase da disputa. \u00c9 que agora come\u00e7a uma disputa onde o p\u00fablico escolhe a garota que passa para a pr\u00f3xima fase.<\/p>\n<p>Por isso, Aninha Melo precisa e muito da ajuda de S\u00e3o Gotardo e Regi\u00e3o para continuar representando nossa cidade nesta importante disputa.<\/p>\n<p>Para votarem na candidata, voc\u00eas dever\u00e3o procurar por Ana Carolina, pois este \u00e9 o nome que ela se cadastrou na competi\u00e7\u00e3o. Por l\u00e1 inclusive voc\u00eas poder\u00e3o assistir novamente a apresenta\u00e7\u00e3o da Sangotardense. Portanto cliquem no link abaixo e votem quantas vezes puderem, para que nossa conterr\u00e2nea passe de fase.<\/p>\n<p><a title=\"Vote clicando aqui\" href=\"http:\/\/gshow.globo.com\/participe\/votacaomultimidia\/2015\/07\/vote-na-sua-preferida-do-time-da-carla-r190dh19.html#\" target=\"_blank\"><span style=\"color: #ff0000;\"><strong>Para votar clique aqui<\/strong><\/span><\/a><\/p>\n<p>Para ajudar ainda mais nossa candidata Aninha Melo, compartilhem esta reportagem quantas vezes voc\u00eas quiserem e ajudem tamb\u00e9m divulgando o site do <a title=\"Doming\u00e3o do Faust\u00e3o\" href=\"http:\/\/gshow.globo.com\/programas\/domingao-do-faustao\/\" target=\"_blank\"><span style=\"color: #ff0000;\"><strong>gshow.com<\/strong><\/span><\/a>, onde as pessoas votam diretamente na dan\u00e7arina.<\/p>\n<p>Boa sorte Aninha Melo, S\u00e3o Gotardo est\u00e1 torcendo por voc\u00ea.<\/p>\n<p><a href=\"https:\/\/www.sgagora.com.br\/sg\/wp-content\/uploads\/2015\/07\/faust\u00e3o-2-e1436200065907.png\"><img decoding=\"async\" loading=\"lazy\" class=\"aligncenter size-full wp-image-10865\" src=\"https:\/\/www.sgagora.com.br\/sg\/wp-content\/uploads\/2015\/07\/faust\u00e3o-2-e1436200065907.png\" alt=\"\" width=\"600\" height=\"353\" \/><\/a><\/p>\n","protected":false},"excerpt":{"rendered":"<p>Ap\u00f3s exibir simpatia e lembrar suas origens em uma breve conversa com o apresentador Fausto Silva ao vivo durante o Doming\u00e3o, Aninha Melo dan\u00e7ou e representou bem nossa cidade para todo o Brasil. A candidata &#8230; <a class=\"readmore\" href=\"https:\/\/www.sgagora.com.br\/sg\/votacao-esta-aberta-para-aninha-melo-como-a-nova-bailarina-do-faustao\/\">Leia Mais<\/a><\/p>\n","protected":false},"author":1,"featured_media":10864,"comment_status":"open","ping_status":"open","sticky":false,"template":"","format":"standard","meta":{"_bbp_topic_count":0,"_bbp_reply_count":0,"_bbp_total_topic_count":0,"_bbp_total_reply_count":0,"_bbp_voice_count":0,"_bbp_anonymous_reply_count":0,"_bbp_topic_count_hidden":0,"_bbp_reply_count_hidden":0,"_bbp_forum_subforum_count":0},"categories":[77,81],"tags":[],"yoast_head":"<!-- This site is optimized with the Yoast SEO plugin v20.5 - https:\/\/yoast.com\/wordpress\/plugins\/seo\/ -->\n<title>Vota\u00e7\u00e3o est\u00e1 aberta para Aninha Melo como a nova Bailarina do Faust\u00e3o<\/title>\n<meta name=\"description\" content=\"Aninha Melo fez bonito e representou bem nossa Regi\u00e3o no Doming\u00e3o do Faust\u00e3o.\" \/>\n<meta name=\"robots\" content=\"index, follow, max-snippet:-1, max-image-preview:large, max-video-preview:-1\" \/>\n<link rel=\"canonical\" href=\"https:\/\/www.sgagora.com.br\/sg\/votacao-esta-aberta-para-aninha-melo-como-a-nova-bailarina-do-faustao\/\" \/>\n<meta property=\"og:locale\" content=\"pt_BR\" \/>\n<meta property=\"og:type\" content=\"article\" \/>\n<meta property=\"og:title\" content=\"Vota\u00e7\u00e3o est\u00e1 aberta para Aninha Melo como a nova Bailarina do Faust\u00e3o\" \/>\n<meta property=\"og:description\" content=\"Aninha Melo fez bonito e representou bem nossa Regi\u00e3o no Doming\u00e3o do Faust\u00e3o.\" \/>\n<meta property=\"og:url\" content=\"https:\/\/www.sgagora.com.br\/sg\/votacao-esta-aberta-para-aninha-melo-como-a-nova-bailarina-do-faustao\/\" \/>\n<meta property=\"og:site_name\" content=\"SGAgora\" \/>\n<meta property=\"article:publisher\" content=\"https:\/\/www.facebook.com\/sgagora\" \/>\n<meta property=\"article:published_time\" content=\"2015-07-06T16:31:14+00:00\" \/>\n<meta property=\"og:image\" content=\"https:\/\/www.sgagora.com.br\/sg\/wp-content\/uploads\/2015\/07\/Ana-faust\u00e3o-e1436199962829.png\" \/>\n\t<meta property=\"og:image:width\" content=\"600\" \/>\n\t<meta property=\"og:image:height\" content=\"509\" \/>\n\t<meta property=\"og:image:type\" content=\"image\/png\" \/>\n<meta name=\"author\" content=\"SG Agora\" \/>\n<meta name=\"twitter:label1\" content=\"Escrito por\" \/>\n\t<meta name=\"twitter:data1\" content=\"SG Agora\" \/>\n\t<meta name=\"twitter:label2\" content=\"Est. tempo de leitura\" \/>\n\t<meta name=\"twitter:data2\" content=\"1 minuto\" \/>\n<script type=\"application\/ld+json\" class=\"yoast-schema-graph\">{\"@context\":\"https:\/\/schema.org\",\"@graph\":[{\"@type\":\"WebPage\",\"@id\":\"https:\/\/www.sgagora.com.br\/sg\/votacao-esta-aberta-para-aninha-melo-como-a-nova-bailarina-do-faustao\/\",\"url\":\"https:\/\/www.sgagora.com.br\/sg\/votacao-esta-aberta-para-aninha-melo-como-a-nova-bailarina-do-faustao\/\",\"name\":\"Vota\u00e7\u00e3o est\u00e1 aberta para Aninha Melo como a nova Bailarina do Faust\u00e3o\",\"isPartOf\":{\"@id\":\"https:\/\/www.sgagora.com.br\/sg\/#website\"},\"datePublished\":\"2015-07-06T16:31:14+00:00\",\"dateModified\":\"2015-07-06T16:31:14+00:00\",\"author\":{\"@id\":\"https:\/\/www.sgagora.com.br\/sg\/#\/schema\/person\/2be62cfb47cee3e0b305e4f7a765ae41\"},\"description\":\"Aninha Melo fez bonito e representou bem nossa Regi\u00e3o no Doming\u00e3o do Faust\u00e3o.\",\"breadcrumb\":{\"@id\":\"https:\/\/www.sgagora.com.br\/sg\/votacao-esta-aberta-para-aninha-melo-como-a-nova-bailarina-do-faustao\/#breadcrumb\"},\"inLanguage\":\"pt-BR\",\"potentialAction\":[{\"@type\":\"ReadAction\",\"target\":[\"https:\/\/www.sgagora.com.br\/sg\/votacao-esta-aberta-para-aninha-melo-como-a-nova-bailarina-do-faustao\/\"]}]},{\"@type\":\"BreadcrumbList\",\"@id\":\"https:\/\/www.sgagora.com.br\/sg\/votacao-esta-aberta-para-aninha-melo-como-a-nova-bailarina-do-faustao\/#breadcrumb\",\"itemListElement\":[{\"@type\":\"ListItem\",\"position\":1,\"name\":\"In\u00edcio\",\"item\":\"https:\/\/www.sgagora.com.br\/sg\/\"},{\"@type\":\"ListItem\",\"position\":2,\"name\":\"Vota\u00e7\u00e3o est\u00e1 aberta para Aninha Melo como a nova Bailarina do Faust\u00e3o\"}]},{\"@type\":\"WebSite\",\"@id\":\"https:\/\/www.sgagora.com.br\/sg\/#website\",\"url\":\"https:\/\/www.sgagora.com.br\/sg\/\",\"name\":\"SGAgora\",\"description\":\"Not\u00edcias de S\u00e3o Gotardo\",\"potentialAction\":[{\"@type\":\"SearchAction\",\"target\":{\"@type\":\"EntryPoint\",\"urlTemplate\":\"https:\/\/www.sgagora.com.br\/sg\/?s={search_term_string}\"},\"query-input\":\"required name=search_term_string\"}],\"inLanguage\":\"pt-BR\"},{\"@type\":\"Person\",\"@id\":\"https:\/\/www.sgagora.com.br\/sg\/#\/schema\/person\/2be62cfb47cee3e0b305e4f7a765ae41\",\"name\":\"SG Agora\",\"image\":{\"@type\":\"ImageObject\",\"inLanguage\":\"pt-BR\",\"@id\":\"https:\/\/www.sgagora.com.br\/sg\/#\/schema\/person\/image\/\",\"url\":\"https:\/\/secure.gravatar.com\/avatar\/a0c612a9a8c3e7419d6fd4f92e749d8d?s=96&d=mm&r=g\",\"contentUrl\":\"https:\/\/secure.gravatar.com\/avatar\/a0c612a9a8c3e7419d6fd4f92e749d8d?s=96&d=mm&r=g\",\"caption\":\"SG Agora\"},\"url\":\"https:\/\/www.sgagora.com.br\/sg\/author\/admin\/\"}]}<\/script>\n<!-- \/ Yoast SEO plugin. -->","yoast_head_json":{"title":"Vota\u00e7\u00e3o est\u00e1 aberta para Aninha Melo como a nova Bailarina do Faust\u00e3o","description":"Aninha Melo fez bonito e representou bem nossa Regi\u00e3o no Doming\u00e3o do Faust\u00e3o.","robots":{"index":"index","follow":"follow","max-snippet":"max-snippet:-1","max-image-preview":"max-image-preview:large","max-video-preview":"max-video-preview:-1"},"canonical":"https:\/\/www.sgagora.com.br\/sg\/votacao-esta-aberta-para-aninha-melo-como-a-nova-bailarina-do-faustao\/","og_locale":"pt_BR","og_type":"article","og_title":"Vota\u00e7\u00e3o est\u00e1 aberta para Aninha Melo como a nova Bailarina do Faust\u00e3o","og_description":"Aninha Melo fez bonito e representou bem nossa Regi\u00e3o no Doming\u00e3o do Faust\u00e3o.","og_url":"https:\/\/www.sgagora.com.br\/sg\/votacao-esta-aberta-para-aninha-melo-como-a-nova-bailarina-do-faustao\/","og_site_name":"SGAgora","article_publisher":"https:\/\/www.facebook.com\/sgagora","article_published_time":"2015-07-06T16:31:14+00:00","og_image":[{"width":600,"height":509,"url":"https:\/\/www.sgagora.com.br\/sg\/wp-content\/uploads\/2015\/07\/Ana-faust\u00e3o-e1436199962829.png","type":"image\/png"}],"author":"SG Agora","twitter_misc":{"Escrito por":"SG Agora","Est. tempo de leitura":"1 minuto"},"schema":{"@context":"https:\/\/schema.org","@graph":[{"@type":"WebPage","@id":"https:\/\/www.sgagora.com.br\/sg\/votacao-esta-aberta-para-aninha-melo-como-a-nova-bailarina-do-faustao\/","url":"https:\/\/www.sgagora.com.br\/sg\/votacao-esta-aberta-para-aninha-melo-como-a-nova-bailarina-do-faustao\/","name":"Vota\u00e7\u00e3o est\u00e1 aberta para Aninha Melo como a nova Bailarina do Faust\u00e3o","isPartOf":{"@id":"https:\/\/www.sgagora.com.br\/sg\/#website"},"datePublished":"2015-07-06T16:31:14+00:00","dateModified":"2015-07-06T16:31:14+00:00","author":{"@id":"https:\/\/www.sgagora.com.br\/sg\/#\/schema\/person\/2be62cfb47cee3e0b305e4f7a765ae41"},"description":"Aninha Melo fez bonito e representou bem nossa Regi\u00e3o no Doming\u00e3o do Faust\u00e3o.","breadcrumb":{"@id":"https:\/\/www.sgagora.com.br\/sg\/votacao-esta-aberta-para-aninha-melo-como-a-nova-bailarina-do-faustao\/#breadcrumb"},"inLanguage":"pt-BR","potentialAction":[{"@type":"ReadAction","target":["https:\/\/www.sgagora.com.br\/sg\/votacao-esta-aberta-para-aninha-melo-como-a-nova-bailarina-do-faustao\/"]}]},{"@type":"BreadcrumbList","@id":"https:\/\/www.sgagora.com.br\/sg\/votacao-esta-aberta-para-aninha-melo-como-a-nova-bailarina-do-faustao\/#breadcrumb","itemListElement":[{"@type":"ListItem","position":1,"name":"In\u00edcio","item":"https:\/\/www.sgagora.com.br\/sg\/"},{"@type":"ListItem","position":2,"name":"Vota\u00e7\u00e3o est\u00e1 aberta para Aninha Melo como a nova Bailarina do Faust\u00e3o"}]},{"@type":"WebSite","@id":"https:\/\/www.sgagora.com.br\/sg\/#website","url":"https:\/\/www.sgagora.com.br\/sg\/","name":"SGAgora","description":"Not\u00edcias de S\u00e3o Gotardo","potentialAction":[{"@type":"SearchAction","target":{"@type":"EntryPoint","urlTemplate":"https:\/\/www.sgagora.com.br\/sg\/?s={search_term_string}"},"query-input":"required name=search_term_string"}],"inLanguage":"pt-BR"},{"@type":"Person","@id":"https:\/\/www.sgagora.com.br\/sg\/#\/schema\/person\/2be62cfb47cee3e0b305e4f7a765ae41","name":"SG Agora","image":{"@type":"ImageObject","inLanguage":"pt-BR","@id":"https:\/\/www.sgagora.com.br\/sg\/#\/schema\/person\/image\/","url":"https:\/\/secure.gravatar.com\/avatar\/a0c612a9a8c3e7419d6fd4f92e749d8d?s=96&d=mm&r=g","contentUrl":"https:\/\/secure.gravatar.com\/avatar\/a0c612a9a8c3e7419d6fd4f92e749d8d?s=96&d=mm&r=g","caption":"SG Agora"},"url":"https:\/\/www.sgagora.com.br\/sg\/author\/admin\/"}]}},"_links":{"self":[{"href":"https:\/\/www.sgagora.com.br\/sg\/wp-json\/wp\/v2\/posts\/10863"}],"collection":[{"href":"https:\/\/www.sgagora.com.br\/sg\/wp-json\/wp\/v2\/posts"}],"about":[{"href":"https:\/\/www.sgagora.com.br\/sg\/wp-json\/wp\/v2\/types\/post"}],"author":[{"embeddable":true,"href":"https:\/\/www.sgagora.com.br\/sg\/wp-json\/wp\/v2\/users\/1"}],"replies":[{"embeddable":true,"href":"https:\/\/www.sgagora.com.br\/sg\/wp-json\/wp\/v2\/comments?post=10863"}],"version-history":[{"count":1,"href":"https:\/\/www.sgagora.com.br\/sg\/wp-json\/wp\/v2\/posts\/10863\/revisions"}],"predecessor-version":[{"id":10866,"href":"https:\/\/www.sgagora.com.br\/sg\/wp-json\/wp\/v2\/posts\/10863\/revisions\/10866"}],"wp:featuredmedia":[{"embeddable":true,"href":"https:\/\/www.sgagora.com.br\/sg\/wp-json\/wp\/v2\/media\/10864"}],"wp:attachment":[{"href":"https:\/\/www.sgagora.com.br\/sg\/wp-json\/wp\/v2\/media?parent=10863"}],"wp:term":[{"taxonomy":"category","embeddable":true,"href":"https:\/\/www.sgagora.com.br\/sg\/wp-json\/wp\/v2\/categories?post=10863"},{"taxonomy":"post_tag","embeddable":true,"href":"https:\/\/www.sgagora.com.br\/sg\/wp-json\/wp\/v2\/tags?post=10863"}],"curies":[{"name":"wp","href":"https:\/\/api.w.org\/{rel}","templated":true}]}}