{"id":15795,"date":"2015-08-25T06:13:05","date_gmt":"2015-08-25T06:13:05","guid":{"rendered":"http:\/\/www.sgagora.com.br\/sg\/?p=15795"},"modified":"2015-09-14T13:08:54","modified_gmt":"2015-09-14T13:08:54","slug":"121mapa-lista-oito-pragas-que-terao-combate-priorizado-com-registro-de-defensivos","status":"publish","type":"post","link":"https:\/\/www.sgagora.com.br\/sg\/121mapa-lista-oito-pragas-que-terao-combate-priorizado-com-registro-de-defensivos\/","title":{"rendered":"Mapa lista oito pragas que ter\u00e3o combate priorizado com registro de defensivos"},"content":{"rendered":"<p>O Departamento de Sanidade Vegetal do Minist\u00e9rio da Agricultura (Mapa) definiu por meio de portaria publicada na edi\u00e7\u00e3o desta segunda-feira (24.08), do Di\u00e1rio Oficial da Uni\u00e3o (DOU), uma lista com as oito pragas que representam maior risco fitossanit\u00e1rio nas principais culturas agr\u00edcolas do Brasil. A portaria define que elas ter\u00e3o prioridade nos processos de registro de produtos e tecnologias de controle. &#8220;S\u00e3o consideradas pragas de maior risco fitossanit\u00e1rio e import\u00e2ncia econ\u00f4mica, necessitando de prioriza\u00e7\u00e3o de registros de produtos para seu controle&#8221;, diz a publica\u00e7\u00e3o.<\/p>\n<p>As empresas que possu\u00edrem requerimentos de registro j\u00e1 protocolados que atendam as demandas desta portaria devem apresentar em cinco dias \u00fateis, contados da data desta publica\u00e7\u00e3o, uma lista contendo o n\u00famero do processo de registro, marca comercial, ingrediente(s) ativo(s) e indica\u00e7\u00e3o do alvo a ser controlado.<\/p>\n<p>1 &#8211; Ferrugem da Soja (Phakopsora pachyrhizie) \u2013 Soja<br \/>\nA ferrugem da soja conhecida como ferrigem asi\u00e1tica da soja \u00e9 uma das doen\u00e7as de maior import\u00e2ncia da cultura da soja na atualidade, pelo grande potencial perdas na produtividade causado pela desfolha precoce da planta.<\/p>\n<p>2 &#8211; Mofo Branco (Sclerotinia sclerotiorum) &#8211; Soja, Feij\u00e3o e Algod\u00e3o<br \/>\nO Mofo Branco tamb\u00e9m conhecido como Podrid\u00e3o possui mais de 400 esp\u00e9cies de plantas hospedeiras e, embora seja mais frequente nas lavouras de algod\u00e3o, feij\u00e3o e soja, tamb\u00e9m pode atacar muitas outras culturas, como alface, cenoura, ervilha, girassol e repolho. A dissemina\u00e7\u00e3o se d\u00e1 principalmente pelas sementes, que podem estar infectadas com o mic\u00e9lio do fungo, ou por meio da contamina\u00e7\u00e3o, devida \u00e0 presen\u00e7a de estruturas de sobreviv\u00eancia denominadas de escler\u00f3dios. Ap\u00f3s infectar os tecidos com uma eflores\u00eancia branca, o Mofo Branco transforma-se em uma massa escura e r\u00edgida.<\/p>\n<p>3 &#8211; Helicoverpa armigera<br \/>\nA lagarta foi identificada recentemente e tem surpreendido produtores e pesquisadores pelo seu poder de destrui\u00e7\u00e3o, causando preju\u00edzos, principalmente, \u00e0s lavouras de milho, soja e algod\u00e3o. A praga pode atacar desde as estruturas reprodutivas das plantas at\u00e9 as flores de diferentes culturas.<\/p>\n<p>4 &#8211; Mosca Branca (Bemisia tabaci) &#8211; Feij\u00e3o, Tomate, Mel\u00e3o e Soja<br \/>\nA Mosca Branca \u00e9 um inseto com aproximadamente 126 g\u00eaneros e mais de 1.200. Os ataques ocasionam muitos preju\u00edzos \u00e0s plantas cultivadas. Come\u00e7am no transplante da cultura e prosseguem no decorrer de seu desenvolvimento, ocasionando em curto prazo redu\u00e7\u00e3o acentuada da produtividade e em longo prazo comprometendo de forma irrevers\u00edvel a sustentabilidade de muitos sistemas agr\u00edcolas do pa\u00eds. Os danos podem ser diretos, atrav\u00e9s de anomalias, ou desordens fitot\u00f3xicas, caracterizadas pelo amarelecimento de folhas, ramos e frutos, causado pela inje\u00e7\u00e3o de toxinas durante o processo de alimenta\u00e7\u00e3o do inseto.<\/p>\n<p>5 &#8211; Nematoides (Meloidogyne javanica, Meloidogyne incognita, Heterodera glycines e Pratylenchus brachyurus) \u2013 Soja<br \/>\nNa cultura da oleaginosa, os principais nematoides s\u00e3o o Nematoide de Galha (Meloydogine incognita e Meloydogine javanica), o Nematoide das Les\u00f5es Radiculares (Pratylenchus brachyurus) e, ainda, o Nematoide de Cisto da Soja (Heterodera glycines). Os sintomas na parte a\u00e9rea das plantas, na maioria das vezes, s\u00e3o facilmente confundidos com outras causas, entre elas, defici\u00eancia de nutrientes, ataque de pragas e doen\u00e7as, estiagem e compacta\u00e7\u00e3o de solo. As perdas variam em m\u00e9dia entre 5 e 35%, dependendo do tipo de cultivo. Em casos mais severos, as perdas podem ser ainda maiores.<\/p>\n<p>6 &#8211; Broca do Caf\u00e9 (Hypothenemus hampei) \u2013 Caf\u00e9<br \/>\nEsta praga \u00e9 encontrada em todas as regi\u00f5es produtoras e ataca os frutos em qualquer est\u00e1gio de matura\u00e7\u00e3o, inclusive gr\u00e3o j\u00e1 seco. Dependendo do n\u00edvel de infesta\u00e7\u00e3o, os preju\u00edzos podem chegar a 21%, somente pela perda de peso. Al\u00e9m disso, a qualidade do caf\u00e9 fica prejudicada, uma vez que as porcentagens de gr\u00e3os brocados e quebrados aumentam proporcionalmente ao aumento da infesta\u00e7\u00e3o da praga.<\/p>\n<p>7 &#8211; Ervas daninhas resistentes (Conyza bonariensis e Digitaria insularis) &#8211; Soja, Algod\u00e3o e Feij\u00e3o<br \/>\nAs ervas daninhas crescem em terras cultiv\u00e1veis aguardando o plantio, e depois uma nova onda de germina\u00e7\u00e3o de ervas daninhas emerge com a lavoura. Elas crescem continuamente e competem com as plantas da lavoura por luz, \u00e1gua e nutrientes, reduzindo as safras e a qualidade. As ervas daninhas tamb\u00e9m podem servir de habitat para pragas e doen\u00e7as, de onde estas podem atacar a lavoura.<\/p>\n<p>8 &#8211; Bicudo do algodoeiro (Antonomus grandis) \u2013 Algod\u00e3o<br \/>\nO Bicudo foi introduzido no Brasil em 1983, \u00e9 a principal praga das culturas de algod\u00e3o. Os preju\u00edzos resultam dos custos para o combate ao bicudo e dos danos causados \u00e0s estruturas reprodutivas do algodoeiro e ao produto final, reduzindo diretamente a produ\u00e7\u00e3o. Calcula-se que as perdas podem chegar a US$ 300 por hectare.<\/p>\n<pre><a href=\"https:\/\/www.sgagora.com.br\/sg\/wp-content\/uploads\/2015\/08\/Helicoverpa_rep11.jpg\"><img decoding=\"async\" loading=\"lazy\" class=\"aligncenter size-full wp-image-15796\" src=\"https:\/\/www.sgagora.com.br\/sg\/wp-content\/uploads\/2015\/08\/Helicoverpa_rep11.jpg\" alt=\"\" width=\"400\" height=\"297\" srcset=\"https:\/\/www.sgagora.com.br\/sg\/wp-content\/uploads\/2015\/08\/Helicoverpa_rep11.jpg 400w, https:\/\/www.sgagora.com.br\/sg\/wp-content\/uploads\/2015\/08\/Helicoverpa_rep11-300x223.jpg 300w\" sizes=\"(max-width: 400px) 100vw, 400px\" \/><\/a><\/pre>\n<pre style=\"text-align: center;\">Toda semana o Portal SG AGORA tr\u00e1s as \u00faltimas not\u00edcias do Agroneg\u00f3cio\/Foto:Google<\/pre>\n<p>&nbsp;<\/p>\n<p><em><strong>Reportagem:<\/strong> http:\/\/www.agrolink.com.br\/noticias\/mapa-lista-oito-pragas-que-ter&#8211;227-o-combate-priorizado-com-registro-de-defensivos_222464.html<\/em><\/p>\n<p>&nbsp;<\/p>\n<p><a title=\"Clique aqui e conhe\u00e7a a Verde Fertilizantes\" href=\"https:\/\/www.facebook.com\/verdefertilizantes?fref=ts\" target=\"_blank\"><img decoding=\"async\" loading=\"lazy\" class=\"aligncenter size-full wp-image-15799\" src=\"https:\/\/www.sgagora.com.br\/sg\/wp-content\/uploads\/2015\/08\/VERDE-FERTILIZANTES_31.png\" alt=\"VERDE-FERTILIZANTES_3\" width=\"600\" height=\"100\" srcset=\"https:\/\/www.sgagora.com.br\/sg\/wp-content\/uploads\/2015\/08\/VERDE-FERTILIZANTES_31.png 600w, https:\/\/www.sgagora.com.br\/sg\/wp-content\/uploads\/2015\/08\/VERDE-FERTILIZANTES_31-300x50.png 300w\" sizes=\"(max-width: 600px) 100vw, 600px\" \/><\/a><\/p>\n","protected":false},"excerpt":{"rendered":"<p>O Departamento de Sanidade Vegetal do Minist\u00e9rio da Agricultura (Mapa) definiu por meio de portaria publicada na edi\u00e7\u00e3o desta segunda-feira (24.08), do Di\u00e1rio Oficial da Uni\u00e3o (DOU), uma lista com as oito pragas que representam &#8230; <a class=\"readmore\" href=\"https:\/\/www.sgagora.com.br\/sg\/121mapa-lista-oito-pragas-que-terao-combate-priorizado-com-registro-de-defensivos\/\">Leia Mais<\/a><\/p>\n","protected":false},"author":1,"featured_media":15797,"comment_status":"open","ping_status":"open","sticky":false,"template":"","format":"standard","meta":{"_bbp_topic_count":0,"_bbp_reply_count":0,"_bbp_total_topic_count":0,"_bbp_total_reply_count":0,"_bbp_voice_count":0,"_bbp_anonymous_reply_count":0,"_bbp_topic_count_hidden":0,"_bbp_reply_count_hidden":0,"_bbp_forum_subforum_count":0},"categories":[77],"tags":[],"yoast_head":"<!-- This site is optimized with the Yoast SEO plugin v20.5 - https:\/\/yoast.com\/wordpress\/plugins\/seo\/ -->\n<title>Mapa lista oito pragas que ter\u00e3o combate priorizado com registro de defensivos<\/title>\n<meta name=\"description\" content=\"&quot;S\u00e3o consideradas pragas de maior risco fitossanit\u00e1rio e import\u00e2ncia econ\u00f4mica, necessitando de prioriza\u00e7\u00e3o de registros de produtos para seu controle&quot;, diz a publica\u00e7\u00e3o.\" \/>\n<meta name=\"robots\" content=\"index, follow, max-snippet:-1, max-image-preview:large, max-video-preview:-1\" \/>\n<link rel=\"canonical\" href=\"https:\/\/www.sgagora.com.br\/sg\/121mapa-lista-oito-pragas-que-terao-combate-priorizado-com-registro-de-defensivos\/\" \/>\n<meta property=\"og:locale\" content=\"pt_BR\" \/>\n<meta property=\"og:type\" content=\"article\" \/>\n<meta property=\"og:title\" content=\"Mapa lista oito pragas que ter\u00e3o combate priorizado com registro de defensivos\" \/>\n<meta property=\"og:description\" content=\"&quot;S\u00e3o consideradas pragas de maior risco fitossanit\u00e1rio e import\u00e2ncia econ\u00f4mica, necessitando de prioriza\u00e7\u00e3o de registros de produtos para seu controle&quot;, diz a publica\u00e7\u00e3o.\" \/>\n<meta property=\"og:url\" content=\"https:\/\/www.sgagora.com.br\/sg\/121mapa-lista-oito-pragas-que-terao-combate-priorizado-com-registro-de-defensivos\/\" \/>\n<meta property=\"og:site_name\" content=\"SGAgora\" \/>\n<meta property=\"article:publisher\" content=\"https:\/\/www.facebook.com\/sgagora\" \/>\n<meta property=\"article:published_time\" content=\"2015-08-25T06:13:05+00:00\" \/>\n<meta property=\"article:modified_time\" content=\"2015-09-14T13:08:54+00:00\" \/>\n<meta property=\"og:image\" content=\"https:\/\/www.sgagora.com.br\/sg\/wp-content\/uploads\/2015\/08\/1415893237290-e1440482984463.jpg\" \/>\n\t<meta property=\"og:image:width\" content=\"600\" \/>\n\t<meta property=\"og:image:height\" content=\"413\" \/>\n\t<meta property=\"og:image:type\" content=\"image\/jpeg\" \/>\n<meta name=\"author\" content=\"SG Agora\" \/>\n<meta name=\"twitter:label1\" content=\"Escrito por\" \/>\n\t<meta name=\"twitter:data1\" content=\"SG Agora\" \/>\n\t<meta name=\"twitter:label2\" content=\"Est. tempo de leitura\" \/>\n\t<meta name=\"twitter:data2\" content=\"4 minutos\" \/>\n<script type=\"application\/ld+json\" class=\"yoast-schema-graph\">{\"@context\":\"https:\/\/schema.org\",\"@graph\":[{\"@type\":\"WebPage\",\"@id\":\"https:\/\/www.sgagora.com.br\/sg\/121mapa-lista-oito-pragas-que-terao-combate-priorizado-com-registro-de-defensivos\/\",\"url\":\"https:\/\/www.sgagora.com.br\/sg\/121mapa-lista-oito-pragas-que-terao-combate-priorizado-com-registro-de-defensivos\/\",\"name\":\"Mapa lista oito pragas que ter\u00e3o combate priorizado com registro de defensivos\",\"isPartOf\":{\"@id\":\"https:\/\/www.sgagora.com.br\/sg\/#website\"},\"datePublished\":\"2015-08-25T06:13:05+00:00\",\"dateModified\":\"2015-09-14T13:08:54+00:00\",\"author\":{\"@id\":\"https:\/\/www.sgagora.com.br\/sg\/#\/schema\/person\/2be62cfb47cee3e0b305e4f7a765ae41\"},\"description\":\"\\\"S\u00e3o consideradas pragas de maior risco fitossanit\u00e1rio e import\u00e2ncia econ\u00f4mica, necessitando de prioriza\u00e7\u00e3o de registros de produtos para seu controle\\\", diz a publica\u00e7\u00e3o.\",\"breadcrumb\":{\"@id\":\"https:\/\/www.sgagora.com.br\/sg\/121mapa-lista-oito-pragas-que-terao-combate-priorizado-com-registro-de-defensivos\/#breadcrumb\"},\"inLanguage\":\"pt-BR\",\"potentialAction\":[{\"@type\":\"ReadAction\",\"target\":[\"https:\/\/www.sgagora.com.br\/sg\/121mapa-lista-oito-pragas-que-terao-combate-priorizado-com-registro-de-defensivos\/\"]}]},{\"@type\":\"BreadcrumbList\",\"@id\":\"https:\/\/www.sgagora.com.br\/sg\/121mapa-lista-oito-pragas-que-terao-combate-priorizado-com-registro-de-defensivos\/#breadcrumb\",\"itemListElement\":[{\"@type\":\"ListItem\",\"position\":1,\"name\":\"In\u00edcio\",\"item\":\"https:\/\/www.sgagora.com.br\/sg\/\"},{\"@type\":\"ListItem\",\"position\":2,\"name\":\"Mapa lista oito pragas que ter\u00e3o combate priorizado com registro de defensivos\"}]},{\"@type\":\"WebSite\",\"@id\":\"https:\/\/www.sgagora.com.br\/sg\/#website\",\"url\":\"https:\/\/www.sgagora.com.br\/sg\/\",\"name\":\"SGAgora\",\"description\":\"Not\u00edcias de S\u00e3o Gotardo\",\"potentialAction\":[{\"@type\":\"SearchAction\",\"target\":{\"@type\":\"EntryPoint\",\"urlTemplate\":\"https:\/\/www.sgagora.com.br\/sg\/?s={search_term_string}\"},\"query-input\":\"required name=search_term_string\"}],\"inLanguage\":\"pt-BR\"},{\"@type\":\"Person\",\"@id\":\"https:\/\/www.sgagora.com.br\/sg\/#\/schema\/person\/2be62cfb47cee3e0b305e4f7a765ae41\",\"name\":\"SG Agora\",\"image\":{\"@type\":\"ImageObject\",\"inLanguage\":\"pt-BR\",\"@id\":\"https:\/\/www.sgagora.com.br\/sg\/#\/schema\/person\/image\/\",\"url\":\"https:\/\/secure.gravatar.com\/avatar\/a0c612a9a8c3e7419d6fd4f92e749d8d?s=96&d=mm&r=g\",\"contentUrl\":\"https:\/\/secure.gravatar.com\/avatar\/a0c612a9a8c3e7419d6fd4f92e749d8d?s=96&d=mm&r=g\",\"caption\":\"SG Agora\"},\"url\":\"https:\/\/www.sgagora.com.br\/sg\/author\/admin\/\"}]}<\/script>\n<!-- \/ Yoast SEO plugin. -->","yoast_head_json":{"title":"Mapa lista oito pragas que ter\u00e3o combate priorizado com registro de defensivos","description":"\"S\u00e3o consideradas pragas de maior risco fitossanit\u00e1rio e import\u00e2ncia econ\u00f4mica, necessitando de prioriza\u00e7\u00e3o de registros de produtos para seu controle\", diz a publica\u00e7\u00e3o.","robots":{"index":"index","follow":"follow","max-snippet":"max-snippet:-1","max-image-preview":"max-image-preview:large","max-video-preview":"max-video-preview:-1"},"canonical":"https:\/\/www.sgagora.com.br\/sg\/121mapa-lista-oito-pragas-que-terao-combate-priorizado-com-registro-de-defensivos\/","og_locale":"pt_BR","og_type":"article","og_title":"Mapa lista oito pragas que ter\u00e3o combate priorizado com registro de defensivos","og_description":"\"S\u00e3o consideradas pragas de maior risco fitossanit\u00e1rio e import\u00e2ncia econ\u00f4mica, necessitando de prioriza\u00e7\u00e3o de registros de produtos para seu controle\", diz a publica\u00e7\u00e3o.","og_url":"https:\/\/www.sgagora.com.br\/sg\/121mapa-lista-oito-pragas-que-terao-combate-priorizado-com-registro-de-defensivos\/","og_site_name":"SGAgora","article_publisher":"https:\/\/www.facebook.com\/sgagora","article_published_time":"2015-08-25T06:13:05+00:00","article_modified_time":"2015-09-14T13:08:54+00:00","og_image":[{"width":600,"height":413,"url":"https:\/\/www.sgagora.com.br\/sg\/wp-content\/uploads\/2015\/08\/1415893237290-e1440482984463.jpg","type":"image\/jpeg"}],"author":"SG Agora","twitter_misc":{"Escrito por":"SG Agora","Est. tempo de leitura":"4 minutos"},"schema":{"@context":"https:\/\/schema.org","@graph":[{"@type":"WebPage","@id":"https:\/\/www.sgagora.com.br\/sg\/121mapa-lista-oito-pragas-que-terao-combate-priorizado-com-registro-de-defensivos\/","url":"https:\/\/www.sgagora.com.br\/sg\/121mapa-lista-oito-pragas-que-terao-combate-priorizado-com-registro-de-defensivos\/","name":"Mapa lista oito pragas que ter\u00e3o combate priorizado com registro de defensivos","isPartOf":{"@id":"https:\/\/www.sgagora.com.br\/sg\/#website"},"datePublished":"2015-08-25T06:13:05+00:00","dateModified":"2015-09-14T13:08:54+00:00","author":{"@id":"https:\/\/www.sgagora.com.br\/sg\/#\/schema\/person\/2be62cfb47cee3e0b305e4f7a765ae41"},"description":"\"S\u00e3o consideradas pragas de maior risco fitossanit\u00e1rio e import\u00e2ncia econ\u00f4mica, necessitando de prioriza\u00e7\u00e3o de registros de produtos para seu controle\", diz a publica\u00e7\u00e3o.","breadcrumb":{"@id":"https:\/\/www.sgagora.com.br\/sg\/121mapa-lista-oito-pragas-que-terao-combate-priorizado-com-registro-de-defensivos\/#breadcrumb"},"inLanguage":"pt-BR","potentialAction":[{"@type":"ReadAction","target":["https:\/\/www.sgagora.com.br\/sg\/121mapa-lista-oito-pragas-que-terao-combate-priorizado-com-registro-de-defensivos\/"]}]},{"@type":"BreadcrumbList","@id":"https:\/\/www.sgagora.com.br\/sg\/121mapa-lista-oito-pragas-que-terao-combate-priorizado-com-registro-de-defensivos\/#breadcrumb","itemListElement":[{"@type":"ListItem","position":1,"name":"In\u00edcio","item":"https:\/\/www.sgagora.com.br\/sg\/"},{"@type":"ListItem","position":2,"name":"Mapa lista oito pragas que ter\u00e3o combate priorizado com registro de defensivos"}]},{"@type":"WebSite","@id":"https:\/\/www.sgagora.com.br\/sg\/#website","url":"https:\/\/www.sgagora.com.br\/sg\/","name":"SGAgora","description":"Not\u00edcias de S\u00e3o Gotardo","potentialAction":[{"@type":"SearchAction","target":{"@type":"EntryPoint","urlTemplate":"https:\/\/www.sgagora.com.br\/sg\/?s={search_term_string}"},"query-input":"required name=search_term_string"}],"inLanguage":"pt-BR"},{"@type":"Person","@id":"https:\/\/www.sgagora.com.br\/sg\/#\/schema\/person\/2be62cfb47cee3e0b305e4f7a765ae41","name":"SG Agora","image":{"@type":"ImageObject","inLanguage":"pt-BR","@id":"https:\/\/www.sgagora.com.br\/sg\/#\/schema\/person\/image\/","url":"https:\/\/secure.gravatar.com\/avatar\/a0c612a9a8c3e7419d6fd4f92e749d8d?s=96&d=mm&r=g","contentUrl":"https:\/\/secure.gravatar.com\/avatar\/a0c612a9a8c3e7419d6fd4f92e749d8d?s=96&d=mm&r=g","caption":"SG Agora"},"url":"https:\/\/www.sgagora.com.br\/sg\/author\/admin\/"}]}},"_links":{"self":[{"href":"https:\/\/www.sgagora.com.br\/sg\/wp-json\/wp\/v2\/posts\/15795"}],"collection":[{"href":"https:\/\/www.sgagora.com.br\/sg\/wp-json\/wp\/v2\/posts"}],"about":[{"href":"https:\/\/www.sgagora.com.br\/sg\/wp-json\/wp\/v2\/types\/post"}],"author":[{"embeddable":true,"href":"https:\/\/www.sgagora.com.br\/sg\/wp-json\/wp\/v2\/users\/1"}],"replies":[{"embeddable":true,"href":"https:\/\/www.sgagora.com.br\/sg\/wp-json\/wp\/v2\/comments?post=15795"}],"version-history":[{"count":3,"href":"https:\/\/www.sgagora.com.br\/sg\/wp-json\/wp\/v2\/posts\/15795\/revisions"}],"predecessor-version":[{"id":15801,"href":"https:\/\/www.sgagora.com.br\/sg\/wp-json\/wp\/v2\/posts\/15795\/revisions\/15801"}],"wp:featuredmedia":[{"embeddable":true,"href":"https:\/\/www.sgagora.com.br\/sg\/wp-json\/wp\/v2\/media\/15797"}],"wp:attachment":[{"href":"https:\/\/www.sgagora.com.br\/sg\/wp-json\/wp\/v2\/media?parent=15795"}],"wp:term":[{"taxonomy":"category","embeddable":true,"href":"https:\/\/www.sgagora.com.br\/sg\/wp-json\/wp\/v2\/categories?post=15795"},{"taxonomy":"post_tag","embeddable":true,"href":"https:\/\/www.sgagora.com.br\/sg\/wp-json\/wp\/v2\/tags?post=15795"}],"curies":[{"name":"wp","href":"https:\/\/api.w.org\/{rel}","templated":true}]}}