{"id":18894,"date":"2015-10-02T14:06:57","date_gmt":"2015-10-02T14:06:57","guid":{"rendered":"http:\/\/www.sgagora.com.br\/sg\/?p=18894"},"modified":"2015-10-02T14:06:57","modified_gmt":"2015-10-02T14:06:57","slug":"caminhao-que-transportava-gado-capota-na-mgc-354-e-pai-e-filho-saem-ilesos-de-acidente-cinematografico","status":"publish","type":"post","link":"https:\/\/www.sgagora.com.br\/sg\/caminhao-que-transportava-gado-capota-na-mgc-354-e-pai-e-filho-saem-ilesos-de-acidente-cinematografico\/","title":{"rendered":"Caminh\u00e3o que transportava Gado capota na MGC-354 e pai e filho saem ilesos de acidente cinematogr\u00e1fico"},"content":{"rendered":"<p>Um grav\u00edssimo acidente aconteceu nesta quinta-feira (01\/10) na MGC-354 pr\u00f3ximo a cidade de Presidente Oleg\u00e1rio e por muita sorte duas pessoas que estavam no ve\u00edculo sofreram apenas ferimentos leves. A cena que parecia de cinema deixou a cabine do caminh\u00e3o totalmente destru\u00edda e v\u00e1rios animais que eram transportados no caminh\u00e3o ficaram em estado grave de sa\u00fade e precisaram ser sacrificados. Um dos animais ficou preso debaixo do ve\u00edculo e morreu na hora.<\/p>\n<p>De acordo com informa\u00e7\u00f5es do o condutor do ve\u00edculo Maycon O. F., 27 anos, e seu pai Valdemir F. F., 55 anos, os dois seguiam sentido Presidente Oleg\u00e1rio a Lagamar, quando na altura do KM 147, o pneu dianteiro do caminh\u00e3o estourou. Com o incidente o motorista perdeu o controle da dire\u00e7\u00e3o do caminh\u00e3o que saiu da pista, passando entre dois eucaliptos as margens da rodovia e caindo em um barranco. Por muito pouco o caminh\u00e3o n\u00e3o caiu dentro de uma represa que fica as margens da rodovia. Vale ressaltar que o estado de conserva\u00e7\u00e3o dos pneus eram p\u00e9ssimos o que pode ter ocasionado \u00a0e complicado o acidente.<\/p>\n<p>Com a batida \u00a0a cabine do ve\u00edculo ficou totalmente destru\u00edda. Os dois ocupantes que estavam no caminh\u00e3o sa\u00edram de dentro do que restou da cabine com a ajuda de terceiros e usando um \u201cmacaco\u201d. O condutor do ve\u00edculo saiu ileso do acidente. J\u00e1 seu pai reclamava de dores na cabe\u00e7a e na perna e foi encaminhado para o Hospital Regional de Patos de Minas.<\/p>\n<p>De acordo com um irm\u00e3o de Valdemir que compareceu ao local do acidente, o mesmo tinha adquirido o caminh\u00e3o Mercedes-Benz, placas de Vazante \u00e0 poucos dias, e tinha acabado de fazer uma reforma no ve\u00edculo. Pai e filho s\u00e3o moradores da cidade de Presidente Oleg\u00e1rio.<\/p>\n<p>Vinte cabe\u00e7as de gado que eram transportadas no caminh\u00e3o. Uma morreu e outras tr\u00eas ficaram feridas e tiveram que ser sacrificadas. A Pol\u00edcia Rodovi\u00e1ria Estadual e a Pol\u00edcia Militar de Presidente Oleg\u00e1rio auxiliaram no socorro aos caminhoneiros e controlaram o transito no local posteriormente liberando a rodovia.<\/p>\n<p><strong>Confiram as fotos do grave acidente:<\/strong><\/p>\n\n\t\t<style type=\"text\/css\">\n\t\t\t#gallery-1 {\n\t\t\t\tmargin: auto;\n\t\t\t}\n\t\t\t#gallery-1 .gallery-item {\n\t\t\t\tfloat: left;\n\t\t\t\tmargin-top: 10px;\n\t\t\t\ttext-align: center;\n\t\t\t\twidth: 25%;\n\t\t\t}\n\t\t\t#gallery-1 img {\n\t\t\t\tborder: 2px solid #cfcfcf;\n\t\t\t}\n\t\t\t#gallery-1 .gallery-caption {\n\t\t\t\tmargin-left: 0;\n\t\t\t}\n\t\t\t\/* see gallery_shortcode() in wp-includes\/media.php *\/\n\t\t<\/style>\n\t\t<div id='gallery-1' class='gallery galleryid-18894 gallery-columns-4 gallery-size-thumbnail'><dl class='gallery-item'>\n\t\t\t<dt class='gallery-icon landscape'>\n\t\t\t\t<a class=\"prettyphoto\" rel=\"prettyPhoto[gallery]\" href='https:\/\/www.sgagora.com.br\/sg\/caminhao-que-transportava-gado-capota-na-mgc-354-e-pai-e-filho-saem-ilesos-de-acidente-cinematografico\/12047591_1130237713671804_1010937885_n\/'><img width=\"80\" height=\"80\" src=\"https:\/\/www.sgagora.com.br\/sg\/wp-content\/uploads\/2015\/10\/12047591_1130237713671804_1010937885_n-80x80.jpg\" class=\"attachment-thumbnail size-thumbnail\" alt=\"\" decoding=\"async\" loading=\"lazy\" srcset=\"https:\/\/www.sgagora.com.br\/sg\/wp-content\/uploads\/2015\/10\/12047591_1130237713671804_1010937885_n-80x80.jpg 80w, https:\/\/www.sgagora.com.br\/sg\/wp-content\/uploads\/2015\/10\/12047591_1130237713671804_1010937885_n-65x65.jpg 65w\" sizes=\"(max-width: 80px) 100vw, 80px\" \/><\/a>\n\t\t\t<\/dt><\/dl><dl class='gallery-item'>\n\t\t\t<dt class='gallery-icon landscape'>\n\t\t\t\t<a class=\"prettyphoto\" rel=\"prettyPhoto[gallery]\" href='https:\/\/www.sgagora.com.br\/sg\/caminhao-que-transportava-gado-capota-na-mgc-354-e-pai-e-filho-saem-ilesos-de-acidente-cinematografico\/12048617_1130237717005137_1770283367_n\/'><img width=\"80\" height=\"80\" src=\"https:\/\/www.sgagora.com.br\/sg\/wp-content\/uploads\/2015\/10\/12048617_1130237717005137_1770283367_n-80x80.jpg\" class=\"attachment-thumbnail size-thumbnail\" alt=\"\" decoding=\"async\" loading=\"lazy\" srcset=\"https:\/\/www.sgagora.com.br\/sg\/wp-content\/uploads\/2015\/10\/12048617_1130237717005137_1770283367_n-80x80.jpg 80w, https:\/\/www.sgagora.com.br\/sg\/wp-content\/uploads\/2015\/10\/12048617_1130237717005137_1770283367_n-65x65.jpg 65w\" sizes=\"(max-width: 80px) 100vw, 80px\" \/><\/a>\n\t\t\t<\/dt><\/dl><dl class='gallery-item'>\n\t\t\t<dt class='gallery-icon landscape'>\n\t\t\t\t<a class=\"prettyphoto\" rel=\"prettyPhoto[gallery]\" href='https:\/\/www.sgagora.com.br\/sg\/caminhao-que-transportava-gado-capota-na-mgc-354-e-pai-e-filho-saem-ilesos-de-acidente-cinematografico\/12077304_1130237760338466_2080226746_n\/'><img width=\"80\" height=\"80\" src=\"https:\/\/www.sgagora.com.br\/sg\/wp-content\/uploads\/2015\/10\/12077304_1130237760338466_2080226746_n-80x80.jpg\" class=\"attachment-thumbnail size-thumbnail\" alt=\"\" decoding=\"async\" loading=\"lazy\" srcset=\"https:\/\/www.sgagora.com.br\/sg\/wp-content\/uploads\/2015\/10\/12077304_1130237760338466_2080226746_n-80x80.jpg 80w, https:\/\/www.sgagora.com.br\/sg\/wp-content\/uploads\/2015\/10\/12077304_1130237760338466_2080226746_n-65x65.jpg 65w\" sizes=\"(max-width: 80px) 100vw, 80px\" \/><\/a>\n\t\t\t<\/dt><\/dl><dl class='gallery-item'>\n\t\t\t<dt class='gallery-icon landscape'>\n\t\t\t\t<a class=\"prettyphoto\" rel=\"prettyPhoto[gallery]\" href='https:\/\/www.sgagora.com.br\/sg\/caminhao-que-transportava-gado-capota-na-mgc-354-e-pai-e-filho-saem-ilesos-de-acidente-cinematografico\/12077325_1130237720338470_1599637080_n\/'><img width=\"80\" height=\"80\" src=\"https:\/\/www.sgagora.com.br\/sg\/wp-content\/uploads\/2015\/10\/12077325_1130237720338470_1599637080_n-80x80.jpg\" class=\"attachment-thumbnail size-thumbnail\" alt=\"\" decoding=\"async\" loading=\"lazy\" srcset=\"https:\/\/www.sgagora.com.br\/sg\/wp-content\/uploads\/2015\/10\/12077325_1130237720338470_1599637080_n-80x80.jpg 80w, https:\/\/www.sgagora.com.br\/sg\/wp-content\/uploads\/2015\/10\/12077325_1130237720338470_1599637080_n-65x65.jpg 65w\" sizes=\"(max-width: 80px) 100vw, 80px\" \/><\/a>\n\t\t\t<\/dt><\/dl><br style=\"clear: both\" \/><dl class='gallery-item'>\n\t\t\t<dt class='gallery-icon landscape'>\n\t\t\t\t<a class=\"prettyphoto\" rel=\"prettyPhoto[gallery]\" href='https:\/\/www.sgagora.com.br\/sg\/caminhao-que-transportava-gado-capota-na-mgc-354-e-pai-e-filho-saem-ilesos-de-acidente-cinematografico\/12081604_1130237707005138_137781198_n\/'><img width=\"80\" height=\"80\" src=\"https:\/\/www.sgagora.com.br\/sg\/wp-content\/uploads\/2015\/10\/12081604_1130237707005138_137781198_n-80x80.jpg\" class=\"attachment-thumbnail size-thumbnail\" alt=\"\" decoding=\"async\" loading=\"lazy\" srcset=\"https:\/\/www.sgagora.com.br\/sg\/wp-content\/uploads\/2015\/10\/12081604_1130237707005138_137781198_n-80x80.jpg 80w, https:\/\/www.sgagora.com.br\/sg\/wp-content\/uploads\/2015\/10\/12081604_1130237707005138_137781198_n-65x65.jpg 65w\" sizes=\"(max-width: 80px) 100vw, 80px\" \/><\/a>\n\t\t\t<\/dt><\/dl><dl class='gallery-item'>\n\t\t\t<dt class='gallery-icon landscape'>\n\t\t\t\t<a class=\"prettyphoto\" rel=\"prettyPhoto[gallery]\" href='https:\/\/www.sgagora.com.br\/sg\/caminhao-que-transportava-gado-capota-na-mgc-354-e-pai-e-filho-saem-ilesos-de-acidente-cinematografico\/12087575_1130237733671802_1910411523_n\/'><img width=\"80\" height=\"80\" src=\"https:\/\/www.sgagora.com.br\/sg\/wp-content\/uploads\/2015\/10\/12087575_1130237733671802_1910411523_n-80x80.jpg\" class=\"attachment-thumbnail size-thumbnail\" alt=\"\" decoding=\"async\" loading=\"lazy\" srcset=\"https:\/\/www.sgagora.com.br\/sg\/wp-content\/uploads\/2015\/10\/12087575_1130237733671802_1910411523_n-80x80.jpg 80w, https:\/\/www.sgagora.com.br\/sg\/wp-content\/uploads\/2015\/10\/12087575_1130237733671802_1910411523_n-65x65.jpg 65w\" sizes=\"(max-width: 80px) 100vw, 80px\" \/><\/a>\n\t\t\t<\/dt><\/dl><dl class='gallery-item'>\n\t\t\t<dt class='gallery-icon landscape'>\n\t\t\t\t<a class=\"prettyphoto\" rel=\"prettyPhoto[gallery]\" href='https:\/\/www.sgagora.com.br\/sg\/caminhao-que-transportava-gado-capota-na-mgc-354-e-pai-e-filho-saem-ilesos-de-acidente-cinematografico\/12092341_1130237703671805_1768595271_n\/'><img width=\"80\" height=\"80\" src=\"https:\/\/www.sgagora.com.br\/sg\/wp-content\/uploads\/2015\/10\/12092341_1130237703671805_1768595271_n-80x80.jpg\" class=\"attachment-thumbnail size-thumbnail\" alt=\"\" decoding=\"async\" loading=\"lazy\" srcset=\"https:\/\/www.sgagora.com.br\/sg\/wp-content\/uploads\/2015\/10\/12092341_1130237703671805_1768595271_n-80x80.jpg 80w, https:\/\/www.sgagora.com.br\/sg\/wp-content\/uploads\/2015\/10\/12092341_1130237703671805_1768595271_n-65x65.jpg 65w\" sizes=\"(max-width: 80px) 100vw, 80px\" \/><\/a>\n\t\t\t<\/dt><\/dl><dl class='gallery-item'>\n\t\t\t<dt class='gallery-icon landscape'>\n\t\t\t\t<a class=\"prettyphoto\" rel=\"prettyPhoto[gallery]\" href='https:\/\/www.sgagora.com.br\/sg\/caminhao-que-transportava-gado-capota-na-mgc-354-e-pai-e-filho-saem-ilesos-de-acidente-cinematografico\/12092462_1130237723671803_20360020_n\/'><img width=\"80\" height=\"80\" src=\"https:\/\/www.sgagora.com.br\/sg\/wp-content\/uploads\/2015\/10\/12092462_1130237723671803_20360020_n-80x80.jpg\" class=\"attachment-thumbnail size-thumbnail\" alt=\"\" decoding=\"async\" loading=\"lazy\" srcset=\"https:\/\/www.sgagora.com.br\/sg\/wp-content\/uploads\/2015\/10\/12092462_1130237723671803_20360020_n-80x80.jpg 80w, https:\/\/www.sgagora.com.br\/sg\/wp-content\/uploads\/2015\/10\/12092462_1130237723671803_20360020_n-65x65.jpg 65w\" sizes=\"(max-width: 80px) 100vw, 80px\" \/><\/a>\n\t\t\t<\/dt><\/dl><br style=\"clear: both\" \/>\n\t\t<\/div>\n\n<p>&nbsp;<\/p>\n<p><em>Fonte da reportagem: <strong>Patos 1<\/strong><\/em><br \/>\n<em>Fotos: <strong>Hamilton Amorim<\/strong><\/em><\/p>\n","protected":false},"excerpt":{"rendered":"<p>Um grav\u00edssimo acidente aconteceu nesta quinta-feira (01\/10) na MGC-354 pr\u00f3ximo a cidade de Presidente Oleg\u00e1rio e por muita sorte duas pessoas que estavam no ve\u00edculo sofreram apenas ferimentos leves. A cena que parecia de cinema &#8230; <a class=\"readmore\" href=\"https:\/\/www.sgagora.com.br\/sg\/caminhao-que-transportava-gado-capota-na-mgc-354-e-pai-e-filho-saem-ilesos-de-acidente-cinematografico\/\">Leia Mais<\/a><\/p>\n","protected":false},"author":1,"featured_media":18903,"comment_status":"open","ping_status":"open","sticky":false,"template":"","format":"standard","meta":{"_bbp_topic_count":0,"_bbp_reply_count":0,"_bbp_total_topic_count":0,"_bbp_total_reply_count":0,"_bbp_voice_count":0,"_bbp_anonymous_reply_count":0,"_bbp_topic_count_hidden":0,"_bbp_reply_count_hidden":0,"_bbp_forum_subforum_count":0},"categories":[84,77,81],"tags":[],"yoast_head":"<!-- This site is optimized with the Yoast SEO plugin v20.5 - https:\/\/yoast.com\/wordpress\/plugins\/seo\/ -->\n<title>Caminh\u00e3o que transportava Gado capota na MGC-354 e pai e filho saem ilesos de acidente cinematogr\u00e1fico<\/title>\n<meta name=\"description\" content=\"Grave acidente aconteceu nesta quinta-feira (01\/10). V\u00e1rias cabe\u00e7as de Gado que eram transportadas no ve\u00edculo acabaram morrendo ou sendo sacrificadas.\" \/>\n<meta name=\"robots\" content=\"index, follow, max-snippet:-1, max-image-preview:large, max-video-preview:-1\" \/>\n<link rel=\"canonical\" href=\"https:\/\/www.sgagora.com.br\/sg\/caminhao-que-transportava-gado-capota-na-mgc-354-e-pai-e-filho-saem-ilesos-de-acidente-cinematografico\/\" \/>\n<meta property=\"og:locale\" content=\"pt_BR\" \/>\n<meta property=\"og:type\" content=\"article\" \/>\n<meta property=\"og:title\" content=\"Caminh\u00e3o que transportava Gado capota na MGC-354 e pai e filho saem ilesos de acidente cinematogr\u00e1fico\" \/>\n<meta property=\"og:description\" content=\"Grave acidente aconteceu nesta quinta-feira (01\/10). V\u00e1rias cabe\u00e7as de Gado que eram transportadas no ve\u00edculo acabaram morrendo ou sendo sacrificadas.\" \/>\n<meta property=\"og:url\" content=\"https:\/\/www.sgagora.com.br\/sg\/caminhao-que-transportava-gado-capota-na-mgc-354-e-pai-e-filho-saem-ilesos-de-acidente-cinematografico\/\" \/>\n<meta property=\"og:site_name\" content=\"SGAgora\" \/>\n<meta property=\"article:publisher\" content=\"https:\/\/www.facebook.com\/sgagora\" \/>\n<meta property=\"article:published_time\" content=\"2015-10-02T14:06:57+00:00\" \/>\n<meta property=\"og:image\" content=\"https:\/\/www.sgagora.com.br\/sg\/wp-content\/uploads\/2015\/10\/12092341_1130237703671805_1768595271_n1-e1443794482843.jpg\" \/>\n\t<meta property=\"og:image:width\" content=\"600\" \/>\n\t<meta property=\"og:image:height\" content=\"450\" \/>\n\t<meta property=\"og:image:type\" content=\"image\/jpeg\" \/>\n<meta name=\"author\" content=\"SG Agora\" \/>\n<meta name=\"twitter:label1\" content=\"Escrito por\" \/>\n\t<meta name=\"twitter:data1\" content=\"SG Agora\" \/>\n\t<meta name=\"twitter:label2\" content=\"Est. tempo de leitura\" \/>\n\t<meta name=\"twitter:data2\" content=\"2 minutos\" \/>\n<script type=\"application\/ld+json\" class=\"yoast-schema-graph\">{\"@context\":\"https:\/\/schema.org\",\"@graph\":[{\"@type\":\"WebPage\",\"@id\":\"https:\/\/www.sgagora.com.br\/sg\/caminhao-que-transportava-gado-capota-na-mgc-354-e-pai-e-filho-saem-ilesos-de-acidente-cinematografico\/\",\"url\":\"https:\/\/www.sgagora.com.br\/sg\/caminhao-que-transportava-gado-capota-na-mgc-354-e-pai-e-filho-saem-ilesos-de-acidente-cinematografico\/\",\"name\":\"Caminh\u00e3o que transportava Gado capota na MGC-354 e pai e filho saem ilesos de acidente cinematogr\u00e1fico\",\"isPartOf\":{\"@id\":\"https:\/\/www.sgagora.com.br\/sg\/#website\"},\"datePublished\":\"2015-10-02T14:06:57+00:00\",\"dateModified\":\"2015-10-02T14:06:57+00:00\",\"author\":{\"@id\":\"https:\/\/www.sgagora.com.br\/sg\/#\/schema\/person\/2be62cfb47cee3e0b305e4f7a765ae41\"},\"description\":\"Grave acidente aconteceu nesta quinta-feira (01\/10). V\u00e1rias cabe\u00e7as de Gado que eram transportadas no ve\u00edculo acabaram morrendo ou sendo sacrificadas.\",\"breadcrumb\":{\"@id\":\"https:\/\/www.sgagora.com.br\/sg\/caminhao-que-transportava-gado-capota-na-mgc-354-e-pai-e-filho-saem-ilesos-de-acidente-cinematografico\/#breadcrumb\"},\"inLanguage\":\"pt-BR\",\"potentialAction\":[{\"@type\":\"ReadAction\",\"target\":[\"https:\/\/www.sgagora.com.br\/sg\/caminhao-que-transportava-gado-capota-na-mgc-354-e-pai-e-filho-saem-ilesos-de-acidente-cinematografico\/\"]}]},{\"@type\":\"BreadcrumbList\",\"@id\":\"https:\/\/www.sgagora.com.br\/sg\/caminhao-que-transportava-gado-capota-na-mgc-354-e-pai-e-filho-saem-ilesos-de-acidente-cinematografico\/#breadcrumb\",\"itemListElement\":[{\"@type\":\"ListItem\",\"position\":1,\"name\":\"In\u00edcio\",\"item\":\"https:\/\/www.sgagora.com.br\/sg\/\"},{\"@type\":\"ListItem\",\"position\":2,\"name\":\"Caminh\u00e3o que transportava Gado capota na MGC-354 e pai e filho saem ilesos de acidente cinematogr\u00e1fico\"}]},{\"@type\":\"WebSite\",\"@id\":\"https:\/\/www.sgagora.com.br\/sg\/#website\",\"url\":\"https:\/\/www.sgagora.com.br\/sg\/\",\"name\":\"SGAgora\",\"description\":\"Not\u00edcias de S\u00e3o Gotardo\",\"potentialAction\":[{\"@type\":\"SearchAction\",\"target\":{\"@type\":\"EntryPoint\",\"urlTemplate\":\"https:\/\/www.sgagora.com.br\/sg\/?s={search_term_string}\"},\"query-input\":\"required name=search_term_string\"}],\"inLanguage\":\"pt-BR\"},{\"@type\":\"Person\",\"@id\":\"https:\/\/www.sgagora.com.br\/sg\/#\/schema\/person\/2be62cfb47cee3e0b305e4f7a765ae41\",\"name\":\"SG Agora\",\"image\":{\"@type\":\"ImageObject\",\"inLanguage\":\"pt-BR\",\"@id\":\"https:\/\/www.sgagora.com.br\/sg\/#\/schema\/person\/image\/\",\"url\":\"https:\/\/secure.gravatar.com\/avatar\/a0c612a9a8c3e7419d6fd4f92e749d8d?s=96&d=mm&r=g\",\"contentUrl\":\"https:\/\/secure.gravatar.com\/avatar\/a0c612a9a8c3e7419d6fd4f92e749d8d?s=96&d=mm&r=g\",\"caption\":\"SG Agora\"},\"url\":\"https:\/\/www.sgagora.com.br\/sg\/author\/admin\/\"}]}<\/script>\n<!-- \/ Yoast SEO plugin. -->","yoast_head_json":{"title":"Caminh\u00e3o que transportava Gado capota na MGC-354 e pai e filho saem ilesos de acidente cinematogr\u00e1fico","description":"Grave acidente aconteceu nesta quinta-feira (01\/10). V\u00e1rias cabe\u00e7as de Gado que eram transportadas no ve\u00edculo acabaram morrendo ou sendo sacrificadas.","robots":{"index":"index","follow":"follow","max-snippet":"max-snippet:-1","max-image-preview":"max-image-preview:large","max-video-preview":"max-video-preview:-1"},"canonical":"https:\/\/www.sgagora.com.br\/sg\/caminhao-que-transportava-gado-capota-na-mgc-354-e-pai-e-filho-saem-ilesos-de-acidente-cinematografico\/","og_locale":"pt_BR","og_type":"article","og_title":"Caminh\u00e3o que transportava Gado capota na MGC-354 e pai e filho saem ilesos de acidente cinematogr\u00e1fico","og_description":"Grave acidente aconteceu nesta quinta-feira (01\/10). V\u00e1rias cabe\u00e7as de Gado que eram transportadas no ve\u00edculo acabaram morrendo ou sendo sacrificadas.","og_url":"https:\/\/www.sgagora.com.br\/sg\/caminhao-que-transportava-gado-capota-na-mgc-354-e-pai-e-filho-saem-ilesos-de-acidente-cinematografico\/","og_site_name":"SGAgora","article_publisher":"https:\/\/www.facebook.com\/sgagora","article_published_time":"2015-10-02T14:06:57+00:00","og_image":[{"width":600,"height":450,"url":"https:\/\/www.sgagora.com.br\/sg\/wp-content\/uploads\/2015\/10\/12092341_1130237703671805_1768595271_n1-e1443794482843.jpg","type":"image\/jpeg"}],"author":"SG Agora","twitter_misc":{"Escrito por":"SG Agora","Est. tempo de leitura":"2 minutos"},"schema":{"@context":"https:\/\/schema.org","@graph":[{"@type":"WebPage","@id":"https:\/\/www.sgagora.com.br\/sg\/caminhao-que-transportava-gado-capota-na-mgc-354-e-pai-e-filho-saem-ilesos-de-acidente-cinematografico\/","url":"https:\/\/www.sgagora.com.br\/sg\/caminhao-que-transportava-gado-capota-na-mgc-354-e-pai-e-filho-saem-ilesos-de-acidente-cinematografico\/","name":"Caminh\u00e3o que transportava Gado capota na MGC-354 e pai e filho saem ilesos de acidente cinematogr\u00e1fico","isPartOf":{"@id":"https:\/\/www.sgagora.com.br\/sg\/#website"},"datePublished":"2015-10-02T14:06:57+00:00","dateModified":"2015-10-02T14:06:57+00:00","author":{"@id":"https:\/\/www.sgagora.com.br\/sg\/#\/schema\/person\/2be62cfb47cee3e0b305e4f7a765ae41"},"description":"Grave acidente aconteceu nesta quinta-feira (01\/10). V\u00e1rias cabe\u00e7as de Gado que eram transportadas no ve\u00edculo acabaram morrendo ou sendo sacrificadas.","breadcrumb":{"@id":"https:\/\/www.sgagora.com.br\/sg\/caminhao-que-transportava-gado-capota-na-mgc-354-e-pai-e-filho-saem-ilesos-de-acidente-cinematografico\/#breadcrumb"},"inLanguage":"pt-BR","potentialAction":[{"@type":"ReadAction","target":["https:\/\/www.sgagora.com.br\/sg\/caminhao-que-transportava-gado-capota-na-mgc-354-e-pai-e-filho-saem-ilesos-de-acidente-cinematografico\/"]}]},{"@type":"BreadcrumbList","@id":"https:\/\/www.sgagora.com.br\/sg\/caminhao-que-transportava-gado-capota-na-mgc-354-e-pai-e-filho-saem-ilesos-de-acidente-cinematografico\/#breadcrumb","itemListElement":[{"@type":"ListItem","position":1,"name":"In\u00edcio","item":"https:\/\/www.sgagora.com.br\/sg\/"},{"@type":"ListItem","position":2,"name":"Caminh\u00e3o que transportava Gado capota na MGC-354 e pai e filho saem ilesos de acidente cinematogr\u00e1fico"}]},{"@type":"WebSite","@id":"https:\/\/www.sgagora.com.br\/sg\/#website","url":"https:\/\/www.sgagora.com.br\/sg\/","name":"SGAgora","description":"Not\u00edcias de S\u00e3o Gotardo","potentialAction":[{"@type":"SearchAction","target":{"@type":"EntryPoint","urlTemplate":"https:\/\/www.sgagora.com.br\/sg\/?s={search_term_string}"},"query-input":"required name=search_term_string"}],"inLanguage":"pt-BR"},{"@type":"Person","@id":"https:\/\/www.sgagora.com.br\/sg\/#\/schema\/person\/2be62cfb47cee3e0b305e4f7a765ae41","name":"SG Agora","image":{"@type":"ImageObject","inLanguage":"pt-BR","@id":"https:\/\/www.sgagora.com.br\/sg\/#\/schema\/person\/image\/","url":"https:\/\/secure.gravatar.com\/avatar\/a0c612a9a8c3e7419d6fd4f92e749d8d?s=96&d=mm&r=g","contentUrl":"https:\/\/secure.gravatar.com\/avatar\/a0c612a9a8c3e7419d6fd4f92e749d8d?s=96&d=mm&r=g","caption":"SG Agora"},"url":"https:\/\/www.sgagora.com.br\/sg\/author\/admin\/"}]}},"_links":{"self":[{"href":"https:\/\/www.sgagora.com.br\/sg\/wp-json\/wp\/v2\/posts\/18894"}],"collection":[{"href":"https:\/\/www.sgagora.com.br\/sg\/wp-json\/wp\/v2\/posts"}],"about":[{"href":"https:\/\/www.sgagora.com.br\/sg\/wp-json\/wp\/v2\/types\/post"}],"author":[{"embeddable":true,"href":"https:\/\/www.sgagora.com.br\/sg\/wp-json\/wp\/v2\/users\/1"}],"replies":[{"embeddable":true,"href":"https:\/\/www.sgagora.com.br\/sg\/wp-json\/wp\/v2\/comments?post=18894"}],"version-history":[{"count":1,"href":"https:\/\/www.sgagora.com.br\/sg\/wp-json\/wp\/v2\/posts\/18894\/revisions"}],"predecessor-version":[{"id":18904,"href":"https:\/\/www.sgagora.com.br\/sg\/wp-json\/wp\/v2\/posts\/18894\/revisions\/18904"}],"wp:featuredmedia":[{"embeddable":true,"href":"https:\/\/www.sgagora.com.br\/sg\/wp-json\/wp\/v2\/media\/18903"}],"wp:attachment":[{"href":"https:\/\/www.sgagora.com.br\/sg\/wp-json\/wp\/v2\/media?parent=18894"}],"wp:term":[{"taxonomy":"category","embeddable":true,"href":"https:\/\/www.sgagora.com.br\/sg\/wp-json\/wp\/v2\/categories?post=18894"},{"taxonomy":"post_tag","embeddable":true,"href":"https:\/\/www.sgagora.com.br\/sg\/wp-json\/wp\/v2\/tags?post=18894"}],"curies":[{"name":"wp","href":"https:\/\/api.w.org\/{rel}","templated":true}]}}