{"id":2570,"date":"2014-10-03T05:13:56","date_gmt":"2014-10-03T05:13:56","guid":{"rendered":"http:\/\/www.sgagora.com.br\/sg\/?p=2570"},"modified":"2014-10-03T17:33:06","modified_gmt":"2014-10-03T17:33:06","slug":"adolescente-que-sofria-bullying-nao-aguenta-sofrimente-e-decide-ir-armado-para-escola","status":"publish","type":"post","link":"https:\/\/www.sgagora.com.br\/sg\/adolescente-que-sofria-bullying-nao-aguenta-sofrimente-e-decide-ir-armado-para-escola\/","title":{"rendered":"Adolescente que sofria Bullying n\u00e3o aguenta sofrimento e decide ir armado para Escola"},"content":{"rendered":"<p>Galena que \u00e9 distrito de Presidente Oleg\u00e1rio mostra que problema que j\u00e1 \u00e9 antigo atinge tanto cidades grandes quanto pequenas.<\/p>\n<p>Um garoto de 12 anos que sofria bullying na escola em Galena distrito de Presidente Oleg\u00e1rio n\u00e3o aguentou as provoca\u00e7\u00f5es de um aluno mais velho e levou duas facas para escola na tentativa de se defender das ame\u00e7as e zoa\u00e7\u00f5es do colega.<br \/>\nPorem, ao saber que a Pol\u00edcia Militar j\u00e1 sabia das facas e que estava a caminho da Escola, correu e levou as facas novamente para a casa.<br \/>\nAo conversar com o garoto a PM da cidade descobriu que ele havia sido amea\u00e7ado antes pelo colega de sala e por isso levou as facas para a escola. Na tentativa de conversar com o garoto a Pol\u00edcia chegou a conclus\u00e3o que o menino estava disposto a acertar as contas com o garoto que tanto lhe fez sofrer e decidiu chamar o Conselho Tutelar para resolu\u00e7\u00e3o do problema.<br \/>\nCom o Conselho Tutelar, mais um respons\u00e1vel de cada um dos adolescentes, os dois foram encaminhados para a Pol\u00edcia Civil de Presidente Oleg\u00e1rio.<br \/>\nO fato aconteceu nesta quinta-feira.<\/p>\n<p>Fonte da foto: http:\/\/www.patos1.com.br\/noticias\/?n=ZO36jmn9y8<\/p>\n","protected":false},"excerpt":{"rendered":"<p>Galena que \u00e9 distrito de Presidente Oleg\u00e1rio mostra que problema que j\u00e1 \u00e9 antigo atinge tanto cidades grandes quanto pequenas. Um garoto de 12 anos que sofria bullying na escola em Galena distrito de Presidente &#8230; <a class=\"readmore\" href=\"https:\/\/www.sgagora.com.br\/sg\/adolescente-que-sofria-bullying-nao-aguenta-sofrimente-e-decide-ir-armado-para-escola\/\">Leia Mais<\/a><\/p>\n","protected":false},"author":1,"featured_media":2571,"comment_status":"open","ping_status":"open","sticky":false,"template":"","format":"standard","meta":{"_bbp_topic_count":0,"_bbp_reply_count":0,"_bbp_total_topic_count":0,"_bbp_total_reply_count":0,"_bbp_voice_count":0,"_bbp_anonymous_reply_count":0,"_bbp_topic_count_hidden":0,"_bbp_reply_count_hidden":0,"_bbp_forum_subforum_count":0},"categories":[77,81],"tags":[966,2911,2910,2777,2909,2912],"yoast_head":"<!-- This site is optimized with the Yoast SEO plugin v20.5 - https:\/\/yoast.com\/wordpress\/plugins\/seo\/ -->\n<title>Adolescente que sofria Bullying n\u00e3o aguenta sofrimento e decide ir armado para Escola - SGAgora<\/title>\n<meta name=\"robots\" content=\"index, follow, max-snippet:-1, max-image-preview:large, max-video-preview:-1\" \/>\n<link rel=\"canonical\" href=\"https:\/\/www.sgagora.com.br\/sg\/adolescente-que-sofria-bullying-nao-aguenta-sofrimente-e-decide-ir-armado-para-escola\/\" \/>\n<meta property=\"og:locale\" content=\"pt_BR\" \/>\n<meta property=\"og:type\" content=\"article\" \/>\n<meta property=\"og:title\" content=\"Adolescente que sofria Bullying n\u00e3o aguenta sofrimento e decide ir armado para Escola - SGAgora\" \/>\n<meta property=\"og:description\" content=\"Galena que \u00e9 distrito de Presidente Oleg\u00e1rio mostra que problema que j\u00e1 \u00e9 antigo atinge tanto cidades grandes quanto pequenas. Um garoto de 12 anos que sofria bullying na escola em Galena distrito de Presidente ... Leia Mais\" \/>\n<meta property=\"og:url\" content=\"https:\/\/www.sgagora.com.br\/sg\/adolescente-que-sofria-bullying-nao-aguenta-sofrimente-e-decide-ir-armado-para-escola\/\" \/>\n<meta property=\"og:site_name\" content=\"SGAgora\" \/>\n<meta property=\"article:publisher\" content=\"https:\/\/www.facebook.com\/sgagora\" \/>\n<meta property=\"article:published_time\" content=\"2014-10-03T05:13:56+00:00\" \/>\n<meta property=\"article:modified_time\" content=\"2014-10-03T17:33:06+00:00\" \/>\n<meta property=\"og:image\" content=\"https:\/\/www.sgagora.com.br\/sg\/wp-content\/uploads\/2014\/10\/9b126adb522102c9e032bf11a36d534d_E.jpg\" \/>\n\t<meta property=\"og:image:width\" content=\"700\" \/>\n\t<meta property=\"og:image:height\" content=\"525\" \/>\n\t<meta property=\"og:image:type\" content=\"image\/jpeg\" \/>\n<meta name=\"author\" content=\"SG Agora\" \/>\n<meta name=\"twitter:label1\" content=\"Escrito por\" \/>\n\t<meta name=\"twitter:data1\" content=\"SG Agora\" \/>\n\t<meta name=\"twitter:label2\" content=\"Est. tempo de leitura\" \/>\n\t<meta name=\"twitter:data2\" content=\"1 minuto\" \/>\n<script type=\"application\/ld+json\" class=\"yoast-schema-graph\">{\"@context\":\"https:\/\/schema.org\",\"@graph\":[{\"@type\":\"WebPage\",\"@id\":\"https:\/\/www.sgagora.com.br\/sg\/adolescente-que-sofria-bullying-nao-aguenta-sofrimente-e-decide-ir-armado-para-escola\/\",\"url\":\"https:\/\/www.sgagora.com.br\/sg\/adolescente-que-sofria-bullying-nao-aguenta-sofrimente-e-decide-ir-armado-para-escola\/\",\"name\":\"Adolescente que sofria Bullying n\u00e3o aguenta sofrimento e decide ir armado para Escola - SGAgora\",\"isPartOf\":{\"@id\":\"https:\/\/www.sgagora.com.br\/sg\/#website\"},\"datePublished\":\"2014-10-03T05:13:56+00:00\",\"dateModified\":\"2014-10-03T17:33:06+00:00\",\"author\":{\"@id\":\"https:\/\/www.sgagora.com.br\/sg\/#\/schema\/person\/2be62cfb47cee3e0b305e4f7a765ae41\"},\"breadcrumb\":{\"@id\":\"https:\/\/www.sgagora.com.br\/sg\/adolescente-que-sofria-bullying-nao-aguenta-sofrimente-e-decide-ir-armado-para-escola\/#breadcrumb\"},\"inLanguage\":\"pt-BR\",\"potentialAction\":[{\"@type\":\"ReadAction\",\"target\":[\"https:\/\/www.sgagora.com.br\/sg\/adolescente-que-sofria-bullying-nao-aguenta-sofrimente-e-decide-ir-armado-para-escola\/\"]}]},{\"@type\":\"BreadcrumbList\",\"@id\":\"https:\/\/www.sgagora.com.br\/sg\/adolescente-que-sofria-bullying-nao-aguenta-sofrimente-e-decide-ir-armado-para-escola\/#breadcrumb\",\"itemListElement\":[{\"@type\":\"ListItem\",\"position\":1,\"name\":\"In\u00edcio\",\"item\":\"https:\/\/www.sgagora.com.br\/sg\/\"},{\"@type\":\"ListItem\",\"position\":2,\"name\":\"Adolescente que sofria Bullying n\u00e3o aguenta sofrimento e decide ir armado para Escola\"}]},{\"@type\":\"WebSite\",\"@id\":\"https:\/\/www.sgagora.com.br\/sg\/#website\",\"url\":\"https:\/\/www.sgagora.com.br\/sg\/\",\"name\":\"SGAgora\",\"description\":\"Not\u00edcias de S\u00e3o Gotardo\",\"potentialAction\":[{\"@type\":\"SearchAction\",\"target\":{\"@type\":\"EntryPoint\",\"urlTemplate\":\"https:\/\/www.sgagora.com.br\/sg\/?s={search_term_string}\"},\"query-input\":\"required name=search_term_string\"}],\"inLanguage\":\"pt-BR\"},{\"@type\":\"Person\",\"@id\":\"https:\/\/www.sgagora.com.br\/sg\/#\/schema\/person\/2be62cfb47cee3e0b305e4f7a765ae41\",\"name\":\"SG Agora\",\"image\":{\"@type\":\"ImageObject\",\"inLanguage\":\"pt-BR\",\"@id\":\"https:\/\/www.sgagora.com.br\/sg\/#\/schema\/person\/image\/\",\"url\":\"https:\/\/secure.gravatar.com\/avatar\/a0c612a9a8c3e7419d6fd4f92e749d8d?s=96&d=mm&r=g\",\"contentUrl\":\"https:\/\/secure.gravatar.com\/avatar\/a0c612a9a8c3e7419d6fd4f92e749d8d?s=96&d=mm&r=g\",\"caption\":\"SG Agora\"},\"url\":\"https:\/\/www.sgagora.com.br\/sg\/author\/admin\/\"}]}<\/script>\n<!-- \/ Yoast SEO plugin. -->","yoast_head_json":{"title":"Adolescente que sofria Bullying n\u00e3o aguenta sofrimento e decide ir armado para Escola - SGAgora","robots":{"index":"index","follow":"follow","max-snippet":"max-snippet:-1","max-image-preview":"max-image-preview:large","max-video-preview":"max-video-preview:-1"},"canonical":"https:\/\/www.sgagora.com.br\/sg\/adolescente-que-sofria-bullying-nao-aguenta-sofrimente-e-decide-ir-armado-para-escola\/","og_locale":"pt_BR","og_type":"article","og_title":"Adolescente que sofria Bullying n\u00e3o aguenta sofrimento e decide ir armado para Escola - SGAgora","og_description":"Galena que \u00e9 distrito de Presidente Oleg\u00e1rio mostra que problema que j\u00e1 \u00e9 antigo atinge tanto cidades grandes quanto pequenas. Um garoto de 12 anos que sofria bullying na escola em Galena distrito de Presidente ... Leia Mais","og_url":"https:\/\/www.sgagora.com.br\/sg\/adolescente-que-sofria-bullying-nao-aguenta-sofrimente-e-decide-ir-armado-para-escola\/","og_site_name":"SGAgora","article_publisher":"https:\/\/www.facebook.com\/sgagora","article_published_time":"2014-10-03T05:13:56+00:00","article_modified_time":"2014-10-03T17:33:06+00:00","og_image":[{"width":700,"height":525,"url":"https:\/\/www.sgagora.com.br\/sg\/wp-content\/uploads\/2014\/10\/9b126adb522102c9e032bf11a36d534d_E.jpg","type":"image\/jpeg"}],"author":"SG Agora","twitter_misc":{"Escrito por":"SG Agora","Est. tempo de leitura":"1 minuto"},"schema":{"@context":"https:\/\/schema.org","@graph":[{"@type":"WebPage","@id":"https:\/\/www.sgagora.com.br\/sg\/adolescente-que-sofria-bullying-nao-aguenta-sofrimente-e-decide-ir-armado-para-escola\/","url":"https:\/\/www.sgagora.com.br\/sg\/adolescente-que-sofria-bullying-nao-aguenta-sofrimente-e-decide-ir-armado-para-escola\/","name":"Adolescente que sofria Bullying n\u00e3o aguenta sofrimento e decide ir armado para Escola - SGAgora","isPartOf":{"@id":"https:\/\/www.sgagora.com.br\/sg\/#website"},"datePublished":"2014-10-03T05:13:56+00:00","dateModified":"2014-10-03T17:33:06+00:00","author":{"@id":"https:\/\/www.sgagora.com.br\/sg\/#\/schema\/person\/2be62cfb47cee3e0b305e4f7a765ae41"},"breadcrumb":{"@id":"https:\/\/www.sgagora.com.br\/sg\/adolescente-que-sofria-bullying-nao-aguenta-sofrimente-e-decide-ir-armado-para-escola\/#breadcrumb"},"inLanguage":"pt-BR","potentialAction":[{"@type":"ReadAction","target":["https:\/\/www.sgagora.com.br\/sg\/adolescente-que-sofria-bullying-nao-aguenta-sofrimente-e-decide-ir-armado-para-escola\/"]}]},{"@type":"BreadcrumbList","@id":"https:\/\/www.sgagora.com.br\/sg\/adolescente-que-sofria-bullying-nao-aguenta-sofrimente-e-decide-ir-armado-para-escola\/#breadcrumb","itemListElement":[{"@type":"ListItem","position":1,"name":"In\u00edcio","item":"https:\/\/www.sgagora.com.br\/sg\/"},{"@type":"ListItem","position":2,"name":"Adolescente que sofria Bullying n\u00e3o aguenta sofrimento e decide ir armado para Escola"}]},{"@type":"WebSite","@id":"https:\/\/www.sgagora.com.br\/sg\/#website","url":"https:\/\/www.sgagora.com.br\/sg\/","name":"SGAgora","description":"Not\u00edcias de S\u00e3o Gotardo","potentialAction":[{"@type":"SearchAction","target":{"@type":"EntryPoint","urlTemplate":"https:\/\/www.sgagora.com.br\/sg\/?s={search_term_string}"},"query-input":"required name=search_term_string"}],"inLanguage":"pt-BR"},{"@type":"Person","@id":"https:\/\/www.sgagora.com.br\/sg\/#\/schema\/person\/2be62cfb47cee3e0b305e4f7a765ae41","name":"SG Agora","image":{"@type":"ImageObject","inLanguage":"pt-BR","@id":"https:\/\/www.sgagora.com.br\/sg\/#\/schema\/person\/image\/","url":"https:\/\/secure.gravatar.com\/avatar\/a0c612a9a8c3e7419d6fd4f92e749d8d?s=96&d=mm&r=g","contentUrl":"https:\/\/secure.gravatar.com\/avatar\/a0c612a9a8c3e7419d6fd4f92e749d8d?s=96&d=mm&r=g","caption":"SG Agora"},"url":"https:\/\/www.sgagora.com.br\/sg\/author\/admin\/"}]}},"_links":{"self":[{"href":"https:\/\/www.sgagora.com.br\/sg\/wp-json\/wp\/v2\/posts\/2570"}],"collection":[{"href":"https:\/\/www.sgagora.com.br\/sg\/wp-json\/wp\/v2\/posts"}],"about":[{"href":"https:\/\/www.sgagora.com.br\/sg\/wp-json\/wp\/v2\/types\/post"}],"author":[{"embeddable":true,"href":"https:\/\/www.sgagora.com.br\/sg\/wp-json\/wp\/v2\/users\/1"}],"replies":[{"embeddable":true,"href":"https:\/\/www.sgagora.com.br\/sg\/wp-json\/wp\/v2\/comments?post=2570"}],"version-history":[{"count":2,"href":"https:\/\/www.sgagora.com.br\/sg\/wp-json\/wp\/v2\/posts\/2570\/revisions"}],"predecessor-version":[{"id":2583,"href":"https:\/\/www.sgagora.com.br\/sg\/wp-json\/wp\/v2\/posts\/2570\/revisions\/2583"}],"wp:featuredmedia":[{"embeddable":true,"href":"https:\/\/www.sgagora.com.br\/sg\/wp-json\/wp\/v2\/media\/2571"}],"wp:attachment":[{"href":"https:\/\/www.sgagora.com.br\/sg\/wp-json\/wp\/v2\/media?parent=2570"}],"wp:term":[{"taxonomy":"category","embeddable":true,"href":"https:\/\/www.sgagora.com.br\/sg\/wp-json\/wp\/v2\/categories?post=2570"},{"taxonomy":"post_tag","embeddable":true,"href":"https:\/\/www.sgagora.com.br\/sg\/wp-json\/wp\/v2\/tags?post=2570"}],"curies":[{"name":"wp","href":"https:\/\/api.w.org\/{rel}","templated":true}]}}