{"id":2741,"date":"2014-10-07T02:45:12","date_gmt":"2014-10-07T02:45:12","guid":{"rendered":"http:\/\/www.sgagora.com.br\/sg\/?p=2741"},"modified":"2014-10-17T06:01:01","modified_gmt":"2014-10-17T06:01:01","slug":"entidades-do-agronegocio-comentam-resultado-do-primeiro-turno-para-presidente","status":"publish","type":"post","link":"https:\/\/www.sgagora.com.br\/sg\/entidades-do-agronegocio-comentam-resultado-do-primeiro-turno-para-presidente\/","title":{"rendered":"Entidades do agroneg\u00f3cio comentam resultado do primeiro turno para presidente"},"content":{"rendered":"<pre>Maioria dos representantes do agroneg\u00f3cio est\u00e1 satisfeito com a vota\u00e7\u00e3o e otimista quanto \u00e0 aten\u00e7\u00e3o do futuro presidente ao setor.<\/pre>\n<p>A batalha pela presid\u00eancia da Rep\u00fablica, no segundo turno das Elei\u00e7\u00f5es 2014 gera incertezas para as entidades que representam o agroneg\u00f3cio. A grande d\u00favida \u00e9 sobre qual vai ser a postura dos candidatos e se os grandes temas v\u00e3o de fato entrar no debate. As lideran\u00e7as rurais esperam que, a partir de agora, a campanha saia do campo dos marqueteiros que desconstroem os advers\u00e1rios e entre no debate das propostas.<br \/>\nO presidente da Confedera\u00e7\u00e3o Nacional dos Trabalhadores na Agricultura (Contag) comemorou a vit\u00f3ria de deputados federais e estaduais em todos os Estados brasileiros, que tiveram apoio da entidade. Agora, na disputa final para a presid\u00eancia da Rep\u00fablica, ele espera que a Economia, as quest\u00f5es sociais e as reformas tribut\u00e1ria, eleitoral e agr\u00e1ria fa\u00e7am a diferen\u00e7a.<br \/>\n\u2013 Que possam prevalecer as propostas, as grandes id\u00e9ias e aquilo que \u00e9 melhor para os trabalhadores da popula\u00e7\u00e3o brasileira \u2013 disse Alberto Broch, presidente da Contag.<br \/>\nPara a Organiza\u00e7\u00e3o das Cooperativas do Brasil, o resultado do primeiro turno foi satisfat\u00f3rio. Para o segundo turno, a entidade espera que os candidatos levem em considera\u00e7\u00e3o o documento com o raio-x do setor, que foi entregue durante a campanha.<br \/>\nA Associa\u00e7\u00e3o Nacional dos Fabricantes de Ve\u00edculos Automotores (Anfavea) confia no peso do setor e no crescimento da economia brasileira, e segue dialogando com os candidatos .<br \/>\n\u2013 A entidade \u00e9 totalmente apol\u00edtica, temos conversado, evidentemente junto com as confedera\u00e7\u00f5es da ind\u00fastria e da agricultura, com os candidatos, e n\u00f3s confiamos bastante no peso espec\u00edfico do setor automotivo na economia, para que o setor continue a ser ouvido pelo pr\u00f3ximo presidente \u2013 afirmou Luiz Moan Yabiku Jr., presidente da Anfavea.<br \/>\nO presidente da Associa\u00e7\u00e3o Brasileira de Prote\u00edna Animal (ABPA), Francisco Turra, se mostrou tranquilo com o futuro do setor para os pr\u00f3ximos quatro anos. Ele acredita que os candidatos est\u00e3o mais conscientes sobre a import\u00e2ncia do agroneg\u00f3cio para o Brasil.<br \/>\n\u2013 H\u00e1 uma tranquilidade do setor, no sentido que o agroneg\u00f3cio passar\u00e1 a ter mais apoio do que teve at\u00e9 agora. Ali\u00e1s, um ter\u00e7o das riquezas, das exporta\u00e7\u00f5es e tamb\u00e9m da riqueza nacional est\u00e1 exatamente no agro, que foi o grande vencedor, que gerou saldo na balan\u00e7a comercial. Ano passado, foram US$ 80 bilh\u00f5es l\u00edquidos, carregando outros setores nas costas. Essa consci\u00eancia j\u00e1 est\u00e1 na alma dos candidatos que disputam o segundo turno das elei\u00e7\u00f5es \u2013 garantiu Turra.<\/p>\n<p>Fonte da reportagem:\u00a0http:\/\/agricultura.ruralbr.com.br\/noticia\/2014\/10\/entidades-do-agronegocio-comentam-resultado-do-primeiro-turno-para-presidente-4615290.html<\/p>\n","protected":false},"excerpt":{"rendered":"<p>Maioria dos representantes do agroneg\u00f3cio est\u00e1 satisfeito com a vota\u00e7\u00e3o e otimista quanto \u00e0 aten\u00e7\u00e3o do futuro presidente ao setor. A batalha pela presid\u00eancia da Rep\u00fablica, no segundo turno das Elei\u00e7\u00f5es 2014 gera incertezas para &#8230; <a class=\"readmore\" href=\"https:\/\/www.sgagora.com.br\/sg\/entidades-do-agronegocio-comentam-resultado-do-primeiro-turno-para-presidente\/\">Leia Mais<\/a><\/p>\n","protected":false},"author":1,"featured_media":2742,"comment_status":"open","ping_status":"open","sticky":false,"template":"","format":"standard","meta":{"_bbp_topic_count":0,"_bbp_reply_count":0,"_bbp_total_topic_count":0,"_bbp_total_reply_count":0,"_bbp_voice_count":0,"_bbp_anonymous_reply_count":0,"_bbp_topic_count_hidden":0,"_bbp_reply_count_hidden":0,"_bbp_forum_subforum_count":0},"categories":[77],"tags":[116,2949,2948,2943,2950,2951],"yoast_head":"<!-- This site is optimized with the Yoast SEO plugin v20.5 - https:\/\/yoast.com\/wordpress\/plugins\/seo\/ -->\n<title>Entidades do agroneg\u00f3cio comentam resultado do primeiro turno para presidente - SGAgora<\/title>\n<meta name=\"robots\" content=\"index, follow, max-snippet:-1, max-image-preview:large, max-video-preview:-1\" \/>\n<link rel=\"canonical\" href=\"https:\/\/www.sgagora.com.br\/sg\/entidades-do-agronegocio-comentam-resultado-do-primeiro-turno-para-presidente\/\" \/>\n<meta property=\"og:locale\" content=\"pt_BR\" \/>\n<meta property=\"og:type\" content=\"article\" \/>\n<meta property=\"og:title\" content=\"Entidades do agroneg\u00f3cio comentam resultado do primeiro turno para presidente - SGAgora\" \/>\n<meta property=\"og:description\" content=\"Maioria dos representantes do agroneg\u00f3cio est\u00e1 satisfeito com a vota\u00e7\u00e3o e otimista quanto \u00e0 aten\u00e7\u00e3o do futuro presidente ao setor. A batalha pela presid\u00eancia da Rep\u00fablica, no segundo turno das Elei\u00e7\u00f5es 2014 gera incertezas para ... Leia Mais\" \/>\n<meta property=\"og:url\" content=\"https:\/\/www.sgagora.com.br\/sg\/entidades-do-agronegocio-comentam-resultado-do-primeiro-turno-para-presidente\/\" \/>\n<meta property=\"og:site_name\" content=\"SGAgora\" \/>\n<meta property=\"article:publisher\" content=\"https:\/\/www.facebook.com\/sgagora\" \/>\n<meta property=\"article:published_time\" content=\"2014-10-07T02:45:12+00:00\" \/>\n<meta property=\"article:modified_time\" content=\"2014-10-17T06:01:01+00:00\" \/>\n<meta property=\"og:image\" content=\"https:\/\/www.sgagora.com.br\/sg\/wp-content\/uploads\/2014\/10\/dilma-a\u00e9cio.jpg\" \/>\n\t<meta property=\"og:image:width\" content=\"550\" \/>\n\t<meta property=\"og:image:height\" content=\"300\" \/>\n\t<meta property=\"og:image:type\" content=\"image\/jpeg\" \/>\n<meta name=\"author\" content=\"SG Agora\" \/>\n<meta name=\"twitter:label1\" content=\"Escrito por\" \/>\n\t<meta name=\"twitter:data1\" content=\"SG Agora\" \/>\n\t<meta name=\"twitter:label2\" content=\"Est. tempo de leitura\" \/>\n\t<meta name=\"twitter:data2\" content=\"2 minutos\" \/>\n<script type=\"application\/ld+json\" class=\"yoast-schema-graph\">{\"@context\":\"https:\/\/schema.org\",\"@graph\":[{\"@type\":\"WebPage\",\"@id\":\"https:\/\/www.sgagora.com.br\/sg\/entidades-do-agronegocio-comentam-resultado-do-primeiro-turno-para-presidente\/\",\"url\":\"https:\/\/www.sgagora.com.br\/sg\/entidades-do-agronegocio-comentam-resultado-do-primeiro-turno-para-presidente\/\",\"name\":\"Entidades do agroneg\u00f3cio comentam resultado do primeiro turno para presidente - SGAgora\",\"isPartOf\":{\"@id\":\"https:\/\/www.sgagora.com.br\/sg\/#website\"},\"datePublished\":\"2014-10-07T02:45:12+00:00\",\"dateModified\":\"2014-10-17T06:01:01+00:00\",\"author\":{\"@id\":\"https:\/\/www.sgagora.com.br\/sg\/#\/schema\/person\/2be62cfb47cee3e0b305e4f7a765ae41\"},\"breadcrumb\":{\"@id\":\"https:\/\/www.sgagora.com.br\/sg\/entidades-do-agronegocio-comentam-resultado-do-primeiro-turno-para-presidente\/#breadcrumb\"},\"inLanguage\":\"pt-BR\",\"potentialAction\":[{\"@type\":\"ReadAction\",\"target\":[\"https:\/\/www.sgagora.com.br\/sg\/entidades-do-agronegocio-comentam-resultado-do-primeiro-turno-para-presidente\/\"]}]},{\"@type\":\"BreadcrumbList\",\"@id\":\"https:\/\/www.sgagora.com.br\/sg\/entidades-do-agronegocio-comentam-resultado-do-primeiro-turno-para-presidente\/#breadcrumb\",\"itemListElement\":[{\"@type\":\"ListItem\",\"position\":1,\"name\":\"In\u00edcio\",\"item\":\"https:\/\/www.sgagora.com.br\/sg\/\"},{\"@type\":\"ListItem\",\"position\":2,\"name\":\"Entidades do agroneg\u00f3cio comentam resultado do primeiro turno para presidente\"}]},{\"@type\":\"WebSite\",\"@id\":\"https:\/\/www.sgagora.com.br\/sg\/#website\",\"url\":\"https:\/\/www.sgagora.com.br\/sg\/\",\"name\":\"SGAgora\",\"description\":\"Not\u00edcias de S\u00e3o Gotardo\",\"potentialAction\":[{\"@type\":\"SearchAction\",\"target\":{\"@type\":\"EntryPoint\",\"urlTemplate\":\"https:\/\/www.sgagora.com.br\/sg\/?s={search_term_string}\"},\"query-input\":\"required name=search_term_string\"}],\"inLanguage\":\"pt-BR\"},{\"@type\":\"Person\",\"@id\":\"https:\/\/www.sgagora.com.br\/sg\/#\/schema\/person\/2be62cfb47cee3e0b305e4f7a765ae41\",\"name\":\"SG Agora\",\"image\":{\"@type\":\"ImageObject\",\"inLanguage\":\"pt-BR\",\"@id\":\"https:\/\/www.sgagora.com.br\/sg\/#\/schema\/person\/image\/\",\"url\":\"https:\/\/secure.gravatar.com\/avatar\/a0c612a9a8c3e7419d6fd4f92e749d8d?s=96&d=mm&r=g\",\"contentUrl\":\"https:\/\/secure.gravatar.com\/avatar\/a0c612a9a8c3e7419d6fd4f92e749d8d?s=96&d=mm&r=g\",\"caption\":\"SG Agora\"},\"url\":\"https:\/\/www.sgagora.com.br\/sg\/author\/admin\/\"}]}<\/script>\n<!-- \/ Yoast SEO plugin. -->","yoast_head_json":{"title":"Entidades do agroneg\u00f3cio comentam resultado do primeiro turno para presidente - SGAgora","robots":{"index":"index","follow":"follow","max-snippet":"max-snippet:-1","max-image-preview":"max-image-preview:large","max-video-preview":"max-video-preview:-1"},"canonical":"https:\/\/www.sgagora.com.br\/sg\/entidades-do-agronegocio-comentam-resultado-do-primeiro-turno-para-presidente\/","og_locale":"pt_BR","og_type":"article","og_title":"Entidades do agroneg\u00f3cio comentam resultado do primeiro turno para presidente - SGAgora","og_description":"Maioria dos representantes do agroneg\u00f3cio est\u00e1 satisfeito com a vota\u00e7\u00e3o e otimista quanto \u00e0 aten\u00e7\u00e3o do futuro presidente ao setor. A batalha pela presid\u00eancia da Rep\u00fablica, no segundo turno das Elei\u00e7\u00f5es 2014 gera incertezas para ... Leia Mais","og_url":"https:\/\/www.sgagora.com.br\/sg\/entidades-do-agronegocio-comentam-resultado-do-primeiro-turno-para-presidente\/","og_site_name":"SGAgora","article_publisher":"https:\/\/www.facebook.com\/sgagora","article_published_time":"2014-10-07T02:45:12+00:00","article_modified_time":"2014-10-17T06:01:01+00:00","og_image":[{"width":550,"height":300,"url":"https:\/\/www.sgagora.com.br\/sg\/wp-content\/uploads\/2014\/10\/dilma-a\u00e9cio.jpg","type":"image\/jpeg"}],"author":"SG Agora","twitter_misc":{"Escrito por":"SG Agora","Est. tempo de leitura":"2 minutos"},"schema":{"@context":"https:\/\/schema.org","@graph":[{"@type":"WebPage","@id":"https:\/\/www.sgagora.com.br\/sg\/entidades-do-agronegocio-comentam-resultado-do-primeiro-turno-para-presidente\/","url":"https:\/\/www.sgagora.com.br\/sg\/entidades-do-agronegocio-comentam-resultado-do-primeiro-turno-para-presidente\/","name":"Entidades do agroneg\u00f3cio comentam resultado do primeiro turno para presidente - SGAgora","isPartOf":{"@id":"https:\/\/www.sgagora.com.br\/sg\/#website"},"datePublished":"2014-10-07T02:45:12+00:00","dateModified":"2014-10-17T06:01:01+00:00","author":{"@id":"https:\/\/www.sgagora.com.br\/sg\/#\/schema\/person\/2be62cfb47cee3e0b305e4f7a765ae41"},"breadcrumb":{"@id":"https:\/\/www.sgagora.com.br\/sg\/entidades-do-agronegocio-comentam-resultado-do-primeiro-turno-para-presidente\/#breadcrumb"},"inLanguage":"pt-BR","potentialAction":[{"@type":"ReadAction","target":["https:\/\/www.sgagora.com.br\/sg\/entidades-do-agronegocio-comentam-resultado-do-primeiro-turno-para-presidente\/"]}]},{"@type":"BreadcrumbList","@id":"https:\/\/www.sgagora.com.br\/sg\/entidades-do-agronegocio-comentam-resultado-do-primeiro-turno-para-presidente\/#breadcrumb","itemListElement":[{"@type":"ListItem","position":1,"name":"In\u00edcio","item":"https:\/\/www.sgagora.com.br\/sg\/"},{"@type":"ListItem","position":2,"name":"Entidades do agroneg\u00f3cio comentam resultado do primeiro turno para presidente"}]},{"@type":"WebSite","@id":"https:\/\/www.sgagora.com.br\/sg\/#website","url":"https:\/\/www.sgagora.com.br\/sg\/","name":"SGAgora","description":"Not\u00edcias de S\u00e3o Gotardo","potentialAction":[{"@type":"SearchAction","target":{"@type":"EntryPoint","urlTemplate":"https:\/\/www.sgagora.com.br\/sg\/?s={search_term_string}"},"query-input":"required name=search_term_string"}],"inLanguage":"pt-BR"},{"@type":"Person","@id":"https:\/\/www.sgagora.com.br\/sg\/#\/schema\/person\/2be62cfb47cee3e0b305e4f7a765ae41","name":"SG Agora","image":{"@type":"ImageObject","inLanguage":"pt-BR","@id":"https:\/\/www.sgagora.com.br\/sg\/#\/schema\/person\/image\/","url":"https:\/\/secure.gravatar.com\/avatar\/a0c612a9a8c3e7419d6fd4f92e749d8d?s=96&d=mm&r=g","contentUrl":"https:\/\/secure.gravatar.com\/avatar\/a0c612a9a8c3e7419d6fd4f92e749d8d?s=96&d=mm&r=g","caption":"SG Agora"},"url":"https:\/\/www.sgagora.com.br\/sg\/author\/admin\/"}]}},"_links":{"self":[{"href":"https:\/\/www.sgagora.com.br\/sg\/wp-json\/wp\/v2\/posts\/2741"}],"collection":[{"href":"https:\/\/www.sgagora.com.br\/sg\/wp-json\/wp\/v2\/posts"}],"about":[{"href":"https:\/\/www.sgagora.com.br\/sg\/wp-json\/wp\/v2\/types\/post"}],"author":[{"embeddable":true,"href":"https:\/\/www.sgagora.com.br\/sg\/wp-json\/wp\/v2\/users\/1"}],"replies":[{"embeddable":true,"href":"https:\/\/www.sgagora.com.br\/sg\/wp-json\/wp\/v2\/comments?post=2741"}],"version-history":[{"count":2,"href":"https:\/\/www.sgagora.com.br\/sg\/wp-json\/wp\/v2\/posts\/2741\/revisions"}],"predecessor-version":[{"id":2744,"href":"https:\/\/www.sgagora.com.br\/sg\/wp-json\/wp\/v2\/posts\/2741\/revisions\/2744"}],"wp:featuredmedia":[{"embeddable":true,"href":"https:\/\/www.sgagora.com.br\/sg\/wp-json\/wp\/v2\/media\/2742"}],"wp:attachment":[{"href":"https:\/\/www.sgagora.com.br\/sg\/wp-json\/wp\/v2\/media?parent=2741"}],"wp:term":[{"taxonomy":"category","embeddable":true,"href":"https:\/\/www.sgagora.com.br\/sg\/wp-json\/wp\/v2\/categories?post=2741"},{"taxonomy":"post_tag","embeddable":true,"href":"https:\/\/www.sgagora.com.br\/sg\/wp-json\/wp\/v2\/tags?post=2741"}],"curies":[{"name":"wp","href":"https:\/\/api.w.org\/{rel}","templated":true}]}}