{"id":4476,"date":"2014-12-10T12:51:13","date_gmt":"2014-12-10T12:51:13","guid":{"rendered":"http:\/\/www.sgagora.com.br\/sg\/?p=4476"},"modified":"2014-12-10T12:52:01","modified_gmt":"2014-12-10T12:52:01","slug":"tres-ficam-feridos-em-acidente-na-br-262-proximo-ao-trevo-de-ibia","status":"publish","type":"post","link":"https:\/\/www.sgagora.com.br\/sg\/tres-ficam-feridos-em-acidente-na-br-262-proximo-ao-trevo-de-ibia\/","title":{"rendered":"Tr\u00eas ficam feridos em acidente na BR-262 pr\u00f3ximo ao trevo de Ibi\u00e1"},"content":{"rendered":"<p><strong>Uma das v\u00edtima foi levada em estado grave para a Santa Casa de Arax\u00e1.\u00a0<\/strong><\/p>\n<p>Tr\u00eas pessoas ficaram feridas em uma colis\u00e3o entre ve\u00edculos de passeio nesta ter\u00e7a-feira (9), na rodovia BR-262, pr\u00f3ximo ao trevo de Ibi\u00e1, no Alto Parana\u00edba. A batida envolveu tr\u00eas carros e uma das v\u00edtimas teve ferimentos graves.<\/p>\n<p>Segundo a Pol\u00edcia Rodovi\u00e1ria Federal (PRF), chovia no momento e o motorista de um dos carros perdeu o controle da dire\u00e7\u00e3o. O ve\u00edculo rodou na pista e atingiu outros dois.<\/p>\n<p>Ainda de acordo com a PRF, duas das v\u00edtimas foram atendidas na Santa Casa de Ib\u00e1. Outra foi levada com ferimentos graves para a Santa Casa de Arax\u00e1. Como o nome dos feridos n\u00e3o foi divulgado, n\u00e3o foi poss\u00edvel verificar o estado de sa\u00fade.<\/p>\n<p>A pol\u00edcia disse ainda que o tr\u00e2nsito no local ficou lento e que os motoristas tiveram que ficar ainda mais atentos para evitar outros acidentes.<\/p>\n<p><em>Reportagem: http:\/\/g1.globo.com\/minas-gerais\/triangulo-mineiro\/noticia\/2014\/12\/tres-ficam-feridos-em-acidente-na-br-262-proximo-ao-trevo-de-ibia.html<\/em><\/p>\n","protected":false},"excerpt":{"rendered":"<p>Uma das v\u00edtima foi levada em estado grave para a Santa Casa de Arax\u00e1.\u00a0 Tr\u00eas pessoas ficaram feridas em uma colis\u00e3o entre ve\u00edculos de passeio nesta ter\u00e7a-feira (9), na rodovia BR-262, pr\u00f3ximo ao trevo de &#8230; <a class=\"readmore\" href=\"https:\/\/www.sgagora.com.br\/sg\/tres-ficam-feridos-em-acidente-na-br-262-proximo-ao-trevo-de-ibia\/\">Leia Mais<\/a><\/p>\n","protected":false},"author":1,"featured_media":4477,"comment_status":"open","ping_status":"open","sticky":false,"template":"","format":"standard","meta":{"_bbp_topic_count":0,"_bbp_reply_count":0,"_bbp_total_topic_count":0,"_bbp_total_reply_count":0,"_bbp_voice_count":0,"_bbp_anonymous_reply_count":0,"_bbp_topic_count_hidden":0,"_bbp_reply_count_hidden":0,"_bbp_forum_subforum_count":0},"categories":[84,77,81],"tags":[137,3467,2793,2676,1497],"yoast_head":"<!-- This site is optimized with the Yoast SEO plugin v20.5 - https:\/\/yoast.com\/wordpress\/plugins\/seo\/ -->\n<title>Tr\u00eas ficam feridos em acidente na BR-262 pr\u00f3ximo ao trevo de Ibi\u00e1 - SGAgora<\/title>\n<meta name=\"robots\" content=\"index, follow, max-snippet:-1, max-image-preview:large, max-video-preview:-1\" \/>\n<link rel=\"canonical\" href=\"https:\/\/www.sgagora.com.br\/sg\/tres-ficam-feridos-em-acidente-na-br-262-proximo-ao-trevo-de-ibia\/\" \/>\n<meta property=\"og:locale\" content=\"pt_BR\" \/>\n<meta property=\"og:type\" content=\"article\" \/>\n<meta property=\"og:title\" content=\"Tr\u00eas ficam feridos em acidente na BR-262 pr\u00f3ximo ao trevo de Ibi\u00e1 - SGAgora\" \/>\n<meta property=\"og:description\" content=\"Uma das v\u00edtima foi levada em estado grave para a Santa Casa de Arax\u00e1.\u00a0 Tr\u00eas pessoas ficaram feridas em uma colis\u00e3o entre ve\u00edculos de passeio nesta ter\u00e7a-feira (9), na rodovia BR-262, pr\u00f3ximo ao trevo de ... Leia Mais\" \/>\n<meta property=\"og:url\" content=\"https:\/\/www.sgagora.com.br\/sg\/tres-ficam-feridos-em-acidente-na-br-262-proximo-ao-trevo-de-ibia\/\" \/>\n<meta property=\"og:site_name\" content=\"SGAgora\" \/>\n<meta property=\"article:publisher\" content=\"https:\/\/www.facebook.com\/sgagora\" \/>\n<meta property=\"article:published_time\" content=\"2014-12-10T12:51:13+00:00\" \/>\n<meta property=\"article:modified_time\" content=\"2014-12-10T12:52:01+00:00\" \/>\n<meta property=\"og:image\" content=\"https:\/\/www.sgagora.com.br\/sg\/wp-content\/uploads\/2014\/12\/10846775_871186989568357_798672870_n.jpg\" \/>\n\t<meta property=\"og:image:width\" content=\"300\" \/>\n\t<meta property=\"og:image:height\" content=\"225\" \/>\n\t<meta property=\"og:image:type\" content=\"image\/jpeg\" \/>\n<meta name=\"author\" content=\"SG Agora\" \/>\n<meta name=\"twitter:label1\" content=\"Escrito por\" \/>\n\t<meta name=\"twitter:data1\" content=\"SG Agora\" \/>\n\t<meta name=\"twitter:label2\" content=\"Est. tempo de leitura\" \/>\n\t<meta name=\"twitter:data2\" content=\"1 minuto\" \/>\n<script type=\"application\/ld+json\" class=\"yoast-schema-graph\">{\"@context\":\"https:\/\/schema.org\",\"@graph\":[{\"@type\":\"WebPage\",\"@id\":\"https:\/\/www.sgagora.com.br\/sg\/tres-ficam-feridos-em-acidente-na-br-262-proximo-ao-trevo-de-ibia\/\",\"url\":\"https:\/\/www.sgagora.com.br\/sg\/tres-ficam-feridos-em-acidente-na-br-262-proximo-ao-trevo-de-ibia\/\",\"name\":\"Tr\u00eas ficam feridos em acidente na BR-262 pr\u00f3ximo ao trevo de Ibi\u00e1 - SGAgora\",\"isPartOf\":{\"@id\":\"https:\/\/www.sgagora.com.br\/sg\/#website\"},\"datePublished\":\"2014-12-10T12:51:13+00:00\",\"dateModified\":\"2014-12-10T12:52:01+00:00\",\"author\":{\"@id\":\"https:\/\/www.sgagora.com.br\/sg\/#\/schema\/person\/2be62cfb47cee3e0b305e4f7a765ae41\"},\"breadcrumb\":{\"@id\":\"https:\/\/www.sgagora.com.br\/sg\/tres-ficam-feridos-em-acidente-na-br-262-proximo-ao-trevo-de-ibia\/#breadcrumb\"},\"inLanguage\":\"pt-BR\",\"potentialAction\":[{\"@type\":\"ReadAction\",\"target\":[\"https:\/\/www.sgagora.com.br\/sg\/tres-ficam-feridos-em-acidente-na-br-262-proximo-ao-trevo-de-ibia\/\"]}]},{\"@type\":\"BreadcrumbList\",\"@id\":\"https:\/\/www.sgagora.com.br\/sg\/tres-ficam-feridos-em-acidente-na-br-262-proximo-ao-trevo-de-ibia\/#breadcrumb\",\"itemListElement\":[{\"@type\":\"ListItem\",\"position\":1,\"name\":\"In\u00edcio\",\"item\":\"https:\/\/www.sgagora.com.br\/sg\/\"},{\"@type\":\"ListItem\",\"position\":2,\"name\":\"Tr\u00eas ficam feridos em acidente na BR-262 pr\u00f3ximo ao trevo de Ibi\u00e1\"}]},{\"@type\":\"WebSite\",\"@id\":\"https:\/\/www.sgagora.com.br\/sg\/#website\",\"url\":\"https:\/\/www.sgagora.com.br\/sg\/\",\"name\":\"SGAgora\",\"description\":\"Not\u00edcias de S\u00e3o Gotardo\",\"potentialAction\":[{\"@type\":\"SearchAction\",\"target\":{\"@type\":\"EntryPoint\",\"urlTemplate\":\"https:\/\/www.sgagora.com.br\/sg\/?s={search_term_string}\"},\"query-input\":\"required name=search_term_string\"}],\"inLanguage\":\"pt-BR\"},{\"@type\":\"Person\",\"@id\":\"https:\/\/www.sgagora.com.br\/sg\/#\/schema\/person\/2be62cfb47cee3e0b305e4f7a765ae41\",\"name\":\"SG Agora\",\"image\":{\"@type\":\"ImageObject\",\"inLanguage\":\"pt-BR\",\"@id\":\"https:\/\/www.sgagora.com.br\/sg\/#\/schema\/person\/image\/\",\"url\":\"https:\/\/secure.gravatar.com\/avatar\/a0c612a9a8c3e7419d6fd4f92e749d8d?s=96&d=mm&r=g\",\"contentUrl\":\"https:\/\/secure.gravatar.com\/avatar\/a0c612a9a8c3e7419d6fd4f92e749d8d?s=96&d=mm&r=g\",\"caption\":\"SG Agora\"},\"url\":\"https:\/\/www.sgagora.com.br\/sg\/author\/admin\/\"}]}<\/script>\n<!-- \/ Yoast SEO plugin. -->","yoast_head_json":{"title":"Tr\u00eas ficam feridos em acidente na BR-262 pr\u00f3ximo ao trevo de Ibi\u00e1 - SGAgora","robots":{"index":"index","follow":"follow","max-snippet":"max-snippet:-1","max-image-preview":"max-image-preview:large","max-video-preview":"max-video-preview:-1"},"canonical":"https:\/\/www.sgagora.com.br\/sg\/tres-ficam-feridos-em-acidente-na-br-262-proximo-ao-trevo-de-ibia\/","og_locale":"pt_BR","og_type":"article","og_title":"Tr\u00eas ficam feridos em acidente na BR-262 pr\u00f3ximo ao trevo de Ibi\u00e1 - SGAgora","og_description":"Uma das v\u00edtima foi levada em estado grave para a Santa Casa de Arax\u00e1.\u00a0 Tr\u00eas pessoas ficaram feridas em uma colis\u00e3o entre ve\u00edculos de passeio nesta ter\u00e7a-feira (9), na rodovia BR-262, pr\u00f3ximo ao trevo de ... Leia Mais","og_url":"https:\/\/www.sgagora.com.br\/sg\/tres-ficam-feridos-em-acidente-na-br-262-proximo-ao-trevo-de-ibia\/","og_site_name":"SGAgora","article_publisher":"https:\/\/www.facebook.com\/sgagora","article_published_time":"2014-12-10T12:51:13+00:00","article_modified_time":"2014-12-10T12:52:01+00:00","og_image":[{"width":300,"height":225,"url":"https:\/\/www.sgagora.com.br\/sg\/wp-content\/uploads\/2014\/12\/10846775_871186989568357_798672870_n.jpg","type":"image\/jpeg"}],"author":"SG Agora","twitter_misc":{"Escrito por":"SG Agora","Est. tempo de leitura":"1 minuto"},"schema":{"@context":"https:\/\/schema.org","@graph":[{"@type":"WebPage","@id":"https:\/\/www.sgagora.com.br\/sg\/tres-ficam-feridos-em-acidente-na-br-262-proximo-ao-trevo-de-ibia\/","url":"https:\/\/www.sgagora.com.br\/sg\/tres-ficam-feridos-em-acidente-na-br-262-proximo-ao-trevo-de-ibia\/","name":"Tr\u00eas ficam feridos em acidente na BR-262 pr\u00f3ximo ao trevo de Ibi\u00e1 - SGAgora","isPartOf":{"@id":"https:\/\/www.sgagora.com.br\/sg\/#website"},"datePublished":"2014-12-10T12:51:13+00:00","dateModified":"2014-12-10T12:52:01+00:00","author":{"@id":"https:\/\/www.sgagora.com.br\/sg\/#\/schema\/person\/2be62cfb47cee3e0b305e4f7a765ae41"},"breadcrumb":{"@id":"https:\/\/www.sgagora.com.br\/sg\/tres-ficam-feridos-em-acidente-na-br-262-proximo-ao-trevo-de-ibia\/#breadcrumb"},"inLanguage":"pt-BR","potentialAction":[{"@type":"ReadAction","target":["https:\/\/www.sgagora.com.br\/sg\/tres-ficam-feridos-em-acidente-na-br-262-proximo-ao-trevo-de-ibia\/"]}]},{"@type":"BreadcrumbList","@id":"https:\/\/www.sgagora.com.br\/sg\/tres-ficam-feridos-em-acidente-na-br-262-proximo-ao-trevo-de-ibia\/#breadcrumb","itemListElement":[{"@type":"ListItem","position":1,"name":"In\u00edcio","item":"https:\/\/www.sgagora.com.br\/sg\/"},{"@type":"ListItem","position":2,"name":"Tr\u00eas ficam feridos em acidente na BR-262 pr\u00f3ximo ao trevo de Ibi\u00e1"}]},{"@type":"WebSite","@id":"https:\/\/www.sgagora.com.br\/sg\/#website","url":"https:\/\/www.sgagora.com.br\/sg\/","name":"SGAgora","description":"Not\u00edcias de S\u00e3o Gotardo","potentialAction":[{"@type":"SearchAction","target":{"@type":"EntryPoint","urlTemplate":"https:\/\/www.sgagora.com.br\/sg\/?s={search_term_string}"},"query-input":"required name=search_term_string"}],"inLanguage":"pt-BR"},{"@type":"Person","@id":"https:\/\/www.sgagora.com.br\/sg\/#\/schema\/person\/2be62cfb47cee3e0b305e4f7a765ae41","name":"SG Agora","image":{"@type":"ImageObject","inLanguage":"pt-BR","@id":"https:\/\/www.sgagora.com.br\/sg\/#\/schema\/person\/image\/","url":"https:\/\/secure.gravatar.com\/avatar\/a0c612a9a8c3e7419d6fd4f92e749d8d?s=96&d=mm&r=g","contentUrl":"https:\/\/secure.gravatar.com\/avatar\/a0c612a9a8c3e7419d6fd4f92e749d8d?s=96&d=mm&r=g","caption":"SG Agora"},"url":"https:\/\/www.sgagora.com.br\/sg\/author\/admin\/"}]}},"_links":{"self":[{"href":"https:\/\/www.sgagora.com.br\/sg\/wp-json\/wp\/v2\/posts\/4476"}],"collection":[{"href":"https:\/\/www.sgagora.com.br\/sg\/wp-json\/wp\/v2\/posts"}],"about":[{"href":"https:\/\/www.sgagora.com.br\/sg\/wp-json\/wp\/v2\/types\/post"}],"author":[{"embeddable":true,"href":"https:\/\/www.sgagora.com.br\/sg\/wp-json\/wp\/v2\/users\/1"}],"replies":[{"embeddable":true,"href":"https:\/\/www.sgagora.com.br\/sg\/wp-json\/wp\/v2\/comments?post=4476"}],"version-history":[{"count":1,"href":"https:\/\/www.sgagora.com.br\/sg\/wp-json\/wp\/v2\/posts\/4476\/revisions"}],"predecessor-version":[{"id":4478,"href":"https:\/\/www.sgagora.com.br\/sg\/wp-json\/wp\/v2\/posts\/4476\/revisions\/4478"}],"wp:featuredmedia":[{"embeddable":true,"href":"https:\/\/www.sgagora.com.br\/sg\/wp-json\/wp\/v2\/media\/4477"}],"wp:attachment":[{"href":"https:\/\/www.sgagora.com.br\/sg\/wp-json\/wp\/v2\/media?parent=4476"}],"wp:term":[{"taxonomy":"category","embeddable":true,"href":"https:\/\/www.sgagora.com.br\/sg\/wp-json\/wp\/v2\/categories?post=4476"},{"taxonomy":"post_tag","embeddable":true,"href":"https:\/\/www.sgagora.com.br\/sg\/wp-json\/wp\/v2\/tags?post=4476"}],"curies":[{"name":"wp","href":"https:\/\/api.w.org\/{rel}","templated":true}]}}