{"id":4809,"date":"2014-12-18T03:40:57","date_gmt":"2014-12-18T03:40:57","guid":{"rendered":"http:\/\/www.sgagora.com.br\/sg\/?p=4809"},"modified":"2014-12-18T03:40:57","modified_gmt":"2014-12-18T03:40:57","slug":"absurdo-dono-de-padaria-e-preso-suspeito-de-estuprar-crianca-de-5-anos","status":"publish","type":"post","link":"https:\/\/www.sgagora.com.br\/sg\/absurdo-dono-de-padaria-e-preso-suspeito-de-estuprar-crianca-de-5-anos\/","title":{"rendered":"Absurdo: Dono de padaria \u00e9 preso suspeito de estuprar crian\u00e7a de 5 anos"},"content":{"rendered":"<p>O dono de uma padaria em Patos de Minas, foi preso ap\u00f3s ser acusado de estupro \u00e0 uma garotinha de apenas 5 anos.<\/p>\n<p>Segundo informa\u00e7\u00f5es da PM, um grupo de amigos faziam uso de bebidas alco\u00f3licas na casa da m\u00e3e da menina, quando o dono da padaria chamou a crian\u00e7a para ir at\u00e9 o local que fica em frente a casa onde os mesmos estavam para buscar um refrigerante.<\/p>\n<p>Ap\u00f3s a chegada dos dois, a m\u00e3e percebeu um comportamento estranho da menina e ap\u00f3s leva-la para um quarto, a crian\u00e7a de 5 anos, contou que o homem havia feito sexo oral com a crian\u00e7a. Duas pessoas que tamb\u00e9m estavam na casa, foram atr\u00e1s do dono da padaria e o seguraram at\u00e9 a Pol\u00edcia chegar no local.<\/p>\n<p>Euripedes A. C. foi preso e encaminhado para o Pres\u00eddio Sebasti\u00e3o Satiro.<\/p>\n<p>Fonte da reportagem: http:\/\/www.patosagora.net\/noticias\/?n=yJh6jQ0X1m<\/p>\n","protected":false},"excerpt":{"rendered":"<p>O dono de uma padaria em Patos de Minas, foi preso ap\u00f3s ser acusado de estupro \u00e0 uma garotinha de apenas 5 anos. Segundo informa\u00e7\u00f5es da PM, um grupo de amigos faziam uso de bebidas &#8230; <a class=\"readmore\" href=\"https:\/\/www.sgagora.com.br\/sg\/absurdo-dono-de-padaria-e-preso-suspeito-de-estuprar-crianca-de-5-anos\/\">Leia Mais<\/a><\/p>\n","protected":false},"author":1,"featured_media":4810,"comment_status":"open","ping_status":"open","sticky":false,"template":"","format":"standard","meta":{"_bbp_topic_count":0,"_bbp_reply_count":0,"_bbp_total_topic_count":0,"_bbp_total_reply_count":0,"_bbp_voice_count":0,"_bbp_anonymous_reply_count":0,"_bbp_topic_count_hidden":0,"_bbp_reply_count_hidden":0,"_bbp_forum_subforum_count":0},"categories":[84,77,81],"tags":[3501,2787,3332,2717,2791,1733],"yoast_head":"<!-- This site is optimized with the Yoast SEO plugin v20.5 - https:\/\/yoast.com\/wordpress\/plugins\/seo\/ -->\n<title>Absurdo: Dono de padaria \u00e9 preso suspeito de estuprar crian\u00e7a de 5 anos - SGAgora<\/title>\n<meta name=\"robots\" content=\"index, follow, max-snippet:-1, max-image-preview:large, max-video-preview:-1\" \/>\n<link rel=\"canonical\" href=\"https:\/\/www.sgagora.com.br\/sg\/absurdo-dono-de-padaria-e-preso-suspeito-de-estuprar-crianca-de-5-anos\/\" \/>\n<meta property=\"og:locale\" content=\"pt_BR\" \/>\n<meta property=\"og:type\" content=\"article\" \/>\n<meta property=\"og:title\" content=\"Absurdo: Dono de padaria \u00e9 preso suspeito de estuprar crian\u00e7a de 5 anos - SGAgora\" \/>\n<meta property=\"og:description\" content=\"O dono de uma padaria em Patos de Minas, foi preso ap\u00f3s ser acusado de estupro \u00e0 uma garotinha de apenas 5 anos. Segundo informa\u00e7\u00f5es da PM, um grupo de amigos faziam uso de bebidas ... Leia Mais\" \/>\n<meta property=\"og:url\" content=\"https:\/\/www.sgagora.com.br\/sg\/absurdo-dono-de-padaria-e-preso-suspeito-de-estuprar-crianca-de-5-anos\/\" \/>\n<meta property=\"og:site_name\" content=\"SGAgora\" \/>\n<meta property=\"article:publisher\" content=\"https:\/\/www.facebook.com\/sgagora\" \/>\n<meta property=\"article:published_time\" content=\"2014-12-18T03:40:57+00:00\" \/>\n<meta property=\"og:image\" content=\"https:\/\/www.sgagora.com.br\/sg\/wp-content\/uploads\/2014\/12\/8b8672804bb07c9a2b2256177ebb2659_E-e1418873997494.jpg\" \/>\n\t<meta property=\"og:image:width\" content=\"600\" \/>\n\t<meta property=\"og:image:height\" content=\"313\" \/>\n\t<meta property=\"og:image:type\" content=\"image\/jpeg\" \/>\n<meta name=\"author\" content=\"SG Agora\" \/>\n<meta name=\"twitter:label1\" content=\"Escrito por\" \/>\n\t<meta name=\"twitter:data1\" content=\"SG Agora\" \/>\n\t<meta name=\"twitter:label2\" content=\"Est. tempo de leitura\" \/>\n\t<meta name=\"twitter:data2\" content=\"1 minuto\" \/>\n<script type=\"application\/ld+json\" class=\"yoast-schema-graph\">{\"@context\":\"https:\/\/schema.org\",\"@graph\":[{\"@type\":\"WebPage\",\"@id\":\"https:\/\/www.sgagora.com.br\/sg\/absurdo-dono-de-padaria-e-preso-suspeito-de-estuprar-crianca-de-5-anos\/\",\"url\":\"https:\/\/www.sgagora.com.br\/sg\/absurdo-dono-de-padaria-e-preso-suspeito-de-estuprar-crianca-de-5-anos\/\",\"name\":\"Absurdo: Dono de padaria \u00e9 preso suspeito de estuprar crian\u00e7a de 5 anos - SGAgora\",\"isPartOf\":{\"@id\":\"https:\/\/www.sgagora.com.br\/sg\/#website\"},\"datePublished\":\"2014-12-18T03:40:57+00:00\",\"dateModified\":\"2014-12-18T03:40:57+00:00\",\"author\":{\"@id\":\"https:\/\/www.sgagora.com.br\/sg\/#\/schema\/person\/2be62cfb47cee3e0b305e4f7a765ae41\"},\"breadcrumb\":{\"@id\":\"https:\/\/www.sgagora.com.br\/sg\/absurdo-dono-de-padaria-e-preso-suspeito-de-estuprar-crianca-de-5-anos\/#breadcrumb\"},\"inLanguage\":\"pt-BR\",\"potentialAction\":[{\"@type\":\"ReadAction\",\"target\":[\"https:\/\/www.sgagora.com.br\/sg\/absurdo-dono-de-padaria-e-preso-suspeito-de-estuprar-crianca-de-5-anos\/\"]}]},{\"@type\":\"BreadcrumbList\",\"@id\":\"https:\/\/www.sgagora.com.br\/sg\/absurdo-dono-de-padaria-e-preso-suspeito-de-estuprar-crianca-de-5-anos\/#breadcrumb\",\"itemListElement\":[{\"@type\":\"ListItem\",\"position\":1,\"name\":\"In\u00edcio\",\"item\":\"https:\/\/www.sgagora.com.br\/sg\/\"},{\"@type\":\"ListItem\",\"position\":2,\"name\":\"Absurdo: Dono de padaria \u00e9 preso suspeito de estuprar crian\u00e7a de 5 anos\"}]},{\"@type\":\"WebSite\",\"@id\":\"https:\/\/www.sgagora.com.br\/sg\/#website\",\"url\":\"https:\/\/www.sgagora.com.br\/sg\/\",\"name\":\"SGAgora\",\"description\":\"Not\u00edcias de S\u00e3o Gotardo\",\"potentialAction\":[{\"@type\":\"SearchAction\",\"target\":{\"@type\":\"EntryPoint\",\"urlTemplate\":\"https:\/\/www.sgagora.com.br\/sg\/?s={search_term_string}\"},\"query-input\":\"required name=search_term_string\"}],\"inLanguage\":\"pt-BR\"},{\"@type\":\"Person\",\"@id\":\"https:\/\/www.sgagora.com.br\/sg\/#\/schema\/person\/2be62cfb47cee3e0b305e4f7a765ae41\",\"name\":\"SG Agora\",\"image\":{\"@type\":\"ImageObject\",\"inLanguage\":\"pt-BR\",\"@id\":\"https:\/\/www.sgagora.com.br\/sg\/#\/schema\/person\/image\/\",\"url\":\"https:\/\/secure.gravatar.com\/avatar\/a0c612a9a8c3e7419d6fd4f92e749d8d?s=96&d=mm&r=g\",\"contentUrl\":\"https:\/\/secure.gravatar.com\/avatar\/a0c612a9a8c3e7419d6fd4f92e749d8d?s=96&d=mm&r=g\",\"caption\":\"SG Agora\"},\"url\":\"https:\/\/www.sgagora.com.br\/sg\/author\/admin\/\"}]}<\/script>\n<!-- \/ Yoast SEO plugin. -->","yoast_head_json":{"title":"Absurdo: Dono de padaria \u00e9 preso suspeito de estuprar crian\u00e7a de 5 anos - SGAgora","robots":{"index":"index","follow":"follow","max-snippet":"max-snippet:-1","max-image-preview":"max-image-preview:large","max-video-preview":"max-video-preview:-1"},"canonical":"https:\/\/www.sgagora.com.br\/sg\/absurdo-dono-de-padaria-e-preso-suspeito-de-estuprar-crianca-de-5-anos\/","og_locale":"pt_BR","og_type":"article","og_title":"Absurdo: Dono de padaria \u00e9 preso suspeito de estuprar crian\u00e7a de 5 anos - SGAgora","og_description":"O dono de uma padaria em Patos de Minas, foi preso ap\u00f3s ser acusado de estupro \u00e0 uma garotinha de apenas 5 anos. Segundo informa\u00e7\u00f5es da PM, um grupo de amigos faziam uso de bebidas ... Leia Mais","og_url":"https:\/\/www.sgagora.com.br\/sg\/absurdo-dono-de-padaria-e-preso-suspeito-de-estuprar-crianca-de-5-anos\/","og_site_name":"SGAgora","article_publisher":"https:\/\/www.facebook.com\/sgagora","article_published_time":"2014-12-18T03:40:57+00:00","og_image":[{"width":600,"height":313,"url":"https:\/\/www.sgagora.com.br\/sg\/wp-content\/uploads\/2014\/12\/8b8672804bb07c9a2b2256177ebb2659_E-e1418873997494.jpg","type":"image\/jpeg"}],"author":"SG Agora","twitter_misc":{"Escrito por":"SG Agora","Est. tempo de leitura":"1 minuto"},"schema":{"@context":"https:\/\/schema.org","@graph":[{"@type":"WebPage","@id":"https:\/\/www.sgagora.com.br\/sg\/absurdo-dono-de-padaria-e-preso-suspeito-de-estuprar-crianca-de-5-anos\/","url":"https:\/\/www.sgagora.com.br\/sg\/absurdo-dono-de-padaria-e-preso-suspeito-de-estuprar-crianca-de-5-anos\/","name":"Absurdo: Dono de padaria \u00e9 preso suspeito de estuprar crian\u00e7a de 5 anos - SGAgora","isPartOf":{"@id":"https:\/\/www.sgagora.com.br\/sg\/#website"},"datePublished":"2014-12-18T03:40:57+00:00","dateModified":"2014-12-18T03:40:57+00:00","author":{"@id":"https:\/\/www.sgagora.com.br\/sg\/#\/schema\/person\/2be62cfb47cee3e0b305e4f7a765ae41"},"breadcrumb":{"@id":"https:\/\/www.sgagora.com.br\/sg\/absurdo-dono-de-padaria-e-preso-suspeito-de-estuprar-crianca-de-5-anos\/#breadcrumb"},"inLanguage":"pt-BR","potentialAction":[{"@type":"ReadAction","target":["https:\/\/www.sgagora.com.br\/sg\/absurdo-dono-de-padaria-e-preso-suspeito-de-estuprar-crianca-de-5-anos\/"]}]},{"@type":"BreadcrumbList","@id":"https:\/\/www.sgagora.com.br\/sg\/absurdo-dono-de-padaria-e-preso-suspeito-de-estuprar-crianca-de-5-anos\/#breadcrumb","itemListElement":[{"@type":"ListItem","position":1,"name":"In\u00edcio","item":"https:\/\/www.sgagora.com.br\/sg\/"},{"@type":"ListItem","position":2,"name":"Absurdo: Dono de padaria \u00e9 preso suspeito de estuprar crian\u00e7a de 5 anos"}]},{"@type":"WebSite","@id":"https:\/\/www.sgagora.com.br\/sg\/#website","url":"https:\/\/www.sgagora.com.br\/sg\/","name":"SGAgora","description":"Not\u00edcias de S\u00e3o Gotardo","potentialAction":[{"@type":"SearchAction","target":{"@type":"EntryPoint","urlTemplate":"https:\/\/www.sgagora.com.br\/sg\/?s={search_term_string}"},"query-input":"required name=search_term_string"}],"inLanguage":"pt-BR"},{"@type":"Person","@id":"https:\/\/www.sgagora.com.br\/sg\/#\/schema\/person\/2be62cfb47cee3e0b305e4f7a765ae41","name":"SG Agora","image":{"@type":"ImageObject","inLanguage":"pt-BR","@id":"https:\/\/www.sgagora.com.br\/sg\/#\/schema\/person\/image\/","url":"https:\/\/secure.gravatar.com\/avatar\/a0c612a9a8c3e7419d6fd4f92e749d8d?s=96&d=mm&r=g","contentUrl":"https:\/\/secure.gravatar.com\/avatar\/a0c612a9a8c3e7419d6fd4f92e749d8d?s=96&d=mm&r=g","caption":"SG Agora"},"url":"https:\/\/www.sgagora.com.br\/sg\/author\/admin\/"}]}},"_links":{"self":[{"href":"https:\/\/www.sgagora.com.br\/sg\/wp-json\/wp\/v2\/posts\/4809"}],"collection":[{"href":"https:\/\/www.sgagora.com.br\/sg\/wp-json\/wp\/v2\/posts"}],"about":[{"href":"https:\/\/www.sgagora.com.br\/sg\/wp-json\/wp\/v2\/types\/post"}],"author":[{"embeddable":true,"href":"https:\/\/www.sgagora.com.br\/sg\/wp-json\/wp\/v2\/users\/1"}],"replies":[{"embeddable":true,"href":"https:\/\/www.sgagora.com.br\/sg\/wp-json\/wp\/v2\/comments?post=4809"}],"version-history":[{"count":1,"href":"https:\/\/www.sgagora.com.br\/sg\/wp-json\/wp\/v2\/posts\/4809\/revisions"}],"predecessor-version":[{"id":4811,"href":"https:\/\/www.sgagora.com.br\/sg\/wp-json\/wp\/v2\/posts\/4809\/revisions\/4811"}],"wp:featuredmedia":[{"embeddable":true,"href":"https:\/\/www.sgagora.com.br\/sg\/wp-json\/wp\/v2\/media\/4810"}],"wp:attachment":[{"href":"https:\/\/www.sgagora.com.br\/sg\/wp-json\/wp\/v2\/media?parent=4809"}],"wp:term":[{"taxonomy":"category","embeddable":true,"href":"https:\/\/www.sgagora.com.br\/sg\/wp-json\/wp\/v2\/categories?post=4809"},{"taxonomy":"post_tag","embeddable":true,"href":"https:\/\/www.sgagora.com.br\/sg\/wp-json\/wp\/v2\/tags?post=4809"}],"curies":[{"name":"wp","href":"https:\/\/api.w.org\/{rel}","templated":true}]}}