{"id":5614,"date":"2015-01-13T10:29:03","date_gmt":"2015-01-13T10:29:03","guid":{"rendered":"http:\/\/www.sgagora.com.br\/sg\/?p=5614"},"modified":"2015-01-26T10:23:20","modified_gmt":"2015-01-26T10:23:20","slug":"video-pm-fuzila-carro-e-mata-jovem-por-engano-no-rio-de-janeiro","status":"publish","type":"post","link":"https:\/\/www.sgagora.com.br\/sg\/video-pm-fuzila-carro-e-mata-jovem-por-engano-no-rio-de-janeiro\/","title":{"rendered":"V\u00eddeo: PM fuzila carro e mata jovem por engano no Rio de Janeiro"},"content":{"rendered":"<p>O Minist\u00e9rio P\u00fablico do Estado do Rio de Janeiro vai oferecer den\u00fancia nesta ter\u00e7a-feira contra o policial militar que baleou e matou a estudante Ha\u00edssa Vargas Motta, de 22 anos, durante uma persegui\u00e7\u00e3o policial no dia 2 de agosto do ano passado. O caso veio \u00e0 tona ap\u00f3s reportagem de VEJA divulgar imagens das c\u00e2meras instaladas na viatura que registraram a a\u00e7\u00e3o desastrada da PM. Em nota, a 9\u00aa Promotoria de Justi\u00e7a de Investiga\u00e7\u00e3o Penal, da 3\u00aa Central de Inqu\u00e9ritos, informou que o PM M\u00e1rcio Jos\u00e9 Watterlor Alves responder\u00e1 por homic\u00eddio doloso (quando h\u00e1 inten\u00e7\u00e3o de matar).<\/p>\n<p>Nas grava\u00e7\u00f5es, o policial aparece, com o corpo para fora do carro, disparando nove tiros de fuzil contra um ve\u00edculo considerado suspeito. Nele, estavam Haissa e mais tr\u00eas amigas. Um dos disparos atravessou o banco de tr\u00e1s e atingiu as costas de Ha\u00edssa, que ainda chegou a ser levada para o hospital, mas n\u00e3o resistiu aos ferimentos. No caminho at\u00e9 a unidade de sa\u00fade, duas amigas, desesperadas, seguiram o trajeto no carro da PM. O colega de Alves, que dirigia a viatura, ainda chegou a question\u00e1-las: &#8220;Por que n\u00e3o pararam?&#8221;. Depois, recua e admite o erro. &#8220;N\u00e3o justifica ter dado o tiro&#8221;.<\/p>\n<p>Ao reportar o caso para a central, Alves afirma, at\u00f4nito: &#8220;N\u00e3o sei nem o que eu falo&#8221;. No final da grava\u00e7\u00e3o, o colega de Alves chega a comentar com as amigas de Ha\u00edssa. &#8220;N\u00f3s vamos responder por todos os nossos atos&#8221;. O motorista do carro, que levava Ha\u00edssa e as tr\u00eas amigas, declarou, em depoimento, que n\u00e3o parou o carro porque pensou que os policiais perseguiam uma moto, que ia atr\u00e1s dele.<\/p>\n<p>Em novembro, Alves foi indiciado pela Pol\u00edcia Civil por homic\u00eddio doloso. Foi a terceira vez que ele foi autuado por resist\u00eancia (morte a tiros) em quatro anos como policial. A corpora\u00e7\u00e3o informou que eles foram afastados de suas fun\u00e7\u00f5es e que um inqu\u00e9rito foi aberto para investigar o caso.<\/p>\n<p>Confiram o v\u00eddeo clicando no link a seguir do Portal da revista Veja:<\/p>\n<p><a title=\"V\u00eddeo de policial atirando em jovem por engano no Rio de Janeiro\" href=\"http:\/\/veja.abril.com.br\/noticia\/brasil\/mp-vai-oferecer-denuncia-contra-pm-por-morte-estudante\" target=\"_blank\">http:\/\/veja.abril.com.br\/noticia\/brasil\/mp-vai-oferecer-denuncia-contra-pm-por-morte-estudante<\/a><\/p>\n<p>Reportagem: Veja Abril<\/p>\n","protected":false},"excerpt":{"rendered":"<p>O Minist\u00e9rio P\u00fablico do Estado do Rio de Janeiro vai oferecer den\u00fancia nesta ter\u00e7a-feira contra o policial militar que baleou e matou a estudante Ha\u00edssa Vargas Motta, de 22 anos, durante uma persegui\u00e7\u00e3o policial no &#8230; <a class=\"readmore\" href=\"https:\/\/www.sgagora.com.br\/sg\/video-pm-fuzila-carro-e-mata-jovem-por-engano-no-rio-de-janeiro\/\">Leia Mais<\/a><\/p>\n","protected":false},"author":1,"featured_media":5615,"comment_status":"open","ping_status":"open","sticky":false,"template":"","format":"standard","meta":{"_bbp_topic_count":0,"_bbp_reply_count":0,"_bbp_total_topic_count":0,"_bbp_total_reply_count":0,"_bbp_voice_count":0,"_bbp_anonymous_reply_count":0,"_bbp_topic_count_hidden":0,"_bbp_reply_count_hidden":0,"_bbp_forum_subforum_count":0},"categories":[84,77,93],"tags":[2216,3743,3742,3629,1684,2671],"yoast_head":"<!-- This site is optimized with the Yoast SEO plugin v20.5 - https:\/\/yoast.com\/wordpress\/plugins\/seo\/ -->\n<title>V\u00eddeo: PM fuzila carro e mata jovem por engano no Rio de Janeiro - SGAgora<\/title>\n<meta name=\"robots\" content=\"index, follow, max-snippet:-1, max-image-preview:large, max-video-preview:-1\" \/>\n<link rel=\"canonical\" href=\"https:\/\/www.sgagora.com.br\/sg\/video-pm-fuzila-carro-e-mata-jovem-por-engano-no-rio-de-janeiro\/\" \/>\n<meta property=\"og:locale\" content=\"pt_BR\" \/>\n<meta property=\"og:type\" content=\"article\" \/>\n<meta property=\"og:title\" content=\"V\u00eddeo: PM fuzila carro e mata jovem por engano no Rio de Janeiro - SGAgora\" \/>\n<meta property=\"og:description\" content=\"O Minist\u00e9rio P\u00fablico do Estado do Rio de Janeiro vai oferecer den\u00fancia nesta ter\u00e7a-feira contra o policial militar que baleou e matou a estudante Ha\u00edssa Vargas Motta, de 22 anos, durante uma persegui\u00e7\u00e3o policial no ... Leia Mais\" \/>\n<meta property=\"og:url\" content=\"https:\/\/www.sgagora.com.br\/sg\/video-pm-fuzila-carro-e-mata-jovem-por-engano-no-rio-de-janeiro\/\" \/>\n<meta property=\"og:site_name\" content=\"SGAgora\" \/>\n<meta property=\"article:publisher\" content=\"https:\/\/www.facebook.com\/sgagora\" \/>\n<meta property=\"article:published_time\" content=\"2015-01-13T10:29:03+00:00\" \/>\n<meta property=\"article:modified_time\" content=\"2015-01-26T10:23:20+00:00\" \/>\n<meta property=\"og:image\" content=\"https:\/\/www.sgagora.com.br\/sg\/wp-content\/uploads\/2015\/01\/VIDEO-POLICIA-MULHERES-CARRO-RJ-size-598.jpg\" \/>\n\t<meta property=\"og:image:width\" content=\"597\" \/>\n\t<meta property=\"og:image:height\" content=\"336\" \/>\n\t<meta property=\"og:image:type\" content=\"image\/jpeg\" \/>\n<meta name=\"author\" content=\"SG Agora\" \/>\n<meta name=\"twitter:label1\" content=\"Escrito por\" \/>\n\t<meta name=\"twitter:data1\" content=\"SG Agora\" \/>\n\t<meta name=\"twitter:label2\" content=\"Est. tempo de leitura\" \/>\n\t<meta name=\"twitter:data2\" content=\"2 minutos\" \/>\n<script type=\"application\/ld+json\" class=\"yoast-schema-graph\">{\"@context\":\"https:\/\/schema.org\",\"@graph\":[{\"@type\":\"WebPage\",\"@id\":\"https:\/\/www.sgagora.com.br\/sg\/video-pm-fuzila-carro-e-mata-jovem-por-engano-no-rio-de-janeiro\/\",\"url\":\"https:\/\/www.sgagora.com.br\/sg\/video-pm-fuzila-carro-e-mata-jovem-por-engano-no-rio-de-janeiro\/\",\"name\":\"V\u00eddeo: PM fuzila carro e mata jovem por engano no Rio de Janeiro - SGAgora\",\"isPartOf\":{\"@id\":\"https:\/\/www.sgagora.com.br\/sg\/#website\"},\"datePublished\":\"2015-01-13T10:29:03+00:00\",\"dateModified\":\"2015-01-26T10:23:20+00:00\",\"author\":{\"@id\":\"https:\/\/www.sgagora.com.br\/sg\/#\/schema\/person\/2be62cfb47cee3e0b305e4f7a765ae41\"},\"breadcrumb\":{\"@id\":\"https:\/\/www.sgagora.com.br\/sg\/video-pm-fuzila-carro-e-mata-jovem-por-engano-no-rio-de-janeiro\/#breadcrumb\"},\"inLanguage\":\"pt-BR\",\"potentialAction\":[{\"@type\":\"ReadAction\",\"target\":[\"https:\/\/www.sgagora.com.br\/sg\/video-pm-fuzila-carro-e-mata-jovem-por-engano-no-rio-de-janeiro\/\"]}]},{\"@type\":\"BreadcrumbList\",\"@id\":\"https:\/\/www.sgagora.com.br\/sg\/video-pm-fuzila-carro-e-mata-jovem-por-engano-no-rio-de-janeiro\/#breadcrumb\",\"itemListElement\":[{\"@type\":\"ListItem\",\"position\":1,\"name\":\"In\u00edcio\",\"item\":\"https:\/\/www.sgagora.com.br\/sg\/\"},{\"@type\":\"ListItem\",\"position\":2,\"name\":\"V\u00eddeo: PM fuzila carro e mata jovem por engano no Rio de Janeiro\"}]},{\"@type\":\"WebSite\",\"@id\":\"https:\/\/www.sgagora.com.br\/sg\/#website\",\"url\":\"https:\/\/www.sgagora.com.br\/sg\/\",\"name\":\"SGAgora\",\"description\":\"Not\u00edcias de S\u00e3o Gotardo\",\"potentialAction\":[{\"@type\":\"SearchAction\",\"target\":{\"@type\":\"EntryPoint\",\"urlTemplate\":\"https:\/\/www.sgagora.com.br\/sg\/?s={search_term_string}\"},\"query-input\":\"required name=search_term_string\"}],\"inLanguage\":\"pt-BR\"},{\"@type\":\"Person\",\"@id\":\"https:\/\/www.sgagora.com.br\/sg\/#\/schema\/person\/2be62cfb47cee3e0b305e4f7a765ae41\",\"name\":\"SG Agora\",\"image\":{\"@type\":\"ImageObject\",\"inLanguage\":\"pt-BR\",\"@id\":\"https:\/\/www.sgagora.com.br\/sg\/#\/schema\/person\/image\/\",\"url\":\"https:\/\/secure.gravatar.com\/avatar\/a0c612a9a8c3e7419d6fd4f92e749d8d?s=96&d=mm&r=g\",\"contentUrl\":\"https:\/\/secure.gravatar.com\/avatar\/a0c612a9a8c3e7419d6fd4f92e749d8d?s=96&d=mm&r=g\",\"caption\":\"SG Agora\"},\"url\":\"https:\/\/www.sgagora.com.br\/sg\/author\/admin\/\"}]}<\/script>\n<!-- \/ Yoast SEO plugin. -->","yoast_head_json":{"title":"V\u00eddeo: PM fuzila carro e mata jovem por engano no Rio de Janeiro - SGAgora","robots":{"index":"index","follow":"follow","max-snippet":"max-snippet:-1","max-image-preview":"max-image-preview:large","max-video-preview":"max-video-preview:-1"},"canonical":"https:\/\/www.sgagora.com.br\/sg\/video-pm-fuzila-carro-e-mata-jovem-por-engano-no-rio-de-janeiro\/","og_locale":"pt_BR","og_type":"article","og_title":"V\u00eddeo: PM fuzila carro e mata jovem por engano no Rio de Janeiro - SGAgora","og_description":"O Minist\u00e9rio P\u00fablico do Estado do Rio de Janeiro vai oferecer den\u00fancia nesta ter\u00e7a-feira contra o policial militar que baleou e matou a estudante Ha\u00edssa Vargas Motta, de 22 anos, durante uma persegui\u00e7\u00e3o policial no ... Leia Mais","og_url":"https:\/\/www.sgagora.com.br\/sg\/video-pm-fuzila-carro-e-mata-jovem-por-engano-no-rio-de-janeiro\/","og_site_name":"SGAgora","article_publisher":"https:\/\/www.facebook.com\/sgagora","article_published_time":"2015-01-13T10:29:03+00:00","article_modified_time":"2015-01-26T10:23:20+00:00","og_image":[{"width":597,"height":336,"url":"https:\/\/www.sgagora.com.br\/sg\/wp-content\/uploads\/2015\/01\/VIDEO-POLICIA-MULHERES-CARRO-RJ-size-598.jpg","type":"image\/jpeg"}],"author":"SG Agora","twitter_misc":{"Escrito por":"SG Agora","Est. tempo de leitura":"2 minutos"},"schema":{"@context":"https:\/\/schema.org","@graph":[{"@type":"WebPage","@id":"https:\/\/www.sgagora.com.br\/sg\/video-pm-fuzila-carro-e-mata-jovem-por-engano-no-rio-de-janeiro\/","url":"https:\/\/www.sgagora.com.br\/sg\/video-pm-fuzila-carro-e-mata-jovem-por-engano-no-rio-de-janeiro\/","name":"V\u00eddeo: PM fuzila carro e mata jovem por engano no Rio de Janeiro - SGAgora","isPartOf":{"@id":"https:\/\/www.sgagora.com.br\/sg\/#website"},"datePublished":"2015-01-13T10:29:03+00:00","dateModified":"2015-01-26T10:23:20+00:00","author":{"@id":"https:\/\/www.sgagora.com.br\/sg\/#\/schema\/person\/2be62cfb47cee3e0b305e4f7a765ae41"},"breadcrumb":{"@id":"https:\/\/www.sgagora.com.br\/sg\/video-pm-fuzila-carro-e-mata-jovem-por-engano-no-rio-de-janeiro\/#breadcrumb"},"inLanguage":"pt-BR","potentialAction":[{"@type":"ReadAction","target":["https:\/\/www.sgagora.com.br\/sg\/video-pm-fuzila-carro-e-mata-jovem-por-engano-no-rio-de-janeiro\/"]}]},{"@type":"BreadcrumbList","@id":"https:\/\/www.sgagora.com.br\/sg\/video-pm-fuzila-carro-e-mata-jovem-por-engano-no-rio-de-janeiro\/#breadcrumb","itemListElement":[{"@type":"ListItem","position":1,"name":"In\u00edcio","item":"https:\/\/www.sgagora.com.br\/sg\/"},{"@type":"ListItem","position":2,"name":"V\u00eddeo: PM fuzila carro e mata jovem por engano no Rio de Janeiro"}]},{"@type":"WebSite","@id":"https:\/\/www.sgagora.com.br\/sg\/#website","url":"https:\/\/www.sgagora.com.br\/sg\/","name":"SGAgora","description":"Not\u00edcias de S\u00e3o Gotardo","potentialAction":[{"@type":"SearchAction","target":{"@type":"EntryPoint","urlTemplate":"https:\/\/www.sgagora.com.br\/sg\/?s={search_term_string}"},"query-input":"required name=search_term_string"}],"inLanguage":"pt-BR"},{"@type":"Person","@id":"https:\/\/www.sgagora.com.br\/sg\/#\/schema\/person\/2be62cfb47cee3e0b305e4f7a765ae41","name":"SG Agora","image":{"@type":"ImageObject","inLanguage":"pt-BR","@id":"https:\/\/www.sgagora.com.br\/sg\/#\/schema\/person\/image\/","url":"https:\/\/secure.gravatar.com\/avatar\/a0c612a9a8c3e7419d6fd4f92e749d8d?s=96&d=mm&r=g","contentUrl":"https:\/\/secure.gravatar.com\/avatar\/a0c612a9a8c3e7419d6fd4f92e749d8d?s=96&d=mm&r=g","caption":"SG Agora"},"url":"https:\/\/www.sgagora.com.br\/sg\/author\/admin\/"}]}},"_links":{"self":[{"href":"https:\/\/www.sgagora.com.br\/sg\/wp-json\/wp\/v2\/posts\/5614"}],"collection":[{"href":"https:\/\/www.sgagora.com.br\/sg\/wp-json\/wp\/v2\/posts"}],"about":[{"href":"https:\/\/www.sgagora.com.br\/sg\/wp-json\/wp\/v2\/types\/post"}],"author":[{"embeddable":true,"href":"https:\/\/www.sgagora.com.br\/sg\/wp-json\/wp\/v2\/users\/1"}],"replies":[{"embeddable":true,"href":"https:\/\/www.sgagora.com.br\/sg\/wp-json\/wp\/v2\/comments?post=5614"}],"version-history":[{"count":1,"href":"https:\/\/www.sgagora.com.br\/sg\/wp-json\/wp\/v2\/posts\/5614\/revisions"}],"predecessor-version":[{"id":5616,"href":"https:\/\/www.sgagora.com.br\/sg\/wp-json\/wp\/v2\/posts\/5614\/revisions\/5616"}],"wp:featuredmedia":[{"embeddable":true,"href":"https:\/\/www.sgagora.com.br\/sg\/wp-json\/wp\/v2\/media\/5615"}],"wp:attachment":[{"href":"https:\/\/www.sgagora.com.br\/sg\/wp-json\/wp\/v2\/media?parent=5614"}],"wp:term":[{"taxonomy":"category","embeddable":true,"href":"https:\/\/www.sgagora.com.br\/sg\/wp-json\/wp\/v2\/categories?post=5614"},{"taxonomy":"post_tag","embeddable":true,"href":"https:\/\/www.sgagora.com.br\/sg\/wp-json\/wp\/v2\/tags?post=5614"}],"curies":[{"name":"wp","href":"https:\/\/api.w.org\/{rel}","templated":true}]}}